{"id":3693,"date":"2021-01-16T11:18:37","date_gmt":"2021-01-16T09:18:37","guid":{"rendered":"https:\/\/mhf.ro\/mm\/?p=3693"},"modified":"2021-01-16T11:18:37","modified_gmt":"2021-01-16T09:18:37","slug":"167-977-de-angajati-din-sistemul-national-de-invatamant-isi-declara-disponibilitatea-de-vaccinare","status":"publish","type":"post","link":"https:\/\/mhf.ro\/mm\/167-977-de-angajati-din-sistemul-national-de-invatamant-isi-declara-disponibilitatea-de-vaccinare\/","title":{"rendered":"167.977 de angaja\u021bi din sistemul na\u021bional de \u00eenv\u0103\u021b\u0103m\u00e2nt \u00ee\u0219i declar\u0103, disponibilitatea de vaccinare."},"content":{"rendered":"<h4 id=\"page-title\" class=\"title\">167.977 de angaja\u021bi din sistemul na\u021bional de \u00eenv\u0103\u021b\u0103m\u00e2nt \u00ee\u0219i declar\u0103, \u00een prima etap\u0103 de consultare, disponibilitatea de vaccinare. Ministerul Educa\u021biei decide ini\u021bierea celei de-a doua etape de declarare a disponibilit\u0103\u021bii de vaccinare (16.01. &#8211; 1.02.2021)<\/h4>\n<div class=\"field field-name-body field-type-text-with-summary field-label-hidden\">\n<div class=\"field-items\">\n<div class=\"field-item even\">\n<p class=\"rtejustify\">Ministerul Educa\u021biei face publice rezultatele primei etape de consultare la nivelul zilei de ast\u0103zi, 15 ianuarie, cu privire la disponibilitatea de vaccinare a personalului din \u00eenv\u0103\u021b\u0103m\u00e2nt, cu precizarea c\u0103 raportarea din care au rezultat procentele de disponibilitate s-a f\u0103cut incluz\u00e2nd \u0219i persoanele care nu s-au pronun\u021bat \u00een niciun fel asupra disponibilit\u0103\u021bii de vaccinare (r\u0103spunsuri asimilate neconcludent r\u0103spunsurilor negative).<\/p>\n<p class=\"rtejustify\">Av\u00e2nd \u00een vedere suprapunerea \u00eentre perioada de vacan\u021b\u0103 \u0219i perioada de interogare, suprapunere care a generat un numar important de persoane care nu s-au exprimat nici afirmativ, nici negativ cu privire la disponibilitatea de vaccinare, Ministerul Educa\u021biei decide ini\u021bierea celei de-a doua etape de declarare a disponibilit\u0103\u021bii de vaccinare, \u00een perioada 16 ianuarie &#8211; 1 februarie 2021.<\/p>\n<p class=\"rtejustify\">P\u00e2n\u0103 \u00een momentul de fa\u021b\u0103, la nivelul \u00eenv\u0103\u021b\u0103m\u00e2ntului preuniversitar, 45,06% dintre angaja\u021bi au declarat disponibilitatea de vaccinare raportat la totalul de 292.872 de angaja\u021bi din sistemul de \u00eenv\u0103\u021b\u0103m\u00e2nt preuniversitar (inclusiv persoanele care nu au r\u0103spuns). \u00cen sistemul de \u00eenv\u0103\u021b\u0103m\u00e2nt universitar, procentul privind disponibilitatea de vaccinare este de 59,64% (raportat la totalul de 51.094 de titulari angaja\u021bi \u00een sistemul de \u00eenv\u0103\u021b\u0103m\u00e2nt universitar + 9.295 de cadre didactice asociate &#8211; inclusiv persoanele care nu au r\u0103spuns).<\/p>\n<p class=\"rtejustify\">Num\u0103rul angaja\u021bilor din sistemul de \u00eenv\u0103\u021b\u0103m\u00e2nt care \u0219i-au declarat disponibilitatea de vaccinare p\u00e2n\u0103 la data de 15 ianuarie este de 167.977 de persoane (131.962 &#8211; personal din sistemul de \u00eenv\u0103\u021b\u0103m\u00e2nt preuniversitar si 36.015 &#8211; personal din sistemul de \u00eenv\u0103\u021b\u0103m\u00e2nt universitar).<\/p>\n<p class=\"rtejustify\">Ne exprim\u0103m speran\u021ba c\u0103 \u00een cea de-a doua etap\u0103 vor r\u0103spunde \u0219i angaja\u021bii care nu s-au pronun\u021bat p\u00e2n\u0103 acum asupra disponibilit\u0103\u021bii la vaccinare.<\/p>\n<p class=\"rtejustify\">Detalii suplimentare sunt disponibile \u00een\u00a0documentele de mai jos:<\/p>\n<ul>\n<li class=\"rtejustify\"><a href=\"https:\/\/www.edu.ro\/sites\/default\/files\/CENTRALIZATOR%20RAPORTARI%20PREUNIVERSITAR%20-DISPONIBILITATEA%20PERSONALULUI%20DIN%20%C3%8ENVATAM%C3%82NTUL%20PREUNIVERSITAR%20PRIVIND%20VACCINAREA%20ANTICOVID-19.PDF\" target=\"_top\" rel=\"noopener\">Centralizator raport\u0103ri inspectorate \u0219colare jude\u021bene<\/a> (<strong>dat\u0103 de referin\u021b\u0103: 15 ianuarie 2021<\/strong>)<\/li>\n<li class=\"rtejustify\"><a href=\"https:\/\/www.edu.ro\/sites\/default\/files\/CENTRALIZATOR%20RAPORTARI%20UNIVERSITATI%20-%20DISPONIBILITATEA%20PERSONALULUI%20DIN%20%C3%8ENVATAM%C3%82NTUL%20SUPERIOR%20PRIVIND%20VACCINAREA%20ANTICOVID-19.pdf\" target=\"_top\" rel=\"noopener\">Centralizator raport\u0103ri universit\u0103\u021bi<\/a>\u00a0(<strong>dat\u0103 de referin\u021b\u0103: 15 ianuarie 2021<\/strong>).<\/li>\n<\/ul>\n<p style=\"text-align: right\">(conf. edu.ro)<\/p>\n<\/div>\n<\/div>\n<\/div>\n","protected":false},"excerpt":{"rendered":"<p>167.977 de angaja\u021bi din sistemul na\u021bional de \u00eenv\u0103\u021b\u0103m\u00e2nt \u00ee\u0219i declar\u0103, \u00een prima etap\u0103 de consultare, disponibilitatea de vaccinare. Ministerul Educa\u021biei<\/p>\n","protected":false},"author":11,"featured_media":3694,"comment_status":"open","ping_status":"open","sticky":false,"template":"","format":"standard","meta":{"colormag_page_container_layout":"default_layout","colormag_page_sidebar_layout":"default_layout","footnotes":""},"categories":[32,5],"tags":[],"class_list":["post-3693","post","type-post","status-publish","format-standard","has-post-thumbnail","hentry","category-comunicate","category-locale"],"yoast_head":"<!-- This site is optimized with the Yoast SEO plugin v27.0 - https:\/\/yoast.com\/product\/yoast-seo-wordpress\/ -->\n<title>167.977 de angaja\u021bi din sistemul na\u021bional de \u00eenv\u0103\u021b\u0103m\u00e2nt \u00ee\u0219i declar\u0103, disponibilitatea de vaccinare. - MHF Photography<\/title>\n<meta name=\"robots\" content=\"index, follow, max-snippet:-1, max-image-preview:large, max-video-preview:-1\" \/>\n<link rel=\"canonical\" href=\"https:\/\/mhf.ro\/mm\/167-977-de-angajati-din-sistemul-national-de-invatamant-isi-declara-disponibilitatea-de-vaccinare\/\" \/>\n<meta property=\"og:locale\" content=\"ro_RO\" \/>\n<meta property=\"og:type\" content=\"article\" \/>\n<meta property=\"og:title\" content=\"167.977 de angaja\u021bi din sistemul na\u021bional de \u00eenv\u0103\u021b\u0103m\u00e2nt \u00ee\u0219i declar\u0103, disponibilitatea de vaccinare. - MHF Photography\" \/>\n<meta property=\"og:description\" content=\"167.977 de angaja\u021bi din sistemul na\u021bional de \u00eenv\u0103\u021b\u0103m\u00e2nt \u00ee\u0219i declar\u0103, \u00een prima etap\u0103 de consultare, disponibilitatea de vaccinare. Ministerul Educa\u021biei\" \/>\n<meta property=\"og:url\" content=\"https:\/\/mhf.ro\/mm\/167-977-de-angajati-din-sistemul-national-de-invatamant-isi-declara-disponibilitatea-de-vaccinare\/\" \/>\n<meta property=\"og:site_name\" content=\"MHF Photography\" \/>\n<meta property=\"article:published_time\" content=\"2021-01-16T09:18:37+00:00\" \/>\n<meta property=\"og:image\" content=\"https:\/\/mhf.ro\/mm\/wp-content\/uploads\/2021\/01\/vaccinare_1.jpg\" \/>\n\t<meta property=\"og:image:width\" content=\"1280\" \/>\n\t<meta property=\"og:image:height\" content=\"853\" \/>\n\t<meta property=\"og:image:type\" content=\"image\/jpeg\" \/>\n<meta name=\"author\" content=\"Fodrea Iuliana Reve\" \/>\n<meta name=\"twitter:card\" content=\"summary_large_image\" \/>\n<meta name=\"twitter:label1\" content=\"Scris de\" \/>\n\t<meta name=\"twitter:data1\" content=\"Fodrea Iuliana Reve\" \/>\n\t<meta name=\"twitter:label2\" content=\"Timp estimat pentru citire\" \/>\n\t<meta name=\"twitter:data2\" content=\"2 minute\" \/>\n<script type=\"application\/ld+json\" class=\"yoast-schema-graph\">{\"@context\":\"https:\/\/schema.org\",\"@graph\":[{\"@type\":\"Article\",\"@id\":\"https:\/\/mhf.ro\/mm\/167-977-de-angajati-din-sistemul-national-de-invatamant-isi-declara-disponibilitatea-de-vaccinare\/#article\",\"isPartOf\":{\"@id\":\"https:\/\/mhf.ro\/mm\/167-977-de-angajati-din-sistemul-national-de-invatamant-isi-declara-disponibilitatea-de-vaccinare\/\"},\"author\":{\"name\":\"Fodrea Iuliana Reve\",\"@id\":\"https:\/\/mhf.ro\/mm\/#\/schema\/person\/17f3fed455503130cb08cdc1421f8001\"},\"headline\":\"167.977 de angaja\u021bi din sistemul na\u021bional de \u00eenv\u0103\u021b\u0103m\u00e2nt \u00ee\u0219i declar\u0103, disponibilitatea de vaccinare.\",\"datePublished\":\"2021-01-16T09:18:37+00:00\",\"mainEntityOfPage\":{\"@id\":\"https:\/\/mhf.ro\/mm\/167-977-de-angajati-din-sistemul-national-de-invatamant-isi-declara-disponibilitatea-de-vaccinare\/\"},\"wordCount\":369,\"commentCount\":0,\"publisher\":{\"@id\":\"https:\/\/mhf.ro\/mm\/#\/schema\/person\/a3bebf7bdb4bf12f698aff73c7e46c21\"},\"image\":{\"@id\":\"https:\/\/mhf.ro\/mm\/167-977-de-angajati-din-sistemul-national-de-invatamant-isi-declara-disponibilitatea-de-vaccinare\/#primaryimage\"},\"thumbnailUrl\":\"https:\/\/mhf.ro\/mm\/wp-content\/uploads\/2021\/01\/vaccinare_1.jpg\",\"articleSection\":[\"Comunicate\",\"Locale\"],\"inLanguage\":\"ro-RO\",\"potentialAction\":[{\"@type\":\"CommentAction\",\"name\":\"Comment\",\"target\":[\"https:\/\/mhf.ro\/mm\/167-977-de-angajati-din-sistemul-national-de-invatamant-isi-declara-disponibilitatea-de-vaccinare\/#respond\"]}]},{\"@type\":\"WebPage\",\"@id\":\"https:\/\/mhf.ro\/mm\/167-977-de-angajati-din-sistemul-national-de-invatamant-isi-declara-disponibilitatea-de-vaccinare\/\",\"url\":\"https:\/\/mhf.ro\/mm\/167-977-de-angajati-din-sistemul-national-de-invatamant-isi-declara-disponibilitatea-de-vaccinare\/\",\"name\":\"167.977 de angaja\u021bi din sistemul na\u021bional de \u00eenv\u0103\u021b\u0103m\u00e2nt \u00ee\u0219i declar\u0103, disponibilitatea de vaccinare. - MHF Photography\",\"isPartOf\":{\"@id\":\"https:\/\/mhf.ro\/mm\/#website\"},\"primaryImageOfPage\":{\"@id\":\"https:\/\/mhf.ro\/mm\/167-977-de-angajati-din-sistemul-national-de-invatamant-isi-declara-disponibilitatea-de-vaccinare\/#primaryimage\"},\"image\":{\"@id\":\"https:\/\/mhf.ro\/mm\/167-977-de-angajati-din-sistemul-national-de-invatamant-isi-declara-disponibilitatea-de-vaccinare\/#primaryimage\"},\"thumbnailUrl\":\"https:\/\/mhf.ro\/mm\/wp-content\/uploads\/2021\/01\/vaccinare_1.jpg\",\"datePublished\":\"2021-01-16T09:18:37+00:00\",\"breadcrumb\":{\"@id\":\"https:\/\/mhf.ro\/mm\/167-977-de-angajati-din-sistemul-national-de-invatamant-isi-declara-disponibilitatea-de-vaccinare\/#breadcrumb\"},\"inLanguage\":\"ro-RO\",\"potentialAction\":[{\"@type\":\"ReadAction\",\"target\":[\"https:\/\/mhf.ro\/mm\/167-977-de-angajati-din-sistemul-national-de-invatamant-isi-declara-disponibilitatea-de-vaccinare\/\"]}]},{\"@type\":\"ImageObject\",\"inLanguage\":\"ro-RO\",\"@id\":\"https:\/\/mhf.ro\/mm\/167-977-de-angajati-din-sistemul-national-de-invatamant-isi-declara-disponibilitatea-de-vaccinare\/#primaryimage\",\"url\":\"https:\/\/mhf.ro\/mm\/wp-content\/uploads\/2021\/01\/vaccinare_1.jpg\",\"contentUrl\":\"https:\/\/mhf.ro\/mm\/wp-content\/uploads\/2021\/01\/vaccinare_1.jpg\",\"width\":1280,\"height\":853},{\"@type\":\"BreadcrumbList\",\"@id\":\"https:\/\/mhf.ro\/mm\/167-977-de-angajati-din-sistemul-national-de-invatamant-isi-declara-disponibilitatea-de-vaccinare\/#breadcrumb\",\"itemListElement\":[{\"@type\":\"ListItem\",\"position\":1,\"name\":\"Prima pagin\u0103\",\"item\":\"https:\/\/mhf.ro\/mm\/\"},{\"@type\":\"ListItem\",\"position\":2,\"name\":\"167.977 de angaja\u021bi din sistemul na\u021bional de \u00eenv\u0103\u021b\u0103m\u00e2nt \u00ee\u0219i declar\u0103, disponibilitatea de vaccinare.\"}]},{\"@type\":\"WebSite\",\"@id\":\"https:\/\/mhf.ro\/mm\/#website\",\"url\":\"https:\/\/mhf.ro\/mm\/\",\"name\":\"MHF Photography \u2013 Blog de fotografie, natur\u0103 \u0219i tehnic\u0103 divers\u0103\",\"description\":\"Aventur\u0103 \u00een fiecare cadru.\",\"publisher\":{\"@id\":\"https:\/\/mhf.ro\/mm\/#\/schema\/person\/a3bebf7bdb4bf12f698aff73c7e46c21\"},\"potentialAction\":[{\"@type\":\"SearchAction\",\"target\":{\"@type\":\"EntryPoint\",\"urlTemplate\":\"https:\/\/mhf.ro\/mm\/?s={search_term_string}\"},\"query-input\":{\"@type\":\"PropertyValueSpecification\",\"valueRequired\":true,\"valueName\":\"search_term_string\"}}],\"inLanguage\":\"ro-RO\"},{\"@type\":[\"Person\",\"Organization\"],\"@id\":\"https:\/\/mhf.ro\/mm\/#\/schema\/person\/a3bebf7bdb4bf12f698aff73c7e46c21\",\"name\":\"Marius Marcu\",\"image\":{\"@type\":\"ImageObject\",\"inLanguage\":\"ro-RO\",\"@id\":\"https:\/\/mhf.ro\/mm\/#\/schema\/person\/image\/\",\"url\":\"https:\/\/mhf.ro\/mm\/wp-content\/uploads\/2025\/12\/cropped-logo_mhf_2.png\",\"contentUrl\":\"https:\/\/mhf.ro\/mm\/wp-content\/uploads\/2025\/12\/cropped-logo_mhf_2.png\",\"width\":1096,\"height\":457,\"caption\":\"Marius Marcu\"},\"logo\":{\"@id\":\"https:\/\/mhf.ro\/mm\/#\/schema\/person\/image\/\"},\"sameAs\":[\"https:\/\/mhf.ro\/mm\"]},{\"@type\":\"Person\",\"@id\":\"https:\/\/mhf.ro\/mm\/#\/schema\/person\/17f3fed455503130cb08cdc1421f8001\",\"name\":\"Fodrea Iuliana Reve\",\"image\":{\"@type\":\"ImageObject\",\"inLanguage\":\"ro-RO\",\"@id\":\"https:\/\/mhf.ro\/mm\/#\/schema\/person\/image\/\",\"url\":\"https:\/\/secure.gravatar.com\/avatar\/f6a66b0b93f1a25e8049c1c4e66e60a1a6809ab11ad60f8dcc2eaafeb7ca1580?s=96&d=monsterid&r=g\",\"contentUrl\":\"https:\/\/secure.gravatar.com\/avatar\/f6a66b0b93f1a25e8049c1c4e66e60a1a6809ab11ad60f8dcc2eaafeb7ca1580?s=96&d=monsterid&r=g\",\"caption\":\"Fodrea Iuliana Reve\"},\"sameAs\":[\"https:\/\/mhf.ro\/mm\"],\"url\":\"https:\/\/mhf.ro\/mm\/author\/iuliana\/\"}]}<\/script>\n<!-- \/ Yoast SEO plugin. -->","yoast_head_json":{"title":"167.977 de angaja\u021bi din sistemul na\u021bional de \u00eenv\u0103\u021b\u0103m\u00e2nt \u00ee\u0219i declar\u0103, disponibilitatea de vaccinare. - MHF Photography","robots":{"index":"index","follow":"follow","max-snippet":"max-snippet:-1","max-image-preview":"max-image-preview:large","max-video-preview":"max-video-preview:-1"},"canonical":"https:\/\/mhf.ro\/mm\/167-977-de-angajati-din-sistemul-national-de-invatamant-isi-declara-disponibilitatea-de-vaccinare\/","og_locale":"ro_RO","og_type":"article","og_title":"167.977 de angaja\u021bi din sistemul na\u021bional de \u00eenv\u0103\u021b\u0103m\u00e2nt \u00ee\u0219i declar\u0103, disponibilitatea de vaccinare. - MHF Photography","og_description":"167.977 de angaja\u021bi din sistemul na\u021bional de \u00eenv\u0103\u021b\u0103m\u00e2nt \u00ee\u0219i declar\u0103, \u00een prima etap\u0103 de consultare, disponibilitatea de vaccinare. Ministerul Educa\u021biei","og_url":"https:\/\/mhf.ro\/mm\/167-977-de-angajati-din-sistemul-national-de-invatamant-isi-declara-disponibilitatea-de-vaccinare\/","og_site_name":"MHF Photography","article_published_time":"2021-01-16T09:18:37+00:00","og_image":[{"width":1280,"height":853,"url":"https:\/\/mhf.ro\/mm\/wp-content\/uploads\/2021\/01\/vaccinare_1.jpg","type":"image\/jpeg"}],"author":"Fodrea Iuliana Reve","twitter_card":"summary_large_image","twitter_misc":{"Scris de":"Fodrea Iuliana Reve","Timp estimat pentru citire":"2 minute"},"schema":{"@context":"https:\/\/schema.org","@graph":[{"@type":"Article","@id":"https:\/\/mhf.ro\/mm\/167-977-de-angajati-din-sistemul-national-de-invatamant-isi-declara-disponibilitatea-de-vaccinare\/#article","isPartOf":{"@id":"https:\/\/mhf.ro\/mm\/167-977-de-angajati-din-sistemul-national-de-invatamant-isi-declara-disponibilitatea-de-vaccinare\/"},"author":{"name":"Fodrea Iuliana Reve","@id":"https:\/\/mhf.ro\/mm\/#\/schema\/person\/17f3fed455503130cb08cdc1421f8001"},"headline":"167.977 de angaja\u021bi din sistemul na\u021bional de \u00eenv\u0103\u021b\u0103m\u00e2nt \u00ee\u0219i declar\u0103, disponibilitatea de vaccinare.","datePublished":"2021-01-16T09:18:37+00:00","mainEntityOfPage":{"@id":"https:\/\/mhf.ro\/mm\/167-977-de-angajati-din-sistemul-national-de-invatamant-isi-declara-disponibilitatea-de-vaccinare\/"},"wordCount":369,"commentCount":0,"publisher":{"@id":"https:\/\/mhf.ro\/mm\/#\/schema\/person\/a3bebf7bdb4bf12f698aff73c7e46c21"},"image":{"@id":"https:\/\/mhf.ro\/mm\/167-977-de-angajati-din-sistemul-national-de-invatamant-isi-declara-disponibilitatea-de-vaccinare\/#primaryimage"},"thumbnailUrl":"https:\/\/mhf.ro\/mm\/wp-content\/uploads\/2021\/01\/vaccinare_1.jpg","articleSection":["Comunicate","Locale"],"inLanguage":"ro-RO","potentialAction":[{"@type":"CommentAction","name":"Comment","target":["https:\/\/mhf.ro\/mm\/167-977-de-angajati-din-sistemul-national-de-invatamant-isi-declara-disponibilitatea-de-vaccinare\/#respond"]}]},{"@type":"WebPage","@id":"https:\/\/mhf.ro\/mm\/167-977-de-angajati-din-sistemul-national-de-invatamant-isi-declara-disponibilitatea-de-vaccinare\/","url":"https:\/\/mhf.ro\/mm\/167-977-de-angajati-din-sistemul-national-de-invatamant-isi-declara-disponibilitatea-de-vaccinare\/","name":"167.977 de angaja\u021bi din sistemul na\u021bional de \u00eenv\u0103\u021b\u0103m\u00e2nt \u00ee\u0219i declar\u0103, disponibilitatea de vaccinare. - MHF Photography","isPartOf":{"@id":"https:\/\/mhf.ro\/mm\/#website"},"primaryImageOfPage":{"@id":"https:\/\/mhf.ro\/mm\/167-977-de-angajati-din-sistemul-national-de-invatamant-isi-declara-disponibilitatea-de-vaccinare\/#primaryimage"},"image":{"@id":"https:\/\/mhf.ro\/mm\/167-977-de-angajati-din-sistemul-national-de-invatamant-isi-declara-disponibilitatea-de-vaccinare\/#primaryimage"},"thumbnailUrl":"https:\/\/mhf.ro\/mm\/wp-content\/uploads\/2021\/01\/vaccinare_1.jpg","datePublished":"2021-01-16T09:18:37+00:00","breadcrumb":{"@id":"https:\/\/mhf.ro\/mm\/167-977-de-angajati-din-sistemul-national-de-invatamant-isi-declara-disponibilitatea-de-vaccinare\/#breadcrumb"},"inLanguage":"ro-RO","potentialAction":[{"@type":"ReadAction","target":["https:\/\/mhf.ro\/mm\/167-977-de-angajati-din-sistemul-national-de-invatamant-isi-declara-disponibilitatea-de-vaccinare\/"]}]},{"@type":"ImageObject","inLanguage":"ro-RO","@id":"https:\/\/mhf.ro\/mm\/167-977-de-angajati-din-sistemul-national-de-invatamant-isi-declara-disponibilitatea-de-vaccinare\/#primaryimage","url":"https:\/\/mhf.ro\/mm\/wp-content\/uploads\/2021\/01\/vaccinare_1.jpg","contentUrl":"https:\/\/mhf.ro\/mm\/wp-content\/uploads\/2021\/01\/vaccinare_1.jpg","width":1280,"height":853},{"@type":"BreadcrumbList","@id":"https:\/\/mhf.ro\/mm\/167-977-de-angajati-din-sistemul-national-de-invatamant-isi-declara-disponibilitatea-de-vaccinare\/#breadcrumb","itemListElement":[{"@type":"ListItem","position":1,"name":"Prima pagin\u0103","item":"https:\/\/mhf.ro\/mm\/"},{"@type":"ListItem","position":2,"name":"167.977 de angaja\u021bi din sistemul na\u021bional de \u00eenv\u0103\u021b\u0103m\u00e2nt \u00ee\u0219i declar\u0103, disponibilitatea de vaccinare."}]},{"@type":"WebSite","@id":"https:\/\/mhf.ro\/mm\/#website","url":"https:\/\/mhf.ro\/mm\/","name":"MHF Photography \u2013 Blog de fotografie, natur\u0103 \u0219i tehnic\u0103 divers\u0103","description":"Aventur\u0103 \u00een fiecare cadru.","publisher":{"@id":"https:\/\/mhf.ro\/mm\/#\/schema\/person\/a3bebf7bdb4bf12f698aff73c7e46c21"},"potentialAction":[{"@type":"SearchAction","target":{"@type":"EntryPoint","urlTemplate":"https:\/\/mhf.ro\/mm\/?s={search_term_string}"},"query-input":{"@type":"PropertyValueSpecification","valueRequired":true,"valueName":"search_term_string"}}],"inLanguage":"ro-RO"},{"@type":["Person","Organization"],"@id":"https:\/\/mhf.ro\/mm\/#\/schema\/person\/a3bebf7bdb4bf12f698aff73c7e46c21","name":"Marius Marcu","image":{"@type":"ImageObject","inLanguage":"ro-RO","@id":"https:\/\/mhf.ro\/mm\/#\/schema\/person\/image\/","url":"https:\/\/mhf.ro\/mm\/wp-content\/uploads\/2025\/12\/cropped-logo_mhf_2.png","contentUrl":"https:\/\/mhf.ro\/mm\/wp-content\/uploads\/2025\/12\/cropped-logo_mhf_2.png","width":1096,"height":457,"caption":"Marius Marcu"},"logo":{"@id":"https:\/\/mhf.ro\/mm\/#\/schema\/person\/image\/"},"sameAs":["https:\/\/mhf.ro\/mm"]},{"@type":"Person","@id":"https:\/\/mhf.ro\/mm\/#\/schema\/person\/17f3fed455503130cb08cdc1421f8001","name":"Fodrea Iuliana Reve","image":{"@type":"ImageObject","inLanguage":"ro-RO","@id":"https:\/\/mhf.ro\/mm\/#\/schema\/person\/image\/","url":"https:\/\/secure.gravatar.com\/avatar\/f6a66b0b93f1a25e8049c1c4e66e60a1a6809ab11ad60f8dcc2eaafeb7ca1580?s=96&d=monsterid&r=g","contentUrl":"https:\/\/secure.gravatar.com\/avatar\/f6a66b0b93f1a25e8049c1c4e66e60a1a6809ab11ad60f8dcc2eaafeb7ca1580?s=96&d=monsterid&r=g","caption":"Fodrea Iuliana Reve"},"sameAs":["https:\/\/mhf.ro\/mm"],"url":"https:\/\/mhf.ro\/mm\/author\/iuliana\/"}]}},"_links":{"self":[{"href":"https:\/\/mhf.ro\/mm\/wp-json\/wp\/v2\/posts\/3693","targetHints":{"allow":["GET"]}}],"collection":[{"href":"https:\/\/mhf.ro\/mm\/wp-json\/wp\/v2\/posts"}],"about":[{"href":"https:\/\/mhf.ro\/mm\/wp-json\/wp\/v2\/types\/post"}],"author":[{"embeddable":true,"href":"https:\/\/mhf.ro\/mm\/wp-json\/wp\/v2\/users\/11"}],"replies":[{"embeddable":true,"href":"https:\/\/mhf.ro\/mm\/wp-json\/wp\/v2\/comments?post=3693"}],"version-history":[{"count":1,"href":"https:\/\/mhf.ro\/mm\/wp-json\/wp\/v2\/posts\/3693\/revisions"}],"predecessor-version":[{"id":3695,"href":"https:\/\/mhf.ro\/mm\/wp-json\/wp\/v2\/posts\/3693\/revisions\/3695"}],"wp:featuredmedia":[{"embeddable":true,"href":"https:\/\/mhf.ro\/mm\/wp-json\/wp\/v2\/media\/3694"}],"wp:attachment":[{"href":"https:\/\/mhf.ro\/mm\/wp-json\/wp\/v2\/media?parent=3693"}],"wp:term":[{"taxonomy":"category","embeddable":true,"href":"https:\/\/mhf.ro\/mm\/wp-json\/wp\/v2\/categories?post=3693"},{"taxonomy":"post_tag","embeddable":true,"href":"https:\/\/mhf.ro\/mm\/wp-json\/wp\/v2\/tags?post=3693"}],"curies":[{"name":"wp","href":"https:\/\/api.w.org\/{rel}","templated":true}]}}