{"id":3696,"date":"2021-01-16T11:23:54","date_gmt":"2021-01-16T09:23:54","guid":{"rendered":"https:\/\/mhf.ro\/mm\/?p=3696"},"modified":"2021-01-16T11:24:29","modified_gmt":"2021-01-16T09:24:29","slug":"cati-bani-a-incasat-tel-drum-de-la-statul-roman-in-2020","status":"publish","type":"post","link":"https:\/\/mhf.ro\/mm\/cati-bani-a-incasat-tel-drum-de-la-statul-roman-in-2020\/","title":{"rendered":"C\u00e2\u021bi bani a \u00eencasat Tel Drum de la statul rom\u00e2n \u00een 2020"},"content":{"rendered":"<p><span lang=\"ro-RO\">De\u0219i aflat\u0103 \u00een insolven\u021b\u0103 \u0219i judecat\u0103 pentru fraude cu bani europeni, s<\/span><span lang=\"ro-RO\">ocietatea Tel Drum, <\/span><span lang=\"ro-RO\">controlat\u0103 de familia Dragnea prin interpu\u0219i, a \u00eencasat \u0219i anul trecut bani buni de la statul rom\u00e2n. Potrivit <a href=\"https:\/\/ziare.com\/stiri\/autostrada\/tel-drum-in-insolventa-contracte-cu-statul-roman-in-2020-1656477\">Ziare.com<\/a>, \u00ee<\/span><span lang=\"ro-RO\">n 2020, Tel Drum a reu\u0219it s\u0103 c\u00e2\u0219tige patru contracte cu statul rom\u00e2n, \u00een valoare total\u0103 de 136 de milioane de lei.<\/span><\/p>\n<p><span lang=\"ro-RO\">1. Contract cu<\/span><span lang=\"ro-RO\"> Compania Na\u021bional\u0103 de Administrare a Infrastructurii Rutiere, pentru urm\u0103torii patru ani. Contractul prevede \u00eentre\u021binerea curent\u0103 pe timp de iarn\u0103 a autostr\u0103zilor \u0219i a drumurilor na\u021bionale din administrarea Direc\u021biei Regionale Drumuri \u0219i Poduri Bucure\u0219ti, subunitatea Alexandria. Valoarea contractului: 34,7 milioane lei. Pentru ace\u0219ti bani, Tel Drum trebuie s\u0103 monteze \u0219i s\u0103 demonteze paraz\u0103pezi \u0219i s\u0103 desz\u0103pezeasc\u0103, respectiv s\u0103 ofere informa\u021bii despre starea drumurilor.<\/span><\/p>\n<p><span lang=\"ro-RO\">2. Contract de desz\u0103pezire, \u00een aceast\u0103 iarn\u0103, a drumuriloe jude\u021bene din Teleorman. Este vorba despre un contract subsecvent, parte a unui cadru \u00eencheiat \u00een 2017. Compania a primit c\u00e2te 20 de milioane de lei pentru fiecare an de contract.<\/span><\/p>\n<p><span lang=\"ro-RO\">3. \u00cen luna septembrie, Tel Drum a \u00eencheiat un contract \u00een valoare de aproape 23 de milioane de lei, pentru modernizarea drumului jude\u021bean 612, Radoie\u0219ti \u2013 Saceni, \u00een lungime de 11,8 kilometri.<\/span><\/p>\n<p><span lang=\"ro-RO\">4. Tot Tel Drum va \u00eentre\u021bine, pe timp de var\u0103, drumurile din partea de vest a jude\u021bului Teleorman, potrivit contractului din luna august 2020, \u00eencheiat cu Consiliul Jude\u021bean, pentru 58,5 milioane de lei.<\/span><\/p>\n<p style=\"text-align: right;\">(conf. <a href=\"https:\/\/jurnalist.ro\/wp-content\/uploads\/2020\/06\/liviu-dragnea.jpg\">Jurnalist.ro<\/a>)<\/p>\n","protected":false},"excerpt":{"rendered":"<p>De\u0219i aflat\u0103 \u00een insolven\u021b\u0103 \u0219i judecat\u0103 pentru fraude cu bani europeni, societatea Tel Drum, controlat\u0103 de familia Dragnea prin interpu\u0219i,<\/p>\n","protected":false},"author":1,"featured_media":3697,"comment_status":"open","ping_status":"open","sticky":false,"template":"","format":"standard","meta":{"colormag_page_container_layout":"default_layout","colormag_page_sidebar_layout":"default_layout","footnotes":""},"categories":[32,8],"tags":[],"class_list":["post-3696","post","type-post","status-publish","format-standard","has-post-thumbnail","hentry","category-comunicate","category-div"],"yoast_head":"<!-- This site is optimized with the Yoast SEO plugin v27.0 - https:\/\/yoast.com\/product\/yoast-seo-wordpress\/ -->\n<title>C\u00e2\u021bi bani a \u00eencasat Tel Drum de la statul rom\u00e2n \u00een 2020 - MHF Photography<\/title>\n<meta name=\"description\" content=\"De\u0219i aflat\u0103 \u00een insolven\u021b\u0103 \u0219i judecat\u0103 pentru fraude cu bani europeni, societatea Tel Drum, controlat\u0103 de familia Dragnea prin interpu\u0219i, a ..\" \/>\n<meta name=\"robots\" content=\"index, follow, max-snippet:-1, max-image-preview:large, max-video-preview:-1\" \/>\n<link rel=\"canonical\" href=\"https:\/\/mhf.ro\/mm\/cati-bani-a-incasat-tel-drum-de-la-statul-roman-in-2020\/\" \/>\n<meta property=\"og:locale\" content=\"ro_RO\" \/>\n<meta property=\"og:type\" content=\"article\" \/>\n<meta property=\"og:title\" content=\"C\u00e2\u021bi bani a \u00eencasat Tel Drum de la statul rom\u00e2n \u00een 2020 - MHF Photography\" \/>\n<meta property=\"og:description\" content=\"De\u0219i aflat\u0103 \u00een insolven\u021b\u0103 \u0219i judecat\u0103 pentru fraude cu bani europeni, societatea Tel Drum, controlat\u0103 de familia Dragnea prin interpu\u0219i, a ..\" \/>\n<meta property=\"og:url\" content=\"https:\/\/mhf.ro\/mm\/cati-bani-a-incasat-tel-drum-de-la-statul-roman-in-2020\/\" \/>\n<meta property=\"og:site_name\" content=\"MHF Photography\" \/>\n<meta property=\"article:published_time\" content=\"2021-01-16T09:23:54+00:00\" \/>\n<meta property=\"article:modified_time\" content=\"2021-01-16T09:24:29+00:00\" \/>\n<meta property=\"og:image\" content=\"https:\/\/mhf.ro\/mm\/wp-content\/uploads\/2021\/01\/liviu-dragnea.jpg\" \/>\n\t<meta property=\"og:image:width\" content=\"780\" \/>\n\t<meta property=\"og:image:height\" content=\"440\" \/>\n\t<meta property=\"og:image:type\" content=\"image\/jpeg\" \/>\n<meta name=\"author\" content=\"Marius Marcu\" \/>\n<meta name=\"twitter:card\" content=\"summary_large_image\" \/>\n<meta name=\"twitter:label1\" content=\"Scris de\" \/>\n\t<meta name=\"twitter:data1\" content=\"Marius Marcu\" \/>\n\t<meta name=\"twitter:label2\" content=\"Timp estimat pentru citire\" \/>\n\t<meta name=\"twitter:data2\" content=\"1 minut\" \/>\n<script type=\"application\/ld+json\" class=\"yoast-schema-graph\">{\"@context\":\"https:\/\/schema.org\",\"@graph\":[{\"@type\":\"Article\",\"@id\":\"https:\/\/mhf.ro\/mm\/cati-bani-a-incasat-tel-drum-de-la-statul-roman-in-2020\/#article\",\"isPartOf\":{\"@id\":\"https:\/\/mhf.ro\/mm\/cati-bani-a-incasat-tel-drum-de-la-statul-roman-in-2020\/\"},\"author\":{\"name\":\"Marius Marcu\",\"@id\":\"https:\/\/mhf.ro\/mm\/#\/schema\/person\/a3bebf7bdb4bf12f698aff73c7e46c21\"},\"headline\":\"C\u00e2\u021bi bani a \u00eencasat Tel Drum de la statul rom\u00e2n \u00een 2020\",\"datePublished\":\"2021-01-16T09:23:54+00:00\",\"dateModified\":\"2021-01-16T09:24:29+00:00\",\"mainEntityOfPage\":{\"@id\":\"https:\/\/mhf.ro\/mm\/cati-bani-a-incasat-tel-drum-de-la-statul-roman-in-2020\/\"},\"wordCount\":252,\"commentCount\":0,\"publisher\":{\"@id\":\"https:\/\/mhf.ro\/mm\/#\/schema\/person\/a3bebf7bdb4bf12f698aff73c7e46c21\"},\"image\":{\"@id\":\"https:\/\/mhf.ro\/mm\/cati-bani-a-incasat-tel-drum-de-la-statul-roman-in-2020\/#primaryimage\"},\"thumbnailUrl\":\"https:\/\/mhf.ro\/mm\/wp-content\/uploads\/2021\/01\/liviu-dragnea.jpg\",\"articleSection\":[\"Comunicate\",\"Diverse\"],\"inLanguage\":\"ro-RO\",\"potentialAction\":[{\"@type\":\"CommentAction\",\"name\":\"Comment\",\"target\":[\"https:\/\/mhf.ro\/mm\/cati-bani-a-incasat-tel-drum-de-la-statul-roman-in-2020\/#respond\"]}]},{\"@type\":\"WebPage\",\"@id\":\"https:\/\/mhf.ro\/mm\/cati-bani-a-incasat-tel-drum-de-la-statul-roman-in-2020\/\",\"url\":\"https:\/\/mhf.ro\/mm\/cati-bani-a-incasat-tel-drum-de-la-statul-roman-in-2020\/\",\"name\":\"C\u00e2\u021bi bani a \u00eencasat Tel Drum de la statul rom\u00e2n \u00een 2020 - MHF Photography\",\"isPartOf\":{\"@id\":\"https:\/\/mhf.ro\/mm\/#website\"},\"primaryImageOfPage\":{\"@id\":\"https:\/\/mhf.ro\/mm\/cati-bani-a-incasat-tel-drum-de-la-statul-roman-in-2020\/#primaryimage\"},\"image\":{\"@id\":\"https:\/\/mhf.ro\/mm\/cati-bani-a-incasat-tel-drum-de-la-statul-roman-in-2020\/#primaryimage\"},\"thumbnailUrl\":\"https:\/\/mhf.ro\/mm\/wp-content\/uploads\/2021\/01\/liviu-dragnea.jpg\",\"datePublished\":\"2021-01-16T09:23:54+00:00\",\"dateModified\":\"2021-01-16T09:24:29+00:00\",\"description\":\"De\u0219i aflat\u0103 \u00een insolven\u021b\u0103 \u0219i judecat\u0103 pentru fraude cu bani europeni, societatea Tel Drum, controlat\u0103 de familia Dragnea prin interpu\u0219i, a ..\",\"breadcrumb\":{\"@id\":\"https:\/\/mhf.ro\/mm\/cati-bani-a-incasat-tel-drum-de-la-statul-roman-in-2020\/#breadcrumb\"},\"inLanguage\":\"ro-RO\",\"potentialAction\":[{\"@type\":\"ReadAction\",\"target\":[\"https:\/\/mhf.ro\/mm\/cati-bani-a-incasat-tel-drum-de-la-statul-roman-in-2020\/\"]}]},{\"@type\":\"ImageObject\",\"inLanguage\":\"ro-RO\",\"@id\":\"https:\/\/mhf.ro\/mm\/cati-bani-a-incasat-tel-drum-de-la-statul-roman-in-2020\/#primaryimage\",\"url\":\"https:\/\/mhf.ro\/mm\/wp-content\/uploads\/2021\/01\/liviu-dragnea.jpg\",\"contentUrl\":\"https:\/\/mhf.ro\/mm\/wp-content\/uploads\/2021\/01\/liviu-dragnea.jpg\",\"width\":780,\"height\":440},{\"@type\":\"BreadcrumbList\",\"@id\":\"https:\/\/mhf.ro\/mm\/cati-bani-a-incasat-tel-drum-de-la-statul-roman-in-2020\/#breadcrumb\",\"itemListElement\":[{\"@type\":\"ListItem\",\"position\":1,\"name\":\"Prima pagin\u0103\",\"item\":\"https:\/\/mhf.ro\/mm\/\"},{\"@type\":\"ListItem\",\"position\":2,\"name\":\"C\u00e2\u021bi bani a \u00eencasat Tel Drum de la statul rom\u00e2n \u00een 2020\"}]},{\"@type\":\"WebSite\",\"@id\":\"https:\/\/mhf.ro\/mm\/#website\",\"url\":\"https:\/\/mhf.ro\/mm\/\",\"name\":\"MHF Photography \u2013 Blog de fotografie, natur\u0103 \u0219i tehnic\u0103 divers\u0103\",\"description\":\"Aventur\u0103 \u00een fiecare cadru.\",\"publisher\":{\"@id\":\"https:\/\/mhf.ro\/mm\/#\/schema\/person\/a3bebf7bdb4bf12f698aff73c7e46c21\"},\"potentialAction\":[{\"@type\":\"SearchAction\",\"target\":{\"@type\":\"EntryPoint\",\"urlTemplate\":\"https:\/\/mhf.ro\/mm\/?s={search_term_string}\"},\"query-input\":{\"@type\":\"PropertyValueSpecification\",\"valueRequired\":true,\"valueName\":\"search_term_string\"}}],\"inLanguage\":\"ro-RO\"},{\"@type\":[\"Person\",\"Organization\"],\"@id\":\"https:\/\/mhf.ro\/mm\/#\/schema\/person\/a3bebf7bdb4bf12f698aff73c7e46c21\",\"name\":\"Marius Marcu\",\"image\":{\"@type\":\"ImageObject\",\"inLanguage\":\"ro-RO\",\"@id\":\"https:\/\/mhf.ro\/mm\/#\/schema\/person\/image\/\",\"url\":\"https:\/\/mhf.ro\/mm\/wp-content\/uploads\/2025\/12\/cropped-logo_mhf_2.png\",\"contentUrl\":\"https:\/\/mhf.ro\/mm\/wp-content\/uploads\/2025\/12\/cropped-logo_mhf_2.png\",\"width\":1096,\"height\":457,\"caption\":\"Marius Marcu\"},\"logo\":{\"@id\":\"https:\/\/mhf.ro\/mm\/#\/schema\/person\/image\/\"},\"sameAs\":[\"https:\/\/mhf.ro\/mm\"],\"url\":\"https:\/\/mhf.ro\/mm\/author\/mihai\/\"}]}<\/script>\n<!-- \/ Yoast SEO plugin. -->","yoast_head_json":{"title":"C\u00e2\u021bi bani a \u00eencasat Tel Drum de la statul rom\u00e2n \u00een 2020 - MHF Photography","description":"De\u0219i aflat\u0103 \u00een insolven\u021b\u0103 \u0219i judecat\u0103 pentru fraude cu bani europeni, societatea Tel Drum, controlat\u0103 de familia Dragnea prin interpu\u0219i, a ..","robots":{"index":"index","follow":"follow","max-snippet":"max-snippet:-1","max-image-preview":"max-image-preview:large","max-video-preview":"max-video-preview:-1"},"canonical":"https:\/\/mhf.ro\/mm\/cati-bani-a-incasat-tel-drum-de-la-statul-roman-in-2020\/","og_locale":"ro_RO","og_type":"article","og_title":"C\u00e2\u021bi bani a \u00eencasat Tel Drum de la statul rom\u00e2n \u00een 2020 - MHF Photography","og_description":"De\u0219i aflat\u0103 \u00een insolven\u021b\u0103 \u0219i judecat\u0103 pentru fraude cu bani europeni, societatea Tel Drum, controlat\u0103 de familia Dragnea prin interpu\u0219i, a ..","og_url":"https:\/\/mhf.ro\/mm\/cati-bani-a-incasat-tel-drum-de-la-statul-roman-in-2020\/","og_site_name":"MHF Photography","article_published_time":"2021-01-16T09:23:54+00:00","article_modified_time":"2021-01-16T09:24:29+00:00","og_image":[{"width":780,"height":440,"url":"https:\/\/mhf.ro\/mm\/wp-content\/uploads\/2021\/01\/liviu-dragnea.jpg","type":"image\/jpeg"}],"author":"Marius Marcu","twitter_card":"summary_large_image","twitter_misc":{"Scris de":"Marius Marcu","Timp estimat pentru citire":"1 minut"},"schema":{"@context":"https:\/\/schema.org","@graph":[{"@type":"Article","@id":"https:\/\/mhf.ro\/mm\/cati-bani-a-incasat-tel-drum-de-la-statul-roman-in-2020\/#article","isPartOf":{"@id":"https:\/\/mhf.ro\/mm\/cati-bani-a-incasat-tel-drum-de-la-statul-roman-in-2020\/"},"author":{"name":"Marius Marcu","@id":"https:\/\/mhf.ro\/mm\/#\/schema\/person\/a3bebf7bdb4bf12f698aff73c7e46c21"},"headline":"C\u00e2\u021bi bani a \u00eencasat Tel Drum de la statul rom\u00e2n \u00een 2020","datePublished":"2021-01-16T09:23:54+00:00","dateModified":"2021-01-16T09:24:29+00:00","mainEntityOfPage":{"@id":"https:\/\/mhf.ro\/mm\/cati-bani-a-incasat-tel-drum-de-la-statul-roman-in-2020\/"},"wordCount":252,"commentCount":0,"publisher":{"@id":"https:\/\/mhf.ro\/mm\/#\/schema\/person\/a3bebf7bdb4bf12f698aff73c7e46c21"},"image":{"@id":"https:\/\/mhf.ro\/mm\/cati-bani-a-incasat-tel-drum-de-la-statul-roman-in-2020\/#primaryimage"},"thumbnailUrl":"https:\/\/mhf.ro\/mm\/wp-content\/uploads\/2021\/01\/liviu-dragnea.jpg","articleSection":["Comunicate","Diverse"],"inLanguage":"ro-RO","potentialAction":[{"@type":"CommentAction","name":"Comment","target":["https:\/\/mhf.ro\/mm\/cati-bani-a-incasat-tel-drum-de-la-statul-roman-in-2020\/#respond"]}]},{"@type":"WebPage","@id":"https:\/\/mhf.ro\/mm\/cati-bani-a-incasat-tel-drum-de-la-statul-roman-in-2020\/","url":"https:\/\/mhf.ro\/mm\/cati-bani-a-incasat-tel-drum-de-la-statul-roman-in-2020\/","name":"C\u00e2\u021bi bani a \u00eencasat Tel Drum de la statul rom\u00e2n \u00een 2020 - MHF Photography","isPartOf":{"@id":"https:\/\/mhf.ro\/mm\/#website"},"primaryImageOfPage":{"@id":"https:\/\/mhf.ro\/mm\/cati-bani-a-incasat-tel-drum-de-la-statul-roman-in-2020\/#primaryimage"},"image":{"@id":"https:\/\/mhf.ro\/mm\/cati-bani-a-incasat-tel-drum-de-la-statul-roman-in-2020\/#primaryimage"},"thumbnailUrl":"https:\/\/mhf.ro\/mm\/wp-content\/uploads\/2021\/01\/liviu-dragnea.jpg","datePublished":"2021-01-16T09:23:54+00:00","dateModified":"2021-01-16T09:24:29+00:00","description":"De\u0219i aflat\u0103 \u00een insolven\u021b\u0103 \u0219i judecat\u0103 pentru fraude cu bani europeni, societatea Tel Drum, controlat\u0103 de familia Dragnea prin interpu\u0219i, a ..","breadcrumb":{"@id":"https:\/\/mhf.ro\/mm\/cati-bani-a-incasat-tel-drum-de-la-statul-roman-in-2020\/#breadcrumb"},"inLanguage":"ro-RO","potentialAction":[{"@type":"ReadAction","target":["https:\/\/mhf.ro\/mm\/cati-bani-a-incasat-tel-drum-de-la-statul-roman-in-2020\/"]}]},{"@type":"ImageObject","inLanguage":"ro-RO","@id":"https:\/\/mhf.ro\/mm\/cati-bani-a-incasat-tel-drum-de-la-statul-roman-in-2020\/#primaryimage","url":"https:\/\/mhf.ro\/mm\/wp-content\/uploads\/2021\/01\/liviu-dragnea.jpg","contentUrl":"https:\/\/mhf.ro\/mm\/wp-content\/uploads\/2021\/01\/liviu-dragnea.jpg","width":780,"height":440},{"@type":"BreadcrumbList","@id":"https:\/\/mhf.ro\/mm\/cati-bani-a-incasat-tel-drum-de-la-statul-roman-in-2020\/#breadcrumb","itemListElement":[{"@type":"ListItem","position":1,"name":"Prima pagin\u0103","item":"https:\/\/mhf.ro\/mm\/"},{"@type":"ListItem","position":2,"name":"C\u00e2\u021bi bani a \u00eencasat Tel Drum de la statul rom\u00e2n \u00een 2020"}]},{"@type":"WebSite","@id":"https:\/\/mhf.ro\/mm\/#website","url":"https:\/\/mhf.ro\/mm\/","name":"MHF Photography \u2013 Blog de fotografie, natur\u0103 \u0219i tehnic\u0103 divers\u0103","description":"Aventur\u0103 \u00een fiecare cadru.","publisher":{"@id":"https:\/\/mhf.ro\/mm\/#\/schema\/person\/a3bebf7bdb4bf12f698aff73c7e46c21"},"potentialAction":[{"@type":"SearchAction","target":{"@type":"EntryPoint","urlTemplate":"https:\/\/mhf.ro\/mm\/?s={search_term_string}"},"query-input":{"@type":"PropertyValueSpecification","valueRequired":true,"valueName":"search_term_string"}}],"inLanguage":"ro-RO"},{"@type":["Person","Organization"],"@id":"https:\/\/mhf.ro\/mm\/#\/schema\/person\/a3bebf7bdb4bf12f698aff73c7e46c21","name":"Marius Marcu","image":{"@type":"ImageObject","inLanguage":"ro-RO","@id":"https:\/\/mhf.ro\/mm\/#\/schema\/person\/image\/","url":"https:\/\/mhf.ro\/mm\/wp-content\/uploads\/2025\/12\/cropped-logo_mhf_2.png","contentUrl":"https:\/\/mhf.ro\/mm\/wp-content\/uploads\/2025\/12\/cropped-logo_mhf_2.png","width":1096,"height":457,"caption":"Marius Marcu"},"logo":{"@id":"https:\/\/mhf.ro\/mm\/#\/schema\/person\/image\/"},"sameAs":["https:\/\/mhf.ro\/mm"],"url":"https:\/\/mhf.ro\/mm\/author\/mihai\/"}]}},"_links":{"self":[{"href":"https:\/\/mhf.ro\/mm\/wp-json\/wp\/v2\/posts\/3696","targetHints":{"allow":["GET"]}}],"collection":[{"href":"https:\/\/mhf.ro\/mm\/wp-json\/wp\/v2\/posts"}],"about":[{"href":"https:\/\/mhf.ro\/mm\/wp-json\/wp\/v2\/types\/post"}],"author":[{"embeddable":true,"href":"https:\/\/mhf.ro\/mm\/wp-json\/wp\/v2\/users\/1"}],"replies":[{"embeddable":true,"href":"https:\/\/mhf.ro\/mm\/wp-json\/wp\/v2\/comments?post=3696"}],"version-history":[{"count":1,"href":"https:\/\/mhf.ro\/mm\/wp-json\/wp\/v2\/posts\/3696\/revisions"}],"predecessor-version":[{"id":3698,"href":"https:\/\/mhf.ro\/mm\/wp-json\/wp\/v2\/posts\/3696\/revisions\/3698"}],"wp:featuredmedia":[{"embeddable":true,"href":"https:\/\/mhf.ro\/mm\/wp-json\/wp\/v2\/media\/3697"}],"wp:attachment":[{"href":"https:\/\/mhf.ro\/mm\/wp-json\/wp\/v2\/media?parent=3696"}],"wp:term":[{"taxonomy":"category","embeddable":true,"href":"https:\/\/mhf.ro\/mm\/wp-json\/wp\/v2\/categories?post=3696"},{"taxonomy":"post_tag","embeddable":true,"href":"https:\/\/mhf.ro\/mm\/wp-json\/wp\/v2\/tags?post=3696"}],"curies":[{"name":"wp","href":"https:\/\/api.w.org\/{rel}","templated":true}]}}