{"id":3702,"date":"2021-01-18T11:40:24","date_gmt":"2021-01-18T09:40:24","guid":{"rendered":"https:\/\/mhf.ro\/mm\/?p=3702"},"modified":"2021-01-18T11:40:24","modified_gmt":"2021-01-18T09:40:24","slug":"negoita-inapoi-in-psd-nasica-firea-amenintari-dure","status":"publish","type":"post","link":"https:\/\/mhf.ro\/mm\/negoita-inapoi-in-psd-nasica-firea-amenintari-dure\/","title":{"rendered":"Negoi\u021b\u0103, \u00eenapoi \u00een PSD\/ \u2018N\u0103\u0219ica\u2019 Firea, amenin\u021b\u0103ri dure"},"content":{"rendered":"<h4>Robert Negoi\u021b\u0103 vrea s\u0103 se \u00eentoarc\u0103 \u00een PSD.<\/h4>\n<p>Primarul Sectorului 3 \u0219i liderii social-democra\u021bi sunt \u00een discu\u021bii avansate. Negoi\u021b\u0103 vorbe\u0219te chiar de o fuziune a forma\u021biunii Bucure\u0219ti 2020 cu PSD, pentru a nu-\u0219i pierde mandatul.<\/p>\n<p>\u201eVom vedea, am avut o discu\u021bie cu pre\u0219edintele partidului, cu secretarul general, cu pre\u0219edintele Consiliului Na\u021bional \u0219i cu al\u021bi colegi. Putem s\u0103 g\u00e2ndim un proiect de reformare, de reorganizare, de \u00eembun\u0103t\u0103\u021bire, ceva solid\u201d, a spus Negoi\u021b\u0103 la Digi24.<\/p>\n<p>El a ad\u0103ugat c\u0103 deja s-au \u00eent\u00e2mplat lucruri \u201ebenefice\u201d \u00een PSD, referindu-se la plecarea \u201eunor persoane\u201d din partid.<\/p>\n<h4>\u201ePartidele nu se reformeaz\u0103 la guvernare, ci \u00een opozi\u021bie.<\/h4>\n<p>PSD are o \u0219ans\u0103 s\u0103 se reformeze, o \u0219ans\u0103 s\u0103-\u0219i \u00eembun\u0103t\u0103\u021beasc\u0103 abordarea\u201d, a spus Negoi\u021b\u0103.<\/p>\n<p>Totodat\u0103, Gabriela Firea, na\u0219a lui Negoi\u021b\u0103, le-a transmis, mar\u021bi, \u00eentr-o \u0219edin\u021b\u0103, colegilor din filiala PSD Bucure\u0219ti c\u0103 se va opune \u201dcu toat\u0103 fermitatea\u201d revenirii acestuia \u00een PSD, au declarat pentru G4Media.ro surse apropiate discu\u021biilor.<\/p>\n<p>Amintim c\u0103 Firea \u0219i Negoi\u021b\u0103 s-au acuzat reciproc de tr\u0103dare la \u00een a doua jum\u0103tate a anului trecut.<\/p>\n<p>De altfel, edilul sectorului 3 a mai spus c\u0103 principala cauz\u0103 pentru care a plecat din PSD este chiar Firea.<\/p>\n<p>\u201ePrincipalul argument pentru care eu nu am ce c\u0103uta acolo este chiar dumneaei! (\u2026) Nu este o chestiune personal\u0103. Ce se \u00eent\u00e2mpl\u0103, atunci c\u00e2nd stai l\u00e2ng\u0103 un om, ajungi s\u0103-l cuno\u0219ti bine. \u00cel \u0219tii \u00een circumstan\u021be diferite \u0219i atunci c\u00e2nd \u0219tii c\u0103 minte cu o lejeritate dezarmant\u0103, i\u021bi dai seama ca acea persoan\u0103 este un om foarte periculos \u0219i ideea este sa te \u00eendep\u0103rtezi. Nici \u00eentr-un caz s\u0103 te apropii!\u201d \u2013 a spus Robert Negoi\u021b\u0103 la acea dat\u0103.<\/p>\n<p style=\"text-align: right;\">(conf jurnalist.ro)<\/p>\n","protected":false},"excerpt":{"rendered":"<p>Robert Negoi\u021b\u0103 vrea s\u0103 se \u00eentoarc\u0103 \u00een PSD. Primarul Sectorului 3 \u0219i liderii social-democra\u021bi sunt \u00een discu\u021bii avansate. Negoi\u021b\u0103 vorbe\u0219te<\/p>\n","protected":false},"author":1,"featured_media":3703,"comment_status":"open","ping_status":"open","sticky":false,"template":"","format":"standard","meta":{"colormag_page_container_layout":"default_layout","colormag_page_sidebar_layout":"default_layout","footnotes":""},"categories":[8],"tags":[],"class_list":["post-3702","post","type-post","status-publish","format-standard","has-post-thumbnail","hentry","category-div"],"yoast_head":"<!-- This site is optimized with the Yoast SEO plugin v27.0 - https:\/\/yoast.com\/product\/yoast-seo-wordpress\/ -->\n<title>Negoi\u021b\u0103, \u00eenapoi \u00een PSD\/ \u2018N\u0103\u0219ica\u2019 Firea, amenin\u021b\u0103ri dure - MHF Photography<\/title>\n<meta name=\"robots\" content=\"index, follow, max-snippet:-1, max-image-preview:large, max-video-preview:-1\" \/>\n<link rel=\"canonical\" href=\"https:\/\/mhf.ro\/mm\/negoita-inapoi-in-psd-nasica-firea-amenintari-dure\/\" \/>\n<meta property=\"og:locale\" content=\"ro_RO\" \/>\n<meta property=\"og:type\" content=\"article\" \/>\n<meta property=\"og:title\" content=\"Negoi\u021b\u0103, \u00eenapoi \u00een PSD\/ \u2018N\u0103\u0219ica\u2019 Firea, amenin\u021b\u0103ri dure - MHF Photography\" \/>\n<meta property=\"og:description\" content=\"Robert Negoi\u021b\u0103 vrea s\u0103 se \u00eentoarc\u0103 \u00een PSD. Primarul Sectorului 3 \u0219i liderii social-democra\u021bi sunt \u00een discu\u021bii avansate. Negoi\u021b\u0103 vorbe\u0219te\" \/>\n<meta property=\"og:url\" content=\"https:\/\/mhf.ro\/mm\/negoita-inapoi-in-psd-nasica-firea-amenintari-dure\/\" \/>\n<meta property=\"og:site_name\" content=\"MHF Photography\" \/>\n<meta property=\"article:published_time\" content=\"2021-01-18T09:40:24+00:00\" \/>\n<meta property=\"og:image\" content=\"https:\/\/mhf.ro\/mm\/wp-content\/uploads\/2021\/01\/negoita-firea-4.jpg\" \/>\n\t<meta property=\"og:image:width\" content=\"866\" \/>\n\t<meta property=\"og:image:height\" content=\"445\" \/>\n\t<meta property=\"og:image:type\" content=\"image\/jpeg\" \/>\n<meta name=\"author\" content=\"Marius Marcu\" \/>\n<meta name=\"twitter:card\" content=\"summary_large_image\" \/>\n<meta name=\"twitter:label1\" content=\"Scris de\" \/>\n\t<meta name=\"twitter:data1\" content=\"Marius Marcu\" \/>\n\t<meta name=\"twitter:label2\" content=\"Timp estimat pentru citire\" \/>\n\t<meta name=\"twitter:data2\" content=\"2 minute\" \/>\n<script type=\"application\/ld+json\" class=\"yoast-schema-graph\">{\"@context\":\"https:\/\/schema.org\",\"@graph\":[{\"@type\":\"Article\",\"@id\":\"https:\/\/mhf.ro\/mm\/negoita-inapoi-in-psd-nasica-firea-amenintari-dure\/#article\",\"isPartOf\":{\"@id\":\"https:\/\/mhf.ro\/mm\/negoita-inapoi-in-psd-nasica-firea-amenintari-dure\/\"},\"author\":{\"name\":\"Marius Marcu\",\"@id\":\"https:\/\/mhf.ro\/mm\/#\/schema\/person\/a3bebf7bdb4bf12f698aff73c7e46c21\"},\"headline\":\"Negoi\u021b\u0103, \u00eenapoi \u00een PSD\/ \u2018N\u0103\u0219ica\u2019 Firea, amenin\u021b\u0103ri dure\",\"datePublished\":\"2021-01-18T09:40:24+00:00\",\"mainEntityOfPage\":{\"@id\":\"https:\/\/mhf.ro\/mm\/negoita-inapoi-in-psd-nasica-firea-amenintari-dure\/\"},\"wordCount\":312,\"commentCount\":0,\"publisher\":{\"@id\":\"https:\/\/mhf.ro\/mm\/#\/schema\/person\/a3bebf7bdb4bf12f698aff73c7e46c21\"},\"image\":{\"@id\":\"https:\/\/mhf.ro\/mm\/negoita-inapoi-in-psd-nasica-firea-amenintari-dure\/#primaryimage\"},\"thumbnailUrl\":\"https:\/\/mhf.ro\/mm\/wp-content\/uploads\/2021\/01\/negoita-firea-4.jpg\",\"articleSection\":[\"Diverse\"],\"inLanguage\":\"ro-RO\",\"potentialAction\":[{\"@type\":\"CommentAction\",\"name\":\"Comment\",\"target\":[\"https:\/\/mhf.ro\/mm\/negoita-inapoi-in-psd-nasica-firea-amenintari-dure\/#respond\"]}]},{\"@type\":\"WebPage\",\"@id\":\"https:\/\/mhf.ro\/mm\/negoita-inapoi-in-psd-nasica-firea-amenintari-dure\/\",\"url\":\"https:\/\/mhf.ro\/mm\/negoita-inapoi-in-psd-nasica-firea-amenintari-dure\/\",\"name\":\"Negoi\u021b\u0103, \u00eenapoi \u00een PSD\/ \u2018N\u0103\u0219ica\u2019 Firea, amenin\u021b\u0103ri dure - MHF Photography\",\"isPartOf\":{\"@id\":\"https:\/\/mhf.ro\/mm\/#website\"},\"primaryImageOfPage\":{\"@id\":\"https:\/\/mhf.ro\/mm\/negoita-inapoi-in-psd-nasica-firea-amenintari-dure\/#primaryimage\"},\"image\":{\"@id\":\"https:\/\/mhf.ro\/mm\/negoita-inapoi-in-psd-nasica-firea-amenintari-dure\/#primaryimage\"},\"thumbnailUrl\":\"https:\/\/mhf.ro\/mm\/wp-content\/uploads\/2021\/01\/negoita-firea-4.jpg\",\"datePublished\":\"2021-01-18T09:40:24+00:00\",\"breadcrumb\":{\"@id\":\"https:\/\/mhf.ro\/mm\/negoita-inapoi-in-psd-nasica-firea-amenintari-dure\/#breadcrumb\"},\"inLanguage\":\"ro-RO\",\"potentialAction\":[{\"@type\":\"ReadAction\",\"target\":[\"https:\/\/mhf.ro\/mm\/negoita-inapoi-in-psd-nasica-firea-amenintari-dure\/\"]}]},{\"@type\":\"ImageObject\",\"inLanguage\":\"ro-RO\",\"@id\":\"https:\/\/mhf.ro\/mm\/negoita-inapoi-in-psd-nasica-firea-amenintari-dure\/#primaryimage\",\"url\":\"https:\/\/mhf.ro\/mm\/wp-content\/uploads\/2021\/01\/negoita-firea-4.jpg\",\"contentUrl\":\"https:\/\/mhf.ro\/mm\/wp-content\/uploads\/2021\/01\/negoita-firea-4.jpg\",\"width\":866,\"height\":445},{\"@type\":\"BreadcrumbList\",\"@id\":\"https:\/\/mhf.ro\/mm\/negoita-inapoi-in-psd-nasica-firea-amenintari-dure\/#breadcrumb\",\"itemListElement\":[{\"@type\":\"ListItem\",\"position\":1,\"name\":\"Prima pagin\u0103\",\"item\":\"https:\/\/mhf.ro\/mm\/\"},{\"@type\":\"ListItem\",\"position\":2,\"name\":\"Negoi\u021b\u0103, \u00eenapoi \u00een PSD\/ \u2018N\u0103\u0219ica\u2019 Firea, amenin\u021b\u0103ri dure\"}]},{\"@type\":\"WebSite\",\"@id\":\"https:\/\/mhf.ro\/mm\/#website\",\"url\":\"https:\/\/mhf.ro\/mm\/\",\"name\":\"MHF Photography \u2013 Blog de fotografie, natur\u0103 \u0219i tehnic\u0103 divers\u0103\",\"description\":\"Aventur\u0103 \u00een fiecare cadru.\",\"publisher\":{\"@id\":\"https:\/\/mhf.ro\/mm\/#\/schema\/person\/a3bebf7bdb4bf12f698aff73c7e46c21\"},\"potentialAction\":[{\"@type\":\"SearchAction\",\"target\":{\"@type\":\"EntryPoint\",\"urlTemplate\":\"https:\/\/mhf.ro\/mm\/?s={search_term_string}\"},\"query-input\":{\"@type\":\"PropertyValueSpecification\",\"valueRequired\":true,\"valueName\":\"search_term_string\"}}],\"inLanguage\":\"ro-RO\"},{\"@type\":[\"Person\",\"Organization\"],\"@id\":\"https:\/\/mhf.ro\/mm\/#\/schema\/person\/a3bebf7bdb4bf12f698aff73c7e46c21\",\"name\":\"Marius Marcu\",\"image\":{\"@type\":\"ImageObject\",\"inLanguage\":\"ro-RO\",\"@id\":\"https:\/\/mhf.ro\/mm\/#\/schema\/person\/image\/\",\"url\":\"https:\/\/mhf.ro\/mm\/wp-content\/uploads\/2025\/12\/cropped-logo_mhf_2.png\",\"contentUrl\":\"https:\/\/mhf.ro\/mm\/wp-content\/uploads\/2025\/12\/cropped-logo_mhf_2.png\",\"width\":1096,\"height\":457,\"caption\":\"Marius Marcu\"},\"logo\":{\"@id\":\"https:\/\/mhf.ro\/mm\/#\/schema\/person\/image\/\"},\"sameAs\":[\"https:\/\/mhf.ro\/mm\"],\"url\":\"https:\/\/mhf.ro\/mm\/author\/mihai\/\"}]}<\/script>\n<!-- \/ Yoast SEO plugin. -->","yoast_head_json":{"title":"Negoi\u021b\u0103, \u00eenapoi \u00een PSD\/ \u2018N\u0103\u0219ica\u2019 Firea, amenin\u021b\u0103ri dure - MHF Photography","robots":{"index":"index","follow":"follow","max-snippet":"max-snippet:-1","max-image-preview":"max-image-preview:large","max-video-preview":"max-video-preview:-1"},"canonical":"https:\/\/mhf.ro\/mm\/negoita-inapoi-in-psd-nasica-firea-amenintari-dure\/","og_locale":"ro_RO","og_type":"article","og_title":"Negoi\u021b\u0103, \u00eenapoi \u00een PSD\/ \u2018N\u0103\u0219ica\u2019 Firea, amenin\u021b\u0103ri dure - MHF Photography","og_description":"Robert Negoi\u021b\u0103 vrea s\u0103 se \u00eentoarc\u0103 \u00een PSD. Primarul Sectorului 3 \u0219i liderii social-democra\u021bi sunt \u00een discu\u021bii avansate. Negoi\u021b\u0103 vorbe\u0219te","og_url":"https:\/\/mhf.ro\/mm\/negoita-inapoi-in-psd-nasica-firea-amenintari-dure\/","og_site_name":"MHF Photography","article_published_time":"2021-01-18T09:40:24+00:00","og_image":[{"width":866,"height":445,"url":"https:\/\/mhf.ro\/mm\/wp-content\/uploads\/2021\/01\/negoita-firea-4.jpg","type":"image\/jpeg"}],"author":"Marius Marcu","twitter_card":"summary_large_image","twitter_misc":{"Scris de":"Marius Marcu","Timp estimat pentru citire":"2 minute"},"schema":{"@context":"https:\/\/schema.org","@graph":[{"@type":"Article","@id":"https:\/\/mhf.ro\/mm\/negoita-inapoi-in-psd-nasica-firea-amenintari-dure\/#article","isPartOf":{"@id":"https:\/\/mhf.ro\/mm\/negoita-inapoi-in-psd-nasica-firea-amenintari-dure\/"},"author":{"name":"Marius Marcu","@id":"https:\/\/mhf.ro\/mm\/#\/schema\/person\/a3bebf7bdb4bf12f698aff73c7e46c21"},"headline":"Negoi\u021b\u0103, \u00eenapoi \u00een PSD\/ \u2018N\u0103\u0219ica\u2019 Firea, amenin\u021b\u0103ri dure","datePublished":"2021-01-18T09:40:24+00:00","mainEntityOfPage":{"@id":"https:\/\/mhf.ro\/mm\/negoita-inapoi-in-psd-nasica-firea-amenintari-dure\/"},"wordCount":312,"commentCount":0,"publisher":{"@id":"https:\/\/mhf.ro\/mm\/#\/schema\/person\/a3bebf7bdb4bf12f698aff73c7e46c21"},"image":{"@id":"https:\/\/mhf.ro\/mm\/negoita-inapoi-in-psd-nasica-firea-amenintari-dure\/#primaryimage"},"thumbnailUrl":"https:\/\/mhf.ro\/mm\/wp-content\/uploads\/2021\/01\/negoita-firea-4.jpg","articleSection":["Diverse"],"inLanguage":"ro-RO","potentialAction":[{"@type":"CommentAction","name":"Comment","target":["https:\/\/mhf.ro\/mm\/negoita-inapoi-in-psd-nasica-firea-amenintari-dure\/#respond"]}]},{"@type":"WebPage","@id":"https:\/\/mhf.ro\/mm\/negoita-inapoi-in-psd-nasica-firea-amenintari-dure\/","url":"https:\/\/mhf.ro\/mm\/negoita-inapoi-in-psd-nasica-firea-amenintari-dure\/","name":"Negoi\u021b\u0103, \u00eenapoi \u00een PSD\/ \u2018N\u0103\u0219ica\u2019 Firea, amenin\u021b\u0103ri dure - MHF Photography","isPartOf":{"@id":"https:\/\/mhf.ro\/mm\/#website"},"primaryImageOfPage":{"@id":"https:\/\/mhf.ro\/mm\/negoita-inapoi-in-psd-nasica-firea-amenintari-dure\/#primaryimage"},"image":{"@id":"https:\/\/mhf.ro\/mm\/negoita-inapoi-in-psd-nasica-firea-amenintari-dure\/#primaryimage"},"thumbnailUrl":"https:\/\/mhf.ro\/mm\/wp-content\/uploads\/2021\/01\/negoita-firea-4.jpg","datePublished":"2021-01-18T09:40:24+00:00","breadcrumb":{"@id":"https:\/\/mhf.ro\/mm\/negoita-inapoi-in-psd-nasica-firea-amenintari-dure\/#breadcrumb"},"inLanguage":"ro-RO","potentialAction":[{"@type":"ReadAction","target":["https:\/\/mhf.ro\/mm\/negoita-inapoi-in-psd-nasica-firea-amenintari-dure\/"]}]},{"@type":"ImageObject","inLanguage":"ro-RO","@id":"https:\/\/mhf.ro\/mm\/negoita-inapoi-in-psd-nasica-firea-amenintari-dure\/#primaryimage","url":"https:\/\/mhf.ro\/mm\/wp-content\/uploads\/2021\/01\/negoita-firea-4.jpg","contentUrl":"https:\/\/mhf.ro\/mm\/wp-content\/uploads\/2021\/01\/negoita-firea-4.jpg","width":866,"height":445},{"@type":"BreadcrumbList","@id":"https:\/\/mhf.ro\/mm\/negoita-inapoi-in-psd-nasica-firea-amenintari-dure\/#breadcrumb","itemListElement":[{"@type":"ListItem","position":1,"name":"Prima pagin\u0103","item":"https:\/\/mhf.ro\/mm\/"},{"@type":"ListItem","position":2,"name":"Negoi\u021b\u0103, \u00eenapoi \u00een PSD\/ \u2018N\u0103\u0219ica\u2019 Firea, amenin\u021b\u0103ri dure"}]},{"@type":"WebSite","@id":"https:\/\/mhf.ro\/mm\/#website","url":"https:\/\/mhf.ro\/mm\/","name":"MHF Photography \u2013 Blog de fotografie, natur\u0103 \u0219i tehnic\u0103 divers\u0103","description":"Aventur\u0103 \u00een fiecare cadru.","publisher":{"@id":"https:\/\/mhf.ro\/mm\/#\/schema\/person\/a3bebf7bdb4bf12f698aff73c7e46c21"},"potentialAction":[{"@type":"SearchAction","target":{"@type":"EntryPoint","urlTemplate":"https:\/\/mhf.ro\/mm\/?s={search_term_string}"},"query-input":{"@type":"PropertyValueSpecification","valueRequired":true,"valueName":"search_term_string"}}],"inLanguage":"ro-RO"},{"@type":["Person","Organization"],"@id":"https:\/\/mhf.ro\/mm\/#\/schema\/person\/a3bebf7bdb4bf12f698aff73c7e46c21","name":"Marius Marcu","image":{"@type":"ImageObject","inLanguage":"ro-RO","@id":"https:\/\/mhf.ro\/mm\/#\/schema\/person\/image\/","url":"https:\/\/mhf.ro\/mm\/wp-content\/uploads\/2025\/12\/cropped-logo_mhf_2.png","contentUrl":"https:\/\/mhf.ro\/mm\/wp-content\/uploads\/2025\/12\/cropped-logo_mhf_2.png","width":1096,"height":457,"caption":"Marius Marcu"},"logo":{"@id":"https:\/\/mhf.ro\/mm\/#\/schema\/person\/image\/"},"sameAs":["https:\/\/mhf.ro\/mm"],"url":"https:\/\/mhf.ro\/mm\/author\/mihai\/"}]}},"_links":{"self":[{"href":"https:\/\/mhf.ro\/mm\/wp-json\/wp\/v2\/posts\/3702","targetHints":{"allow":["GET"]}}],"collection":[{"href":"https:\/\/mhf.ro\/mm\/wp-json\/wp\/v2\/posts"}],"about":[{"href":"https:\/\/mhf.ro\/mm\/wp-json\/wp\/v2\/types\/post"}],"author":[{"embeddable":true,"href":"https:\/\/mhf.ro\/mm\/wp-json\/wp\/v2\/users\/1"}],"replies":[{"embeddable":true,"href":"https:\/\/mhf.ro\/mm\/wp-json\/wp\/v2\/comments?post=3702"}],"version-history":[{"count":1,"href":"https:\/\/mhf.ro\/mm\/wp-json\/wp\/v2\/posts\/3702\/revisions"}],"predecessor-version":[{"id":3704,"href":"https:\/\/mhf.ro\/mm\/wp-json\/wp\/v2\/posts\/3702\/revisions\/3704"}],"wp:featuredmedia":[{"embeddable":true,"href":"https:\/\/mhf.ro\/mm\/wp-json\/wp\/v2\/media\/3703"}],"wp:attachment":[{"href":"https:\/\/mhf.ro\/mm\/wp-json\/wp\/v2\/media?parent=3702"}],"wp:term":[{"taxonomy":"category","embeddable":true,"href":"https:\/\/mhf.ro\/mm\/wp-json\/wp\/v2\/categories?post=3702"},{"taxonomy":"post_tag","embeddable":true,"href":"https:\/\/mhf.ro\/mm\/wp-json\/wp\/v2\/tags?post=3702"}],"curies":[{"name":"wp","href":"https:\/\/api.w.org\/{rel}","templated":true}]}}