{"id":3705,"date":"2021-01-18T18:27:22","date_gmt":"2021-01-18T16:27:22","guid":{"rendered":"https:\/\/mhf.ro\/mm\/?p=3705"},"modified":"2021-01-18T18:32:11","modified_gmt":"2021-01-18T16:32:11","slug":"eu-m-am-vaccinat-si-e-bine","status":"publish","type":"post","link":"https:\/\/mhf.ro\/mm\/eu-m-am-vaccinat-si-e-bine\/","title":{"rendered":"Eu m-am vaccinat \u0219i e bine!"},"content":{"rendered":"<p><span class=\"tojvnm2t a6sixzi8 abs2jz4q a8s20v7p t1p8iaqh k5wvi7nf q3lfd5jv pk4s997a bipmatt0 cebpdrjk qowsmv63 owwhemhu dp1hu0rb dhp61c6y iyyx5f41\">Am f\u0103cut vaccinul! Exact cum am anticipat: nicio reac\u021bie la el. Sincer\u0103 s\u0103 fiu, sunt ni\u021bel cam nedumerita pentru c\u0103, la 2 ore de la \u00een\u021bepare (corectez, acu&#8217; la 4 ore) nu am nicio senza\u021bie, absolut nicio reac\u021bie; carevas\u0103zic\u0103 nu simt nimic. M\u0103 \u0219i \u00eentreb: chiar am f\u0103cut vaccinul? Da, chiar l-am f\u0103cut; am \u0219i dovada \u00een acest sens! \u0218ti\u021bi ceva? Parc\u0103 mai mult \u00eemi repugn\u0103 anti-vaccini\u0219tii \u0103ia &#8211; nebunaticii aceia \u00eentuneca\u021bi la minte, ca s\u0103 nu spun idio\u021bi, ce pozau \u00een speciali\u0219ti mai mari ca medicii \u0219i se d\u0103deau de ceasul mor\u021bii ca s\u0103 semene ne\u00eencrederea \u00eentr un act eminamente \u0219tiin\u021bific menit ca s\u0103 salveze. SINCER, FELICIT ECHIPA PFIZER! Au trudit mult! De am avea cu to\u021bii capul pe umeri, de am judeca bine cu el &#8211; de am asculta \u0219i da crezare doar speciali\u0219tilor \u0219i nu &#8222;l\u0103tr\u0103ilor&#8221; \u0103lora -, am sc\u0103pa definitiv de molima asta. D\u0103 doamne minte tuturor romanilor!!!<br \/>\n<\/span><\/p>\n<p style=\"text-align: right;\"><span class=\"tojvnm2t a6sixzi8 abs2jz4q a8s20v7p t1p8iaqh k5wvi7nf q3lfd5jv pk4s997a bipmatt0 cebpdrjk qowsmv63 owwhemhu dp1hu0rb dhp61c6y iyyx5f41\">(Jeny Anca Popa)<\/span><\/p>\n<p>&nbsp;<\/p>\n","protected":false},"excerpt":{"rendered":"<p>Am f\u0103cut vaccinul! Exact cum am anticipat: nicio reac\u021bie la el. Sincer\u0103 s\u0103 fiu, sunt ni\u021bel cam nedumerita pentru c\u0103,<\/p>\n","protected":false},"author":1,"featured_media":3709,"comment_status":"open","ping_status":"open","sticky":false,"template":"","format":"standard","meta":{"colormag_page_container_layout":"default_layout","colormag_page_sidebar_layout":"default_layout","footnotes":""},"categories":[5],"tags":[],"class_list":["post-3705","post","type-post","status-publish","format-standard","has-post-thumbnail","hentry","category-locale"],"yoast_head":"<!-- This site is optimized with the Yoast SEO plugin v27.0 - https:\/\/yoast.com\/product\/yoast-seo-wordpress\/ -->\n<title>Eu m-am vaccinat \u0219i e bine! - MHF Photography<\/title>\n<meta name=\"description\" content=\"Am f\u0103cut vaccinul! Exact cum am anticipat: nicio reac\u021bie la el. Sincer\u0103 s\u0103 fiu, sunt ni\u021bel cam nedumerita pentru c\u0103 ..\" \/>\n<meta name=\"robots\" content=\"index, follow, max-snippet:-1, max-image-preview:large, max-video-preview:-1\" \/>\n<link rel=\"canonical\" href=\"https:\/\/mhf.ro\/mm\/eu-m-am-vaccinat-si-e-bine\/\" \/>\n<meta property=\"og:locale\" content=\"ro_RO\" \/>\n<meta property=\"og:type\" content=\"article\" \/>\n<meta property=\"og:title\" content=\"Eu m-am vaccinat \u0219i e bine! - MHF Photography\" \/>\n<meta property=\"og:description\" content=\"Am f\u0103cut vaccinul! Exact cum am anticipat: nicio reac\u021bie la el. Sincer\u0103 s\u0103 fiu, sunt ni\u021bel cam nedumerita pentru c\u0103 ..\" \/>\n<meta property=\"og:url\" content=\"https:\/\/mhf.ro\/mm\/eu-m-am-vaccinat-si-e-bine\/\" \/>\n<meta property=\"og:site_name\" content=\"MHF Photography\" \/>\n<meta property=\"article:published_time\" content=\"2021-01-18T16:27:22+00:00\" \/>\n<meta property=\"article:modified_time\" content=\"2021-01-18T16:32:11+00:00\" \/>\n<meta property=\"og:image\" content=\"https:\/\/mhf.ro\/mm\/wp-content\/uploads\/2021\/01\/Vaccinare_masina_scris.jpg\" \/>\n\t<meta property=\"og:image:width\" content=\"1280\" \/>\n\t<meta property=\"og:image:height\" content=\"853\" \/>\n\t<meta property=\"og:image:type\" content=\"image\/jpeg\" \/>\n<meta name=\"author\" content=\"Marius Marcu\" \/>\n<meta name=\"twitter:card\" content=\"summary_large_image\" \/>\n<meta name=\"twitter:label1\" content=\"Scris de\" \/>\n\t<meta name=\"twitter:data1\" content=\"Marius Marcu\" \/>\n\t<meta name=\"twitter:label2\" content=\"Timp estimat pentru citire\" \/>\n\t<meta name=\"twitter:data2\" content=\"1 minut\" \/>\n<script type=\"application\/ld+json\" class=\"yoast-schema-graph\">{\"@context\":\"https:\/\/schema.org\",\"@graph\":[{\"@type\":\"Article\",\"@id\":\"https:\/\/mhf.ro\/mm\/eu-m-am-vaccinat-si-e-bine\/#article\",\"isPartOf\":{\"@id\":\"https:\/\/mhf.ro\/mm\/eu-m-am-vaccinat-si-e-bine\/\"},\"author\":{\"name\":\"Marius Marcu\",\"@id\":\"https:\/\/mhf.ro\/mm\/#\/schema\/person\/a3bebf7bdb4bf12f698aff73c7e46c21\"},\"headline\":\"Eu m-am vaccinat \u0219i e bine!\",\"datePublished\":\"2021-01-18T16:27:22+00:00\",\"dateModified\":\"2021-01-18T16:32:11+00:00\",\"mainEntityOfPage\":{\"@id\":\"https:\/\/mhf.ro\/mm\/eu-m-am-vaccinat-si-e-bine\/\"},\"wordCount\":183,\"commentCount\":0,\"publisher\":{\"@id\":\"https:\/\/mhf.ro\/mm\/#\/schema\/person\/a3bebf7bdb4bf12f698aff73c7e46c21\"},\"image\":{\"@id\":\"https:\/\/mhf.ro\/mm\/eu-m-am-vaccinat-si-e-bine\/#primaryimage\"},\"thumbnailUrl\":\"https:\/\/mhf.ro\/mm\/wp-content\/uploads\/2021\/01\/Vaccinare_masina_scris.jpg\",\"articleSection\":[\"Locale\"],\"inLanguage\":\"ro-RO\",\"potentialAction\":[{\"@type\":\"CommentAction\",\"name\":\"Comment\",\"target\":[\"https:\/\/mhf.ro\/mm\/eu-m-am-vaccinat-si-e-bine\/#respond\"]}]},{\"@type\":\"WebPage\",\"@id\":\"https:\/\/mhf.ro\/mm\/eu-m-am-vaccinat-si-e-bine\/\",\"url\":\"https:\/\/mhf.ro\/mm\/eu-m-am-vaccinat-si-e-bine\/\",\"name\":\"Eu m-am vaccinat \u0219i e bine! - MHF Photography\",\"isPartOf\":{\"@id\":\"https:\/\/mhf.ro\/mm\/#website\"},\"primaryImageOfPage\":{\"@id\":\"https:\/\/mhf.ro\/mm\/eu-m-am-vaccinat-si-e-bine\/#primaryimage\"},\"image\":{\"@id\":\"https:\/\/mhf.ro\/mm\/eu-m-am-vaccinat-si-e-bine\/#primaryimage\"},\"thumbnailUrl\":\"https:\/\/mhf.ro\/mm\/wp-content\/uploads\/2021\/01\/Vaccinare_masina_scris.jpg\",\"datePublished\":\"2021-01-18T16:27:22+00:00\",\"dateModified\":\"2021-01-18T16:32:11+00:00\",\"description\":\"Am f\u0103cut vaccinul! Exact cum am anticipat: nicio reac\u021bie la el. Sincer\u0103 s\u0103 fiu, sunt ni\u021bel cam nedumerita pentru c\u0103 ..\",\"breadcrumb\":{\"@id\":\"https:\/\/mhf.ro\/mm\/eu-m-am-vaccinat-si-e-bine\/#breadcrumb\"},\"inLanguage\":\"ro-RO\",\"potentialAction\":[{\"@type\":\"ReadAction\",\"target\":[\"https:\/\/mhf.ro\/mm\/eu-m-am-vaccinat-si-e-bine\/\"]}]},{\"@type\":\"ImageObject\",\"inLanguage\":\"ro-RO\",\"@id\":\"https:\/\/mhf.ro\/mm\/eu-m-am-vaccinat-si-e-bine\/#primaryimage\",\"url\":\"https:\/\/mhf.ro\/mm\/wp-content\/uploads\/2021\/01\/Vaccinare_masina_scris.jpg\",\"contentUrl\":\"https:\/\/mhf.ro\/mm\/wp-content\/uploads\/2021\/01\/Vaccinare_masina_scris.jpg\",\"width\":1280,\"height\":853},{\"@type\":\"BreadcrumbList\",\"@id\":\"https:\/\/mhf.ro\/mm\/eu-m-am-vaccinat-si-e-bine\/#breadcrumb\",\"itemListElement\":[{\"@type\":\"ListItem\",\"position\":1,\"name\":\"Prima pagin\u0103\",\"item\":\"https:\/\/mhf.ro\/mm\/\"},{\"@type\":\"ListItem\",\"position\":2,\"name\":\"Eu m-am vaccinat \u0219i e bine!\"}]},{\"@type\":\"WebSite\",\"@id\":\"https:\/\/mhf.ro\/mm\/#website\",\"url\":\"https:\/\/mhf.ro\/mm\/\",\"name\":\"MHF Photography \u2013 Blog de fotografie, natur\u0103 \u0219i tehnic\u0103 divers\u0103\",\"description\":\"Aventur\u0103 \u00een fiecare cadru.\",\"publisher\":{\"@id\":\"https:\/\/mhf.ro\/mm\/#\/schema\/person\/a3bebf7bdb4bf12f698aff73c7e46c21\"},\"potentialAction\":[{\"@type\":\"SearchAction\",\"target\":{\"@type\":\"EntryPoint\",\"urlTemplate\":\"https:\/\/mhf.ro\/mm\/?s={search_term_string}\"},\"query-input\":{\"@type\":\"PropertyValueSpecification\",\"valueRequired\":true,\"valueName\":\"search_term_string\"}}],\"inLanguage\":\"ro-RO\"},{\"@type\":[\"Person\",\"Organization\"],\"@id\":\"https:\/\/mhf.ro\/mm\/#\/schema\/person\/a3bebf7bdb4bf12f698aff73c7e46c21\",\"name\":\"Marius Marcu\",\"image\":{\"@type\":\"ImageObject\",\"inLanguage\":\"ro-RO\",\"@id\":\"https:\/\/mhf.ro\/mm\/#\/schema\/person\/image\/\",\"url\":\"https:\/\/mhf.ro\/mm\/wp-content\/uploads\/2025\/12\/cropped-logo_mhf_2.png\",\"contentUrl\":\"https:\/\/mhf.ro\/mm\/wp-content\/uploads\/2025\/12\/cropped-logo_mhf_2.png\",\"width\":1096,\"height\":457,\"caption\":\"Marius Marcu\"},\"logo\":{\"@id\":\"https:\/\/mhf.ro\/mm\/#\/schema\/person\/image\/\"},\"sameAs\":[\"https:\/\/mhf.ro\/mm\"],\"url\":\"https:\/\/mhf.ro\/mm\/author\/mihai\/\"}]}<\/script>\n<!-- \/ Yoast SEO plugin. -->","yoast_head_json":{"title":"Eu m-am vaccinat \u0219i e bine! - MHF Photography","description":"Am f\u0103cut vaccinul! Exact cum am anticipat: nicio reac\u021bie la el. Sincer\u0103 s\u0103 fiu, sunt ni\u021bel cam nedumerita pentru c\u0103 ..","robots":{"index":"index","follow":"follow","max-snippet":"max-snippet:-1","max-image-preview":"max-image-preview:large","max-video-preview":"max-video-preview:-1"},"canonical":"https:\/\/mhf.ro\/mm\/eu-m-am-vaccinat-si-e-bine\/","og_locale":"ro_RO","og_type":"article","og_title":"Eu m-am vaccinat \u0219i e bine! - MHF Photography","og_description":"Am f\u0103cut vaccinul! Exact cum am anticipat: nicio reac\u021bie la el. Sincer\u0103 s\u0103 fiu, sunt ni\u021bel cam nedumerita pentru c\u0103 ..","og_url":"https:\/\/mhf.ro\/mm\/eu-m-am-vaccinat-si-e-bine\/","og_site_name":"MHF Photography","article_published_time":"2021-01-18T16:27:22+00:00","article_modified_time":"2021-01-18T16:32:11+00:00","og_image":[{"width":1280,"height":853,"url":"https:\/\/mhf.ro\/mm\/wp-content\/uploads\/2021\/01\/Vaccinare_masina_scris.jpg","type":"image\/jpeg"}],"author":"Marius Marcu","twitter_card":"summary_large_image","twitter_misc":{"Scris de":"Marius Marcu","Timp estimat pentru citire":"1 minut"},"schema":{"@context":"https:\/\/schema.org","@graph":[{"@type":"Article","@id":"https:\/\/mhf.ro\/mm\/eu-m-am-vaccinat-si-e-bine\/#article","isPartOf":{"@id":"https:\/\/mhf.ro\/mm\/eu-m-am-vaccinat-si-e-bine\/"},"author":{"name":"Marius Marcu","@id":"https:\/\/mhf.ro\/mm\/#\/schema\/person\/a3bebf7bdb4bf12f698aff73c7e46c21"},"headline":"Eu m-am vaccinat \u0219i e bine!","datePublished":"2021-01-18T16:27:22+00:00","dateModified":"2021-01-18T16:32:11+00:00","mainEntityOfPage":{"@id":"https:\/\/mhf.ro\/mm\/eu-m-am-vaccinat-si-e-bine\/"},"wordCount":183,"commentCount":0,"publisher":{"@id":"https:\/\/mhf.ro\/mm\/#\/schema\/person\/a3bebf7bdb4bf12f698aff73c7e46c21"},"image":{"@id":"https:\/\/mhf.ro\/mm\/eu-m-am-vaccinat-si-e-bine\/#primaryimage"},"thumbnailUrl":"https:\/\/mhf.ro\/mm\/wp-content\/uploads\/2021\/01\/Vaccinare_masina_scris.jpg","articleSection":["Locale"],"inLanguage":"ro-RO","potentialAction":[{"@type":"CommentAction","name":"Comment","target":["https:\/\/mhf.ro\/mm\/eu-m-am-vaccinat-si-e-bine\/#respond"]}]},{"@type":"WebPage","@id":"https:\/\/mhf.ro\/mm\/eu-m-am-vaccinat-si-e-bine\/","url":"https:\/\/mhf.ro\/mm\/eu-m-am-vaccinat-si-e-bine\/","name":"Eu m-am vaccinat \u0219i e bine! - MHF Photography","isPartOf":{"@id":"https:\/\/mhf.ro\/mm\/#website"},"primaryImageOfPage":{"@id":"https:\/\/mhf.ro\/mm\/eu-m-am-vaccinat-si-e-bine\/#primaryimage"},"image":{"@id":"https:\/\/mhf.ro\/mm\/eu-m-am-vaccinat-si-e-bine\/#primaryimage"},"thumbnailUrl":"https:\/\/mhf.ro\/mm\/wp-content\/uploads\/2021\/01\/Vaccinare_masina_scris.jpg","datePublished":"2021-01-18T16:27:22+00:00","dateModified":"2021-01-18T16:32:11+00:00","description":"Am f\u0103cut vaccinul! Exact cum am anticipat: nicio reac\u021bie la el. Sincer\u0103 s\u0103 fiu, sunt ni\u021bel cam nedumerita pentru c\u0103 ..","breadcrumb":{"@id":"https:\/\/mhf.ro\/mm\/eu-m-am-vaccinat-si-e-bine\/#breadcrumb"},"inLanguage":"ro-RO","potentialAction":[{"@type":"ReadAction","target":["https:\/\/mhf.ro\/mm\/eu-m-am-vaccinat-si-e-bine\/"]}]},{"@type":"ImageObject","inLanguage":"ro-RO","@id":"https:\/\/mhf.ro\/mm\/eu-m-am-vaccinat-si-e-bine\/#primaryimage","url":"https:\/\/mhf.ro\/mm\/wp-content\/uploads\/2021\/01\/Vaccinare_masina_scris.jpg","contentUrl":"https:\/\/mhf.ro\/mm\/wp-content\/uploads\/2021\/01\/Vaccinare_masina_scris.jpg","width":1280,"height":853},{"@type":"BreadcrumbList","@id":"https:\/\/mhf.ro\/mm\/eu-m-am-vaccinat-si-e-bine\/#breadcrumb","itemListElement":[{"@type":"ListItem","position":1,"name":"Prima pagin\u0103","item":"https:\/\/mhf.ro\/mm\/"},{"@type":"ListItem","position":2,"name":"Eu m-am vaccinat \u0219i e bine!"}]},{"@type":"WebSite","@id":"https:\/\/mhf.ro\/mm\/#website","url":"https:\/\/mhf.ro\/mm\/","name":"MHF Photography \u2013 Blog de fotografie, natur\u0103 \u0219i tehnic\u0103 divers\u0103","description":"Aventur\u0103 \u00een fiecare cadru.","publisher":{"@id":"https:\/\/mhf.ro\/mm\/#\/schema\/person\/a3bebf7bdb4bf12f698aff73c7e46c21"},"potentialAction":[{"@type":"SearchAction","target":{"@type":"EntryPoint","urlTemplate":"https:\/\/mhf.ro\/mm\/?s={search_term_string}"},"query-input":{"@type":"PropertyValueSpecification","valueRequired":true,"valueName":"search_term_string"}}],"inLanguage":"ro-RO"},{"@type":["Person","Organization"],"@id":"https:\/\/mhf.ro\/mm\/#\/schema\/person\/a3bebf7bdb4bf12f698aff73c7e46c21","name":"Marius Marcu","image":{"@type":"ImageObject","inLanguage":"ro-RO","@id":"https:\/\/mhf.ro\/mm\/#\/schema\/person\/image\/","url":"https:\/\/mhf.ro\/mm\/wp-content\/uploads\/2025\/12\/cropped-logo_mhf_2.png","contentUrl":"https:\/\/mhf.ro\/mm\/wp-content\/uploads\/2025\/12\/cropped-logo_mhf_2.png","width":1096,"height":457,"caption":"Marius Marcu"},"logo":{"@id":"https:\/\/mhf.ro\/mm\/#\/schema\/person\/image\/"},"sameAs":["https:\/\/mhf.ro\/mm"],"url":"https:\/\/mhf.ro\/mm\/author\/mihai\/"}]}},"_links":{"self":[{"href":"https:\/\/mhf.ro\/mm\/wp-json\/wp\/v2\/posts\/3705","targetHints":{"allow":["GET"]}}],"collection":[{"href":"https:\/\/mhf.ro\/mm\/wp-json\/wp\/v2\/posts"}],"about":[{"href":"https:\/\/mhf.ro\/mm\/wp-json\/wp\/v2\/types\/post"}],"author":[{"embeddable":true,"href":"https:\/\/mhf.ro\/mm\/wp-json\/wp\/v2\/users\/1"}],"replies":[{"embeddable":true,"href":"https:\/\/mhf.ro\/mm\/wp-json\/wp\/v2\/comments?post=3705"}],"version-history":[{"count":2,"href":"https:\/\/mhf.ro\/mm\/wp-json\/wp\/v2\/posts\/3705\/revisions"}],"predecessor-version":[{"id":3708,"href":"https:\/\/mhf.ro\/mm\/wp-json\/wp\/v2\/posts\/3705\/revisions\/3708"}],"wp:featuredmedia":[{"embeddable":true,"href":"https:\/\/mhf.ro\/mm\/wp-json\/wp\/v2\/media\/3709"}],"wp:attachment":[{"href":"https:\/\/mhf.ro\/mm\/wp-json\/wp\/v2\/media?parent=3705"}],"wp:term":[{"taxonomy":"category","embeddable":true,"href":"https:\/\/mhf.ro\/mm\/wp-json\/wp\/v2\/categories?post=3705"},{"taxonomy":"post_tag","embeddable":true,"href":"https:\/\/mhf.ro\/mm\/wp-json\/wp\/v2\/tags?post=3705"}],"curies":[{"name":"wp","href":"https:\/\/api.w.org\/{rel}","templated":true}]}}