{"id":3710,"date":"2021-01-18T18:37:47","date_gmt":"2021-01-18T16:37:47","guid":{"rendered":"https:\/\/mhf.ro\/mm\/?p=3710"},"modified":"2021-01-18T18:37:47","modified_gmt":"2021-01-18T16:37:47","slug":"cozi-si-scandal-la-vaccinare-in-capitala","status":"publish","type":"post","link":"https:\/\/mhf.ro\/mm\/cozi-si-scandal-la-vaccinare-in-capitala\/","title":{"rendered":"Cozi \u0219i scandal la vaccinare, \u00een Capital\u0103"},"content":{"rendered":"<p class=\"western\"><span lang=\"ro-RO\">Noi probleme tehnice la platforma online de programare pentru vaccinare. <\/span><span lang=\"ro-RO\">Dup\u0103 ce vineri a fost deschis\u0103 platforma <\/span><span lang=\"ro-RO\">de program\u0103ri pentru aceast\u0103 etap\u0103, care a func\u021bionat cu numeroase sincope \u0219i erori, luni diminea\u021b\u0103 s-au creat cozi \u0219i a ie\u0219it un scandal monstru \u00eentre cet\u0103\u021beni \u0219i reprezentan\u021bii spitalelor. <\/span><\/p>\n<p><span lang=\"ro-RO\">Spre exemplu, la <\/span><span lang=\"ro-RO\">Institutul Marius Nasta din Capital\u0103 <\/span><span lang=\"ro-RO\">zeci de oameni au stat la coad\u0103, luni diminea\u021b\u0103. Managerul spitalului, Beatrice Mahler, spune c\u0103 au fost mai multe probleme care s-au suprapus, una dintre ele fiind dublarea program\u0103rilor.<\/span><\/p>\n<p>\u201e<span lang=\"ro-RO\">V<\/span><span lang=\"ro-RO\">accinul a ajuns dup\u0103 ora 8.30, oamenii erau la coad<\/span><span lang=\"ro-RO\">\u0103<\/span><span lang=\"ro-RO\"> de la 8.00, platforma nu a func\u021bionat, iar program\u0103rile era dublate\u201d, spune Mahler.<\/span><\/p>\n<p><span lang=\"ro-RO\">\u201e\u00cen mod normal centrul poate avea pe list\u0103 192 de persoane pe zi, iar ast\u0103zi vor ajunge probabil la peste 300 (\u2026) \u00cei vaccin\u0103m pe to\u0163i. Am cerut doze suplimentare s\u0103 \u00eei vaccin\u0103m pe to\u021bi\u201d, a spus medicul, pentru Agerpres.<\/span><\/p>\n<p><span lang=\"ro-RO\">Dat fiind faptul c\u0103 <\/span><span lang=\"ro-RO\">platforma pentru programare la vaccinare nu a func\u021bionat, datele au fost introduse manual.<\/span><\/p>\n<p><span lang=\"ro-RO\">\u00cen acest con<\/span><span lang=\"ro-RO\">text, <\/span><span lang=\"ro-RO\">STS vine cu noi preciz\u0103ri referitoare la problemele tehnice de la platforma online de programare pentru vaccinarea anti-COVID-19.\u00a0<\/span><\/p>\n<p align=\"left\">\u201e\u00cen urma analizei tehnice s-a constatat c\u0103 aplica\u021bia Registrul Electronic Na\u021bional pentru Vaccin\u0103ri furnizeaz\u0103 date cu intermiten\u021be c\u0103tre aplica\u021bia de programare la vaccinare. Speciali\u0219tii STS colaboreaz\u0103 cu echipa tehnica ce gestioneaz\u0103 RENV pentru remedierea situa\u021biei\u201d, au transmis reprezentan\u021bii STS.<\/p>\n<p style=\"text-align: right;\" align=\"left\">(conf. jurnalist.ro)<\/p>\n","protected":false},"excerpt":{"rendered":"<p>Noi probleme tehnice la platforma online de programare pentru vaccinare. Dup\u0103 ce vineri a fost deschis\u0103 platforma de program\u0103ri pentru<\/p>\n","protected":false},"author":1,"featured_media":3711,"comment_status":"open","ping_status":"open","sticky":false,"template":"","format":"standard","meta":{"colormag_page_container_layout":"default_layout","colormag_page_sidebar_layout":"default_layout","footnotes":""},"categories":[5],"tags":[],"class_list":["post-3710","post","type-post","status-publish","format-standard","has-post-thumbnail","hentry","category-locale"],"yoast_head":"<!-- This site is optimized with the Yoast SEO plugin v27.0 - https:\/\/yoast.com\/product\/yoast-seo-wordpress\/ -->\n<title>Cozi \u0219i scandal la vaccinare, \u00een Capital\u0103 - MHF Photography<\/title>\n<meta name=\"description\" content=\"Noi probleme tehnice la platforma online de programare pentru vaccinare. Dup\u0103 ce vineri a fost deschis\u0103 platforma de program\u0103ri ...\" \/>\n<meta name=\"robots\" content=\"index, follow, max-snippet:-1, max-image-preview:large, max-video-preview:-1\" \/>\n<link rel=\"canonical\" href=\"https:\/\/mhf.ro\/mm\/cozi-si-scandal-la-vaccinare-in-capitala\/\" \/>\n<meta property=\"og:locale\" content=\"ro_RO\" \/>\n<meta property=\"og:type\" content=\"article\" \/>\n<meta property=\"og:title\" content=\"Cozi \u0219i scandal la vaccinare, \u00een Capital\u0103 - MHF Photography\" \/>\n<meta property=\"og:description\" content=\"Noi probleme tehnice la platforma online de programare pentru vaccinare. Dup\u0103 ce vineri a fost deschis\u0103 platforma de program\u0103ri ...\" \/>\n<meta property=\"og:url\" content=\"https:\/\/mhf.ro\/mm\/cozi-si-scandal-la-vaccinare-in-capitala\/\" \/>\n<meta property=\"og:site_name\" content=\"MHF Photography\" \/>\n<meta property=\"article:published_time\" content=\"2021-01-18T16:37:47+00:00\" \/>\n<meta property=\"og:image\" content=\"https:\/\/mhf.ro\/mm\/wp-content\/uploads\/2021\/01\/vaccinare_covid.jpg\" \/>\n\t<meta property=\"og:image:width\" content=\"667\" \/>\n\t<meta property=\"og:image:height\" content=\"445\" \/>\n\t<meta property=\"og:image:type\" content=\"image\/jpeg\" \/>\n<meta name=\"author\" content=\"Marius Marcu\" \/>\n<meta name=\"twitter:card\" content=\"summary_large_image\" \/>\n<meta name=\"twitter:label1\" content=\"Scris de\" \/>\n\t<meta name=\"twitter:data1\" content=\"Marius Marcu\" \/>\n\t<meta name=\"twitter:label2\" content=\"Timp estimat pentru citire\" \/>\n\t<meta name=\"twitter:data2\" content=\"1 minut\" \/>\n<script type=\"application\/ld+json\" class=\"yoast-schema-graph\">{\"@context\":\"https:\/\/schema.org\",\"@graph\":[{\"@type\":\"Article\",\"@id\":\"https:\/\/mhf.ro\/mm\/cozi-si-scandal-la-vaccinare-in-capitala\/#article\",\"isPartOf\":{\"@id\":\"https:\/\/mhf.ro\/mm\/cozi-si-scandal-la-vaccinare-in-capitala\/\"},\"author\":{\"name\":\"Marius Marcu\",\"@id\":\"https:\/\/mhf.ro\/mm\/#\/schema\/person\/a3bebf7bdb4bf12f698aff73c7e46c21\"},\"headline\":\"Cozi \u0219i scandal la vaccinare, \u00een Capital\u0103\",\"datePublished\":\"2021-01-18T16:37:47+00:00\",\"mainEntityOfPage\":{\"@id\":\"https:\/\/mhf.ro\/mm\/cozi-si-scandal-la-vaccinare-in-capitala\/\"},\"wordCount\":254,\"commentCount\":0,\"publisher\":{\"@id\":\"https:\/\/mhf.ro\/mm\/#\/schema\/person\/a3bebf7bdb4bf12f698aff73c7e46c21\"},\"image\":{\"@id\":\"https:\/\/mhf.ro\/mm\/cozi-si-scandal-la-vaccinare-in-capitala\/#primaryimage\"},\"thumbnailUrl\":\"https:\/\/mhf.ro\/mm\/wp-content\/uploads\/2021\/01\/vaccinare_covid.jpg\",\"articleSection\":[\"Locale\"],\"inLanguage\":\"ro-RO\",\"potentialAction\":[{\"@type\":\"CommentAction\",\"name\":\"Comment\",\"target\":[\"https:\/\/mhf.ro\/mm\/cozi-si-scandal-la-vaccinare-in-capitala\/#respond\"]}]},{\"@type\":\"WebPage\",\"@id\":\"https:\/\/mhf.ro\/mm\/cozi-si-scandal-la-vaccinare-in-capitala\/\",\"url\":\"https:\/\/mhf.ro\/mm\/cozi-si-scandal-la-vaccinare-in-capitala\/\",\"name\":\"Cozi \u0219i scandal la vaccinare, \u00een Capital\u0103 - MHF Photography\",\"isPartOf\":{\"@id\":\"https:\/\/mhf.ro\/mm\/#website\"},\"primaryImageOfPage\":{\"@id\":\"https:\/\/mhf.ro\/mm\/cozi-si-scandal-la-vaccinare-in-capitala\/#primaryimage\"},\"image\":{\"@id\":\"https:\/\/mhf.ro\/mm\/cozi-si-scandal-la-vaccinare-in-capitala\/#primaryimage\"},\"thumbnailUrl\":\"https:\/\/mhf.ro\/mm\/wp-content\/uploads\/2021\/01\/vaccinare_covid.jpg\",\"datePublished\":\"2021-01-18T16:37:47+00:00\",\"description\":\"Noi probleme tehnice la platforma online de programare pentru vaccinare. Dup\u0103 ce vineri a fost deschis\u0103 platforma de program\u0103ri ...\",\"breadcrumb\":{\"@id\":\"https:\/\/mhf.ro\/mm\/cozi-si-scandal-la-vaccinare-in-capitala\/#breadcrumb\"},\"inLanguage\":\"ro-RO\",\"potentialAction\":[{\"@type\":\"ReadAction\",\"target\":[\"https:\/\/mhf.ro\/mm\/cozi-si-scandal-la-vaccinare-in-capitala\/\"]}]},{\"@type\":\"ImageObject\",\"inLanguage\":\"ro-RO\",\"@id\":\"https:\/\/mhf.ro\/mm\/cozi-si-scandal-la-vaccinare-in-capitala\/#primaryimage\",\"url\":\"https:\/\/mhf.ro\/mm\/wp-content\/uploads\/2021\/01\/vaccinare_covid.jpg\",\"contentUrl\":\"https:\/\/mhf.ro\/mm\/wp-content\/uploads\/2021\/01\/vaccinare_covid.jpg\",\"width\":667,\"height\":445},{\"@type\":\"BreadcrumbList\",\"@id\":\"https:\/\/mhf.ro\/mm\/cozi-si-scandal-la-vaccinare-in-capitala\/#breadcrumb\",\"itemListElement\":[{\"@type\":\"ListItem\",\"position\":1,\"name\":\"Prima pagin\u0103\",\"item\":\"https:\/\/mhf.ro\/mm\/\"},{\"@type\":\"ListItem\",\"position\":2,\"name\":\"Cozi \u0219i scandal la vaccinare, \u00een Capital\u0103\"}]},{\"@type\":\"WebSite\",\"@id\":\"https:\/\/mhf.ro\/mm\/#website\",\"url\":\"https:\/\/mhf.ro\/mm\/\",\"name\":\"MHF Photography \u2013 Blog de fotografie, natur\u0103 \u0219i tehnic\u0103 divers\u0103\",\"description\":\"Aventur\u0103 \u00een fiecare cadru.\",\"publisher\":{\"@id\":\"https:\/\/mhf.ro\/mm\/#\/schema\/person\/a3bebf7bdb4bf12f698aff73c7e46c21\"},\"potentialAction\":[{\"@type\":\"SearchAction\",\"target\":{\"@type\":\"EntryPoint\",\"urlTemplate\":\"https:\/\/mhf.ro\/mm\/?s={search_term_string}\"},\"query-input\":{\"@type\":\"PropertyValueSpecification\",\"valueRequired\":true,\"valueName\":\"search_term_string\"}}],\"inLanguage\":\"ro-RO\"},{\"@type\":[\"Person\",\"Organization\"],\"@id\":\"https:\/\/mhf.ro\/mm\/#\/schema\/person\/a3bebf7bdb4bf12f698aff73c7e46c21\",\"name\":\"Marius Marcu\",\"image\":{\"@type\":\"ImageObject\",\"inLanguage\":\"ro-RO\",\"@id\":\"https:\/\/mhf.ro\/mm\/#\/schema\/person\/image\/\",\"url\":\"https:\/\/mhf.ro\/mm\/wp-content\/uploads\/2025\/12\/cropped-logo_mhf_2.png\",\"contentUrl\":\"https:\/\/mhf.ro\/mm\/wp-content\/uploads\/2025\/12\/cropped-logo_mhf_2.png\",\"width\":1096,\"height\":457,\"caption\":\"Marius Marcu\"},\"logo\":{\"@id\":\"https:\/\/mhf.ro\/mm\/#\/schema\/person\/image\/\"},\"sameAs\":[\"https:\/\/mhf.ro\/mm\"],\"url\":\"https:\/\/mhf.ro\/mm\/author\/mihai\/\"}]}<\/script>\n<!-- \/ Yoast SEO plugin. -->","yoast_head_json":{"title":"Cozi \u0219i scandal la vaccinare, \u00een Capital\u0103 - MHF Photography","description":"Noi probleme tehnice la platforma online de programare pentru vaccinare. Dup\u0103 ce vineri a fost deschis\u0103 platforma de program\u0103ri ...","robots":{"index":"index","follow":"follow","max-snippet":"max-snippet:-1","max-image-preview":"max-image-preview:large","max-video-preview":"max-video-preview:-1"},"canonical":"https:\/\/mhf.ro\/mm\/cozi-si-scandal-la-vaccinare-in-capitala\/","og_locale":"ro_RO","og_type":"article","og_title":"Cozi \u0219i scandal la vaccinare, \u00een Capital\u0103 - MHF Photography","og_description":"Noi probleme tehnice la platforma online de programare pentru vaccinare. Dup\u0103 ce vineri a fost deschis\u0103 platforma de program\u0103ri ...","og_url":"https:\/\/mhf.ro\/mm\/cozi-si-scandal-la-vaccinare-in-capitala\/","og_site_name":"MHF Photography","article_published_time":"2021-01-18T16:37:47+00:00","og_image":[{"width":667,"height":445,"url":"https:\/\/mhf.ro\/mm\/wp-content\/uploads\/2021\/01\/vaccinare_covid.jpg","type":"image\/jpeg"}],"author":"Marius Marcu","twitter_card":"summary_large_image","twitter_misc":{"Scris de":"Marius Marcu","Timp estimat pentru citire":"1 minut"},"schema":{"@context":"https:\/\/schema.org","@graph":[{"@type":"Article","@id":"https:\/\/mhf.ro\/mm\/cozi-si-scandal-la-vaccinare-in-capitala\/#article","isPartOf":{"@id":"https:\/\/mhf.ro\/mm\/cozi-si-scandal-la-vaccinare-in-capitala\/"},"author":{"name":"Marius Marcu","@id":"https:\/\/mhf.ro\/mm\/#\/schema\/person\/a3bebf7bdb4bf12f698aff73c7e46c21"},"headline":"Cozi \u0219i scandal la vaccinare, \u00een Capital\u0103","datePublished":"2021-01-18T16:37:47+00:00","mainEntityOfPage":{"@id":"https:\/\/mhf.ro\/mm\/cozi-si-scandal-la-vaccinare-in-capitala\/"},"wordCount":254,"commentCount":0,"publisher":{"@id":"https:\/\/mhf.ro\/mm\/#\/schema\/person\/a3bebf7bdb4bf12f698aff73c7e46c21"},"image":{"@id":"https:\/\/mhf.ro\/mm\/cozi-si-scandal-la-vaccinare-in-capitala\/#primaryimage"},"thumbnailUrl":"https:\/\/mhf.ro\/mm\/wp-content\/uploads\/2021\/01\/vaccinare_covid.jpg","articleSection":["Locale"],"inLanguage":"ro-RO","potentialAction":[{"@type":"CommentAction","name":"Comment","target":["https:\/\/mhf.ro\/mm\/cozi-si-scandal-la-vaccinare-in-capitala\/#respond"]}]},{"@type":"WebPage","@id":"https:\/\/mhf.ro\/mm\/cozi-si-scandal-la-vaccinare-in-capitala\/","url":"https:\/\/mhf.ro\/mm\/cozi-si-scandal-la-vaccinare-in-capitala\/","name":"Cozi \u0219i scandal la vaccinare, \u00een Capital\u0103 - MHF Photography","isPartOf":{"@id":"https:\/\/mhf.ro\/mm\/#website"},"primaryImageOfPage":{"@id":"https:\/\/mhf.ro\/mm\/cozi-si-scandal-la-vaccinare-in-capitala\/#primaryimage"},"image":{"@id":"https:\/\/mhf.ro\/mm\/cozi-si-scandal-la-vaccinare-in-capitala\/#primaryimage"},"thumbnailUrl":"https:\/\/mhf.ro\/mm\/wp-content\/uploads\/2021\/01\/vaccinare_covid.jpg","datePublished":"2021-01-18T16:37:47+00:00","description":"Noi probleme tehnice la platforma online de programare pentru vaccinare. Dup\u0103 ce vineri a fost deschis\u0103 platforma de program\u0103ri ...","breadcrumb":{"@id":"https:\/\/mhf.ro\/mm\/cozi-si-scandal-la-vaccinare-in-capitala\/#breadcrumb"},"inLanguage":"ro-RO","potentialAction":[{"@type":"ReadAction","target":["https:\/\/mhf.ro\/mm\/cozi-si-scandal-la-vaccinare-in-capitala\/"]}]},{"@type":"ImageObject","inLanguage":"ro-RO","@id":"https:\/\/mhf.ro\/mm\/cozi-si-scandal-la-vaccinare-in-capitala\/#primaryimage","url":"https:\/\/mhf.ro\/mm\/wp-content\/uploads\/2021\/01\/vaccinare_covid.jpg","contentUrl":"https:\/\/mhf.ro\/mm\/wp-content\/uploads\/2021\/01\/vaccinare_covid.jpg","width":667,"height":445},{"@type":"BreadcrumbList","@id":"https:\/\/mhf.ro\/mm\/cozi-si-scandal-la-vaccinare-in-capitala\/#breadcrumb","itemListElement":[{"@type":"ListItem","position":1,"name":"Prima pagin\u0103","item":"https:\/\/mhf.ro\/mm\/"},{"@type":"ListItem","position":2,"name":"Cozi \u0219i scandal la vaccinare, \u00een Capital\u0103"}]},{"@type":"WebSite","@id":"https:\/\/mhf.ro\/mm\/#website","url":"https:\/\/mhf.ro\/mm\/","name":"MHF Photography \u2013 Blog de fotografie, natur\u0103 \u0219i tehnic\u0103 divers\u0103","description":"Aventur\u0103 \u00een fiecare cadru.","publisher":{"@id":"https:\/\/mhf.ro\/mm\/#\/schema\/person\/a3bebf7bdb4bf12f698aff73c7e46c21"},"potentialAction":[{"@type":"SearchAction","target":{"@type":"EntryPoint","urlTemplate":"https:\/\/mhf.ro\/mm\/?s={search_term_string}"},"query-input":{"@type":"PropertyValueSpecification","valueRequired":true,"valueName":"search_term_string"}}],"inLanguage":"ro-RO"},{"@type":["Person","Organization"],"@id":"https:\/\/mhf.ro\/mm\/#\/schema\/person\/a3bebf7bdb4bf12f698aff73c7e46c21","name":"Marius Marcu","image":{"@type":"ImageObject","inLanguage":"ro-RO","@id":"https:\/\/mhf.ro\/mm\/#\/schema\/person\/image\/","url":"https:\/\/mhf.ro\/mm\/wp-content\/uploads\/2025\/12\/cropped-logo_mhf_2.png","contentUrl":"https:\/\/mhf.ro\/mm\/wp-content\/uploads\/2025\/12\/cropped-logo_mhf_2.png","width":1096,"height":457,"caption":"Marius Marcu"},"logo":{"@id":"https:\/\/mhf.ro\/mm\/#\/schema\/person\/image\/"},"sameAs":["https:\/\/mhf.ro\/mm"],"url":"https:\/\/mhf.ro\/mm\/author\/mihai\/"}]}},"_links":{"self":[{"href":"https:\/\/mhf.ro\/mm\/wp-json\/wp\/v2\/posts\/3710","targetHints":{"allow":["GET"]}}],"collection":[{"href":"https:\/\/mhf.ro\/mm\/wp-json\/wp\/v2\/posts"}],"about":[{"href":"https:\/\/mhf.ro\/mm\/wp-json\/wp\/v2\/types\/post"}],"author":[{"embeddable":true,"href":"https:\/\/mhf.ro\/mm\/wp-json\/wp\/v2\/users\/1"}],"replies":[{"embeddable":true,"href":"https:\/\/mhf.ro\/mm\/wp-json\/wp\/v2\/comments?post=3710"}],"version-history":[{"count":1,"href":"https:\/\/mhf.ro\/mm\/wp-json\/wp\/v2\/posts\/3710\/revisions"}],"predecessor-version":[{"id":3712,"href":"https:\/\/mhf.ro\/mm\/wp-json\/wp\/v2\/posts\/3710\/revisions\/3712"}],"wp:featuredmedia":[{"embeddable":true,"href":"https:\/\/mhf.ro\/mm\/wp-json\/wp\/v2\/media\/3711"}],"wp:attachment":[{"href":"https:\/\/mhf.ro\/mm\/wp-json\/wp\/v2\/media?parent=3710"}],"wp:term":[{"taxonomy":"category","embeddable":true,"href":"https:\/\/mhf.ro\/mm\/wp-json\/wp\/v2\/categories?post=3710"},{"taxonomy":"post_tag","embeddable":true,"href":"https:\/\/mhf.ro\/mm\/wp-json\/wp\/v2\/tags?post=3710"}],"curies":[{"name":"wp","href":"https:\/\/api.w.org\/{rel}","templated":true}]}}