{"id":3713,"date":"2021-01-19T13:10:13","date_gmt":"2021-01-19T11:10:13","guid":{"rendered":"https:\/\/mhf.ro\/mm\/?p=3713"},"modified":"2021-01-19T13:11:09","modified_gmt":"2021-01-19T11:11:09","slug":"daca-voi-nu-ma-vreti-eu-va-vreau-orban-nu-renunta","status":"publish","type":"post","link":"https:\/\/mhf.ro\/mm\/daca-voi-nu-ma-vreti-eu-va-vreau-orban-nu-renunta\/","title":{"rendered":"\u201eDac\u0103 voi nu m\u0103 vre\u021bi, eu v\u0103 vreau&#8221; \u2013 Orban nu renun\u021b\u0103!"},"content":{"rendered":"<p>Ludovic Orban nu renun\u021b\u0103 la \u0219efia PNL, nici dup\u0103 ce lideri importan\u021bi ai partidului i-au cerut demisia.<\/p>\n<p>\u201ePre\u0219edintele PNL este ales de Congres. PNL a avut un congres in iunie 2017 \u0219i va avea unul \u00een acest an, p\u00e2n\u0103 atunci eu sunt pre\u0219edinte, dac\u0103 m\u0103 voi hot\u0103r\u00ee s\u0103 candidez pentru un nou mandat, voi anun\u021ba public acest lucru. Cred c\u0103 orice problem\u0103 trebuie discutat\u0103 \u00een forurile statutare ale PNL, \u0219i acolo discut cu colegii mei, nu \u00een spa\u021biul public\u201d, a spus, mar\u021bi, Ludovic Orban.<\/p>\n<p>Amintim c\u0103, \u00eentre al\u021bii, prim-vicepre\u0219edintele PNL Rare\u0219 Bogdan l-a criticat pe Orban \u015fi modul \u00een care acesta a negociat posturile PNL \u00een Guvernul C\u00ee\u021bu, apreciind c\u0103 este necesar un Congres pentru desemnarea altei conduceri a partidului.<\/p>\n<p>De asemenea, secretarul general al PNL, Robert Sighiart\u0103u, i-a cerut, luni, demisia lui Ludovic Orban de la \u0219efia partidului.<\/p>\n<p><span lang=\"ro-RO\">\u201eAu fost mai multe gre\u0219eli \u00een Guvernarea Orban, dar cel mai mult m\u0103 deranjeaz\u0103 c\u0103 am fost pu\u0219i al\u0103turi de\u00a0<\/span><span lang=\"ro-RO\">PSD<\/span><span lang=\"ro-RO\">\u00a0\u00ee<\/span><span lang=\"ro-RO\">n foarte multe contexte din cauza comportamentului colegilor mei. \u00cen ultimul an partidul a fost condus discre\u021bional. E clar c\u0103 trebuie s\u0103 discutam \u00een interiorul partidului \u0219i trebuie s\u0103 alegem o nou\u0103 echip\u0103\u201d, a afirmat Robert Sighiartau.<\/span><\/p>\n<p style=\"text-align: right;\">(conf. jurnalist.ro)<\/p>\n","protected":false},"excerpt":{"rendered":"<p>Ludovic Orban nu renun\u021b\u0103 la \u0219efia PNL, nici dup\u0103 ce lideri importan\u021bi ai partidului i-au cerut demisia. \u201ePre\u0219edintele PNL este<\/p>\n","protected":false},"author":1,"featured_media":3714,"comment_status":"open","ping_status":"open","sticky":false,"template":"","format":"standard","meta":{"colormag_page_container_layout":"default_layout","colormag_page_sidebar_layout":"default_layout","footnotes":""},"categories":[5],"tags":[],"class_list":["post-3713","post","type-post","status-publish","format-standard","has-post-thumbnail","hentry","category-locale"],"yoast_head":"<!-- This site is optimized with the Yoast SEO plugin v27.0 - https:\/\/yoast.com\/product\/yoast-seo-wordpress\/ -->\n<title>\u201eDac\u0103 voi nu m\u0103 vre\u021bi, eu v\u0103 vreau&quot; \u2013 Orban nu renun\u021b\u0103! - MHF Photography<\/title>\n<meta name=\"robots\" content=\"index, follow, max-snippet:-1, max-image-preview:large, max-video-preview:-1\" \/>\n<link rel=\"canonical\" href=\"https:\/\/mhf.ro\/mm\/daca-voi-nu-ma-vreti-eu-va-vreau-orban-nu-renunta\/\" \/>\n<meta property=\"og:locale\" content=\"ro_RO\" \/>\n<meta property=\"og:type\" content=\"article\" \/>\n<meta property=\"og:title\" content=\"\u201eDac\u0103 voi nu m\u0103 vre\u021bi, eu v\u0103 vreau&quot; \u2013 Orban nu renun\u021b\u0103! - MHF Photography\" \/>\n<meta property=\"og:description\" content=\"Ludovic Orban nu renun\u021b\u0103 la \u0219efia PNL, nici dup\u0103 ce lideri importan\u021bi ai partidului i-au cerut demisia. \u201ePre\u0219edintele PNL este\" \/>\n<meta property=\"og:url\" content=\"https:\/\/mhf.ro\/mm\/daca-voi-nu-ma-vreti-eu-va-vreau-orban-nu-renunta\/\" \/>\n<meta property=\"og:site_name\" content=\"MHF Photography\" \/>\n<meta property=\"article:published_time\" content=\"2021-01-19T11:10:13+00:00\" \/>\n<meta property=\"article:modified_time\" content=\"2021-01-19T11:11:09+00:00\" \/>\n<meta property=\"og:image\" content=\"https:\/\/mhf.ro\/mm\/wp-content\/uploads\/2021\/01\/orban_d.jpg\" \/>\n\t<meta property=\"og:image:width\" content=\"728\" \/>\n\t<meta property=\"og:image:height\" content=\"410\" \/>\n\t<meta property=\"og:image:type\" content=\"image\/jpeg\" \/>\n<meta name=\"author\" content=\"Marius Marcu\" \/>\n<meta name=\"twitter:card\" content=\"summary_large_image\" \/>\n<meta name=\"twitter:label1\" content=\"Scris de\" \/>\n\t<meta name=\"twitter:data1\" content=\"Marius Marcu\" \/>\n\t<meta name=\"twitter:label2\" content=\"Timp estimat pentru citire\" \/>\n\t<meta name=\"twitter:data2\" content=\"1 minut\" \/>\n<script type=\"application\/ld+json\" class=\"yoast-schema-graph\">{\"@context\":\"https:\/\/schema.org\",\"@graph\":[{\"@type\":\"Article\",\"@id\":\"https:\/\/mhf.ro\/mm\/daca-voi-nu-ma-vreti-eu-va-vreau-orban-nu-renunta\/#article\",\"isPartOf\":{\"@id\":\"https:\/\/mhf.ro\/mm\/daca-voi-nu-ma-vreti-eu-va-vreau-orban-nu-renunta\/\"},\"author\":{\"name\":\"Marius Marcu\",\"@id\":\"https:\/\/mhf.ro\/mm\/#\/schema\/person\/a3bebf7bdb4bf12f698aff73c7e46c21\"},\"headline\":\"\u201eDac\u0103 voi nu m\u0103 vre\u021bi, eu v\u0103 vreau&#8221; \u2013 Orban nu renun\u021b\u0103!\",\"datePublished\":\"2021-01-19T11:10:13+00:00\",\"dateModified\":\"2021-01-19T11:11:09+00:00\",\"mainEntityOfPage\":{\"@id\":\"https:\/\/mhf.ro\/mm\/daca-voi-nu-ma-vreti-eu-va-vreau-orban-nu-renunta\/\"},\"wordCount\":227,\"commentCount\":0,\"publisher\":{\"@id\":\"https:\/\/mhf.ro\/mm\/#\/schema\/person\/a3bebf7bdb4bf12f698aff73c7e46c21\"},\"image\":{\"@id\":\"https:\/\/mhf.ro\/mm\/daca-voi-nu-ma-vreti-eu-va-vreau-orban-nu-renunta\/#primaryimage\"},\"thumbnailUrl\":\"https:\/\/mhf.ro\/mm\/wp-content\/uploads\/2021\/01\/orban_d.jpg\",\"articleSection\":[\"Locale\"],\"inLanguage\":\"ro-RO\",\"potentialAction\":[{\"@type\":\"CommentAction\",\"name\":\"Comment\",\"target\":[\"https:\/\/mhf.ro\/mm\/daca-voi-nu-ma-vreti-eu-va-vreau-orban-nu-renunta\/#respond\"]}]},{\"@type\":\"WebPage\",\"@id\":\"https:\/\/mhf.ro\/mm\/daca-voi-nu-ma-vreti-eu-va-vreau-orban-nu-renunta\/\",\"url\":\"https:\/\/mhf.ro\/mm\/daca-voi-nu-ma-vreti-eu-va-vreau-orban-nu-renunta\/\",\"name\":\"\u201eDac\u0103 voi nu m\u0103 vre\u021bi, eu v\u0103 vreau\\\" \u2013 Orban nu renun\u021b\u0103! - MHF Photography\",\"isPartOf\":{\"@id\":\"https:\/\/mhf.ro\/mm\/#website\"},\"primaryImageOfPage\":{\"@id\":\"https:\/\/mhf.ro\/mm\/daca-voi-nu-ma-vreti-eu-va-vreau-orban-nu-renunta\/#primaryimage\"},\"image\":{\"@id\":\"https:\/\/mhf.ro\/mm\/daca-voi-nu-ma-vreti-eu-va-vreau-orban-nu-renunta\/#primaryimage\"},\"thumbnailUrl\":\"https:\/\/mhf.ro\/mm\/wp-content\/uploads\/2021\/01\/orban_d.jpg\",\"datePublished\":\"2021-01-19T11:10:13+00:00\",\"dateModified\":\"2021-01-19T11:11:09+00:00\",\"breadcrumb\":{\"@id\":\"https:\/\/mhf.ro\/mm\/daca-voi-nu-ma-vreti-eu-va-vreau-orban-nu-renunta\/#breadcrumb\"},\"inLanguage\":\"ro-RO\",\"potentialAction\":[{\"@type\":\"ReadAction\",\"target\":[\"https:\/\/mhf.ro\/mm\/daca-voi-nu-ma-vreti-eu-va-vreau-orban-nu-renunta\/\"]}]},{\"@type\":\"ImageObject\",\"inLanguage\":\"ro-RO\",\"@id\":\"https:\/\/mhf.ro\/mm\/daca-voi-nu-ma-vreti-eu-va-vreau-orban-nu-renunta\/#primaryimage\",\"url\":\"https:\/\/mhf.ro\/mm\/wp-content\/uploads\/2021\/01\/orban_d.jpg\",\"contentUrl\":\"https:\/\/mhf.ro\/mm\/wp-content\/uploads\/2021\/01\/orban_d.jpg\",\"width\":728,\"height\":410},{\"@type\":\"BreadcrumbList\",\"@id\":\"https:\/\/mhf.ro\/mm\/daca-voi-nu-ma-vreti-eu-va-vreau-orban-nu-renunta\/#breadcrumb\",\"itemListElement\":[{\"@type\":\"ListItem\",\"position\":1,\"name\":\"Prima pagin\u0103\",\"item\":\"https:\/\/mhf.ro\/mm\/\"},{\"@type\":\"ListItem\",\"position\":2,\"name\":\"\u201eDac\u0103 voi nu m\u0103 vre\u021bi, eu v\u0103 vreau&#8221; \u2013 Orban nu renun\u021b\u0103!\"}]},{\"@type\":\"WebSite\",\"@id\":\"https:\/\/mhf.ro\/mm\/#website\",\"url\":\"https:\/\/mhf.ro\/mm\/\",\"name\":\"MHF Photography \u2013 Blog de fotografie, natur\u0103 \u0219i tehnic\u0103 divers\u0103\",\"description\":\"Aventur\u0103 \u00een fiecare cadru.\",\"publisher\":{\"@id\":\"https:\/\/mhf.ro\/mm\/#\/schema\/person\/a3bebf7bdb4bf12f698aff73c7e46c21\"},\"potentialAction\":[{\"@type\":\"SearchAction\",\"target\":{\"@type\":\"EntryPoint\",\"urlTemplate\":\"https:\/\/mhf.ro\/mm\/?s={search_term_string}\"},\"query-input\":{\"@type\":\"PropertyValueSpecification\",\"valueRequired\":true,\"valueName\":\"search_term_string\"}}],\"inLanguage\":\"ro-RO\"},{\"@type\":[\"Person\",\"Organization\"],\"@id\":\"https:\/\/mhf.ro\/mm\/#\/schema\/person\/a3bebf7bdb4bf12f698aff73c7e46c21\",\"name\":\"Marius Marcu\",\"image\":{\"@type\":\"ImageObject\",\"inLanguage\":\"ro-RO\",\"@id\":\"https:\/\/mhf.ro\/mm\/#\/schema\/person\/image\/\",\"url\":\"https:\/\/mhf.ro\/mm\/wp-content\/uploads\/2025\/12\/cropped-logo_mhf_2.png\",\"contentUrl\":\"https:\/\/mhf.ro\/mm\/wp-content\/uploads\/2025\/12\/cropped-logo_mhf_2.png\",\"width\":1096,\"height\":457,\"caption\":\"Marius Marcu\"},\"logo\":{\"@id\":\"https:\/\/mhf.ro\/mm\/#\/schema\/person\/image\/\"},\"sameAs\":[\"https:\/\/mhf.ro\/mm\"],\"url\":\"https:\/\/mhf.ro\/mm\/author\/mihai\/\"}]}<\/script>\n<!-- \/ Yoast SEO plugin. -->","yoast_head_json":{"title":"\u201eDac\u0103 voi nu m\u0103 vre\u021bi, eu v\u0103 vreau\" \u2013 Orban nu renun\u021b\u0103! - MHF Photography","robots":{"index":"index","follow":"follow","max-snippet":"max-snippet:-1","max-image-preview":"max-image-preview:large","max-video-preview":"max-video-preview:-1"},"canonical":"https:\/\/mhf.ro\/mm\/daca-voi-nu-ma-vreti-eu-va-vreau-orban-nu-renunta\/","og_locale":"ro_RO","og_type":"article","og_title":"\u201eDac\u0103 voi nu m\u0103 vre\u021bi, eu v\u0103 vreau\" \u2013 Orban nu renun\u021b\u0103! - MHF Photography","og_description":"Ludovic Orban nu renun\u021b\u0103 la \u0219efia PNL, nici dup\u0103 ce lideri importan\u021bi ai partidului i-au cerut demisia. \u201ePre\u0219edintele PNL este","og_url":"https:\/\/mhf.ro\/mm\/daca-voi-nu-ma-vreti-eu-va-vreau-orban-nu-renunta\/","og_site_name":"MHF Photography","article_published_time":"2021-01-19T11:10:13+00:00","article_modified_time":"2021-01-19T11:11:09+00:00","og_image":[{"width":728,"height":410,"url":"https:\/\/mhf.ro\/mm\/wp-content\/uploads\/2021\/01\/orban_d.jpg","type":"image\/jpeg"}],"author":"Marius Marcu","twitter_card":"summary_large_image","twitter_misc":{"Scris de":"Marius Marcu","Timp estimat pentru citire":"1 minut"},"schema":{"@context":"https:\/\/schema.org","@graph":[{"@type":"Article","@id":"https:\/\/mhf.ro\/mm\/daca-voi-nu-ma-vreti-eu-va-vreau-orban-nu-renunta\/#article","isPartOf":{"@id":"https:\/\/mhf.ro\/mm\/daca-voi-nu-ma-vreti-eu-va-vreau-orban-nu-renunta\/"},"author":{"name":"Marius Marcu","@id":"https:\/\/mhf.ro\/mm\/#\/schema\/person\/a3bebf7bdb4bf12f698aff73c7e46c21"},"headline":"\u201eDac\u0103 voi nu m\u0103 vre\u021bi, eu v\u0103 vreau&#8221; \u2013 Orban nu renun\u021b\u0103!","datePublished":"2021-01-19T11:10:13+00:00","dateModified":"2021-01-19T11:11:09+00:00","mainEntityOfPage":{"@id":"https:\/\/mhf.ro\/mm\/daca-voi-nu-ma-vreti-eu-va-vreau-orban-nu-renunta\/"},"wordCount":227,"commentCount":0,"publisher":{"@id":"https:\/\/mhf.ro\/mm\/#\/schema\/person\/a3bebf7bdb4bf12f698aff73c7e46c21"},"image":{"@id":"https:\/\/mhf.ro\/mm\/daca-voi-nu-ma-vreti-eu-va-vreau-orban-nu-renunta\/#primaryimage"},"thumbnailUrl":"https:\/\/mhf.ro\/mm\/wp-content\/uploads\/2021\/01\/orban_d.jpg","articleSection":["Locale"],"inLanguage":"ro-RO","potentialAction":[{"@type":"CommentAction","name":"Comment","target":["https:\/\/mhf.ro\/mm\/daca-voi-nu-ma-vreti-eu-va-vreau-orban-nu-renunta\/#respond"]}]},{"@type":"WebPage","@id":"https:\/\/mhf.ro\/mm\/daca-voi-nu-ma-vreti-eu-va-vreau-orban-nu-renunta\/","url":"https:\/\/mhf.ro\/mm\/daca-voi-nu-ma-vreti-eu-va-vreau-orban-nu-renunta\/","name":"\u201eDac\u0103 voi nu m\u0103 vre\u021bi, eu v\u0103 vreau\" \u2013 Orban nu renun\u021b\u0103! - MHF Photography","isPartOf":{"@id":"https:\/\/mhf.ro\/mm\/#website"},"primaryImageOfPage":{"@id":"https:\/\/mhf.ro\/mm\/daca-voi-nu-ma-vreti-eu-va-vreau-orban-nu-renunta\/#primaryimage"},"image":{"@id":"https:\/\/mhf.ro\/mm\/daca-voi-nu-ma-vreti-eu-va-vreau-orban-nu-renunta\/#primaryimage"},"thumbnailUrl":"https:\/\/mhf.ro\/mm\/wp-content\/uploads\/2021\/01\/orban_d.jpg","datePublished":"2021-01-19T11:10:13+00:00","dateModified":"2021-01-19T11:11:09+00:00","breadcrumb":{"@id":"https:\/\/mhf.ro\/mm\/daca-voi-nu-ma-vreti-eu-va-vreau-orban-nu-renunta\/#breadcrumb"},"inLanguage":"ro-RO","potentialAction":[{"@type":"ReadAction","target":["https:\/\/mhf.ro\/mm\/daca-voi-nu-ma-vreti-eu-va-vreau-orban-nu-renunta\/"]}]},{"@type":"ImageObject","inLanguage":"ro-RO","@id":"https:\/\/mhf.ro\/mm\/daca-voi-nu-ma-vreti-eu-va-vreau-orban-nu-renunta\/#primaryimage","url":"https:\/\/mhf.ro\/mm\/wp-content\/uploads\/2021\/01\/orban_d.jpg","contentUrl":"https:\/\/mhf.ro\/mm\/wp-content\/uploads\/2021\/01\/orban_d.jpg","width":728,"height":410},{"@type":"BreadcrumbList","@id":"https:\/\/mhf.ro\/mm\/daca-voi-nu-ma-vreti-eu-va-vreau-orban-nu-renunta\/#breadcrumb","itemListElement":[{"@type":"ListItem","position":1,"name":"Prima pagin\u0103","item":"https:\/\/mhf.ro\/mm\/"},{"@type":"ListItem","position":2,"name":"\u201eDac\u0103 voi nu m\u0103 vre\u021bi, eu v\u0103 vreau&#8221; \u2013 Orban nu renun\u021b\u0103!"}]},{"@type":"WebSite","@id":"https:\/\/mhf.ro\/mm\/#website","url":"https:\/\/mhf.ro\/mm\/","name":"MHF Photography \u2013 Blog de fotografie, natur\u0103 \u0219i tehnic\u0103 divers\u0103","description":"Aventur\u0103 \u00een fiecare cadru.","publisher":{"@id":"https:\/\/mhf.ro\/mm\/#\/schema\/person\/a3bebf7bdb4bf12f698aff73c7e46c21"},"potentialAction":[{"@type":"SearchAction","target":{"@type":"EntryPoint","urlTemplate":"https:\/\/mhf.ro\/mm\/?s={search_term_string}"},"query-input":{"@type":"PropertyValueSpecification","valueRequired":true,"valueName":"search_term_string"}}],"inLanguage":"ro-RO"},{"@type":["Person","Organization"],"@id":"https:\/\/mhf.ro\/mm\/#\/schema\/person\/a3bebf7bdb4bf12f698aff73c7e46c21","name":"Marius Marcu","image":{"@type":"ImageObject","inLanguage":"ro-RO","@id":"https:\/\/mhf.ro\/mm\/#\/schema\/person\/image\/","url":"https:\/\/mhf.ro\/mm\/wp-content\/uploads\/2025\/12\/cropped-logo_mhf_2.png","contentUrl":"https:\/\/mhf.ro\/mm\/wp-content\/uploads\/2025\/12\/cropped-logo_mhf_2.png","width":1096,"height":457,"caption":"Marius Marcu"},"logo":{"@id":"https:\/\/mhf.ro\/mm\/#\/schema\/person\/image\/"},"sameAs":["https:\/\/mhf.ro\/mm"],"url":"https:\/\/mhf.ro\/mm\/author\/mihai\/"}]}},"_links":{"self":[{"href":"https:\/\/mhf.ro\/mm\/wp-json\/wp\/v2\/posts\/3713","targetHints":{"allow":["GET"]}}],"collection":[{"href":"https:\/\/mhf.ro\/mm\/wp-json\/wp\/v2\/posts"}],"about":[{"href":"https:\/\/mhf.ro\/mm\/wp-json\/wp\/v2\/types\/post"}],"author":[{"embeddable":true,"href":"https:\/\/mhf.ro\/mm\/wp-json\/wp\/v2\/users\/1"}],"replies":[{"embeddable":true,"href":"https:\/\/mhf.ro\/mm\/wp-json\/wp\/v2\/comments?post=3713"}],"version-history":[{"count":2,"href":"https:\/\/mhf.ro\/mm\/wp-json\/wp\/v2\/posts\/3713\/revisions"}],"predecessor-version":[{"id":3716,"href":"https:\/\/mhf.ro\/mm\/wp-json\/wp\/v2\/posts\/3713\/revisions\/3716"}],"wp:featuredmedia":[{"embeddable":true,"href":"https:\/\/mhf.ro\/mm\/wp-json\/wp\/v2\/media\/3714"}],"wp:attachment":[{"href":"https:\/\/mhf.ro\/mm\/wp-json\/wp\/v2\/media?parent=3713"}],"wp:term":[{"taxonomy":"category","embeddable":true,"href":"https:\/\/mhf.ro\/mm\/wp-json\/wp\/v2\/categories?post=3713"},{"taxonomy":"post_tag","embeddable":true,"href":"https:\/\/mhf.ro\/mm\/wp-json\/wp\/v2\/tags?post=3713"}],"curies":[{"name":"wp","href":"https:\/\/api.w.org\/{rel}","templated":true}]}}