{"id":3718,"date":"2021-01-20T10:30:59","date_gmt":"2021-01-20T08:30:59","guid":{"rendered":"https:\/\/mhf.ro\/mm\/?p=3718"},"modified":"2021-01-20T10:30:59","modified_gmt":"2021-01-20T08:30:59","slug":"citeste-mi-100-de-povesti-program-national-pentru-incurajarea-lecturii-in-familie-si-in-gradinita","status":"publish","type":"post","link":"https:\/\/mhf.ro\/mm\/citeste-mi-100-de-povesti-program-national-pentru-incurajarea-lecturii-in-familie-si-in-gradinita\/","title":{"rendered":"\u201eCite\u0219te-mi 100 de pove\u0219ti!\u201d, program na\u021bional pentru \u00eencurajarea lecturii \u00een familie \u0219i \u00een gr\u0103dini\u021b\u0103"},"content":{"rendered":"<p class=\"rtejustify\">Ast\u0103zi, 19 ianuarie 2021, ora 12:00, a fost semnat protocolul de colaborare \u00eentre Ministerul Educa\u021biei \u0219i Cercet\u0103rii, Asocia\u021bia OvidiuRo \u0219i Ministerul Culturii pentru implementarea Programului\u00a0 \u201eCite\u0219te-mi 100 de pove\u0219ti!\u201d, menit s\u0103 \u00eencurajeze lectura \u00een familie \u0219i \u00een gr\u0103dini\u021b\u0103. Programul este \u00eenscris sub egida Proiectului \u201eRom\u00e2nia Educat\u0103\u201d, derulat de Administra\u021bia Preziden\u021bial\u0103.<\/p>\n<p><img fetchpriority=\"high\" decoding=\"async\" src=\"https:\/\/www.edu.ro\/sites\/default\/files\/_imagini\/comunicate\/2021\/ilustratii%20comunicate%20presa\/19.01.2020_protocol_OvidiuRO.jpeg\" alt=\"\" width=\"500\" height=\"229\" \/><\/p>\n<p class=\"rtejustify\">\u00cen urma semn\u0103rii, la ora\u00a014:00 a avut loc lansarea online a programului na\u021bional <strong><em>\u201eCite\u0219te-mi 100 de pove\u0219ti!\u201d. <\/em>Programul \u00ee\u0219i propune s\u0103 stimuleze lectura \u00een r\u00e2ndul copiilor, at\u00e2t \u00een gr\u0103dini\u021be, c\u00e2t \u0219i \u00een familie.<\/strong> Copiii vor avea oportunitatea de a participa la ateliere de lectur\u0103 \u0219i de a-\u0219i dezvolta aten\u021bia, vocabularul, imagina\u021bia \u0219i mai ales motiva\u021bia pentru \u00eenv\u0103\u021bare. Programul contribuie a\u0219adar, \u00een mod direct, la dezvoltarea litera\u021biei \u0219i a unor obiceiuri de lectur\u0103 care favorizeaz\u0103 procesul de \u00eenv\u0103\u021bare \u0219i de alfabetizare func\u021bional\u0103, \u00een special pentru copiii din familiile defavorizate \u0219i izolate cultural.<\/p>\n<p class=\"rtejustify\"><strong>Obiectivul nostru este ca, \u00een urm\u0103torii cinci ani, toate gr\u0103dini\u021bele publice din Rom\u00e2nia s\u0103 devin\u0103 Gr\u0103dini\u021be Bibliotec\u0103<\/strong>, adev\u0103rate insule de lectur\u0103 \u0219i cultur\u0103 pentru copii. Pentru ca o gr\u0103dini\u021b\u0103 s\u0103 primeasc\u0103 acest statut, directorul acesteia va dezvolta \u0219i va implementa, al\u0103turi de echipa sa de profesori de \u00eenv\u0103\u021b\u0103m\u00e2nt pre\u0219colar, un plan anual de lectur\u0103 dedicat copiilor, cu sesiuni s\u0103pt\u0103m\u00e2nale de lectur\u0103, cu invita\u021bi care s\u0103 le citeasc\u0103 celor mici. OvidiuRo va oferi cadrelor didactice sesiuni de formare centrate pe litera\u021bie, pun\u00e2nd accent pe modalitatea de a le citi copiilor, de a le capta aten\u021bia \u0219i de a le stimula curiozitatea. Gr\u0103dini\u021bele vor fi dotate cu un important fond de carte tip\u0103rit\u0103 \u0219i \u00een format digital, iar copiii vor primi c\u0103r\u021bi pentru acas\u0103, pentru a \u00eencuraja lectura \u00een familie.<\/p>\n<p class=\"rtejustify\"><strong>Parteneriatele \u00een contextul<\/strong> <strong><em>\u201eCite\u0219te-mi 100 de pove\u0219ti!\u201d <\/em><\/strong>vin ca o continuare fireasc\u0103 a proiectelor comune anterioare, dedicate facilit\u0103rii accesului la educa\u021bie timpurie de calitate al copiilor din medii defavorizate. Propunerea noastr\u0103 este corelat\u0103 cu viziunea dezvoltat\u0103 \u00een cadrul Proiectului \u201eRom\u00e2nia Educat\u0103\u201d, cu m\u0103surile \u0219i ac\u021biunile de reducere a p\u0103r\u0103sirii timpurii a \u0219colii \u0219i a analfabetismului func\u021bional prev\u0103zute \u00een documentele strategice elaborate pentru domeniul educa\u021biei, precum \u0219i cu Reperele Fundamentale \u00een \u00cenv\u0103\u021barea \u0219i Dezvoltarea Timpurie a copilului. Astfel, programul OvidiuRo constituie o solu\u021bie concret\u0103 pentru dezvoltarea limbajului, comunic\u0103rii \u0219i pasiunii pentru scriere \u0219i citire.<\/p>\n<p class=\"rtejustify\">\u201eReducerea inechit\u0103\u021bii este una dintre cele mai importante provoc\u0103ri ale educa\u021biei. Cele mai eficiente m\u0103suri sunt cele care se iau \u00eenc\u0103 din primii ani de via\u021b\u0103 ai copilului. De aceea, este esen\u021bial\u0103 asigurarea unei educa\u021bii de calitate \u00een cre\u0219e \u0219i gr\u0103dini\u021be, sprijinind inclusiv familia pentru a putea oferi copiilor sprijinul necesar.<\/p>\n<p class=\"rtejustify\">\u00cen Proiectul \u201eRom\u00e2nia Educat\u0103\u201d, at\u00e2t echitatea, c\u00e2t \u0219i educa\u021bia timpurie sunt domenii cheie, cu obiective \u0219i solu\u021bii specifice. Proiectul OvidiuRo transform\u0103 aceste deziderate \u00een practic\u0103, insufl\u00e2nd copiilor dragostea pentru lectur\u0103. \u00cei felicit pe organizatori pentru aceast\u0103 idee minunat\u0103!\u201d,\u00a0<strong>a declarat Ligia Deca, Consilier Preziden\u021bial &#8211; Departamentul Educa\u021bie \u0219i Cercetare.<\/strong><\/p>\n<p class=\"rtejustify\"><em>\u201e\u00cenl\u0103tur\u0103m barierele din calea educa\u021biei, ajut\u00e2nd pre\u0219colarii s\u0103 acceseze modalit\u0103\u021bi moderne de educa\u021bie, indiferent de mediul din care provin. Mul\u021bi copii nu \u00eenva\u021b\u0103 din cauza s\u0103r\u0103ciei, discrimin\u0103rii, sau accesului redus la mijloace de \u00eenv\u0103\u021bare. Ace\u0219ti copii p\u0103r\u0103sesc \u0219coala \u00eenainte de a dob\u00e2ndi abilit\u0103\u021bile \u0219i cuno\u0219tin\u021bele de baz\u0103 necesare pentru a prospera \u00een societate. Astfel de proiecte \u00eei vor apropia de \u0219coal\u0103 \u0219i vor da startul esen\u021bial \u00een via\u021b\u0103\u201d,\u00a0<\/em><strong>a declarat Sorin Mihai C\u00eempeanu, Ministru &#8211; Ministerul Educa\u021biei \u0219i Cercet\u0103rii<\/strong><\/p>\n<p class=\"rtejustify\"><em>\u201eSuntem \u00eenc\u00e2nta\u021bi c\u0103 facem parte din astfel de proiecte care se adreseaz\u0103 viitorului Rom\u00e2niei. Educa\u021bia timpurie este cheia unei societ\u0103\u021bi educate, care \u00ee\u0219i valorific\u0103 \u00een mod corespunz\u0103tor resursele. F\u0103r\u0103 cultur\u0103 ne pierdem identitatea, valorile \u0219i nu evolu\u0103m cu adev\u0103rat vreodat\u0103. Viitorul se construie\u0219te ast\u0103zi, plec\u00e2nd de la cea mai important\u0103 resurs\u0103: copiii. Mul\u021bumim OvidiuRo c\u0103 valorific\u0103 poten\u021bialul pre\u0219colarilor \u0219i c\u0103 r\u0103m\u00e2ne pe acest drum al implic\u0103rii\u201d<\/em>\u00a0,\u00a0<strong>a declarat Bogdan Gheorghiu, Ministru &#8211; Ministerul Culturii<\/strong><\/p>\n<p class=\"rtejustify\"><em>\u201eExperien\u021ba \u00eendelungat\u0103 la firul ierbii, unde am implementat programe integrate pentru familiile vulnerabile \u0219i o gam\u0103 variat\u0103 de ateliere pentru copii, ne-a demonstrat \u00een mod constant puterea educa\u021biei de a transforma vie\u021bi \u0219i comunit\u0103\u021bi. Imagina\u021bi-v\u0103 gr\u0103dini\u021ba, din orice loc din Rom\u00e2nia, ca un portal spre universul cunoa\u0219terii umane, cu insule de lectur\u0103 \u0219i cultur\u0103, cu spa\u021bii luminoase \u0219i confortabile, cu cele mai bune c\u0103r\u021bi pentru copii, cu adul\u021bi \u0219i copii care descifreaz\u0103 \u00eempreun\u0103 tainele c\u0103r\u021bilor \u0219i \u00een\u021beleg lumea din jurul lor, de la teiul din curte p\u00e2n\u0103 la cerul \u00eenstelat. Vrem s\u0103 ne asigur\u0103m c\u0103 fiecare copil, \u00een prima zi de \u0219coal\u0103, va cunoa\u0219te cel pu\u021bin 100 de pove\u0219ti, av\u00e2nd astfel premisele necesare \u00eenv\u0103\u021b\u0103rii citit-scrisului \u0219i o funda\u021bie solid\u0103 pentru succesul \u00een via\u021b\u0103. Suntem recunosc\u0103tori partenerilor din mediul privat, care aleg s\u0103 sus\u021bin\u0103 educa\u021bia timpurie \u0219i s\u0103 contribuie astfel la dezvoltarea viitoarelor genera\u021bii de cititori \u0219i \u00eei invit\u0103m cu drag s\u0103 ni se al\u0103ture pe to\u021bi cei care cred \u00een puterea educa\u021biei\u201d ,\u00a0<\/em><strong>a declarat Maria Gheorghiu, Pre\u0219edinte &#8211; Asocia\u021bia OvidiuRo<\/strong><\/p>\n<p class=\"rtejustify\"><strong>Parteneri<\/strong>: Ministerul Educa\u021biei \u0219i Cercet\u0103rii, Ministerul Culturii, Asocia\u021bia Cu Alte Cuvinte, Asocia\u021bia Lectura \u0219i Scrierea pentru Dezvoltarea G\u00e2ndirii Critice Rom\u00e2nia, Funda\u021bia Noi Orizonturi.<\/p>\n<p style=\"text-align: right\">(conf. edu.ro)<\/p>\n","protected":false},"excerpt":{"rendered":"<p>Ast\u0103zi, 19 ianuarie 2021, ora 12:00, a fost semnat protocolul de colaborare \u00eentre Ministerul Educa\u021biei \u0219i Cercet\u0103rii, Asocia\u021bia OvidiuRo \u0219i<\/p>\n","protected":false},"author":11,"featured_media":3719,"comment_status":"open","ping_status":"open","sticky":false,"template":"","format":"standard","meta":{"colormag_page_container_layout":"default_layout","colormag_page_sidebar_layout":"default_layout","footnotes":""},"categories":[32,8],"tags":[],"class_list":["post-3718","post","type-post","status-publish","format-standard","has-post-thumbnail","hentry","category-comunicate","category-div"],"yoast_head":"<!-- This site is optimized with the Yoast SEO plugin v27.0 - https:\/\/yoast.com\/product\/yoast-seo-wordpress\/ -->\n<title>\u201eCite\u0219te-mi 100 de pove\u0219ti!\u201d, program na\u021bional pentru \u00eencurajarea lecturii \u00een familie \u0219i \u00een gr\u0103dini\u021b\u0103 - MHF Photography<\/title>\n<meta name=\"robots\" content=\"index, follow, max-snippet:-1, max-image-preview:large, max-video-preview:-1\" \/>\n<link rel=\"canonical\" href=\"https:\/\/mhf.ro\/mm\/citeste-mi-100-de-povesti-program-national-pentru-incurajarea-lecturii-in-familie-si-in-gradinita\/\" \/>\n<meta property=\"og:locale\" content=\"ro_RO\" \/>\n<meta property=\"og:type\" content=\"article\" \/>\n<meta property=\"og:title\" content=\"\u201eCite\u0219te-mi 100 de pove\u0219ti!\u201d, program na\u021bional pentru \u00eencurajarea lecturii \u00een familie \u0219i \u00een gr\u0103dini\u021b\u0103 - MHF Photography\" \/>\n<meta property=\"og:description\" content=\"Ast\u0103zi, 19 ianuarie 2021, ora 12:00, a fost semnat protocolul de colaborare \u00eentre Ministerul Educa\u021biei \u0219i Cercet\u0103rii, Asocia\u021bia OvidiuRo \u0219i\" \/>\n<meta property=\"og:url\" content=\"https:\/\/mhf.ro\/mm\/citeste-mi-100-de-povesti-program-national-pentru-incurajarea-lecturii-in-familie-si-in-gradinita\/\" \/>\n<meta property=\"og:site_name\" content=\"MHF Photography\" \/>\n<meta property=\"article:published_time\" content=\"2021-01-20T08:30:59+00:00\" \/>\n<meta property=\"og:image\" content=\"https:\/\/mhf.ro\/mm\/wp-content\/uploads\/2021\/01\/100_povesti.jpg\" \/>\n\t<meta property=\"og:image:width\" content=\"1597\" \/>\n\t<meta property=\"og:image:height\" content=\"731\" \/>\n\t<meta property=\"og:image:type\" content=\"image\/jpeg\" \/>\n<meta name=\"author\" content=\"Fodrea Iuliana Reve\" \/>\n<meta name=\"twitter:card\" content=\"summary_large_image\" \/>\n<meta name=\"twitter:label1\" content=\"Scris de\" \/>\n\t<meta name=\"twitter:data1\" content=\"Fodrea Iuliana Reve\" \/>\n\t<meta name=\"twitter:label2\" content=\"Timp estimat pentru citire\" \/>\n\t<meta name=\"twitter:data2\" content=\"4 minute\" \/>\n<script type=\"application\/ld+json\" class=\"yoast-schema-graph\">{\"@context\":\"https:\/\/schema.org\",\"@graph\":[{\"@type\":\"Article\",\"@id\":\"https:\/\/mhf.ro\/mm\/citeste-mi-100-de-povesti-program-national-pentru-incurajarea-lecturii-in-familie-si-in-gradinita\/#article\",\"isPartOf\":{\"@id\":\"https:\/\/mhf.ro\/mm\/citeste-mi-100-de-povesti-program-national-pentru-incurajarea-lecturii-in-familie-si-in-gradinita\/\"},\"author\":{\"name\":\"Fodrea Iuliana Reve\",\"@id\":\"https:\/\/mhf.ro\/mm\/#\/schema\/person\/17f3fed455503130cb08cdc1421f8001\"},\"headline\":\"\u201eCite\u0219te-mi 100 de pove\u0219ti!\u201d, program na\u021bional pentru \u00eencurajarea lecturii \u00een familie \u0219i \u00een gr\u0103dini\u021b\u0103\",\"datePublished\":\"2021-01-20T08:30:59+00:00\",\"mainEntityOfPage\":{\"@id\":\"https:\/\/mhf.ro\/mm\/citeste-mi-100-de-povesti-program-national-pentru-incurajarea-lecturii-in-familie-si-in-gradinita\/\"},\"wordCount\":987,\"commentCount\":0,\"publisher\":{\"@id\":\"https:\/\/mhf.ro\/mm\/#\/schema\/person\/a3bebf7bdb4bf12f698aff73c7e46c21\"},\"image\":{\"@id\":\"https:\/\/mhf.ro\/mm\/citeste-mi-100-de-povesti-program-national-pentru-incurajarea-lecturii-in-familie-si-in-gradinita\/#primaryimage\"},\"thumbnailUrl\":\"https:\/\/mhf.ro\/mm\/wp-content\/uploads\/2021\/01\/100_povesti.jpg\",\"articleSection\":[\"Comunicate\",\"Diverse\"],\"inLanguage\":\"ro-RO\",\"potentialAction\":[{\"@type\":\"CommentAction\",\"name\":\"Comment\",\"target\":[\"https:\/\/mhf.ro\/mm\/citeste-mi-100-de-povesti-program-national-pentru-incurajarea-lecturii-in-familie-si-in-gradinita\/#respond\"]}]},{\"@type\":\"WebPage\",\"@id\":\"https:\/\/mhf.ro\/mm\/citeste-mi-100-de-povesti-program-national-pentru-incurajarea-lecturii-in-familie-si-in-gradinita\/\",\"url\":\"https:\/\/mhf.ro\/mm\/citeste-mi-100-de-povesti-program-national-pentru-incurajarea-lecturii-in-familie-si-in-gradinita\/\",\"name\":\"\u201eCite\u0219te-mi 100 de pove\u0219ti!\u201d, program na\u021bional pentru \u00eencurajarea lecturii \u00een familie \u0219i \u00een gr\u0103dini\u021b\u0103 - MHF Photography\",\"isPartOf\":{\"@id\":\"https:\/\/mhf.ro\/mm\/#website\"},\"primaryImageOfPage\":{\"@id\":\"https:\/\/mhf.ro\/mm\/citeste-mi-100-de-povesti-program-national-pentru-incurajarea-lecturii-in-familie-si-in-gradinita\/#primaryimage\"},\"image\":{\"@id\":\"https:\/\/mhf.ro\/mm\/citeste-mi-100-de-povesti-program-national-pentru-incurajarea-lecturii-in-familie-si-in-gradinita\/#primaryimage\"},\"thumbnailUrl\":\"https:\/\/mhf.ro\/mm\/wp-content\/uploads\/2021\/01\/100_povesti.jpg\",\"datePublished\":\"2021-01-20T08:30:59+00:00\",\"breadcrumb\":{\"@id\":\"https:\/\/mhf.ro\/mm\/citeste-mi-100-de-povesti-program-national-pentru-incurajarea-lecturii-in-familie-si-in-gradinita\/#breadcrumb\"},\"inLanguage\":\"ro-RO\",\"potentialAction\":[{\"@type\":\"ReadAction\",\"target\":[\"https:\/\/mhf.ro\/mm\/citeste-mi-100-de-povesti-program-national-pentru-incurajarea-lecturii-in-familie-si-in-gradinita\/\"]}]},{\"@type\":\"ImageObject\",\"inLanguage\":\"ro-RO\",\"@id\":\"https:\/\/mhf.ro\/mm\/citeste-mi-100-de-povesti-program-national-pentru-incurajarea-lecturii-in-familie-si-in-gradinita\/#primaryimage\",\"url\":\"https:\/\/mhf.ro\/mm\/wp-content\/uploads\/2021\/01\/100_povesti.jpg\",\"contentUrl\":\"https:\/\/mhf.ro\/mm\/wp-content\/uploads\/2021\/01\/100_povesti.jpg\",\"width\":1597,\"height\":731},{\"@type\":\"BreadcrumbList\",\"@id\":\"https:\/\/mhf.ro\/mm\/citeste-mi-100-de-povesti-program-national-pentru-incurajarea-lecturii-in-familie-si-in-gradinita\/#breadcrumb\",\"itemListElement\":[{\"@type\":\"ListItem\",\"position\":1,\"name\":\"Prima pagin\u0103\",\"item\":\"https:\/\/mhf.ro\/mm\/\"},{\"@type\":\"ListItem\",\"position\":2,\"name\":\"\u201eCite\u0219te-mi 100 de pove\u0219ti!\u201d, program na\u021bional pentru \u00eencurajarea lecturii \u00een familie \u0219i \u00een gr\u0103dini\u021b\u0103\"}]},{\"@type\":\"WebSite\",\"@id\":\"https:\/\/mhf.ro\/mm\/#website\",\"url\":\"https:\/\/mhf.ro\/mm\/\",\"name\":\"MHF Photography \u2013 Blog de fotografie, natur\u0103 \u0219i tehnic\u0103 divers\u0103\",\"description\":\"Aventur\u0103 \u00een fiecare cadru.\",\"publisher\":{\"@id\":\"https:\/\/mhf.ro\/mm\/#\/schema\/person\/a3bebf7bdb4bf12f698aff73c7e46c21\"},\"potentialAction\":[{\"@type\":\"SearchAction\",\"target\":{\"@type\":\"EntryPoint\",\"urlTemplate\":\"https:\/\/mhf.ro\/mm\/?s={search_term_string}\"},\"query-input\":{\"@type\":\"PropertyValueSpecification\",\"valueRequired\":true,\"valueName\":\"search_term_string\"}}],\"inLanguage\":\"ro-RO\"},{\"@type\":[\"Person\",\"Organization\"],\"@id\":\"https:\/\/mhf.ro\/mm\/#\/schema\/person\/a3bebf7bdb4bf12f698aff73c7e46c21\",\"name\":\"Marius Marcu\",\"image\":{\"@type\":\"ImageObject\",\"inLanguage\":\"ro-RO\",\"@id\":\"https:\/\/mhf.ro\/mm\/#\/schema\/person\/image\/\",\"url\":\"https:\/\/mhf.ro\/mm\/wp-content\/uploads\/2025\/12\/cropped-logo_mhf_2.png\",\"contentUrl\":\"https:\/\/mhf.ro\/mm\/wp-content\/uploads\/2025\/12\/cropped-logo_mhf_2.png\",\"width\":1096,\"height\":457,\"caption\":\"Marius Marcu\"},\"logo\":{\"@id\":\"https:\/\/mhf.ro\/mm\/#\/schema\/person\/image\/\"},\"sameAs\":[\"https:\/\/mhf.ro\/mm\"]},{\"@type\":\"Person\",\"@id\":\"https:\/\/mhf.ro\/mm\/#\/schema\/person\/17f3fed455503130cb08cdc1421f8001\",\"name\":\"Fodrea Iuliana Reve\",\"image\":{\"@type\":\"ImageObject\",\"inLanguage\":\"ro-RO\",\"@id\":\"https:\/\/mhf.ro\/mm\/#\/schema\/person\/image\/\",\"url\":\"https:\/\/secure.gravatar.com\/avatar\/f6a66b0b93f1a25e8049c1c4e66e60a1a6809ab11ad60f8dcc2eaafeb7ca1580?s=96&d=monsterid&r=g\",\"contentUrl\":\"https:\/\/secure.gravatar.com\/avatar\/f6a66b0b93f1a25e8049c1c4e66e60a1a6809ab11ad60f8dcc2eaafeb7ca1580?s=96&d=monsterid&r=g\",\"caption\":\"Fodrea Iuliana Reve\"},\"sameAs\":[\"https:\/\/mhf.ro\/mm\"],\"url\":\"https:\/\/mhf.ro\/mm\/author\/iuliana\/\"}]}<\/script>\n<!-- \/ Yoast SEO plugin. -->","yoast_head_json":{"title":"\u201eCite\u0219te-mi 100 de pove\u0219ti!\u201d, program na\u021bional pentru \u00eencurajarea lecturii \u00een familie \u0219i \u00een gr\u0103dini\u021b\u0103 - MHF Photography","robots":{"index":"index","follow":"follow","max-snippet":"max-snippet:-1","max-image-preview":"max-image-preview:large","max-video-preview":"max-video-preview:-1"},"canonical":"https:\/\/mhf.ro\/mm\/citeste-mi-100-de-povesti-program-national-pentru-incurajarea-lecturii-in-familie-si-in-gradinita\/","og_locale":"ro_RO","og_type":"article","og_title":"\u201eCite\u0219te-mi 100 de pove\u0219ti!\u201d, program na\u021bional pentru \u00eencurajarea lecturii \u00een familie \u0219i \u00een gr\u0103dini\u021b\u0103 - MHF Photography","og_description":"Ast\u0103zi, 19 ianuarie 2021, ora 12:00, a fost semnat protocolul de colaborare \u00eentre Ministerul Educa\u021biei \u0219i Cercet\u0103rii, Asocia\u021bia OvidiuRo \u0219i","og_url":"https:\/\/mhf.ro\/mm\/citeste-mi-100-de-povesti-program-national-pentru-incurajarea-lecturii-in-familie-si-in-gradinita\/","og_site_name":"MHF Photography","article_published_time":"2021-01-20T08:30:59+00:00","og_image":[{"width":1597,"height":731,"url":"https:\/\/mhf.ro\/mm\/wp-content\/uploads\/2021\/01\/100_povesti.jpg","type":"image\/jpeg"}],"author":"Fodrea Iuliana Reve","twitter_card":"summary_large_image","twitter_misc":{"Scris de":"Fodrea Iuliana Reve","Timp estimat pentru citire":"4 minute"},"schema":{"@context":"https:\/\/schema.org","@graph":[{"@type":"Article","@id":"https:\/\/mhf.ro\/mm\/citeste-mi-100-de-povesti-program-national-pentru-incurajarea-lecturii-in-familie-si-in-gradinita\/#article","isPartOf":{"@id":"https:\/\/mhf.ro\/mm\/citeste-mi-100-de-povesti-program-national-pentru-incurajarea-lecturii-in-familie-si-in-gradinita\/"},"author":{"name":"Fodrea Iuliana Reve","@id":"https:\/\/mhf.ro\/mm\/#\/schema\/person\/17f3fed455503130cb08cdc1421f8001"},"headline":"\u201eCite\u0219te-mi 100 de pove\u0219ti!\u201d, program na\u021bional pentru \u00eencurajarea lecturii \u00een familie \u0219i \u00een gr\u0103dini\u021b\u0103","datePublished":"2021-01-20T08:30:59+00:00","mainEntityOfPage":{"@id":"https:\/\/mhf.ro\/mm\/citeste-mi-100-de-povesti-program-national-pentru-incurajarea-lecturii-in-familie-si-in-gradinita\/"},"wordCount":987,"commentCount":0,"publisher":{"@id":"https:\/\/mhf.ro\/mm\/#\/schema\/person\/a3bebf7bdb4bf12f698aff73c7e46c21"},"image":{"@id":"https:\/\/mhf.ro\/mm\/citeste-mi-100-de-povesti-program-national-pentru-incurajarea-lecturii-in-familie-si-in-gradinita\/#primaryimage"},"thumbnailUrl":"https:\/\/mhf.ro\/mm\/wp-content\/uploads\/2021\/01\/100_povesti.jpg","articleSection":["Comunicate","Diverse"],"inLanguage":"ro-RO","potentialAction":[{"@type":"CommentAction","name":"Comment","target":["https:\/\/mhf.ro\/mm\/citeste-mi-100-de-povesti-program-national-pentru-incurajarea-lecturii-in-familie-si-in-gradinita\/#respond"]}]},{"@type":"WebPage","@id":"https:\/\/mhf.ro\/mm\/citeste-mi-100-de-povesti-program-national-pentru-incurajarea-lecturii-in-familie-si-in-gradinita\/","url":"https:\/\/mhf.ro\/mm\/citeste-mi-100-de-povesti-program-national-pentru-incurajarea-lecturii-in-familie-si-in-gradinita\/","name":"\u201eCite\u0219te-mi 100 de pove\u0219ti!\u201d, program na\u021bional pentru \u00eencurajarea lecturii \u00een familie \u0219i \u00een gr\u0103dini\u021b\u0103 - MHF Photography","isPartOf":{"@id":"https:\/\/mhf.ro\/mm\/#website"},"primaryImageOfPage":{"@id":"https:\/\/mhf.ro\/mm\/citeste-mi-100-de-povesti-program-national-pentru-incurajarea-lecturii-in-familie-si-in-gradinita\/#primaryimage"},"image":{"@id":"https:\/\/mhf.ro\/mm\/citeste-mi-100-de-povesti-program-national-pentru-incurajarea-lecturii-in-familie-si-in-gradinita\/#primaryimage"},"thumbnailUrl":"https:\/\/mhf.ro\/mm\/wp-content\/uploads\/2021\/01\/100_povesti.jpg","datePublished":"2021-01-20T08:30:59+00:00","breadcrumb":{"@id":"https:\/\/mhf.ro\/mm\/citeste-mi-100-de-povesti-program-national-pentru-incurajarea-lecturii-in-familie-si-in-gradinita\/#breadcrumb"},"inLanguage":"ro-RO","potentialAction":[{"@type":"ReadAction","target":["https:\/\/mhf.ro\/mm\/citeste-mi-100-de-povesti-program-national-pentru-incurajarea-lecturii-in-familie-si-in-gradinita\/"]}]},{"@type":"ImageObject","inLanguage":"ro-RO","@id":"https:\/\/mhf.ro\/mm\/citeste-mi-100-de-povesti-program-national-pentru-incurajarea-lecturii-in-familie-si-in-gradinita\/#primaryimage","url":"https:\/\/mhf.ro\/mm\/wp-content\/uploads\/2021\/01\/100_povesti.jpg","contentUrl":"https:\/\/mhf.ro\/mm\/wp-content\/uploads\/2021\/01\/100_povesti.jpg","width":1597,"height":731},{"@type":"BreadcrumbList","@id":"https:\/\/mhf.ro\/mm\/citeste-mi-100-de-povesti-program-national-pentru-incurajarea-lecturii-in-familie-si-in-gradinita\/#breadcrumb","itemListElement":[{"@type":"ListItem","position":1,"name":"Prima pagin\u0103","item":"https:\/\/mhf.ro\/mm\/"},{"@type":"ListItem","position":2,"name":"\u201eCite\u0219te-mi 100 de pove\u0219ti!\u201d, program na\u021bional pentru \u00eencurajarea lecturii \u00een familie \u0219i \u00een gr\u0103dini\u021b\u0103"}]},{"@type":"WebSite","@id":"https:\/\/mhf.ro\/mm\/#website","url":"https:\/\/mhf.ro\/mm\/","name":"MHF Photography \u2013 Blog de fotografie, natur\u0103 \u0219i tehnic\u0103 divers\u0103","description":"Aventur\u0103 \u00een fiecare cadru.","publisher":{"@id":"https:\/\/mhf.ro\/mm\/#\/schema\/person\/a3bebf7bdb4bf12f698aff73c7e46c21"},"potentialAction":[{"@type":"SearchAction","target":{"@type":"EntryPoint","urlTemplate":"https:\/\/mhf.ro\/mm\/?s={search_term_string}"},"query-input":{"@type":"PropertyValueSpecification","valueRequired":true,"valueName":"search_term_string"}}],"inLanguage":"ro-RO"},{"@type":["Person","Organization"],"@id":"https:\/\/mhf.ro\/mm\/#\/schema\/person\/a3bebf7bdb4bf12f698aff73c7e46c21","name":"Marius Marcu","image":{"@type":"ImageObject","inLanguage":"ro-RO","@id":"https:\/\/mhf.ro\/mm\/#\/schema\/person\/image\/","url":"https:\/\/mhf.ro\/mm\/wp-content\/uploads\/2025\/12\/cropped-logo_mhf_2.png","contentUrl":"https:\/\/mhf.ro\/mm\/wp-content\/uploads\/2025\/12\/cropped-logo_mhf_2.png","width":1096,"height":457,"caption":"Marius Marcu"},"logo":{"@id":"https:\/\/mhf.ro\/mm\/#\/schema\/person\/image\/"},"sameAs":["https:\/\/mhf.ro\/mm"]},{"@type":"Person","@id":"https:\/\/mhf.ro\/mm\/#\/schema\/person\/17f3fed455503130cb08cdc1421f8001","name":"Fodrea Iuliana Reve","image":{"@type":"ImageObject","inLanguage":"ro-RO","@id":"https:\/\/mhf.ro\/mm\/#\/schema\/person\/image\/","url":"https:\/\/secure.gravatar.com\/avatar\/f6a66b0b93f1a25e8049c1c4e66e60a1a6809ab11ad60f8dcc2eaafeb7ca1580?s=96&d=monsterid&r=g","contentUrl":"https:\/\/secure.gravatar.com\/avatar\/f6a66b0b93f1a25e8049c1c4e66e60a1a6809ab11ad60f8dcc2eaafeb7ca1580?s=96&d=monsterid&r=g","caption":"Fodrea Iuliana Reve"},"sameAs":["https:\/\/mhf.ro\/mm"],"url":"https:\/\/mhf.ro\/mm\/author\/iuliana\/"}]}},"_links":{"self":[{"href":"https:\/\/mhf.ro\/mm\/wp-json\/wp\/v2\/posts\/3718","targetHints":{"allow":["GET"]}}],"collection":[{"href":"https:\/\/mhf.ro\/mm\/wp-json\/wp\/v2\/posts"}],"about":[{"href":"https:\/\/mhf.ro\/mm\/wp-json\/wp\/v2\/types\/post"}],"author":[{"embeddable":true,"href":"https:\/\/mhf.ro\/mm\/wp-json\/wp\/v2\/users\/11"}],"replies":[{"embeddable":true,"href":"https:\/\/mhf.ro\/mm\/wp-json\/wp\/v2\/comments?post=3718"}],"version-history":[{"count":1,"href":"https:\/\/mhf.ro\/mm\/wp-json\/wp\/v2\/posts\/3718\/revisions"}],"predecessor-version":[{"id":3720,"href":"https:\/\/mhf.ro\/mm\/wp-json\/wp\/v2\/posts\/3718\/revisions\/3720"}],"wp:featuredmedia":[{"embeddable":true,"href":"https:\/\/mhf.ro\/mm\/wp-json\/wp\/v2\/media\/3719"}],"wp:attachment":[{"href":"https:\/\/mhf.ro\/mm\/wp-json\/wp\/v2\/media?parent=3718"}],"wp:term":[{"taxonomy":"category","embeddable":true,"href":"https:\/\/mhf.ro\/mm\/wp-json\/wp\/v2\/categories?post=3718"},{"taxonomy":"post_tag","embeddable":true,"href":"https:\/\/mhf.ro\/mm\/wp-json\/wp\/v2\/tags?post=3718"}],"curies":[{"name":"wp","href":"https:\/\/api.w.org\/{rel}","templated":true}]}}