{"id":3725,"date":"2021-01-22T08:58:44","date_gmt":"2021-01-22T06:58:44","guid":{"rendered":"https:\/\/mhf.ro\/mm\/?p=3725"},"modified":"2021-01-22T08:58:44","modified_gmt":"2021-01-22T06:58:44","slug":"se-micsoreaza-numarul-elevilor-in-clasa","status":"publish","type":"post","link":"https:\/\/mhf.ro\/mm\/se-micsoreaza-numarul-elevilor-in-clasa\/","title":{"rendered":"Se mic\u0219oreaz\u0103 num\u0103rul elevilor \u00een clas\u0103!"},"content":{"rendered":"<div class=\"field field-name-body field-type-text-with-summary field-label-hidden\">\n<div class=\"field-items\">\n<div class=\"field-item even\">\n<p class=\"rtejustify\">Ministrul Educa\u021biei, Sorin Mihai C\u00eempeanu, a decis c\u0103 num\u0103rul de elevi \u00een clasele de \u00eenceput de ciclu, \u00een \u00eenv\u0103\u021b\u0103m\u00e2ntul liceal cu frecven\u021b\u0103 &#8211; zi, se va reduce:<\/p>\n<p class=\"rtejustify\">&#8211; <strong>de la 28 la 24 de elevi \u00een clas\u0103<\/strong> pentru filiera tehnologic\u0103 \u0219i \u00eenv\u0103\u021b\u0103m\u00e2ntul profesional, inclusiv dual, precum \u015fi pentru filiera voca\u021bional\u0103 &#8211; profil sportiv, teologic, pedagogic \u015fi \u00eenv\u0103\u021b\u0103m\u00e2ntul liceal de art\u0103;<\/p>\n<p class=\"rtejustify\">&#8211; <strong>de la 28 la 26 de elevi<\/strong> \u00een clas\u0103 pentru filiera teoretic\u0103.<\/p>\n<p class=\"rtejustify\">Joi, 21 ianuarie 2021 a fost transmis la Monitorul Oficial ordinul de ministru pentru aprobarea Metodologiei privind fundamentarea cifrei de \u0219colarizare pentru \u00eenv\u0103\u021b\u0103m\u00e2ntul preuniversitar de stat, eviden\u021ba efectivelor de pre\u0219colari \u0219i elevi \u0219colariza\u021bi \u00een unit\u0103\u021bile de \u00eenv\u0103\u021b\u0103m\u00e2nt particular, precum \u0219i emiterea avizului conform \u00een vederea organiz\u0103rii re\u021belei unit\u0103\u021bilor de \u00eenv\u0103\u021b\u0103m\u00e2nt preuniversitar pentru anul \u0219colar 2021-2022. Astfel, decizia de ast\u0103zi modific\u0103 ordinul de ministru nr. 5.599\/2020.<\/p>\n<p class=\"rtejustify\">Av\u00e2nd \u00een vedere modific\u0103rile promovate, activit\u0103\u021bile specifice mobilit\u0103\u021bii personalului didactic de predare din \u00eenv\u0103\u021b\u0103m\u00e2ntul preuniversitar (privind constituirea, \u00eencadrarea \u015fi vacantarea posturilor didactice\/catedrelor din unit\u0103\u021bile de \u00eenv\u0103\u021b\u0103m\u00e2nt preuniversitar) au fost decalate corespunz\u0103tor.<\/p>\n<p class=\"rtejustify\">Astfel, inspectoratele \u0219colare vor transmite p\u00e2n\u0103 la data de 1 februarie 2021, la Ministerul Educa\u021biei, proiectele planurilor de \u0219colarizare revizuite conform noilor reglement\u0103ri, \u00een vederea fundament\u0103rii cifrei de \u0219colarizare pentru \u00eenv\u0103\u021b\u0103m\u00e2ntul preuniversitar de stat.<\/p>\n<p class=\"rtejustify\">Aceast\u0103 m\u0103sur\u0103 se constituie \u00eentr-un pas concret \u00een direc\u021bia <em>Rom\u00e2niei Educate<\/em>.<\/p>\n<\/div>\n<\/div>\n<\/div>\n","protected":false},"excerpt":{"rendered":"<p>Ministrul Educa\u021biei, Sorin Mihai C\u00eempeanu, a decis c\u0103 num\u0103rul de elevi \u00een clasele de \u00eenceput de ciclu, \u00een \u00eenv\u0103\u021b\u0103m\u00e2ntul liceal<\/p>\n","protected":false},"author":11,"featured_media":3726,"comment_status":"open","ping_status":"open","sticky":false,"template":"","format":"standard","meta":{"colormag_page_container_layout":"default_layout","colormag_page_sidebar_layout":"default_layout","footnotes":""},"categories":[32,8],"tags":[],"class_list":["post-3725","post","type-post","status-publish","format-standard","has-post-thumbnail","hentry","category-comunicate","category-div"],"yoast_head":"<!-- This site is optimized with the Yoast SEO plugin v27.0 - https:\/\/yoast.com\/product\/yoast-seo-wordpress\/ -->\n<title>Se mic\u0219oreaz\u0103 num\u0103rul elevilor \u00een clas\u0103! - MHF Photography<\/title>\n<meta name=\"description\" content=\"Ministrul Educa\u021biei, Sorin Mihai C\u00eempeanu, a decis c\u0103 num\u0103rul de elevi \u00een clasele de \u00eenceput de ciclu, \u00een \u00eenv\u0103\u021b\u0103m\u00e2ntul liceal cu frecven\u021b\u0103\" \/>\n<meta name=\"robots\" content=\"index, follow, max-snippet:-1, max-image-preview:large, max-video-preview:-1\" \/>\n<link rel=\"canonical\" href=\"https:\/\/mhf.ro\/mm\/se-micsoreaza-numarul-elevilor-in-clasa\/\" \/>\n<meta property=\"og:locale\" content=\"ro_RO\" \/>\n<meta property=\"og:type\" content=\"article\" \/>\n<meta property=\"og:title\" content=\"Se mic\u0219oreaz\u0103 num\u0103rul elevilor \u00een clas\u0103! - MHF Photography\" \/>\n<meta property=\"og:description\" content=\"Ministrul Educa\u021biei, Sorin Mihai C\u00eempeanu, a decis c\u0103 num\u0103rul de elevi \u00een clasele de \u00eenceput de ciclu, \u00een \u00eenv\u0103\u021b\u0103m\u00e2ntul liceal cu frecven\u021b\u0103\" \/>\n<meta property=\"og:url\" content=\"https:\/\/mhf.ro\/mm\/se-micsoreaza-numarul-elevilor-in-clasa\/\" \/>\n<meta property=\"og:site_name\" content=\"MHF Photography\" \/>\n<meta property=\"article:published_time\" content=\"2021-01-22T06:58:44+00:00\" \/>\n<meta property=\"og:image\" content=\"https:\/\/mhf.ro\/mm\/wp-content\/uploads\/2021\/01\/studenti_14.jpg\" \/>\n\t<meta property=\"og:image:width\" content=\"1280\" \/>\n\t<meta property=\"og:image:height\" content=\"856\" \/>\n\t<meta property=\"og:image:type\" content=\"image\/jpeg\" \/>\n<meta name=\"author\" content=\"Fodrea Iuliana Reve\" \/>\n<meta name=\"twitter:card\" content=\"summary_large_image\" \/>\n<meta name=\"twitter:label1\" content=\"Scris de\" \/>\n\t<meta name=\"twitter:data1\" content=\"Fodrea Iuliana Reve\" \/>\n\t<meta name=\"twitter:label2\" content=\"Timp estimat pentru citire\" \/>\n\t<meta name=\"twitter:data2\" content=\"1 minut\" \/>\n<script type=\"application\/ld+json\" class=\"yoast-schema-graph\">{\"@context\":\"https:\/\/schema.org\",\"@graph\":[{\"@type\":\"Article\",\"@id\":\"https:\/\/mhf.ro\/mm\/se-micsoreaza-numarul-elevilor-in-clasa\/#article\",\"isPartOf\":{\"@id\":\"https:\/\/mhf.ro\/mm\/se-micsoreaza-numarul-elevilor-in-clasa\/\"},\"author\":{\"name\":\"Fodrea Iuliana Reve\",\"@id\":\"https:\/\/mhf.ro\/mm\/#\/schema\/person\/17f3fed455503130cb08cdc1421f8001\"},\"headline\":\"Se mic\u0219oreaz\u0103 num\u0103rul elevilor \u00een clas\u0103!\",\"datePublished\":\"2021-01-22T06:58:44+00:00\",\"mainEntityOfPage\":{\"@id\":\"https:\/\/mhf.ro\/mm\/se-micsoreaza-numarul-elevilor-in-clasa\/\"},\"wordCount\":257,\"commentCount\":0,\"publisher\":{\"@id\":\"https:\/\/mhf.ro\/mm\/#\/schema\/person\/a3bebf7bdb4bf12f698aff73c7e46c21\"},\"image\":{\"@id\":\"https:\/\/mhf.ro\/mm\/se-micsoreaza-numarul-elevilor-in-clasa\/#primaryimage\"},\"thumbnailUrl\":\"https:\/\/mhf.ro\/mm\/wp-content\/uploads\/2021\/01\/studenti_14.jpg\",\"articleSection\":[\"Comunicate\",\"Diverse\"],\"inLanguage\":\"ro-RO\",\"potentialAction\":[{\"@type\":\"CommentAction\",\"name\":\"Comment\",\"target\":[\"https:\/\/mhf.ro\/mm\/se-micsoreaza-numarul-elevilor-in-clasa\/#respond\"]}]},{\"@type\":\"WebPage\",\"@id\":\"https:\/\/mhf.ro\/mm\/se-micsoreaza-numarul-elevilor-in-clasa\/\",\"url\":\"https:\/\/mhf.ro\/mm\/se-micsoreaza-numarul-elevilor-in-clasa\/\",\"name\":\"Se mic\u0219oreaz\u0103 num\u0103rul elevilor \u00een clas\u0103! - MHF Photography\",\"isPartOf\":{\"@id\":\"https:\/\/mhf.ro\/mm\/#website\"},\"primaryImageOfPage\":{\"@id\":\"https:\/\/mhf.ro\/mm\/se-micsoreaza-numarul-elevilor-in-clasa\/#primaryimage\"},\"image\":{\"@id\":\"https:\/\/mhf.ro\/mm\/se-micsoreaza-numarul-elevilor-in-clasa\/#primaryimage\"},\"thumbnailUrl\":\"https:\/\/mhf.ro\/mm\/wp-content\/uploads\/2021\/01\/studenti_14.jpg\",\"datePublished\":\"2021-01-22T06:58:44+00:00\",\"description\":\"Ministrul Educa\u021biei, Sorin Mihai C\u00eempeanu, a decis c\u0103 num\u0103rul de elevi \u00een clasele de \u00eenceput de ciclu, \u00een \u00eenv\u0103\u021b\u0103m\u00e2ntul liceal cu frecven\u021b\u0103\",\"breadcrumb\":{\"@id\":\"https:\/\/mhf.ro\/mm\/se-micsoreaza-numarul-elevilor-in-clasa\/#breadcrumb\"},\"inLanguage\":\"ro-RO\",\"potentialAction\":[{\"@type\":\"ReadAction\",\"target\":[\"https:\/\/mhf.ro\/mm\/se-micsoreaza-numarul-elevilor-in-clasa\/\"]}]},{\"@type\":\"ImageObject\",\"inLanguage\":\"ro-RO\",\"@id\":\"https:\/\/mhf.ro\/mm\/se-micsoreaza-numarul-elevilor-in-clasa\/#primaryimage\",\"url\":\"https:\/\/mhf.ro\/mm\/wp-content\/uploads\/2021\/01\/studenti_14.jpg\",\"contentUrl\":\"https:\/\/mhf.ro\/mm\/wp-content\/uploads\/2021\/01\/studenti_14.jpg\",\"width\":1280,\"height\":856},{\"@type\":\"BreadcrumbList\",\"@id\":\"https:\/\/mhf.ro\/mm\/se-micsoreaza-numarul-elevilor-in-clasa\/#breadcrumb\",\"itemListElement\":[{\"@type\":\"ListItem\",\"position\":1,\"name\":\"Prima pagin\u0103\",\"item\":\"https:\/\/mhf.ro\/mm\/\"},{\"@type\":\"ListItem\",\"position\":2,\"name\":\"Se mic\u0219oreaz\u0103 num\u0103rul elevilor \u00een clas\u0103!\"}]},{\"@type\":\"WebSite\",\"@id\":\"https:\/\/mhf.ro\/mm\/#website\",\"url\":\"https:\/\/mhf.ro\/mm\/\",\"name\":\"MHF Photography \u2013 Blog de fotografie, natur\u0103 \u0219i tehnic\u0103 divers\u0103\",\"description\":\"Aventur\u0103 \u00een fiecare cadru.\",\"publisher\":{\"@id\":\"https:\/\/mhf.ro\/mm\/#\/schema\/person\/a3bebf7bdb4bf12f698aff73c7e46c21\"},\"potentialAction\":[{\"@type\":\"SearchAction\",\"target\":{\"@type\":\"EntryPoint\",\"urlTemplate\":\"https:\/\/mhf.ro\/mm\/?s={search_term_string}\"},\"query-input\":{\"@type\":\"PropertyValueSpecification\",\"valueRequired\":true,\"valueName\":\"search_term_string\"}}],\"inLanguage\":\"ro-RO\"},{\"@type\":[\"Person\",\"Organization\"],\"@id\":\"https:\/\/mhf.ro\/mm\/#\/schema\/person\/a3bebf7bdb4bf12f698aff73c7e46c21\",\"name\":\"Marius Marcu\",\"image\":{\"@type\":\"ImageObject\",\"inLanguage\":\"ro-RO\",\"@id\":\"https:\/\/mhf.ro\/mm\/#\/schema\/person\/image\/\",\"url\":\"https:\/\/mhf.ro\/mm\/wp-content\/uploads\/2025\/12\/cropped-logo_mhf_2.png\",\"contentUrl\":\"https:\/\/mhf.ro\/mm\/wp-content\/uploads\/2025\/12\/cropped-logo_mhf_2.png\",\"width\":1096,\"height\":457,\"caption\":\"Marius Marcu\"},\"logo\":{\"@id\":\"https:\/\/mhf.ro\/mm\/#\/schema\/person\/image\/\"},\"sameAs\":[\"https:\/\/mhf.ro\/mm\"]},{\"@type\":\"Person\",\"@id\":\"https:\/\/mhf.ro\/mm\/#\/schema\/person\/17f3fed455503130cb08cdc1421f8001\",\"name\":\"Fodrea Iuliana Reve\",\"image\":{\"@type\":\"ImageObject\",\"inLanguage\":\"ro-RO\",\"@id\":\"https:\/\/mhf.ro\/mm\/#\/schema\/person\/image\/\",\"url\":\"https:\/\/secure.gravatar.com\/avatar\/f6a66b0b93f1a25e8049c1c4e66e60a1a6809ab11ad60f8dcc2eaafeb7ca1580?s=96&d=monsterid&r=g\",\"contentUrl\":\"https:\/\/secure.gravatar.com\/avatar\/f6a66b0b93f1a25e8049c1c4e66e60a1a6809ab11ad60f8dcc2eaafeb7ca1580?s=96&d=monsterid&r=g\",\"caption\":\"Fodrea Iuliana Reve\"},\"sameAs\":[\"https:\/\/mhf.ro\/mm\"],\"url\":\"https:\/\/mhf.ro\/mm\/author\/iuliana\/\"}]}<\/script>\n<!-- \/ Yoast SEO plugin. -->","yoast_head_json":{"title":"Se mic\u0219oreaz\u0103 num\u0103rul elevilor \u00een clas\u0103! - MHF Photography","description":"Ministrul Educa\u021biei, Sorin Mihai C\u00eempeanu, a decis c\u0103 num\u0103rul de elevi \u00een clasele de \u00eenceput de ciclu, \u00een \u00eenv\u0103\u021b\u0103m\u00e2ntul liceal cu frecven\u021b\u0103","robots":{"index":"index","follow":"follow","max-snippet":"max-snippet:-1","max-image-preview":"max-image-preview:large","max-video-preview":"max-video-preview:-1"},"canonical":"https:\/\/mhf.ro\/mm\/se-micsoreaza-numarul-elevilor-in-clasa\/","og_locale":"ro_RO","og_type":"article","og_title":"Se mic\u0219oreaz\u0103 num\u0103rul elevilor \u00een clas\u0103! - MHF Photography","og_description":"Ministrul Educa\u021biei, Sorin Mihai C\u00eempeanu, a decis c\u0103 num\u0103rul de elevi \u00een clasele de \u00eenceput de ciclu, \u00een \u00eenv\u0103\u021b\u0103m\u00e2ntul liceal cu frecven\u021b\u0103","og_url":"https:\/\/mhf.ro\/mm\/se-micsoreaza-numarul-elevilor-in-clasa\/","og_site_name":"MHF Photography","article_published_time":"2021-01-22T06:58:44+00:00","og_image":[{"width":1280,"height":856,"url":"https:\/\/mhf.ro\/mm\/wp-content\/uploads\/2021\/01\/studenti_14.jpg","type":"image\/jpeg"}],"author":"Fodrea Iuliana Reve","twitter_card":"summary_large_image","twitter_misc":{"Scris de":"Fodrea Iuliana Reve","Timp estimat pentru citire":"1 minut"},"schema":{"@context":"https:\/\/schema.org","@graph":[{"@type":"Article","@id":"https:\/\/mhf.ro\/mm\/se-micsoreaza-numarul-elevilor-in-clasa\/#article","isPartOf":{"@id":"https:\/\/mhf.ro\/mm\/se-micsoreaza-numarul-elevilor-in-clasa\/"},"author":{"name":"Fodrea Iuliana Reve","@id":"https:\/\/mhf.ro\/mm\/#\/schema\/person\/17f3fed455503130cb08cdc1421f8001"},"headline":"Se mic\u0219oreaz\u0103 num\u0103rul elevilor \u00een clas\u0103!","datePublished":"2021-01-22T06:58:44+00:00","mainEntityOfPage":{"@id":"https:\/\/mhf.ro\/mm\/se-micsoreaza-numarul-elevilor-in-clasa\/"},"wordCount":257,"commentCount":0,"publisher":{"@id":"https:\/\/mhf.ro\/mm\/#\/schema\/person\/a3bebf7bdb4bf12f698aff73c7e46c21"},"image":{"@id":"https:\/\/mhf.ro\/mm\/se-micsoreaza-numarul-elevilor-in-clasa\/#primaryimage"},"thumbnailUrl":"https:\/\/mhf.ro\/mm\/wp-content\/uploads\/2021\/01\/studenti_14.jpg","articleSection":["Comunicate","Diverse"],"inLanguage":"ro-RO","potentialAction":[{"@type":"CommentAction","name":"Comment","target":["https:\/\/mhf.ro\/mm\/se-micsoreaza-numarul-elevilor-in-clasa\/#respond"]}]},{"@type":"WebPage","@id":"https:\/\/mhf.ro\/mm\/se-micsoreaza-numarul-elevilor-in-clasa\/","url":"https:\/\/mhf.ro\/mm\/se-micsoreaza-numarul-elevilor-in-clasa\/","name":"Se mic\u0219oreaz\u0103 num\u0103rul elevilor \u00een clas\u0103! - MHF Photography","isPartOf":{"@id":"https:\/\/mhf.ro\/mm\/#website"},"primaryImageOfPage":{"@id":"https:\/\/mhf.ro\/mm\/se-micsoreaza-numarul-elevilor-in-clasa\/#primaryimage"},"image":{"@id":"https:\/\/mhf.ro\/mm\/se-micsoreaza-numarul-elevilor-in-clasa\/#primaryimage"},"thumbnailUrl":"https:\/\/mhf.ro\/mm\/wp-content\/uploads\/2021\/01\/studenti_14.jpg","datePublished":"2021-01-22T06:58:44+00:00","description":"Ministrul Educa\u021biei, Sorin Mihai C\u00eempeanu, a decis c\u0103 num\u0103rul de elevi \u00een clasele de \u00eenceput de ciclu, \u00een \u00eenv\u0103\u021b\u0103m\u00e2ntul liceal cu frecven\u021b\u0103","breadcrumb":{"@id":"https:\/\/mhf.ro\/mm\/se-micsoreaza-numarul-elevilor-in-clasa\/#breadcrumb"},"inLanguage":"ro-RO","potentialAction":[{"@type":"ReadAction","target":["https:\/\/mhf.ro\/mm\/se-micsoreaza-numarul-elevilor-in-clasa\/"]}]},{"@type":"ImageObject","inLanguage":"ro-RO","@id":"https:\/\/mhf.ro\/mm\/se-micsoreaza-numarul-elevilor-in-clasa\/#primaryimage","url":"https:\/\/mhf.ro\/mm\/wp-content\/uploads\/2021\/01\/studenti_14.jpg","contentUrl":"https:\/\/mhf.ro\/mm\/wp-content\/uploads\/2021\/01\/studenti_14.jpg","width":1280,"height":856},{"@type":"BreadcrumbList","@id":"https:\/\/mhf.ro\/mm\/se-micsoreaza-numarul-elevilor-in-clasa\/#breadcrumb","itemListElement":[{"@type":"ListItem","position":1,"name":"Prima pagin\u0103","item":"https:\/\/mhf.ro\/mm\/"},{"@type":"ListItem","position":2,"name":"Se mic\u0219oreaz\u0103 num\u0103rul elevilor \u00een clas\u0103!"}]},{"@type":"WebSite","@id":"https:\/\/mhf.ro\/mm\/#website","url":"https:\/\/mhf.ro\/mm\/","name":"MHF Photography \u2013 Blog de fotografie, natur\u0103 \u0219i tehnic\u0103 divers\u0103","description":"Aventur\u0103 \u00een fiecare cadru.","publisher":{"@id":"https:\/\/mhf.ro\/mm\/#\/schema\/person\/a3bebf7bdb4bf12f698aff73c7e46c21"},"potentialAction":[{"@type":"SearchAction","target":{"@type":"EntryPoint","urlTemplate":"https:\/\/mhf.ro\/mm\/?s={search_term_string}"},"query-input":{"@type":"PropertyValueSpecification","valueRequired":true,"valueName":"search_term_string"}}],"inLanguage":"ro-RO"},{"@type":["Person","Organization"],"@id":"https:\/\/mhf.ro\/mm\/#\/schema\/person\/a3bebf7bdb4bf12f698aff73c7e46c21","name":"Marius Marcu","image":{"@type":"ImageObject","inLanguage":"ro-RO","@id":"https:\/\/mhf.ro\/mm\/#\/schema\/person\/image\/","url":"https:\/\/mhf.ro\/mm\/wp-content\/uploads\/2025\/12\/cropped-logo_mhf_2.png","contentUrl":"https:\/\/mhf.ro\/mm\/wp-content\/uploads\/2025\/12\/cropped-logo_mhf_2.png","width":1096,"height":457,"caption":"Marius Marcu"},"logo":{"@id":"https:\/\/mhf.ro\/mm\/#\/schema\/person\/image\/"},"sameAs":["https:\/\/mhf.ro\/mm"]},{"@type":"Person","@id":"https:\/\/mhf.ro\/mm\/#\/schema\/person\/17f3fed455503130cb08cdc1421f8001","name":"Fodrea Iuliana Reve","image":{"@type":"ImageObject","inLanguage":"ro-RO","@id":"https:\/\/mhf.ro\/mm\/#\/schema\/person\/image\/","url":"https:\/\/secure.gravatar.com\/avatar\/f6a66b0b93f1a25e8049c1c4e66e60a1a6809ab11ad60f8dcc2eaafeb7ca1580?s=96&d=monsterid&r=g","contentUrl":"https:\/\/secure.gravatar.com\/avatar\/f6a66b0b93f1a25e8049c1c4e66e60a1a6809ab11ad60f8dcc2eaafeb7ca1580?s=96&d=monsterid&r=g","caption":"Fodrea Iuliana Reve"},"sameAs":["https:\/\/mhf.ro\/mm"],"url":"https:\/\/mhf.ro\/mm\/author\/iuliana\/"}]}},"_links":{"self":[{"href":"https:\/\/mhf.ro\/mm\/wp-json\/wp\/v2\/posts\/3725","targetHints":{"allow":["GET"]}}],"collection":[{"href":"https:\/\/mhf.ro\/mm\/wp-json\/wp\/v2\/posts"}],"about":[{"href":"https:\/\/mhf.ro\/mm\/wp-json\/wp\/v2\/types\/post"}],"author":[{"embeddable":true,"href":"https:\/\/mhf.ro\/mm\/wp-json\/wp\/v2\/users\/11"}],"replies":[{"embeddable":true,"href":"https:\/\/mhf.ro\/mm\/wp-json\/wp\/v2\/comments?post=3725"}],"version-history":[{"count":1,"href":"https:\/\/mhf.ro\/mm\/wp-json\/wp\/v2\/posts\/3725\/revisions"}],"predecessor-version":[{"id":3727,"href":"https:\/\/mhf.ro\/mm\/wp-json\/wp\/v2\/posts\/3725\/revisions\/3727"}],"wp:featuredmedia":[{"embeddable":true,"href":"https:\/\/mhf.ro\/mm\/wp-json\/wp\/v2\/media\/3726"}],"wp:attachment":[{"href":"https:\/\/mhf.ro\/mm\/wp-json\/wp\/v2\/media?parent=3725"}],"wp:term":[{"taxonomy":"category","embeddable":true,"href":"https:\/\/mhf.ro\/mm\/wp-json\/wp\/v2\/categories?post=3725"},{"taxonomy":"post_tag","embeddable":true,"href":"https:\/\/mhf.ro\/mm\/wp-json\/wp\/v2\/tags?post=3725"}],"curies":[{"name":"wp","href":"https:\/\/api.w.org\/{rel}","templated":true}]}}