{"id":3728,"date":"2021-01-22T09:07:37","date_gmt":"2021-01-22T07:07:37","guid":{"rendered":"https:\/\/mhf.ro\/mm\/?p=3728"},"modified":"2021-01-22T09:07:37","modified_gmt":"2021-01-22T07:07:37","slug":"ministrul-muncii-ii-pune-la-munca-pe-asistatii-social","status":"publish","type":"post","link":"https:\/\/mhf.ro\/mm\/ministrul-muncii-ii-pune-la-munca-pe-asistatii-social\/","title":{"rendered":"Ministrul Muncii \u00eei pune la munc\u0103 pe asista\u021bii social"},"content":{"rendered":"<p>Ministerul Muncii preg\u0103te\u0219te evaluarea ajutoarelor sociale. Raluca Turcan a anun\u021bat, joi, c\u0103 dore\u0219te identificarea beneficiarilor care se afl\u0103 \u00een situa\u021bii cu adev\u0103rat vulnerabile, fiind inap\u021bi de munc\u0103, iar pentru ceilal\u021bi se vor c\u0103uta locuri de munc\u0103.<\/p>\n<p>\u201dSuntem \u00een etapa de preg\u0103tire a campaniei na\u021bionale de evaluare a ajutoarelor sociale, care va demara \u00een cur\u00e2nd \u00een toat\u0103 \u021bara cu echipe mixte ale Agen\u021biilor jude\u021bene pentru pl\u0103\u021bi \u0219i inspec\u021bie social\u0103, Inspectoratelor teritoriale de munc\u0103 \u0219i Agen\u021biilor jude\u021bene pentru ocuparea for\u021bei de munc\u0103\u201d, anun\u021b\u0103 ministrul pe Facebook, preciz\u00e2nd c\u0103 a discutat cu reprezentan\u021bii Asocia\u021biilor Ora\u0219elor, Municipiilor \u0219i Comunelor din Rom\u00e2nia, despre obiectivele acestei campanii \u0219i despre modul de lucru.<\/p>\n<p>Conform lui Turcan, vor fi identifica\u021bi, \u00een primul r\u00e2nd, beneficiarii de ajutoare sociale care se afl\u0103 \u00een situa\u021bii cu adev\u0103rat vulnerabile, fiind inap\u021bi de munc\u0103, persoane cu v\u00e2rst\u0103 de pensionare sau care au \u00een \u00eentre\u021binere copii mici.<\/p>\n<p>\u201dPentru aceast\u0103 categorie de beneficiari, vom identifica m\u0103suri integrate de sprijin pentru a reduce gradul de vulnerabilitate\u201d, explic\u0103 ministrul.<\/p>\n<p>\u00cen al doilea r\u00e2nd, vor fi g\u0103site solu\u021bii pentru cre\u0219terea gradului de ocupare \u00een r\u00e2ndul beneficiarilor de ajutor social care pot munci.<\/p>\n<p>\u201dCa un exemplu, \u00een acest moment, 30% din totalul locurilor de munc\u0103 neocupate sunt adresate muncitorilor necalifica\u021bi. Pia\u021ba muncii ar putea absorbi o parte din persoanele apte de munc\u0103 din cele aproximativ 170 000 care primesc venit minim garantat, \u00een Rom\u00e2nia\u201d, consider\u0103 ministrul Muncii. (conf. jurnalist.ro)<\/p>\n","protected":false},"excerpt":{"rendered":"<p>Ministerul Muncii preg\u0103te\u0219te evaluarea ajutoarelor sociale. Raluca Turcan a anun\u021bat, joi, c\u0103 dore\u0219te identificarea beneficiarilor care se afl\u0103 \u00een situa\u021bii<\/p>\n","protected":false},"author":1,"featured_media":3729,"comment_status":"open","ping_status":"open","sticky":false,"template":"","format":"standard","meta":{"colormag_page_container_layout":"default_layout","colormag_page_sidebar_layout":"default_layout","footnotes":""},"categories":[32,5],"tags":[],"class_list":["post-3728","post","type-post","status-publish","format-standard","has-post-thumbnail","hentry","category-comunicate","category-locale"],"yoast_head":"<!-- This site is optimized with the Yoast SEO plugin v27.0 - https:\/\/yoast.com\/product\/yoast-seo-wordpress\/ -->\n<title>Ministrul Muncii \u00eei pune la munc\u0103 pe asista\u021bii social - MHF Photography<\/title>\n<meta name=\"description\" content=\"Suntem \u00een etapa de preg\u0103tire a campaniei na\u021bionale de evaluare a ajutoarelor sociale, care va demara \u00een cur\u00e2nd \u00een toat\u0103 \u021bara cu echipe mixte\" \/>\n<meta name=\"robots\" content=\"index, follow, max-snippet:-1, max-image-preview:large, max-video-preview:-1\" \/>\n<link rel=\"canonical\" href=\"https:\/\/mhf.ro\/mm\/ministrul-muncii-ii-pune-la-munca-pe-asistatii-social\/\" \/>\n<meta property=\"og:locale\" content=\"ro_RO\" \/>\n<meta property=\"og:type\" content=\"article\" \/>\n<meta property=\"og:title\" content=\"Ministrul Muncii \u00eei pune la munc\u0103 pe asista\u021bii social - MHF Photography\" \/>\n<meta property=\"og:description\" content=\"Suntem \u00een etapa de preg\u0103tire a campaniei na\u021bionale de evaluare a ajutoarelor sociale, care va demara \u00een cur\u00e2nd \u00een toat\u0103 \u021bara cu echipe mixte\" \/>\n<meta property=\"og:url\" content=\"https:\/\/mhf.ro\/mm\/ministrul-muncii-ii-pune-la-munca-pe-asistatii-social\/\" \/>\n<meta property=\"og:site_name\" content=\"MHF Photography\" \/>\n<meta property=\"article:published_time\" content=\"2021-01-22T07:07:37+00:00\" \/>\n<meta property=\"og:image\" content=\"https:\/\/mhf.ro\/mm\/wp-content\/uploads\/2021\/01\/cersetor_2.jpg\" \/>\n\t<meta property=\"og:image:width\" content=\"1280\" \/>\n\t<meta property=\"og:image:height\" content=\"853\" \/>\n\t<meta property=\"og:image:type\" content=\"image\/jpeg\" \/>\n<meta name=\"author\" content=\"Marius Marcu\" \/>\n<meta name=\"twitter:card\" content=\"summary_large_image\" \/>\n<meta name=\"twitter:label1\" content=\"Scris de\" \/>\n\t<meta name=\"twitter:data1\" content=\"Marius Marcu\" \/>\n\t<meta name=\"twitter:label2\" content=\"Timp estimat pentru citire\" \/>\n\t<meta name=\"twitter:data2\" content=\"2 minute\" \/>\n<script type=\"application\/ld+json\" class=\"yoast-schema-graph\">{\"@context\":\"https:\/\/schema.org\",\"@graph\":[{\"@type\":\"Article\",\"@id\":\"https:\/\/mhf.ro\/mm\/ministrul-muncii-ii-pune-la-munca-pe-asistatii-social\/#article\",\"isPartOf\":{\"@id\":\"https:\/\/mhf.ro\/mm\/ministrul-muncii-ii-pune-la-munca-pe-asistatii-social\/\"},\"author\":{\"name\":\"Marius Marcu\",\"@id\":\"https:\/\/mhf.ro\/mm\/#\/schema\/person\/a3bebf7bdb4bf12f698aff73c7e46c21\"},\"headline\":\"Ministrul Muncii \u00eei pune la munc\u0103 pe asista\u021bii social\",\"datePublished\":\"2021-01-22T07:07:37+00:00\",\"mainEntityOfPage\":{\"@id\":\"https:\/\/mhf.ro\/mm\/ministrul-muncii-ii-pune-la-munca-pe-asistatii-social\/\"},\"wordCount\":278,\"commentCount\":0,\"publisher\":{\"@id\":\"https:\/\/mhf.ro\/mm\/#\/schema\/person\/a3bebf7bdb4bf12f698aff73c7e46c21\"},\"image\":{\"@id\":\"https:\/\/mhf.ro\/mm\/ministrul-muncii-ii-pune-la-munca-pe-asistatii-social\/#primaryimage\"},\"thumbnailUrl\":\"https:\/\/mhf.ro\/mm\/wp-content\/uploads\/2021\/01\/cersetor_2.jpg\",\"articleSection\":[\"Comunicate\",\"Locale\"],\"inLanguage\":\"ro-RO\",\"potentialAction\":[{\"@type\":\"CommentAction\",\"name\":\"Comment\",\"target\":[\"https:\/\/mhf.ro\/mm\/ministrul-muncii-ii-pune-la-munca-pe-asistatii-social\/#respond\"]}]},{\"@type\":\"WebPage\",\"@id\":\"https:\/\/mhf.ro\/mm\/ministrul-muncii-ii-pune-la-munca-pe-asistatii-social\/\",\"url\":\"https:\/\/mhf.ro\/mm\/ministrul-muncii-ii-pune-la-munca-pe-asistatii-social\/\",\"name\":\"Ministrul Muncii \u00eei pune la munc\u0103 pe asista\u021bii social - MHF Photography\",\"isPartOf\":{\"@id\":\"https:\/\/mhf.ro\/mm\/#website\"},\"primaryImageOfPage\":{\"@id\":\"https:\/\/mhf.ro\/mm\/ministrul-muncii-ii-pune-la-munca-pe-asistatii-social\/#primaryimage\"},\"image\":{\"@id\":\"https:\/\/mhf.ro\/mm\/ministrul-muncii-ii-pune-la-munca-pe-asistatii-social\/#primaryimage\"},\"thumbnailUrl\":\"https:\/\/mhf.ro\/mm\/wp-content\/uploads\/2021\/01\/cersetor_2.jpg\",\"datePublished\":\"2021-01-22T07:07:37+00:00\",\"description\":\"Suntem \u00een etapa de preg\u0103tire a campaniei na\u021bionale de evaluare a ajutoarelor sociale, care va demara \u00een cur\u00e2nd \u00een toat\u0103 \u021bara cu echipe mixte\",\"breadcrumb\":{\"@id\":\"https:\/\/mhf.ro\/mm\/ministrul-muncii-ii-pune-la-munca-pe-asistatii-social\/#breadcrumb\"},\"inLanguage\":\"ro-RO\",\"potentialAction\":[{\"@type\":\"ReadAction\",\"target\":[\"https:\/\/mhf.ro\/mm\/ministrul-muncii-ii-pune-la-munca-pe-asistatii-social\/\"]}]},{\"@type\":\"ImageObject\",\"inLanguage\":\"ro-RO\",\"@id\":\"https:\/\/mhf.ro\/mm\/ministrul-muncii-ii-pune-la-munca-pe-asistatii-social\/#primaryimage\",\"url\":\"https:\/\/mhf.ro\/mm\/wp-content\/uploads\/2021\/01\/cersetor_2.jpg\",\"contentUrl\":\"https:\/\/mhf.ro\/mm\/wp-content\/uploads\/2021\/01\/cersetor_2.jpg\",\"width\":1280,\"height\":853},{\"@type\":\"BreadcrumbList\",\"@id\":\"https:\/\/mhf.ro\/mm\/ministrul-muncii-ii-pune-la-munca-pe-asistatii-social\/#breadcrumb\",\"itemListElement\":[{\"@type\":\"ListItem\",\"position\":1,\"name\":\"Prima pagin\u0103\",\"item\":\"https:\/\/mhf.ro\/mm\/\"},{\"@type\":\"ListItem\",\"position\":2,\"name\":\"Ministrul Muncii \u00eei pune la munc\u0103 pe asista\u021bii social\"}]},{\"@type\":\"WebSite\",\"@id\":\"https:\/\/mhf.ro\/mm\/#website\",\"url\":\"https:\/\/mhf.ro\/mm\/\",\"name\":\"MHF Photography \u2013 Blog de fotografie, natur\u0103 \u0219i tehnic\u0103 divers\u0103\",\"description\":\"Aventur\u0103 \u00een fiecare cadru.\",\"publisher\":{\"@id\":\"https:\/\/mhf.ro\/mm\/#\/schema\/person\/a3bebf7bdb4bf12f698aff73c7e46c21\"},\"potentialAction\":[{\"@type\":\"SearchAction\",\"target\":{\"@type\":\"EntryPoint\",\"urlTemplate\":\"https:\/\/mhf.ro\/mm\/?s={search_term_string}\"},\"query-input\":{\"@type\":\"PropertyValueSpecification\",\"valueRequired\":true,\"valueName\":\"search_term_string\"}}],\"inLanguage\":\"ro-RO\"},{\"@type\":[\"Person\",\"Organization\"],\"@id\":\"https:\/\/mhf.ro\/mm\/#\/schema\/person\/a3bebf7bdb4bf12f698aff73c7e46c21\",\"name\":\"Marius Marcu\",\"image\":{\"@type\":\"ImageObject\",\"inLanguage\":\"ro-RO\",\"@id\":\"https:\/\/mhf.ro\/mm\/#\/schema\/person\/image\/\",\"url\":\"https:\/\/mhf.ro\/mm\/wp-content\/uploads\/2025\/12\/cropped-logo_mhf_2.png\",\"contentUrl\":\"https:\/\/mhf.ro\/mm\/wp-content\/uploads\/2025\/12\/cropped-logo_mhf_2.png\",\"width\":1096,\"height\":457,\"caption\":\"Marius Marcu\"},\"logo\":{\"@id\":\"https:\/\/mhf.ro\/mm\/#\/schema\/person\/image\/\"},\"sameAs\":[\"https:\/\/mhf.ro\/mm\"],\"url\":\"https:\/\/mhf.ro\/mm\/author\/mihai\/\"}]}<\/script>\n<!-- \/ Yoast SEO plugin. -->","yoast_head_json":{"title":"Ministrul Muncii \u00eei pune la munc\u0103 pe asista\u021bii social - MHF Photography","description":"Suntem \u00een etapa de preg\u0103tire a campaniei na\u021bionale de evaluare a ajutoarelor sociale, care va demara \u00een cur\u00e2nd \u00een toat\u0103 \u021bara cu echipe mixte","robots":{"index":"index","follow":"follow","max-snippet":"max-snippet:-1","max-image-preview":"max-image-preview:large","max-video-preview":"max-video-preview:-1"},"canonical":"https:\/\/mhf.ro\/mm\/ministrul-muncii-ii-pune-la-munca-pe-asistatii-social\/","og_locale":"ro_RO","og_type":"article","og_title":"Ministrul Muncii \u00eei pune la munc\u0103 pe asista\u021bii social - MHF Photography","og_description":"Suntem \u00een etapa de preg\u0103tire a campaniei na\u021bionale de evaluare a ajutoarelor sociale, care va demara \u00een cur\u00e2nd \u00een toat\u0103 \u021bara cu echipe mixte","og_url":"https:\/\/mhf.ro\/mm\/ministrul-muncii-ii-pune-la-munca-pe-asistatii-social\/","og_site_name":"MHF Photography","article_published_time":"2021-01-22T07:07:37+00:00","og_image":[{"width":1280,"height":853,"url":"https:\/\/mhf.ro\/mm\/wp-content\/uploads\/2021\/01\/cersetor_2.jpg","type":"image\/jpeg"}],"author":"Marius Marcu","twitter_card":"summary_large_image","twitter_misc":{"Scris de":"Marius Marcu","Timp estimat pentru citire":"2 minute"},"schema":{"@context":"https:\/\/schema.org","@graph":[{"@type":"Article","@id":"https:\/\/mhf.ro\/mm\/ministrul-muncii-ii-pune-la-munca-pe-asistatii-social\/#article","isPartOf":{"@id":"https:\/\/mhf.ro\/mm\/ministrul-muncii-ii-pune-la-munca-pe-asistatii-social\/"},"author":{"name":"Marius Marcu","@id":"https:\/\/mhf.ro\/mm\/#\/schema\/person\/a3bebf7bdb4bf12f698aff73c7e46c21"},"headline":"Ministrul Muncii \u00eei pune la munc\u0103 pe asista\u021bii social","datePublished":"2021-01-22T07:07:37+00:00","mainEntityOfPage":{"@id":"https:\/\/mhf.ro\/mm\/ministrul-muncii-ii-pune-la-munca-pe-asistatii-social\/"},"wordCount":278,"commentCount":0,"publisher":{"@id":"https:\/\/mhf.ro\/mm\/#\/schema\/person\/a3bebf7bdb4bf12f698aff73c7e46c21"},"image":{"@id":"https:\/\/mhf.ro\/mm\/ministrul-muncii-ii-pune-la-munca-pe-asistatii-social\/#primaryimage"},"thumbnailUrl":"https:\/\/mhf.ro\/mm\/wp-content\/uploads\/2021\/01\/cersetor_2.jpg","articleSection":["Comunicate","Locale"],"inLanguage":"ro-RO","potentialAction":[{"@type":"CommentAction","name":"Comment","target":["https:\/\/mhf.ro\/mm\/ministrul-muncii-ii-pune-la-munca-pe-asistatii-social\/#respond"]}]},{"@type":"WebPage","@id":"https:\/\/mhf.ro\/mm\/ministrul-muncii-ii-pune-la-munca-pe-asistatii-social\/","url":"https:\/\/mhf.ro\/mm\/ministrul-muncii-ii-pune-la-munca-pe-asistatii-social\/","name":"Ministrul Muncii \u00eei pune la munc\u0103 pe asista\u021bii social - MHF Photography","isPartOf":{"@id":"https:\/\/mhf.ro\/mm\/#website"},"primaryImageOfPage":{"@id":"https:\/\/mhf.ro\/mm\/ministrul-muncii-ii-pune-la-munca-pe-asistatii-social\/#primaryimage"},"image":{"@id":"https:\/\/mhf.ro\/mm\/ministrul-muncii-ii-pune-la-munca-pe-asistatii-social\/#primaryimage"},"thumbnailUrl":"https:\/\/mhf.ro\/mm\/wp-content\/uploads\/2021\/01\/cersetor_2.jpg","datePublished":"2021-01-22T07:07:37+00:00","description":"Suntem \u00een etapa de preg\u0103tire a campaniei na\u021bionale de evaluare a ajutoarelor sociale, care va demara \u00een cur\u00e2nd \u00een toat\u0103 \u021bara cu echipe mixte","breadcrumb":{"@id":"https:\/\/mhf.ro\/mm\/ministrul-muncii-ii-pune-la-munca-pe-asistatii-social\/#breadcrumb"},"inLanguage":"ro-RO","potentialAction":[{"@type":"ReadAction","target":["https:\/\/mhf.ro\/mm\/ministrul-muncii-ii-pune-la-munca-pe-asistatii-social\/"]}]},{"@type":"ImageObject","inLanguage":"ro-RO","@id":"https:\/\/mhf.ro\/mm\/ministrul-muncii-ii-pune-la-munca-pe-asistatii-social\/#primaryimage","url":"https:\/\/mhf.ro\/mm\/wp-content\/uploads\/2021\/01\/cersetor_2.jpg","contentUrl":"https:\/\/mhf.ro\/mm\/wp-content\/uploads\/2021\/01\/cersetor_2.jpg","width":1280,"height":853},{"@type":"BreadcrumbList","@id":"https:\/\/mhf.ro\/mm\/ministrul-muncii-ii-pune-la-munca-pe-asistatii-social\/#breadcrumb","itemListElement":[{"@type":"ListItem","position":1,"name":"Prima pagin\u0103","item":"https:\/\/mhf.ro\/mm\/"},{"@type":"ListItem","position":2,"name":"Ministrul Muncii \u00eei pune la munc\u0103 pe asista\u021bii social"}]},{"@type":"WebSite","@id":"https:\/\/mhf.ro\/mm\/#website","url":"https:\/\/mhf.ro\/mm\/","name":"MHF Photography \u2013 Blog de fotografie, natur\u0103 \u0219i tehnic\u0103 divers\u0103","description":"Aventur\u0103 \u00een fiecare cadru.","publisher":{"@id":"https:\/\/mhf.ro\/mm\/#\/schema\/person\/a3bebf7bdb4bf12f698aff73c7e46c21"},"potentialAction":[{"@type":"SearchAction","target":{"@type":"EntryPoint","urlTemplate":"https:\/\/mhf.ro\/mm\/?s={search_term_string}"},"query-input":{"@type":"PropertyValueSpecification","valueRequired":true,"valueName":"search_term_string"}}],"inLanguage":"ro-RO"},{"@type":["Person","Organization"],"@id":"https:\/\/mhf.ro\/mm\/#\/schema\/person\/a3bebf7bdb4bf12f698aff73c7e46c21","name":"Marius Marcu","image":{"@type":"ImageObject","inLanguage":"ro-RO","@id":"https:\/\/mhf.ro\/mm\/#\/schema\/person\/image\/","url":"https:\/\/mhf.ro\/mm\/wp-content\/uploads\/2025\/12\/cropped-logo_mhf_2.png","contentUrl":"https:\/\/mhf.ro\/mm\/wp-content\/uploads\/2025\/12\/cropped-logo_mhf_2.png","width":1096,"height":457,"caption":"Marius Marcu"},"logo":{"@id":"https:\/\/mhf.ro\/mm\/#\/schema\/person\/image\/"},"sameAs":["https:\/\/mhf.ro\/mm"],"url":"https:\/\/mhf.ro\/mm\/author\/mihai\/"}]}},"_links":{"self":[{"href":"https:\/\/mhf.ro\/mm\/wp-json\/wp\/v2\/posts\/3728","targetHints":{"allow":["GET"]}}],"collection":[{"href":"https:\/\/mhf.ro\/mm\/wp-json\/wp\/v2\/posts"}],"about":[{"href":"https:\/\/mhf.ro\/mm\/wp-json\/wp\/v2\/types\/post"}],"author":[{"embeddable":true,"href":"https:\/\/mhf.ro\/mm\/wp-json\/wp\/v2\/users\/1"}],"replies":[{"embeddable":true,"href":"https:\/\/mhf.ro\/mm\/wp-json\/wp\/v2\/comments?post=3728"}],"version-history":[{"count":1,"href":"https:\/\/mhf.ro\/mm\/wp-json\/wp\/v2\/posts\/3728\/revisions"}],"predecessor-version":[{"id":3730,"href":"https:\/\/mhf.ro\/mm\/wp-json\/wp\/v2\/posts\/3728\/revisions\/3730"}],"wp:featuredmedia":[{"embeddable":true,"href":"https:\/\/mhf.ro\/mm\/wp-json\/wp\/v2\/media\/3729"}],"wp:attachment":[{"href":"https:\/\/mhf.ro\/mm\/wp-json\/wp\/v2\/media?parent=3728"}],"wp:term":[{"taxonomy":"category","embeddable":true,"href":"https:\/\/mhf.ro\/mm\/wp-json\/wp\/v2\/categories?post=3728"},{"taxonomy":"post_tag","embeddable":true,"href":"https:\/\/mhf.ro\/mm\/wp-json\/wp\/v2\/tags?post=3728"}],"curies":[{"name":"wp","href":"https:\/\/api.w.org\/{rel}","templated":true}]}}