{"id":3755,"date":"2021-01-26T17:42:29","date_gmt":"2021-01-26T15:42:29","guid":{"rendered":"https:\/\/mhf.ro\/mm\/?p=3755"},"modified":"2021-01-26T17:42:29","modified_gmt":"2021-01-26T15:42:29","slug":"cnair-a-desemnat-castigatorul-pentru-realizarea-lucrarilor-de-reabilitare-a-podului-de-la-cernavoda","status":"publish","type":"post","link":"https:\/\/mhf.ro\/mm\/cnair-a-desemnat-castigatorul-pentru-realizarea-lucrarilor-de-reabilitare-a-podului-de-la-cernavoda\/","title":{"rendered":"CNAIR a desemnat c\u00e2\u0219tig\u0103torul pentru realizarea lucr\u0103rilor de reabilitare a Podului de la Cernavod\u0103"},"content":{"rendered":"<div class=\"field field-name-body field-type-text-with-summary field-label-hidden\">\n<div class=\"field-items\">\n<div class=\"field-item even\">\n<p>Luni, 25 ianuarie 2021, CNAIR a desemnat c\u00e2\u0219tig\u0103torul procedurii de atribuire a contractului av\u00e2nd ca obiect\u00a0<em>\u201c<strong>Realizarea Lucr<\/strong><\/em><strong><em>\u0103<\/em><\/strong><strong><em>rilor de Reabilitare a Podului de la Cernavod\u0103, situat pe Autostrada A2, la km 157+600<\/em><\/strong><em>\u201d<\/em>.<\/p>\n<p>Ofertantul desemnat c\u00e2\u0219tig\u0103tor este\u00a0SC MARISTAR COM SRL, cu pre\u0163ul de\u00a0<strong>66,847,689.39 Lei f\u0103r\u0103 TVA.<\/strong><\/p>\n<p>Contractul de execu\u021bie se va putea semna dup\u0103 expirarea termenului legal de 10 zile \u00een care se pot depune contesta\u021bii.<\/p>\n<p>Durata contractului va fi de\u00a0<strong>24 luni\u00a0perioada de execu\u021bie a lucr\u0103rilor<\/strong>, iar <strong>perioada de garan\u021bie a lucr\u0103rilor va fi 60 de luni<\/strong>.<\/p>\n<p>\u00cen cadrul contractului de reabilitare\u00a0 a p\u0103r\u021bii rutiere vor fi realizate o serie de lucr\u0103ri dup\u0103 cum urmeaz\u0103: <strong>\u00eenlocuirea hidroizola\u021biei \u0219i a c\u0103ii pe partea carosabil\u0103 \u0219i trotuare, \u00eenlocuire sistem rutier,\u00a0 \u00eenlocuirea parapetului pietonal \u0219i direc\u021bional, \u00eenlocuirea rosturilor de dilata\u021bie, lucr\u0103ri de repara\u021bii cu betoane speciale \u00a0la placa de suprabetonare a viaductelor de acces \u0219i la pile, lucr\u0103ri de refacere a protec\u021biei anticorozive la structura metalic\u0103, at\u00e2t pe podul principal, c\u00e2t \u0219i pe viaductele de acces, etc.<\/strong><\/p>\n<p>Podul peste Dun\u0103re de la Cernavod\u0103\u00a0este un pod combinat de cale ferat\u0103 \u0219i \u0219osea, care traverseaz\u0103\u00a0fluviul Dun\u0103rea\u00a0\u0219i \u00eempreun\u0103 cu\u00a0podul similar de la Fete\u0219ti, conecteaz\u0103 ora\u0219ul\u00a0Bucure\u0219ti de Portul Constanta, de asemenea unind Drobogea de Muntenia prin Autostrada A2.<\/p>\n<p>Reamintim c\u0103 pe l\u00e2ng\u0103 aceast\u0103 procedur\u0103 de achizi\u021bie, CNAIR a demarat \u0219i procedura de achizi\u021bie public\u0103 ce are ca obiect <em>\u201e<strong>Realizarea lucr\u0103rilor de Reabilitare a Podului peste bra\u021bul Borcea, situat pe Autostrada A2, la km 149+680<\/strong>\u201d<\/em>, cu o valoare estimata de <strong>96.791.664,03 lei<\/strong>. Pentru aceast\u0103 procedur\u0103 comisia de evaluare analizeaz\u0103 ofertele depuse.<\/p>\n<p style=\"text-align: right\">(conf. cnadnr.ro)<\/p>\n<\/div>\n<\/div>\n<\/div>\n","protected":false},"excerpt":{"rendered":"<p>Luni, 25 ianuarie 2021, CNAIR a desemnat c\u00e2\u0219tig\u0103torul procedurii de atribuire a contractului av\u00e2nd ca obiect\u00a0\u201cRealizarea Lucr\u0103rilor de Reabilitare a<\/p>\n","protected":false},"author":11,"featured_media":3756,"comment_status":"open","ping_status":"open","sticky":false,"template":"","format":"standard","meta":{"colormag_page_container_layout":"default_layout","colormag_page_sidebar_layout":"default_layout","footnotes":""},"categories":[32,8],"tags":[],"class_list":["post-3755","post","type-post","status-publish","format-standard","has-post-thumbnail","hentry","category-comunicate","category-div"],"yoast_head":"<!-- This site is optimized with the Yoast SEO plugin v27.0 - https:\/\/yoast.com\/product\/yoast-seo-wordpress\/ -->\n<title>CNAIR a desemnat c\u00e2\u0219tig\u0103torul pentru realizarea lucr\u0103rilor de reabilitare a Podului de la Cernavod\u0103 - MHF Photography<\/title>\n<meta name=\"robots\" content=\"index, follow, max-snippet:-1, max-image-preview:large, max-video-preview:-1\" \/>\n<link rel=\"canonical\" href=\"https:\/\/mhf.ro\/mm\/cnair-a-desemnat-castigatorul-pentru-realizarea-lucrarilor-de-reabilitare-a-podului-de-la-cernavoda\/\" \/>\n<meta property=\"og:locale\" content=\"ro_RO\" \/>\n<meta property=\"og:type\" content=\"article\" \/>\n<meta property=\"og:title\" content=\"CNAIR a desemnat c\u00e2\u0219tig\u0103torul pentru realizarea lucr\u0103rilor de reabilitare a Podului de la Cernavod\u0103 - MHF Photography\" \/>\n<meta property=\"og:description\" content=\"Luni, 25 ianuarie 2021, CNAIR a desemnat c\u00e2\u0219tig\u0103torul procedurii de atribuire a contractului av\u00e2nd ca obiect\u00a0\u201cRealizarea Lucr\u0103rilor de Reabilitare a\" \/>\n<meta property=\"og:url\" content=\"https:\/\/mhf.ro\/mm\/cnair-a-desemnat-castigatorul-pentru-realizarea-lucrarilor-de-reabilitare-a-podului-de-la-cernavoda\/\" \/>\n<meta property=\"og:site_name\" content=\"MHF Photography\" \/>\n<meta property=\"article:published_time\" content=\"2021-01-26T15:42:29+00:00\" \/>\n<meta property=\"og:image\" content=\"https:\/\/mhf.ro\/mm\/wp-content\/uploads\/2021\/01\/pilon_pod.jpg\" \/>\n\t<meta property=\"og:image:width\" content=\"1280\" \/>\n\t<meta property=\"og:image:height\" content=\"853\" \/>\n\t<meta property=\"og:image:type\" content=\"image\/jpeg\" \/>\n<meta name=\"author\" content=\"Fodrea Iuliana Reve\" \/>\n<meta name=\"twitter:card\" content=\"summary_large_image\" \/>\n<meta name=\"twitter:label1\" content=\"Scris de\" \/>\n\t<meta name=\"twitter:data1\" content=\"Fodrea Iuliana Reve\" \/>\n\t<meta name=\"twitter:label2\" content=\"Timp estimat pentru citire\" \/>\n\t<meta name=\"twitter:data2\" content=\"2 minute\" \/>\n<script type=\"application\/ld+json\" class=\"yoast-schema-graph\">{\"@context\":\"https:\/\/schema.org\",\"@graph\":[{\"@type\":\"Article\",\"@id\":\"https:\/\/mhf.ro\/mm\/cnair-a-desemnat-castigatorul-pentru-realizarea-lucrarilor-de-reabilitare-a-podului-de-la-cernavoda\/#article\",\"isPartOf\":{\"@id\":\"https:\/\/mhf.ro\/mm\/cnair-a-desemnat-castigatorul-pentru-realizarea-lucrarilor-de-reabilitare-a-podului-de-la-cernavoda\/\"},\"author\":{\"name\":\"Fodrea Iuliana Reve\",\"@id\":\"https:\/\/mhf.ro\/mm\/#\/schema\/person\/17f3fed455503130cb08cdc1421f8001\"},\"headline\":\"CNAIR a desemnat c\u00e2\u0219tig\u0103torul pentru realizarea lucr\u0103rilor de reabilitare a Podului de la Cernavod\u0103\",\"datePublished\":\"2021-01-26T15:42:29+00:00\",\"mainEntityOfPage\":{\"@id\":\"https:\/\/mhf.ro\/mm\/cnair-a-desemnat-castigatorul-pentru-realizarea-lucrarilor-de-reabilitare-a-podului-de-la-cernavoda\/\"},\"wordCount\":309,\"commentCount\":0,\"publisher\":{\"@id\":\"https:\/\/mhf.ro\/mm\/#\/schema\/person\/a3bebf7bdb4bf12f698aff73c7e46c21\"},\"image\":{\"@id\":\"https:\/\/mhf.ro\/mm\/cnair-a-desemnat-castigatorul-pentru-realizarea-lucrarilor-de-reabilitare-a-podului-de-la-cernavoda\/#primaryimage\"},\"thumbnailUrl\":\"https:\/\/mhf.ro\/mm\/wp-content\/uploads\/2021\/01\/pilon_pod.jpg\",\"articleSection\":[\"Comunicate\",\"Diverse\"],\"inLanguage\":\"ro-RO\",\"potentialAction\":[{\"@type\":\"CommentAction\",\"name\":\"Comment\",\"target\":[\"https:\/\/mhf.ro\/mm\/cnair-a-desemnat-castigatorul-pentru-realizarea-lucrarilor-de-reabilitare-a-podului-de-la-cernavoda\/#respond\"]}]},{\"@type\":\"WebPage\",\"@id\":\"https:\/\/mhf.ro\/mm\/cnair-a-desemnat-castigatorul-pentru-realizarea-lucrarilor-de-reabilitare-a-podului-de-la-cernavoda\/\",\"url\":\"https:\/\/mhf.ro\/mm\/cnair-a-desemnat-castigatorul-pentru-realizarea-lucrarilor-de-reabilitare-a-podului-de-la-cernavoda\/\",\"name\":\"CNAIR a desemnat c\u00e2\u0219tig\u0103torul pentru realizarea lucr\u0103rilor de reabilitare a Podului de la Cernavod\u0103 - MHF Photography\",\"isPartOf\":{\"@id\":\"https:\/\/mhf.ro\/mm\/#website\"},\"primaryImageOfPage\":{\"@id\":\"https:\/\/mhf.ro\/mm\/cnair-a-desemnat-castigatorul-pentru-realizarea-lucrarilor-de-reabilitare-a-podului-de-la-cernavoda\/#primaryimage\"},\"image\":{\"@id\":\"https:\/\/mhf.ro\/mm\/cnair-a-desemnat-castigatorul-pentru-realizarea-lucrarilor-de-reabilitare-a-podului-de-la-cernavoda\/#primaryimage\"},\"thumbnailUrl\":\"https:\/\/mhf.ro\/mm\/wp-content\/uploads\/2021\/01\/pilon_pod.jpg\",\"datePublished\":\"2021-01-26T15:42:29+00:00\",\"breadcrumb\":{\"@id\":\"https:\/\/mhf.ro\/mm\/cnair-a-desemnat-castigatorul-pentru-realizarea-lucrarilor-de-reabilitare-a-podului-de-la-cernavoda\/#breadcrumb\"},\"inLanguage\":\"ro-RO\",\"potentialAction\":[{\"@type\":\"ReadAction\",\"target\":[\"https:\/\/mhf.ro\/mm\/cnair-a-desemnat-castigatorul-pentru-realizarea-lucrarilor-de-reabilitare-a-podului-de-la-cernavoda\/\"]}]},{\"@type\":\"ImageObject\",\"inLanguage\":\"ro-RO\",\"@id\":\"https:\/\/mhf.ro\/mm\/cnair-a-desemnat-castigatorul-pentru-realizarea-lucrarilor-de-reabilitare-a-podului-de-la-cernavoda\/#primaryimage\",\"url\":\"https:\/\/mhf.ro\/mm\/wp-content\/uploads\/2021\/01\/pilon_pod.jpg\",\"contentUrl\":\"https:\/\/mhf.ro\/mm\/wp-content\/uploads\/2021\/01\/pilon_pod.jpg\",\"width\":1280,\"height\":853},{\"@type\":\"BreadcrumbList\",\"@id\":\"https:\/\/mhf.ro\/mm\/cnair-a-desemnat-castigatorul-pentru-realizarea-lucrarilor-de-reabilitare-a-podului-de-la-cernavoda\/#breadcrumb\",\"itemListElement\":[{\"@type\":\"ListItem\",\"position\":1,\"name\":\"Prima pagin\u0103\",\"item\":\"https:\/\/mhf.ro\/mm\/\"},{\"@type\":\"ListItem\",\"position\":2,\"name\":\"CNAIR a desemnat c\u00e2\u0219tig\u0103torul pentru realizarea lucr\u0103rilor de reabilitare a Podului de la Cernavod\u0103\"}]},{\"@type\":\"WebSite\",\"@id\":\"https:\/\/mhf.ro\/mm\/#website\",\"url\":\"https:\/\/mhf.ro\/mm\/\",\"name\":\"MHF Photography \u2013 Blog de fotografie, natur\u0103 \u0219i tehnic\u0103 divers\u0103\",\"description\":\"Aventur\u0103 \u00een fiecare cadru.\",\"publisher\":{\"@id\":\"https:\/\/mhf.ro\/mm\/#\/schema\/person\/a3bebf7bdb4bf12f698aff73c7e46c21\"},\"potentialAction\":[{\"@type\":\"SearchAction\",\"target\":{\"@type\":\"EntryPoint\",\"urlTemplate\":\"https:\/\/mhf.ro\/mm\/?s={search_term_string}\"},\"query-input\":{\"@type\":\"PropertyValueSpecification\",\"valueRequired\":true,\"valueName\":\"search_term_string\"}}],\"inLanguage\":\"ro-RO\"},{\"@type\":[\"Person\",\"Organization\"],\"@id\":\"https:\/\/mhf.ro\/mm\/#\/schema\/person\/a3bebf7bdb4bf12f698aff73c7e46c21\",\"name\":\"Marius Marcu\",\"image\":{\"@type\":\"ImageObject\",\"inLanguage\":\"ro-RO\",\"@id\":\"https:\/\/mhf.ro\/mm\/#\/schema\/person\/image\/\",\"url\":\"https:\/\/mhf.ro\/mm\/wp-content\/uploads\/2025\/12\/cropped-logo_mhf_2.png\",\"contentUrl\":\"https:\/\/mhf.ro\/mm\/wp-content\/uploads\/2025\/12\/cropped-logo_mhf_2.png\",\"width\":1096,\"height\":457,\"caption\":\"Marius Marcu\"},\"logo\":{\"@id\":\"https:\/\/mhf.ro\/mm\/#\/schema\/person\/image\/\"},\"sameAs\":[\"https:\/\/mhf.ro\/mm\"]},{\"@type\":\"Person\",\"@id\":\"https:\/\/mhf.ro\/mm\/#\/schema\/person\/17f3fed455503130cb08cdc1421f8001\",\"name\":\"Fodrea Iuliana Reve\",\"image\":{\"@type\":\"ImageObject\",\"inLanguage\":\"ro-RO\",\"@id\":\"https:\/\/mhf.ro\/mm\/#\/schema\/person\/image\/\",\"url\":\"https:\/\/secure.gravatar.com\/avatar\/f6a66b0b93f1a25e8049c1c4e66e60a1a6809ab11ad60f8dcc2eaafeb7ca1580?s=96&d=monsterid&r=g\",\"contentUrl\":\"https:\/\/secure.gravatar.com\/avatar\/f6a66b0b93f1a25e8049c1c4e66e60a1a6809ab11ad60f8dcc2eaafeb7ca1580?s=96&d=monsterid&r=g\",\"caption\":\"Fodrea Iuliana Reve\"},\"sameAs\":[\"https:\/\/mhf.ro\/mm\"],\"url\":\"https:\/\/mhf.ro\/mm\/author\/iuliana\/\"}]}<\/script>\n<!-- \/ Yoast SEO plugin. -->","yoast_head_json":{"title":"CNAIR a desemnat c\u00e2\u0219tig\u0103torul pentru realizarea lucr\u0103rilor de reabilitare a Podului de la Cernavod\u0103 - MHF Photography","robots":{"index":"index","follow":"follow","max-snippet":"max-snippet:-1","max-image-preview":"max-image-preview:large","max-video-preview":"max-video-preview:-1"},"canonical":"https:\/\/mhf.ro\/mm\/cnair-a-desemnat-castigatorul-pentru-realizarea-lucrarilor-de-reabilitare-a-podului-de-la-cernavoda\/","og_locale":"ro_RO","og_type":"article","og_title":"CNAIR a desemnat c\u00e2\u0219tig\u0103torul pentru realizarea lucr\u0103rilor de reabilitare a Podului de la Cernavod\u0103 - MHF Photography","og_description":"Luni, 25 ianuarie 2021, CNAIR a desemnat c\u00e2\u0219tig\u0103torul procedurii de atribuire a contractului av\u00e2nd ca obiect\u00a0\u201cRealizarea Lucr\u0103rilor de Reabilitare a","og_url":"https:\/\/mhf.ro\/mm\/cnair-a-desemnat-castigatorul-pentru-realizarea-lucrarilor-de-reabilitare-a-podului-de-la-cernavoda\/","og_site_name":"MHF Photography","article_published_time":"2021-01-26T15:42:29+00:00","og_image":[{"width":1280,"height":853,"url":"https:\/\/mhf.ro\/mm\/wp-content\/uploads\/2021\/01\/pilon_pod.jpg","type":"image\/jpeg"}],"author":"Fodrea Iuliana Reve","twitter_card":"summary_large_image","twitter_misc":{"Scris de":"Fodrea Iuliana Reve","Timp estimat pentru citire":"2 minute"},"schema":{"@context":"https:\/\/schema.org","@graph":[{"@type":"Article","@id":"https:\/\/mhf.ro\/mm\/cnair-a-desemnat-castigatorul-pentru-realizarea-lucrarilor-de-reabilitare-a-podului-de-la-cernavoda\/#article","isPartOf":{"@id":"https:\/\/mhf.ro\/mm\/cnair-a-desemnat-castigatorul-pentru-realizarea-lucrarilor-de-reabilitare-a-podului-de-la-cernavoda\/"},"author":{"name":"Fodrea Iuliana Reve","@id":"https:\/\/mhf.ro\/mm\/#\/schema\/person\/17f3fed455503130cb08cdc1421f8001"},"headline":"CNAIR a desemnat c\u00e2\u0219tig\u0103torul pentru realizarea lucr\u0103rilor de reabilitare a Podului de la Cernavod\u0103","datePublished":"2021-01-26T15:42:29+00:00","mainEntityOfPage":{"@id":"https:\/\/mhf.ro\/mm\/cnair-a-desemnat-castigatorul-pentru-realizarea-lucrarilor-de-reabilitare-a-podului-de-la-cernavoda\/"},"wordCount":309,"commentCount":0,"publisher":{"@id":"https:\/\/mhf.ro\/mm\/#\/schema\/person\/a3bebf7bdb4bf12f698aff73c7e46c21"},"image":{"@id":"https:\/\/mhf.ro\/mm\/cnair-a-desemnat-castigatorul-pentru-realizarea-lucrarilor-de-reabilitare-a-podului-de-la-cernavoda\/#primaryimage"},"thumbnailUrl":"https:\/\/mhf.ro\/mm\/wp-content\/uploads\/2021\/01\/pilon_pod.jpg","articleSection":["Comunicate","Diverse"],"inLanguage":"ro-RO","potentialAction":[{"@type":"CommentAction","name":"Comment","target":["https:\/\/mhf.ro\/mm\/cnair-a-desemnat-castigatorul-pentru-realizarea-lucrarilor-de-reabilitare-a-podului-de-la-cernavoda\/#respond"]}]},{"@type":"WebPage","@id":"https:\/\/mhf.ro\/mm\/cnair-a-desemnat-castigatorul-pentru-realizarea-lucrarilor-de-reabilitare-a-podului-de-la-cernavoda\/","url":"https:\/\/mhf.ro\/mm\/cnair-a-desemnat-castigatorul-pentru-realizarea-lucrarilor-de-reabilitare-a-podului-de-la-cernavoda\/","name":"CNAIR a desemnat c\u00e2\u0219tig\u0103torul pentru realizarea lucr\u0103rilor de reabilitare a Podului de la Cernavod\u0103 - MHF Photography","isPartOf":{"@id":"https:\/\/mhf.ro\/mm\/#website"},"primaryImageOfPage":{"@id":"https:\/\/mhf.ro\/mm\/cnair-a-desemnat-castigatorul-pentru-realizarea-lucrarilor-de-reabilitare-a-podului-de-la-cernavoda\/#primaryimage"},"image":{"@id":"https:\/\/mhf.ro\/mm\/cnair-a-desemnat-castigatorul-pentru-realizarea-lucrarilor-de-reabilitare-a-podului-de-la-cernavoda\/#primaryimage"},"thumbnailUrl":"https:\/\/mhf.ro\/mm\/wp-content\/uploads\/2021\/01\/pilon_pod.jpg","datePublished":"2021-01-26T15:42:29+00:00","breadcrumb":{"@id":"https:\/\/mhf.ro\/mm\/cnair-a-desemnat-castigatorul-pentru-realizarea-lucrarilor-de-reabilitare-a-podului-de-la-cernavoda\/#breadcrumb"},"inLanguage":"ro-RO","potentialAction":[{"@type":"ReadAction","target":["https:\/\/mhf.ro\/mm\/cnair-a-desemnat-castigatorul-pentru-realizarea-lucrarilor-de-reabilitare-a-podului-de-la-cernavoda\/"]}]},{"@type":"ImageObject","inLanguage":"ro-RO","@id":"https:\/\/mhf.ro\/mm\/cnair-a-desemnat-castigatorul-pentru-realizarea-lucrarilor-de-reabilitare-a-podului-de-la-cernavoda\/#primaryimage","url":"https:\/\/mhf.ro\/mm\/wp-content\/uploads\/2021\/01\/pilon_pod.jpg","contentUrl":"https:\/\/mhf.ro\/mm\/wp-content\/uploads\/2021\/01\/pilon_pod.jpg","width":1280,"height":853},{"@type":"BreadcrumbList","@id":"https:\/\/mhf.ro\/mm\/cnair-a-desemnat-castigatorul-pentru-realizarea-lucrarilor-de-reabilitare-a-podului-de-la-cernavoda\/#breadcrumb","itemListElement":[{"@type":"ListItem","position":1,"name":"Prima pagin\u0103","item":"https:\/\/mhf.ro\/mm\/"},{"@type":"ListItem","position":2,"name":"CNAIR a desemnat c\u00e2\u0219tig\u0103torul pentru realizarea lucr\u0103rilor de reabilitare a Podului de la Cernavod\u0103"}]},{"@type":"WebSite","@id":"https:\/\/mhf.ro\/mm\/#website","url":"https:\/\/mhf.ro\/mm\/","name":"MHF Photography \u2013 Blog de fotografie, natur\u0103 \u0219i tehnic\u0103 divers\u0103","description":"Aventur\u0103 \u00een fiecare cadru.","publisher":{"@id":"https:\/\/mhf.ro\/mm\/#\/schema\/person\/a3bebf7bdb4bf12f698aff73c7e46c21"},"potentialAction":[{"@type":"SearchAction","target":{"@type":"EntryPoint","urlTemplate":"https:\/\/mhf.ro\/mm\/?s={search_term_string}"},"query-input":{"@type":"PropertyValueSpecification","valueRequired":true,"valueName":"search_term_string"}}],"inLanguage":"ro-RO"},{"@type":["Person","Organization"],"@id":"https:\/\/mhf.ro\/mm\/#\/schema\/person\/a3bebf7bdb4bf12f698aff73c7e46c21","name":"Marius Marcu","image":{"@type":"ImageObject","inLanguage":"ro-RO","@id":"https:\/\/mhf.ro\/mm\/#\/schema\/person\/image\/","url":"https:\/\/mhf.ro\/mm\/wp-content\/uploads\/2025\/12\/cropped-logo_mhf_2.png","contentUrl":"https:\/\/mhf.ro\/mm\/wp-content\/uploads\/2025\/12\/cropped-logo_mhf_2.png","width":1096,"height":457,"caption":"Marius Marcu"},"logo":{"@id":"https:\/\/mhf.ro\/mm\/#\/schema\/person\/image\/"},"sameAs":["https:\/\/mhf.ro\/mm"]},{"@type":"Person","@id":"https:\/\/mhf.ro\/mm\/#\/schema\/person\/17f3fed455503130cb08cdc1421f8001","name":"Fodrea Iuliana Reve","image":{"@type":"ImageObject","inLanguage":"ro-RO","@id":"https:\/\/mhf.ro\/mm\/#\/schema\/person\/image\/","url":"https:\/\/secure.gravatar.com\/avatar\/f6a66b0b93f1a25e8049c1c4e66e60a1a6809ab11ad60f8dcc2eaafeb7ca1580?s=96&d=monsterid&r=g","contentUrl":"https:\/\/secure.gravatar.com\/avatar\/f6a66b0b93f1a25e8049c1c4e66e60a1a6809ab11ad60f8dcc2eaafeb7ca1580?s=96&d=monsterid&r=g","caption":"Fodrea Iuliana Reve"},"sameAs":["https:\/\/mhf.ro\/mm"],"url":"https:\/\/mhf.ro\/mm\/author\/iuliana\/"}]}},"_links":{"self":[{"href":"https:\/\/mhf.ro\/mm\/wp-json\/wp\/v2\/posts\/3755","targetHints":{"allow":["GET"]}}],"collection":[{"href":"https:\/\/mhf.ro\/mm\/wp-json\/wp\/v2\/posts"}],"about":[{"href":"https:\/\/mhf.ro\/mm\/wp-json\/wp\/v2\/types\/post"}],"author":[{"embeddable":true,"href":"https:\/\/mhf.ro\/mm\/wp-json\/wp\/v2\/users\/11"}],"replies":[{"embeddable":true,"href":"https:\/\/mhf.ro\/mm\/wp-json\/wp\/v2\/comments?post=3755"}],"version-history":[{"count":1,"href":"https:\/\/mhf.ro\/mm\/wp-json\/wp\/v2\/posts\/3755\/revisions"}],"predecessor-version":[{"id":3757,"href":"https:\/\/mhf.ro\/mm\/wp-json\/wp\/v2\/posts\/3755\/revisions\/3757"}],"wp:featuredmedia":[{"embeddable":true,"href":"https:\/\/mhf.ro\/mm\/wp-json\/wp\/v2\/media\/3756"}],"wp:attachment":[{"href":"https:\/\/mhf.ro\/mm\/wp-json\/wp\/v2\/media?parent=3755"}],"wp:term":[{"taxonomy":"category","embeddable":true,"href":"https:\/\/mhf.ro\/mm\/wp-json\/wp\/v2\/categories?post=3755"},{"taxonomy":"post_tag","embeddable":true,"href":"https:\/\/mhf.ro\/mm\/wp-json\/wp\/v2\/tags?post=3755"}],"curies":[{"name":"wp","href":"https:\/\/api.w.org\/{rel}","templated":true}]}}