{"id":3758,"date":"2021-01-26T17:48:43","date_gmt":"2021-01-26T15:48:43","guid":{"rendered":"https:\/\/mhf.ro\/mm\/?p=3758"},"modified":"2021-01-26T17:48:43","modified_gmt":"2021-01-26T15:48:43","slug":"un-nou-spor-pentru-zeci-de-mii-de-politisti","status":"publish","type":"post","link":"https:\/\/mhf.ro\/mm\/un-nou-spor-pentru-zeci-de-mii-de-politisti\/","title":{"rendered":"Un nou spor pentru zeci de mii de poli\u021bi\u0219ti"},"content":{"rendered":"<p>Premierul Florin C\u00ee\u021bu vorbe\u0219te despre o situa\u021bie economic\u0103 grea \u0219i despre plafonarea salariilor bugetarilor, iar unii mini\u0219tri promit \u0219i dau sporuri subordona\u021bilor.<\/p>\n<p>Lucian Bode, ministrul Afacerilor Interne, a declarat luni pentru G4Media.ro c\u0103 circa 76.000 de angaja\u021bi ai Poli\u021biei Rom\u00e2ne primesc din luna ianuarie un nou spor. Este vorba despre sporul de titlu de specialist de clas\u0103.<\/p>\n<p>Acest spor se calculeaz\u0103 ca procent din salariul de baz\u0103 \u0219i este acordat \u00een trei trepte, de 2,5%, 5% \u0219i 7,5%.<\/p>\n<p>\u201dAm ajuns la o solu\u021bie cu sindicatele \u00eenc\u0103 din decembrie anul trecut, ceea ce \u00eenseamn\u0103 c\u0103 acest spor a intrat \u00een plat\u0103 \u00een ianuarie. Este un spor care exista \u00een legisla\u021bie, dar nu fusese acordat p\u00e2n\u0103 acum, \u0219i noi am reu\u0219it s\u0103 \u00eel acord\u0103m\u201d, a spus Bode.<\/p>\n<p>Acordarea sporului are un impact bugetar de 119 milioane de lei anual,<\/p>\n<p>\u0219i ministrul Cristian Ghinea promite major\u0103ri salariale bugetarilor din subordine. Mai exact, Ministerul condus de Ghinea a elaborat o ordonan\u021b\u0103 de urgen\u021b\u0103 prin care va majora salariile a 40 de func\u021bionari \u2013 30 de la acest minister \u0219i 10 de la Secretariatul General al Guvernului \u2013 \u00eentruc\u00e2t ace\u0219tia vor gestiona banii europeni care vin prin programul de rezilien\u021b\u0103.<\/p>\n<p>Toate aceste \u00een condi\u021biile \u00een care C\u00ee\u021bu a explicat de mai multe ori c\u0103 nu sunt bani pentru majorari salariale.<\/p>\n<p>\u201cRom\u00e2nia trece printr-o situa\u021bie dificil\u0103, printr-o perioad\u0103 de criz\u0103 economic\u0103. (\u2026) Anul acesta trebuie s\u0103 aloc\u0103m resurse c\u0103tre investi\u021bii, pentru a genera cre\u0219tere economic\u0103\u201d, spune premierul.<\/p>\n<p style=\"text-align: right;\">(conf. jurnalist.ro)<\/p>\n","protected":false},"excerpt":{"rendered":"<p>Premierul Florin C\u00ee\u021bu vorbe\u0219te despre o situa\u021bie economic\u0103 grea \u0219i despre plafonarea salariilor bugetarilor, iar unii mini\u0219tri promit \u0219i dau<\/p>\n","protected":false},"author":1,"featured_media":3760,"comment_status":"open","ping_status":"open","sticky":false,"template":"","format":"standard","meta":{"colormag_page_container_layout":"default_layout","colormag_page_sidebar_layout":"default_layout","footnotes":""},"categories":[5],"tags":[],"class_list":["post-3758","post","type-post","status-publish","format-standard","has-post-thumbnail","hentry","category-locale"],"yoast_head":"<!-- This site is optimized with the Yoast SEO plugin v27.0 - https:\/\/yoast.com\/product\/yoast-seo-wordpress\/ -->\n<title>Un nou spor pentru zeci de mii de poli\u021bi\u0219ti - MHF Photography<\/title>\n<meta name=\"robots\" content=\"index, follow, max-snippet:-1, max-image-preview:large, max-video-preview:-1\" \/>\n<link rel=\"canonical\" href=\"https:\/\/mhf.ro\/mm\/un-nou-spor-pentru-zeci-de-mii-de-politisti\/\" \/>\n<meta property=\"og:locale\" content=\"ro_RO\" \/>\n<meta property=\"og:type\" content=\"article\" \/>\n<meta property=\"og:title\" content=\"Un nou spor pentru zeci de mii de poli\u021bi\u0219ti - MHF Photography\" \/>\n<meta property=\"og:description\" content=\"Premierul Florin C\u00ee\u021bu vorbe\u0219te despre o situa\u021bie economic\u0103 grea \u0219i despre plafonarea salariilor bugetarilor, iar unii mini\u0219tri promit \u0219i dau\" \/>\n<meta property=\"og:url\" content=\"https:\/\/mhf.ro\/mm\/un-nou-spor-pentru-zeci-de-mii-de-politisti\/\" \/>\n<meta property=\"og:site_name\" content=\"MHF Photography\" \/>\n<meta property=\"article:published_time\" content=\"2021-01-26T15:48:43+00:00\" \/>\n<meta property=\"og:image\" content=\"https:\/\/mhf.ro\/mm\/wp-content\/uploads\/2021\/01\/politista.jpg\" \/>\n\t<meta property=\"og:image:width\" content=\"665\" \/>\n\t<meta property=\"og:image:height\" content=\"445\" \/>\n\t<meta property=\"og:image:type\" content=\"image\/jpeg\" \/>\n<meta name=\"author\" content=\"Marius Marcu\" \/>\n<meta name=\"twitter:card\" content=\"summary_large_image\" \/>\n<meta name=\"twitter:label1\" content=\"Scris de\" \/>\n\t<meta name=\"twitter:data1\" content=\"Marius Marcu\" \/>\n\t<meta name=\"twitter:label2\" content=\"Timp estimat pentru citire\" \/>\n\t<meta name=\"twitter:data2\" content=\"2 minute\" \/>\n<script type=\"application\/ld+json\" class=\"yoast-schema-graph\">{\"@context\":\"https:\/\/schema.org\",\"@graph\":[{\"@type\":\"Article\",\"@id\":\"https:\/\/mhf.ro\/mm\/un-nou-spor-pentru-zeci-de-mii-de-politisti\/#article\",\"isPartOf\":{\"@id\":\"https:\/\/mhf.ro\/mm\/un-nou-spor-pentru-zeci-de-mii-de-politisti\/\"},\"author\":{\"name\":\"Marius Marcu\",\"@id\":\"https:\/\/mhf.ro\/mm\/#\/schema\/person\/a3bebf7bdb4bf12f698aff73c7e46c21\"},\"headline\":\"Un nou spor pentru zeci de mii de poli\u021bi\u0219ti\",\"datePublished\":\"2021-01-26T15:48:43+00:00\",\"mainEntityOfPage\":{\"@id\":\"https:\/\/mhf.ro\/mm\/un-nou-spor-pentru-zeci-de-mii-de-politisti\/\"},\"wordCount\":271,\"commentCount\":0,\"publisher\":{\"@id\":\"https:\/\/mhf.ro\/mm\/#\/schema\/person\/a3bebf7bdb4bf12f698aff73c7e46c21\"},\"image\":{\"@id\":\"https:\/\/mhf.ro\/mm\/un-nou-spor-pentru-zeci-de-mii-de-politisti\/#primaryimage\"},\"thumbnailUrl\":\"https:\/\/mhf.ro\/mm\/wp-content\/uploads\/2021\/01\/politista.jpg\",\"articleSection\":[\"Locale\"],\"inLanguage\":\"ro-RO\",\"potentialAction\":[{\"@type\":\"CommentAction\",\"name\":\"Comment\",\"target\":[\"https:\/\/mhf.ro\/mm\/un-nou-spor-pentru-zeci-de-mii-de-politisti\/#respond\"]}]},{\"@type\":\"WebPage\",\"@id\":\"https:\/\/mhf.ro\/mm\/un-nou-spor-pentru-zeci-de-mii-de-politisti\/\",\"url\":\"https:\/\/mhf.ro\/mm\/un-nou-spor-pentru-zeci-de-mii-de-politisti\/\",\"name\":\"Un nou spor pentru zeci de mii de poli\u021bi\u0219ti - MHF Photography\",\"isPartOf\":{\"@id\":\"https:\/\/mhf.ro\/mm\/#website\"},\"primaryImageOfPage\":{\"@id\":\"https:\/\/mhf.ro\/mm\/un-nou-spor-pentru-zeci-de-mii-de-politisti\/#primaryimage\"},\"image\":{\"@id\":\"https:\/\/mhf.ro\/mm\/un-nou-spor-pentru-zeci-de-mii-de-politisti\/#primaryimage\"},\"thumbnailUrl\":\"https:\/\/mhf.ro\/mm\/wp-content\/uploads\/2021\/01\/politista.jpg\",\"datePublished\":\"2021-01-26T15:48:43+00:00\",\"breadcrumb\":{\"@id\":\"https:\/\/mhf.ro\/mm\/un-nou-spor-pentru-zeci-de-mii-de-politisti\/#breadcrumb\"},\"inLanguage\":\"ro-RO\",\"potentialAction\":[{\"@type\":\"ReadAction\",\"target\":[\"https:\/\/mhf.ro\/mm\/un-nou-spor-pentru-zeci-de-mii-de-politisti\/\"]}]},{\"@type\":\"ImageObject\",\"inLanguage\":\"ro-RO\",\"@id\":\"https:\/\/mhf.ro\/mm\/un-nou-spor-pentru-zeci-de-mii-de-politisti\/#primaryimage\",\"url\":\"https:\/\/mhf.ro\/mm\/wp-content\/uploads\/2021\/01\/politista.jpg\",\"contentUrl\":\"https:\/\/mhf.ro\/mm\/wp-content\/uploads\/2021\/01\/politista.jpg\",\"width\":665,\"height\":445},{\"@type\":\"BreadcrumbList\",\"@id\":\"https:\/\/mhf.ro\/mm\/un-nou-spor-pentru-zeci-de-mii-de-politisti\/#breadcrumb\",\"itemListElement\":[{\"@type\":\"ListItem\",\"position\":1,\"name\":\"Prima pagin\u0103\",\"item\":\"https:\/\/mhf.ro\/mm\/\"},{\"@type\":\"ListItem\",\"position\":2,\"name\":\"Un nou spor pentru zeci de mii de poli\u021bi\u0219ti\"}]},{\"@type\":\"WebSite\",\"@id\":\"https:\/\/mhf.ro\/mm\/#website\",\"url\":\"https:\/\/mhf.ro\/mm\/\",\"name\":\"MHF Photography \u2013 Blog de fotografie, natur\u0103 \u0219i tehnic\u0103 divers\u0103\",\"description\":\"Aventur\u0103 \u00een fiecare cadru.\",\"publisher\":{\"@id\":\"https:\/\/mhf.ro\/mm\/#\/schema\/person\/a3bebf7bdb4bf12f698aff73c7e46c21\"},\"potentialAction\":[{\"@type\":\"SearchAction\",\"target\":{\"@type\":\"EntryPoint\",\"urlTemplate\":\"https:\/\/mhf.ro\/mm\/?s={search_term_string}\"},\"query-input\":{\"@type\":\"PropertyValueSpecification\",\"valueRequired\":true,\"valueName\":\"search_term_string\"}}],\"inLanguage\":\"ro-RO\"},{\"@type\":[\"Person\",\"Organization\"],\"@id\":\"https:\/\/mhf.ro\/mm\/#\/schema\/person\/a3bebf7bdb4bf12f698aff73c7e46c21\",\"name\":\"Marius Marcu\",\"image\":{\"@type\":\"ImageObject\",\"inLanguage\":\"ro-RO\",\"@id\":\"https:\/\/mhf.ro\/mm\/#\/schema\/person\/image\/\",\"url\":\"https:\/\/mhf.ro\/mm\/wp-content\/uploads\/2025\/12\/cropped-logo_mhf_2.png\",\"contentUrl\":\"https:\/\/mhf.ro\/mm\/wp-content\/uploads\/2025\/12\/cropped-logo_mhf_2.png\",\"width\":1096,\"height\":457,\"caption\":\"Marius Marcu\"},\"logo\":{\"@id\":\"https:\/\/mhf.ro\/mm\/#\/schema\/person\/image\/\"},\"sameAs\":[\"https:\/\/mhf.ro\/mm\"],\"url\":\"https:\/\/mhf.ro\/mm\/author\/mihai\/\"}]}<\/script>\n<!-- \/ Yoast SEO plugin. -->","yoast_head_json":{"title":"Un nou spor pentru zeci de mii de poli\u021bi\u0219ti - MHF Photography","robots":{"index":"index","follow":"follow","max-snippet":"max-snippet:-1","max-image-preview":"max-image-preview:large","max-video-preview":"max-video-preview:-1"},"canonical":"https:\/\/mhf.ro\/mm\/un-nou-spor-pentru-zeci-de-mii-de-politisti\/","og_locale":"ro_RO","og_type":"article","og_title":"Un nou spor pentru zeci de mii de poli\u021bi\u0219ti - MHF Photography","og_description":"Premierul Florin C\u00ee\u021bu vorbe\u0219te despre o situa\u021bie economic\u0103 grea \u0219i despre plafonarea salariilor bugetarilor, iar unii mini\u0219tri promit \u0219i dau","og_url":"https:\/\/mhf.ro\/mm\/un-nou-spor-pentru-zeci-de-mii-de-politisti\/","og_site_name":"MHF Photography","article_published_time":"2021-01-26T15:48:43+00:00","og_image":[{"width":665,"height":445,"url":"https:\/\/mhf.ro\/mm\/wp-content\/uploads\/2021\/01\/politista.jpg","type":"image\/jpeg"}],"author":"Marius Marcu","twitter_card":"summary_large_image","twitter_misc":{"Scris de":"Marius Marcu","Timp estimat pentru citire":"2 minute"},"schema":{"@context":"https:\/\/schema.org","@graph":[{"@type":"Article","@id":"https:\/\/mhf.ro\/mm\/un-nou-spor-pentru-zeci-de-mii-de-politisti\/#article","isPartOf":{"@id":"https:\/\/mhf.ro\/mm\/un-nou-spor-pentru-zeci-de-mii-de-politisti\/"},"author":{"name":"Marius Marcu","@id":"https:\/\/mhf.ro\/mm\/#\/schema\/person\/a3bebf7bdb4bf12f698aff73c7e46c21"},"headline":"Un nou spor pentru zeci de mii de poli\u021bi\u0219ti","datePublished":"2021-01-26T15:48:43+00:00","mainEntityOfPage":{"@id":"https:\/\/mhf.ro\/mm\/un-nou-spor-pentru-zeci-de-mii-de-politisti\/"},"wordCount":271,"commentCount":0,"publisher":{"@id":"https:\/\/mhf.ro\/mm\/#\/schema\/person\/a3bebf7bdb4bf12f698aff73c7e46c21"},"image":{"@id":"https:\/\/mhf.ro\/mm\/un-nou-spor-pentru-zeci-de-mii-de-politisti\/#primaryimage"},"thumbnailUrl":"https:\/\/mhf.ro\/mm\/wp-content\/uploads\/2021\/01\/politista.jpg","articleSection":["Locale"],"inLanguage":"ro-RO","potentialAction":[{"@type":"CommentAction","name":"Comment","target":["https:\/\/mhf.ro\/mm\/un-nou-spor-pentru-zeci-de-mii-de-politisti\/#respond"]}]},{"@type":"WebPage","@id":"https:\/\/mhf.ro\/mm\/un-nou-spor-pentru-zeci-de-mii-de-politisti\/","url":"https:\/\/mhf.ro\/mm\/un-nou-spor-pentru-zeci-de-mii-de-politisti\/","name":"Un nou spor pentru zeci de mii de poli\u021bi\u0219ti - MHF Photography","isPartOf":{"@id":"https:\/\/mhf.ro\/mm\/#website"},"primaryImageOfPage":{"@id":"https:\/\/mhf.ro\/mm\/un-nou-spor-pentru-zeci-de-mii-de-politisti\/#primaryimage"},"image":{"@id":"https:\/\/mhf.ro\/mm\/un-nou-spor-pentru-zeci-de-mii-de-politisti\/#primaryimage"},"thumbnailUrl":"https:\/\/mhf.ro\/mm\/wp-content\/uploads\/2021\/01\/politista.jpg","datePublished":"2021-01-26T15:48:43+00:00","breadcrumb":{"@id":"https:\/\/mhf.ro\/mm\/un-nou-spor-pentru-zeci-de-mii-de-politisti\/#breadcrumb"},"inLanguage":"ro-RO","potentialAction":[{"@type":"ReadAction","target":["https:\/\/mhf.ro\/mm\/un-nou-spor-pentru-zeci-de-mii-de-politisti\/"]}]},{"@type":"ImageObject","inLanguage":"ro-RO","@id":"https:\/\/mhf.ro\/mm\/un-nou-spor-pentru-zeci-de-mii-de-politisti\/#primaryimage","url":"https:\/\/mhf.ro\/mm\/wp-content\/uploads\/2021\/01\/politista.jpg","contentUrl":"https:\/\/mhf.ro\/mm\/wp-content\/uploads\/2021\/01\/politista.jpg","width":665,"height":445},{"@type":"BreadcrumbList","@id":"https:\/\/mhf.ro\/mm\/un-nou-spor-pentru-zeci-de-mii-de-politisti\/#breadcrumb","itemListElement":[{"@type":"ListItem","position":1,"name":"Prima pagin\u0103","item":"https:\/\/mhf.ro\/mm\/"},{"@type":"ListItem","position":2,"name":"Un nou spor pentru zeci de mii de poli\u021bi\u0219ti"}]},{"@type":"WebSite","@id":"https:\/\/mhf.ro\/mm\/#website","url":"https:\/\/mhf.ro\/mm\/","name":"MHF Photography \u2013 Blog de fotografie, natur\u0103 \u0219i tehnic\u0103 divers\u0103","description":"Aventur\u0103 \u00een fiecare cadru.","publisher":{"@id":"https:\/\/mhf.ro\/mm\/#\/schema\/person\/a3bebf7bdb4bf12f698aff73c7e46c21"},"potentialAction":[{"@type":"SearchAction","target":{"@type":"EntryPoint","urlTemplate":"https:\/\/mhf.ro\/mm\/?s={search_term_string}"},"query-input":{"@type":"PropertyValueSpecification","valueRequired":true,"valueName":"search_term_string"}}],"inLanguage":"ro-RO"},{"@type":["Person","Organization"],"@id":"https:\/\/mhf.ro\/mm\/#\/schema\/person\/a3bebf7bdb4bf12f698aff73c7e46c21","name":"Marius Marcu","image":{"@type":"ImageObject","inLanguage":"ro-RO","@id":"https:\/\/mhf.ro\/mm\/#\/schema\/person\/image\/","url":"https:\/\/mhf.ro\/mm\/wp-content\/uploads\/2025\/12\/cropped-logo_mhf_2.png","contentUrl":"https:\/\/mhf.ro\/mm\/wp-content\/uploads\/2025\/12\/cropped-logo_mhf_2.png","width":1096,"height":457,"caption":"Marius Marcu"},"logo":{"@id":"https:\/\/mhf.ro\/mm\/#\/schema\/person\/image\/"},"sameAs":["https:\/\/mhf.ro\/mm"],"url":"https:\/\/mhf.ro\/mm\/author\/mihai\/"}]}},"_links":{"self":[{"href":"https:\/\/mhf.ro\/mm\/wp-json\/wp\/v2\/posts\/3758","targetHints":{"allow":["GET"]}}],"collection":[{"href":"https:\/\/mhf.ro\/mm\/wp-json\/wp\/v2\/posts"}],"about":[{"href":"https:\/\/mhf.ro\/mm\/wp-json\/wp\/v2\/types\/post"}],"author":[{"embeddable":true,"href":"https:\/\/mhf.ro\/mm\/wp-json\/wp\/v2\/users\/1"}],"replies":[{"embeddable":true,"href":"https:\/\/mhf.ro\/mm\/wp-json\/wp\/v2\/comments?post=3758"}],"version-history":[{"count":1,"href":"https:\/\/mhf.ro\/mm\/wp-json\/wp\/v2\/posts\/3758\/revisions"}],"predecessor-version":[{"id":3761,"href":"https:\/\/mhf.ro\/mm\/wp-json\/wp\/v2\/posts\/3758\/revisions\/3761"}],"wp:featuredmedia":[{"embeddable":true,"href":"https:\/\/mhf.ro\/mm\/wp-json\/wp\/v2\/media\/3760"}],"wp:attachment":[{"href":"https:\/\/mhf.ro\/mm\/wp-json\/wp\/v2\/media?parent=3758"}],"wp:term":[{"taxonomy":"category","embeddable":true,"href":"https:\/\/mhf.ro\/mm\/wp-json\/wp\/v2\/categories?post=3758"},{"taxonomy":"post_tag","embeddable":true,"href":"https:\/\/mhf.ro\/mm\/wp-json\/wp\/v2\/tags?post=3758"}],"curies":[{"name":"wp","href":"https:\/\/api.w.org\/{rel}","templated":true}]}}