{"id":3767,"date":"2021-01-29T12:00:17","date_gmt":"2021-01-29T10:00:17","guid":{"rendered":"https:\/\/mhf.ro\/mm\/?p=3767"},"modified":"2021-01-29T12:20:39","modified_gmt":"2021-01-29T10:20:39","slug":"cinci-morti-la-spitalul-matei-bals-in-urma-unui-incendiu","status":"publish","type":"post","link":"https:\/\/mhf.ro\/mm\/cinci-morti-la-spitalul-matei-bals-in-urma-unui-incendiu\/","title":{"rendered":"Cinci mor\u021bi la spitalul Matei Bal\u0219 \u00een urma unui incendiu!"},"content":{"rendered":"<h4>Lipsa investi\u021biilor precum \u0219i incompeten\u021ba au lovit din nou.<\/h4>\n<p>Spitalul Matei Bal\u0219, construit \u00een anii &#8217;50, a fot restaurat din temelie, conform autorit\u0103\u021bilor. Este al \u0219aptelea spital la care are loc un incendiu. Va \u00eencepe o ancheta, tipic rom\u00e2nesc, \u00eenc\u0103 nu s-a terminat ancheta de la Piatra Neam\u021b. Din primele informa\u021bii, multe contradictorii, se pare ca incendiul ar fi izbucnit de la dispozitive electrice de \u00eenc\u0103lzire, ad\u0103ugate suplimentar \u00een prize datorit\u0103 frigului din saloane. Dar nu men\u021bioneaz\u0103 nimeni nimic despre regimul special al transportului \u0219i folosirii oxigenului. Oxigenul at\u00e2t de necesar vie\u021bii, este o substan\u021b\u0103 foarte periculoas\u0103 c\u00e2nd este folosit \u00een concentra\u021bie mare.<\/p>\n<figure id=\"attachment_3768\" aria-describedby=\"caption-attachment-3768\" style=\"width: 150px\" class=\"wp-caption alignnone\"><a href=\"https:\/\/mhf.ro\/mm\/wp-content\/uploads\/2021\/01\/IMG_20210129_113425-scaled.jpg\"><img decoding=\"async\" class=\"size-thumbnail wp-image-3768\" src=\"https:\/\/mhf.ro\/mm\/wp-content\/uploads\/2021\/01\/IMG_20210129_113425-150x150.jpg\" alt=\"\" width=\"150\" height=\"150\" \/><\/a><figcaption id=\"caption-attachment-3768\" class=\"wp-caption-text\">Matei Bal\u0219 &#8211; incendiu<\/figcaption><\/figure>\n<p>Autorit\u0103\u021bile sus\u021bin ca nu erau probleme cu agentul termic, dar m\u0103rturiile oamenilor spun contrariul, era frig \u00een saloane, mai ales \u00een zonele cu alimentare cu oxigen. Se pare ca \u00eentreaga zon\u0103 era cu probleme termice, conform locatarilor de la blocurile din cartier, frig \u0219i \u00een apartamentele oamenilor.<\/p>\n<p>Incompeten\u021ba ucide f\u0103r\u0103 t\u0103gad\u0103 , autorit\u0103\u021bile fac anchete interminabile, lucrurile r\u0103m\u00e2n neschimbate, \u0219i cel mai grav, nu avem responsabili, indiferent ce se \u00eent\u00e2mpl\u0103. Nu r\u0103spunde nimeni!<\/p>\n","protected":false},"excerpt":{"rendered":"<p>Lipsa investi\u021biilor precum \u0219i incompeten\u021ba au lovit din nou. Spitalul Matei Bal\u0219, construit \u00een anii &#8217;50, a fot restaurat din<\/p>\n","protected":false},"author":1,"featured_media":3769,"comment_status":"open","ping_status":"open","sticky":false,"template":"","format":"standard","meta":{"colormag_page_container_layout":"default_layout","colormag_page_sidebar_layout":"default_layout","footnotes":""},"categories":[32,5],"tags":[],"class_list":["post-3767","post","type-post","status-publish","format-standard","has-post-thumbnail","hentry","category-comunicate","category-locale"],"yoast_head":"<!-- This site is optimized with the Yoast SEO plugin v27.0 - https:\/\/yoast.com\/product\/yoast-seo-wordpress\/ -->\n<title>Cinci mor\u021bi la spitalul Matei Bal\u0219 \u00een urma unui incendiu! - MHF Photography<\/title>\n<meta name=\"description\" content=\"Lipsa investi\u021biilor precum \u0219i incompeten\u021ba au lovit din nou. Spitalul Matei Bal\u0219, construit \u00een anii &#039;50, a fot restaurat din temelie\" \/>\n<meta name=\"robots\" content=\"index, follow, max-snippet:-1, max-image-preview:large, max-video-preview:-1\" \/>\n<link rel=\"canonical\" href=\"https:\/\/mhf.ro\/mm\/cinci-morti-la-spitalul-matei-bals-in-urma-unui-incendiu\/\" \/>\n<meta property=\"og:locale\" content=\"ro_RO\" \/>\n<meta property=\"og:type\" content=\"article\" \/>\n<meta property=\"og:title\" content=\"Cinci mor\u021bi la spitalul Matei Bal\u0219 \u00een urma unui incendiu! - MHF Photography\" \/>\n<meta property=\"og:description\" content=\"Lipsa investi\u021biilor precum \u0219i incompeten\u021ba au lovit din nou. Spitalul Matei Bal\u0219, construit \u00een anii &#039;50, a fot restaurat din temelie\" \/>\n<meta property=\"og:url\" content=\"https:\/\/mhf.ro\/mm\/cinci-morti-la-spitalul-matei-bals-in-urma-unui-incendiu\/\" \/>\n<meta property=\"og:site_name\" content=\"MHF Photography\" \/>\n<meta property=\"article:published_time\" content=\"2021-01-29T10:00:17+00:00\" \/>\n<meta property=\"article:modified_time\" content=\"2021-01-29T10:20:39+00:00\" \/>\n<meta property=\"og:image\" content=\"https:\/\/mhf.ro\/mm\/wp-content\/uploads\/2021\/01\/IMG_20210129_113316-scaled.jpg\" \/>\n\t<meta property=\"og:image:width\" content=\"2560\" \/>\n\t<meta property=\"og:image:height\" content=\"1920\" \/>\n\t<meta property=\"og:image:type\" content=\"image\/jpeg\" \/>\n<meta name=\"author\" content=\"Marius Marcu\" \/>\n<meta name=\"twitter:card\" content=\"summary_large_image\" \/>\n<meta name=\"twitter:label1\" content=\"Scris de\" \/>\n\t<meta name=\"twitter:data1\" content=\"Marius Marcu\" \/>\n\t<meta name=\"twitter:label2\" content=\"Timp estimat pentru citire\" \/>\n\t<meta name=\"twitter:data2\" content=\"1 minut\" \/>\n<script type=\"application\/ld+json\" class=\"yoast-schema-graph\">{\"@context\":\"https:\/\/schema.org\",\"@graph\":[{\"@type\":\"Article\",\"@id\":\"https:\/\/mhf.ro\/mm\/cinci-morti-la-spitalul-matei-bals-in-urma-unui-incendiu\/#article\",\"isPartOf\":{\"@id\":\"https:\/\/mhf.ro\/mm\/cinci-morti-la-spitalul-matei-bals-in-urma-unui-incendiu\/\"},\"author\":{\"name\":\"Marius Marcu\",\"@id\":\"https:\/\/mhf.ro\/mm\/#\/schema\/person\/a3bebf7bdb4bf12f698aff73c7e46c21\"},\"headline\":\"Cinci mor\u021bi la spitalul Matei Bal\u0219 \u00een urma unui incendiu!\",\"datePublished\":\"2021-01-29T10:00:17+00:00\",\"dateModified\":\"2021-01-29T10:20:39+00:00\",\"mainEntityOfPage\":{\"@id\":\"https:\/\/mhf.ro\/mm\/cinci-morti-la-spitalul-matei-bals-in-urma-unui-incendiu\/\"},\"wordCount\":219,\"commentCount\":0,\"publisher\":{\"@id\":\"https:\/\/mhf.ro\/mm\/#\/schema\/person\/a3bebf7bdb4bf12f698aff73c7e46c21\"},\"image\":{\"@id\":\"https:\/\/mhf.ro\/mm\/cinci-morti-la-spitalul-matei-bals-in-urma-unui-incendiu\/#primaryimage\"},\"thumbnailUrl\":\"https:\/\/mhf.ro\/mm\/wp-content\/uploads\/2021\/01\/IMG_20210129_113316-scaled.jpg\",\"articleSection\":[\"Comunicate\",\"Locale\"],\"inLanguage\":\"ro-RO\",\"potentialAction\":[{\"@type\":\"CommentAction\",\"name\":\"Comment\",\"target\":[\"https:\/\/mhf.ro\/mm\/cinci-morti-la-spitalul-matei-bals-in-urma-unui-incendiu\/#respond\"]}]},{\"@type\":\"WebPage\",\"@id\":\"https:\/\/mhf.ro\/mm\/cinci-morti-la-spitalul-matei-bals-in-urma-unui-incendiu\/\",\"url\":\"https:\/\/mhf.ro\/mm\/cinci-morti-la-spitalul-matei-bals-in-urma-unui-incendiu\/\",\"name\":\"Cinci mor\u021bi la spitalul Matei Bal\u0219 \u00een urma unui incendiu! - MHF Photography\",\"isPartOf\":{\"@id\":\"https:\/\/mhf.ro\/mm\/#website\"},\"primaryImageOfPage\":{\"@id\":\"https:\/\/mhf.ro\/mm\/cinci-morti-la-spitalul-matei-bals-in-urma-unui-incendiu\/#primaryimage\"},\"image\":{\"@id\":\"https:\/\/mhf.ro\/mm\/cinci-morti-la-spitalul-matei-bals-in-urma-unui-incendiu\/#primaryimage\"},\"thumbnailUrl\":\"https:\/\/mhf.ro\/mm\/wp-content\/uploads\/2021\/01\/IMG_20210129_113316-scaled.jpg\",\"datePublished\":\"2021-01-29T10:00:17+00:00\",\"dateModified\":\"2021-01-29T10:20:39+00:00\",\"description\":\"Lipsa investi\u021biilor precum \u0219i incompeten\u021ba au lovit din nou. Spitalul Matei Bal\u0219, construit \u00een anii '50, a fot restaurat din temelie\",\"breadcrumb\":{\"@id\":\"https:\/\/mhf.ro\/mm\/cinci-morti-la-spitalul-matei-bals-in-urma-unui-incendiu\/#breadcrumb\"},\"inLanguage\":\"ro-RO\",\"potentialAction\":[{\"@type\":\"ReadAction\",\"target\":[\"https:\/\/mhf.ro\/mm\/cinci-morti-la-spitalul-matei-bals-in-urma-unui-incendiu\/\"]}]},{\"@type\":\"ImageObject\",\"inLanguage\":\"ro-RO\",\"@id\":\"https:\/\/mhf.ro\/mm\/cinci-morti-la-spitalul-matei-bals-in-urma-unui-incendiu\/#primaryimage\",\"url\":\"https:\/\/mhf.ro\/mm\/wp-content\/uploads\/2021\/01\/IMG_20210129_113316-scaled.jpg\",\"contentUrl\":\"https:\/\/mhf.ro\/mm\/wp-content\/uploads\/2021\/01\/IMG_20210129_113316-scaled.jpg\",\"width\":2560,\"height\":1920,\"caption\":\"smart\"},{\"@type\":\"BreadcrumbList\",\"@id\":\"https:\/\/mhf.ro\/mm\/cinci-morti-la-spitalul-matei-bals-in-urma-unui-incendiu\/#breadcrumb\",\"itemListElement\":[{\"@type\":\"ListItem\",\"position\":1,\"name\":\"Prima pagin\u0103\",\"item\":\"https:\/\/mhf.ro\/mm\/\"},{\"@type\":\"ListItem\",\"position\":2,\"name\":\"Cinci mor\u021bi la spitalul Matei Bal\u0219 \u00een urma unui incendiu!\"}]},{\"@type\":\"WebSite\",\"@id\":\"https:\/\/mhf.ro\/mm\/#website\",\"url\":\"https:\/\/mhf.ro\/mm\/\",\"name\":\"MHF Photography \u2013 Blog de fotografie, natur\u0103 \u0219i tehnic\u0103 divers\u0103\",\"description\":\"Aventur\u0103 \u00een fiecare cadru.\",\"publisher\":{\"@id\":\"https:\/\/mhf.ro\/mm\/#\/schema\/person\/a3bebf7bdb4bf12f698aff73c7e46c21\"},\"potentialAction\":[{\"@type\":\"SearchAction\",\"target\":{\"@type\":\"EntryPoint\",\"urlTemplate\":\"https:\/\/mhf.ro\/mm\/?s={search_term_string}\"},\"query-input\":{\"@type\":\"PropertyValueSpecification\",\"valueRequired\":true,\"valueName\":\"search_term_string\"}}],\"inLanguage\":\"ro-RO\"},{\"@type\":[\"Person\",\"Organization\"],\"@id\":\"https:\/\/mhf.ro\/mm\/#\/schema\/person\/a3bebf7bdb4bf12f698aff73c7e46c21\",\"name\":\"Marius Marcu\",\"image\":{\"@type\":\"ImageObject\",\"inLanguage\":\"ro-RO\",\"@id\":\"https:\/\/mhf.ro\/mm\/#\/schema\/person\/image\/\",\"url\":\"https:\/\/mhf.ro\/mm\/wp-content\/uploads\/2025\/12\/cropped-logo_mhf_2.png\",\"contentUrl\":\"https:\/\/mhf.ro\/mm\/wp-content\/uploads\/2025\/12\/cropped-logo_mhf_2.png\",\"width\":1096,\"height\":457,\"caption\":\"Marius Marcu\"},\"logo\":{\"@id\":\"https:\/\/mhf.ro\/mm\/#\/schema\/person\/image\/\"},\"sameAs\":[\"https:\/\/mhf.ro\/mm\"],\"url\":\"https:\/\/mhf.ro\/mm\/author\/mihai\/\"}]}<\/script>\n<!-- \/ Yoast SEO plugin. -->","yoast_head_json":{"title":"Cinci mor\u021bi la spitalul Matei Bal\u0219 \u00een urma unui incendiu! - MHF Photography","description":"Lipsa investi\u021biilor precum \u0219i incompeten\u021ba au lovit din nou. Spitalul Matei Bal\u0219, construit \u00een anii '50, a fot restaurat din temelie","robots":{"index":"index","follow":"follow","max-snippet":"max-snippet:-1","max-image-preview":"max-image-preview:large","max-video-preview":"max-video-preview:-1"},"canonical":"https:\/\/mhf.ro\/mm\/cinci-morti-la-spitalul-matei-bals-in-urma-unui-incendiu\/","og_locale":"ro_RO","og_type":"article","og_title":"Cinci mor\u021bi la spitalul Matei Bal\u0219 \u00een urma unui incendiu! - MHF Photography","og_description":"Lipsa investi\u021biilor precum \u0219i incompeten\u021ba au lovit din nou. Spitalul Matei Bal\u0219, construit \u00een anii '50, a fot restaurat din temelie","og_url":"https:\/\/mhf.ro\/mm\/cinci-morti-la-spitalul-matei-bals-in-urma-unui-incendiu\/","og_site_name":"MHF Photography","article_published_time":"2021-01-29T10:00:17+00:00","article_modified_time":"2021-01-29T10:20:39+00:00","og_image":[{"width":2560,"height":1920,"url":"https:\/\/mhf.ro\/mm\/wp-content\/uploads\/2021\/01\/IMG_20210129_113316-scaled.jpg","type":"image\/jpeg"}],"author":"Marius Marcu","twitter_card":"summary_large_image","twitter_misc":{"Scris de":"Marius Marcu","Timp estimat pentru citire":"1 minut"},"schema":{"@context":"https:\/\/schema.org","@graph":[{"@type":"Article","@id":"https:\/\/mhf.ro\/mm\/cinci-morti-la-spitalul-matei-bals-in-urma-unui-incendiu\/#article","isPartOf":{"@id":"https:\/\/mhf.ro\/mm\/cinci-morti-la-spitalul-matei-bals-in-urma-unui-incendiu\/"},"author":{"name":"Marius Marcu","@id":"https:\/\/mhf.ro\/mm\/#\/schema\/person\/a3bebf7bdb4bf12f698aff73c7e46c21"},"headline":"Cinci mor\u021bi la spitalul Matei Bal\u0219 \u00een urma unui incendiu!","datePublished":"2021-01-29T10:00:17+00:00","dateModified":"2021-01-29T10:20:39+00:00","mainEntityOfPage":{"@id":"https:\/\/mhf.ro\/mm\/cinci-morti-la-spitalul-matei-bals-in-urma-unui-incendiu\/"},"wordCount":219,"commentCount":0,"publisher":{"@id":"https:\/\/mhf.ro\/mm\/#\/schema\/person\/a3bebf7bdb4bf12f698aff73c7e46c21"},"image":{"@id":"https:\/\/mhf.ro\/mm\/cinci-morti-la-spitalul-matei-bals-in-urma-unui-incendiu\/#primaryimage"},"thumbnailUrl":"https:\/\/mhf.ro\/mm\/wp-content\/uploads\/2021\/01\/IMG_20210129_113316-scaled.jpg","articleSection":["Comunicate","Locale"],"inLanguage":"ro-RO","potentialAction":[{"@type":"CommentAction","name":"Comment","target":["https:\/\/mhf.ro\/mm\/cinci-morti-la-spitalul-matei-bals-in-urma-unui-incendiu\/#respond"]}]},{"@type":"WebPage","@id":"https:\/\/mhf.ro\/mm\/cinci-morti-la-spitalul-matei-bals-in-urma-unui-incendiu\/","url":"https:\/\/mhf.ro\/mm\/cinci-morti-la-spitalul-matei-bals-in-urma-unui-incendiu\/","name":"Cinci mor\u021bi la spitalul Matei Bal\u0219 \u00een urma unui incendiu! - MHF Photography","isPartOf":{"@id":"https:\/\/mhf.ro\/mm\/#website"},"primaryImageOfPage":{"@id":"https:\/\/mhf.ro\/mm\/cinci-morti-la-spitalul-matei-bals-in-urma-unui-incendiu\/#primaryimage"},"image":{"@id":"https:\/\/mhf.ro\/mm\/cinci-morti-la-spitalul-matei-bals-in-urma-unui-incendiu\/#primaryimage"},"thumbnailUrl":"https:\/\/mhf.ro\/mm\/wp-content\/uploads\/2021\/01\/IMG_20210129_113316-scaled.jpg","datePublished":"2021-01-29T10:00:17+00:00","dateModified":"2021-01-29T10:20:39+00:00","description":"Lipsa investi\u021biilor precum \u0219i incompeten\u021ba au lovit din nou. Spitalul Matei Bal\u0219, construit \u00een anii '50, a fot restaurat din temelie","breadcrumb":{"@id":"https:\/\/mhf.ro\/mm\/cinci-morti-la-spitalul-matei-bals-in-urma-unui-incendiu\/#breadcrumb"},"inLanguage":"ro-RO","potentialAction":[{"@type":"ReadAction","target":["https:\/\/mhf.ro\/mm\/cinci-morti-la-spitalul-matei-bals-in-urma-unui-incendiu\/"]}]},{"@type":"ImageObject","inLanguage":"ro-RO","@id":"https:\/\/mhf.ro\/mm\/cinci-morti-la-spitalul-matei-bals-in-urma-unui-incendiu\/#primaryimage","url":"https:\/\/mhf.ro\/mm\/wp-content\/uploads\/2021\/01\/IMG_20210129_113316-scaled.jpg","contentUrl":"https:\/\/mhf.ro\/mm\/wp-content\/uploads\/2021\/01\/IMG_20210129_113316-scaled.jpg","width":2560,"height":1920,"caption":"smart"},{"@type":"BreadcrumbList","@id":"https:\/\/mhf.ro\/mm\/cinci-morti-la-spitalul-matei-bals-in-urma-unui-incendiu\/#breadcrumb","itemListElement":[{"@type":"ListItem","position":1,"name":"Prima pagin\u0103","item":"https:\/\/mhf.ro\/mm\/"},{"@type":"ListItem","position":2,"name":"Cinci mor\u021bi la spitalul Matei Bal\u0219 \u00een urma unui incendiu!"}]},{"@type":"WebSite","@id":"https:\/\/mhf.ro\/mm\/#website","url":"https:\/\/mhf.ro\/mm\/","name":"MHF Photography \u2013 Blog de fotografie, natur\u0103 \u0219i tehnic\u0103 divers\u0103","description":"Aventur\u0103 \u00een fiecare cadru.","publisher":{"@id":"https:\/\/mhf.ro\/mm\/#\/schema\/person\/a3bebf7bdb4bf12f698aff73c7e46c21"},"potentialAction":[{"@type":"SearchAction","target":{"@type":"EntryPoint","urlTemplate":"https:\/\/mhf.ro\/mm\/?s={search_term_string}"},"query-input":{"@type":"PropertyValueSpecification","valueRequired":true,"valueName":"search_term_string"}}],"inLanguage":"ro-RO"},{"@type":["Person","Organization"],"@id":"https:\/\/mhf.ro\/mm\/#\/schema\/person\/a3bebf7bdb4bf12f698aff73c7e46c21","name":"Marius Marcu","image":{"@type":"ImageObject","inLanguage":"ro-RO","@id":"https:\/\/mhf.ro\/mm\/#\/schema\/person\/image\/","url":"https:\/\/mhf.ro\/mm\/wp-content\/uploads\/2025\/12\/cropped-logo_mhf_2.png","contentUrl":"https:\/\/mhf.ro\/mm\/wp-content\/uploads\/2025\/12\/cropped-logo_mhf_2.png","width":1096,"height":457,"caption":"Marius Marcu"},"logo":{"@id":"https:\/\/mhf.ro\/mm\/#\/schema\/person\/image\/"},"sameAs":["https:\/\/mhf.ro\/mm"],"url":"https:\/\/mhf.ro\/mm\/author\/mihai\/"}]}},"_links":{"self":[{"href":"https:\/\/mhf.ro\/mm\/wp-json\/wp\/v2\/posts\/3767","targetHints":{"allow":["GET"]}}],"collection":[{"href":"https:\/\/mhf.ro\/mm\/wp-json\/wp\/v2\/posts"}],"about":[{"href":"https:\/\/mhf.ro\/mm\/wp-json\/wp\/v2\/types\/post"}],"author":[{"embeddable":true,"href":"https:\/\/mhf.ro\/mm\/wp-json\/wp\/v2\/users\/1"}],"replies":[{"embeddable":true,"href":"https:\/\/mhf.ro\/mm\/wp-json\/wp\/v2\/comments?post=3767"}],"version-history":[{"count":3,"href":"https:\/\/mhf.ro\/mm\/wp-json\/wp\/v2\/posts\/3767\/revisions"}],"predecessor-version":[{"id":3773,"href":"https:\/\/mhf.ro\/mm\/wp-json\/wp\/v2\/posts\/3767\/revisions\/3773"}],"wp:featuredmedia":[{"embeddable":true,"href":"https:\/\/mhf.ro\/mm\/wp-json\/wp\/v2\/media\/3769"}],"wp:attachment":[{"href":"https:\/\/mhf.ro\/mm\/wp-json\/wp\/v2\/media?parent=3767"}],"wp:term":[{"taxonomy":"category","embeddable":true,"href":"https:\/\/mhf.ro\/mm\/wp-json\/wp\/v2\/categories?post=3767"},{"taxonomy":"post_tag","embeddable":true,"href":"https:\/\/mhf.ro\/mm\/wp-json\/wp\/v2\/tags?post=3767"}],"curies":[{"name":"wp","href":"https:\/\/api.w.org\/{rel}","templated":true}]}}