{"id":3777,"date":"2021-01-31T00:20:18","date_gmt":"2021-01-30T22:20:18","guid":{"rendered":"https:\/\/mhf.ro\/mm\/?p=3777"},"modified":"2021-01-31T00:20:18","modified_gmt":"2021-01-30T22:20:18","slug":"covid-o-noua-amanare-in-etapa-a-2-a-de-vaccinare","status":"publish","type":"post","link":"https:\/\/mhf.ro\/mm\/covid-o-noua-amanare-in-etapa-a-2-a-de-vaccinare\/","title":{"rendered":"COVID. O nou\u0103 am\u00e2nare \u00een etapa a 2-a de vaccinare"},"content":{"rendered":"<p>\u00cenc\u0103 o am\u00e2nare \u00een a doua etap\u0103 a campaniei de vaccinare anti-Covid. Vaccinarea persoanelor sub 65 de ani a fost am\u00e2nat\u0103 cu dou\u0103 s\u0103pt\u0103m\u00e2ni, adic\u0103 dup\u0103 data de 16 februarie.<\/p>\n<p>Este vorba \u00een total despre\u00a0<strong>66.884 de persoane.<\/strong><\/p>\n<p>Comitetul Na\u021bional de Vaccinare precizeaz\u0103 c\u0103 este o m\u0103sur\u0103 de siguran\u021b\u0103 pentru asigurarea administr\u0103rii rapelului la persoanele c\u0103rora li s-a administrat deja prima doz\u0103.<\/p>\n<p>Printre motivele invocate se num\u0103r\u0103: diminuarea dozelor de vaccin livrate de Pfizer, precum \u0219i incertitudinea legat\u0103 de tran\u0219ele de vaccin livrate de Moderna, pentru lunile februarie \u0219i martie.<\/p>\n<p>Persoanele care vor fi reprogramate vor fi anun\u021bate prin e-mail \u0219i SMS noua dat\u0103 \u0219i intervalul orar la care trebuie s\u0103 se prezinte pentru vaccinare.<\/p>\n<p style=\"text-align: right;\">(conf. jurnalist.ro)<\/p>\n","protected":false},"excerpt":{"rendered":"<p>\u00cenc\u0103 o am\u00e2nare \u00een a doua etap\u0103 a campaniei de vaccinare anti-Covid. Vaccinarea persoanelor sub 65 de ani a fost<\/p>\n","protected":false},"author":1,"featured_media":3778,"comment_status":"open","ping_status":"open","sticky":false,"template":"","format":"standard","meta":{"colormag_page_container_layout":"default_layout","colormag_page_sidebar_layout":"default_layout","footnotes":""},"categories":[5],"tags":[],"class_list":["post-3777","post","type-post","status-publish","format-standard","has-post-thumbnail","hentry","category-locale"],"yoast_head":"<!-- This site is optimized with the Yoast SEO plugin v27.0 - https:\/\/yoast.com\/product\/yoast-seo-wordpress\/ -->\n<title>COVID. O nou\u0103 am\u00e2nare \u00een etapa a 2-a de vaccinare - MHF Photography<\/title>\n<meta name=\"robots\" content=\"index, follow, max-snippet:-1, max-image-preview:large, max-video-preview:-1\" \/>\n<link rel=\"canonical\" href=\"https:\/\/mhf.ro\/mm\/covid-o-noua-amanare-in-etapa-a-2-a-de-vaccinare\/\" \/>\n<meta property=\"og:locale\" content=\"ro_RO\" \/>\n<meta property=\"og:type\" content=\"article\" \/>\n<meta property=\"og:title\" content=\"COVID. O nou\u0103 am\u00e2nare \u00een etapa a 2-a de vaccinare - MHF Photography\" \/>\n<meta property=\"og:description\" content=\"\u00cenc\u0103 o am\u00e2nare \u00een a doua etap\u0103 a campaniei de vaccinare anti-Covid. Vaccinarea persoanelor sub 65 de ani a fost\" \/>\n<meta property=\"og:url\" content=\"https:\/\/mhf.ro\/mm\/covid-o-noua-amanare-in-etapa-a-2-a-de-vaccinare\/\" \/>\n<meta property=\"og:site_name\" content=\"MHF Photography\" \/>\n<meta property=\"article:published_time\" content=\"2021-01-30T22:20:18+00:00\" \/>\n<meta property=\"og:image\" content=\"https:\/\/mhf.ro\/mm\/wp-content\/uploads\/2021\/01\/vaccin-899x445-1.jpg\" \/>\n\t<meta property=\"og:image:width\" content=\"899\" \/>\n\t<meta property=\"og:image:height\" content=\"445\" \/>\n\t<meta property=\"og:image:type\" content=\"image\/jpeg\" \/>\n<meta name=\"author\" content=\"Marius Marcu\" \/>\n<meta name=\"twitter:card\" content=\"summary_large_image\" \/>\n<meta name=\"twitter:label1\" content=\"Scris de\" \/>\n\t<meta name=\"twitter:data1\" content=\"Marius Marcu\" \/>\n\t<meta name=\"twitter:label2\" content=\"Timp estimat pentru citire\" \/>\n\t<meta name=\"twitter:data2\" content=\"1 minut\" \/>\n<script type=\"application\/ld+json\" class=\"yoast-schema-graph\">{\"@context\":\"https:\/\/schema.org\",\"@graph\":[{\"@type\":\"Article\",\"@id\":\"https:\/\/mhf.ro\/mm\/covid-o-noua-amanare-in-etapa-a-2-a-de-vaccinare\/#article\",\"isPartOf\":{\"@id\":\"https:\/\/mhf.ro\/mm\/covid-o-noua-amanare-in-etapa-a-2-a-de-vaccinare\/\"},\"author\":{\"name\":\"Marius Marcu\",\"@id\":\"https:\/\/mhf.ro\/mm\/#\/schema\/person\/a3bebf7bdb4bf12f698aff73c7e46c21\"},\"headline\":\"COVID. O nou\u0103 am\u00e2nare \u00een etapa a 2-a de vaccinare\",\"datePublished\":\"2021-01-30T22:20:18+00:00\",\"mainEntityOfPage\":{\"@id\":\"https:\/\/mhf.ro\/mm\/covid-o-noua-amanare-in-etapa-a-2-a-de-vaccinare\/\"},\"wordCount\":138,\"commentCount\":0,\"publisher\":{\"@id\":\"https:\/\/mhf.ro\/mm\/#\/schema\/person\/a3bebf7bdb4bf12f698aff73c7e46c21\"},\"image\":{\"@id\":\"https:\/\/mhf.ro\/mm\/covid-o-noua-amanare-in-etapa-a-2-a-de-vaccinare\/#primaryimage\"},\"thumbnailUrl\":\"https:\/\/mhf.ro\/mm\/wp-content\/uploads\/2021\/01\/vaccin-899x445-1.jpg\",\"articleSection\":[\"Locale\"],\"inLanguage\":\"ro-RO\",\"potentialAction\":[{\"@type\":\"CommentAction\",\"name\":\"Comment\",\"target\":[\"https:\/\/mhf.ro\/mm\/covid-o-noua-amanare-in-etapa-a-2-a-de-vaccinare\/#respond\"]}]},{\"@type\":\"WebPage\",\"@id\":\"https:\/\/mhf.ro\/mm\/covid-o-noua-amanare-in-etapa-a-2-a-de-vaccinare\/\",\"url\":\"https:\/\/mhf.ro\/mm\/covid-o-noua-amanare-in-etapa-a-2-a-de-vaccinare\/\",\"name\":\"COVID. O nou\u0103 am\u00e2nare \u00een etapa a 2-a de vaccinare - MHF Photography\",\"isPartOf\":{\"@id\":\"https:\/\/mhf.ro\/mm\/#website\"},\"primaryImageOfPage\":{\"@id\":\"https:\/\/mhf.ro\/mm\/covid-o-noua-amanare-in-etapa-a-2-a-de-vaccinare\/#primaryimage\"},\"image\":{\"@id\":\"https:\/\/mhf.ro\/mm\/covid-o-noua-amanare-in-etapa-a-2-a-de-vaccinare\/#primaryimage\"},\"thumbnailUrl\":\"https:\/\/mhf.ro\/mm\/wp-content\/uploads\/2021\/01\/vaccin-899x445-1.jpg\",\"datePublished\":\"2021-01-30T22:20:18+00:00\",\"breadcrumb\":{\"@id\":\"https:\/\/mhf.ro\/mm\/covid-o-noua-amanare-in-etapa-a-2-a-de-vaccinare\/#breadcrumb\"},\"inLanguage\":\"ro-RO\",\"potentialAction\":[{\"@type\":\"ReadAction\",\"target\":[\"https:\/\/mhf.ro\/mm\/covid-o-noua-amanare-in-etapa-a-2-a-de-vaccinare\/\"]}]},{\"@type\":\"ImageObject\",\"inLanguage\":\"ro-RO\",\"@id\":\"https:\/\/mhf.ro\/mm\/covid-o-noua-amanare-in-etapa-a-2-a-de-vaccinare\/#primaryimage\",\"url\":\"https:\/\/mhf.ro\/mm\/wp-content\/uploads\/2021\/01\/vaccin-899x445-1.jpg\",\"contentUrl\":\"https:\/\/mhf.ro\/mm\/wp-content\/uploads\/2021\/01\/vaccin-899x445-1.jpg\",\"width\":899,\"height\":445,\"caption\":\"SSUCv3H4sIAAAAAAAEAJ2RQW7DIBBF95V6B4u1LTGxG+NeJeqCAHZHISYCnKqKfPeCsaVZd8d\/Mx\/mD6\/3t6piVxlQsc\/qlVXSaO0SopcR3Zwwr3duNEbnUdoMM1u3CgtRxiWYkK\/YkZLRTKm3wN1\/vHMpujoKWzE5UomxmrCwXDd2oLX+t7Mcvo4ocjKz+t0GJkG8sUaWIJfSym4\/0fg7jfZEbRzRctHoSMqnU9JmQ0tufnhUOE\/E5uK38XRjaeXuTsDs4jbJHozptNIsoYVWdH3H4QzQw0m07PgGp26o6ayos2MA\/cGVODcnoVTTKcGbQYi+GUdou6EbAYCnTa1\/eCwImg4CAAA=\"},{\"@type\":\"BreadcrumbList\",\"@id\":\"https:\/\/mhf.ro\/mm\/covid-o-noua-amanare-in-etapa-a-2-a-de-vaccinare\/#breadcrumb\",\"itemListElement\":[{\"@type\":\"ListItem\",\"position\":1,\"name\":\"Prima pagin\u0103\",\"item\":\"https:\/\/mhf.ro\/mm\/\"},{\"@type\":\"ListItem\",\"position\":2,\"name\":\"COVID. O nou\u0103 am\u00e2nare \u00een etapa a 2-a de vaccinare\"}]},{\"@type\":\"WebSite\",\"@id\":\"https:\/\/mhf.ro\/mm\/#website\",\"url\":\"https:\/\/mhf.ro\/mm\/\",\"name\":\"MHF Photography \u2013 Blog de fotografie, natur\u0103 \u0219i tehnic\u0103 divers\u0103\",\"description\":\"Aventur\u0103 \u00een fiecare cadru.\",\"publisher\":{\"@id\":\"https:\/\/mhf.ro\/mm\/#\/schema\/person\/a3bebf7bdb4bf12f698aff73c7e46c21\"},\"potentialAction\":[{\"@type\":\"SearchAction\",\"target\":{\"@type\":\"EntryPoint\",\"urlTemplate\":\"https:\/\/mhf.ro\/mm\/?s={search_term_string}\"},\"query-input\":{\"@type\":\"PropertyValueSpecification\",\"valueRequired\":true,\"valueName\":\"search_term_string\"}}],\"inLanguage\":\"ro-RO\"},{\"@type\":[\"Person\",\"Organization\"],\"@id\":\"https:\/\/mhf.ro\/mm\/#\/schema\/person\/a3bebf7bdb4bf12f698aff73c7e46c21\",\"name\":\"Marius Marcu\",\"image\":{\"@type\":\"ImageObject\",\"inLanguage\":\"ro-RO\",\"@id\":\"https:\/\/mhf.ro\/mm\/#\/schema\/person\/image\/\",\"url\":\"https:\/\/mhf.ro\/mm\/wp-content\/uploads\/2025\/12\/cropped-logo_mhf_2.png\",\"contentUrl\":\"https:\/\/mhf.ro\/mm\/wp-content\/uploads\/2025\/12\/cropped-logo_mhf_2.png\",\"width\":1096,\"height\":457,\"caption\":\"Marius Marcu\"},\"logo\":{\"@id\":\"https:\/\/mhf.ro\/mm\/#\/schema\/person\/image\/\"},\"sameAs\":[\"https:\/\/mhf.ro\/mm\"],\"url\":\"https:\/\/mhf.ro\/mm\/author\/mihai\/\"}]}<\/script>\n<!-- \/ Yoast SEO plugin. -->","yoast_head_json":{"title":"COVID. O nou\u0103 am\u00e2nare \u00een etapa a 2-a de vaccinare - MHF Photography","robots":{"index":"index","follow":"follow","max-snippet":"max-snippet:-1","max-image-preview":"max-image-preview:large","max-video-preview":"max-video-preview:-1"},"canonical":"https:\/\/mhf.ro\/mm\/covid-o-noua-amanare-in-etapa-a-2-a-de-vaccinare\/","og_locale":"ro_RO","og_type":"article","og_title":"COVID. O nou\u0103 am\u00e2nare \u00een etapa a 2-a de vaccinare - MHF Photography","og_description":"\u00cenc\u0103 o am\u00e2nare \u00een a doua etap\u0103 a campaniei de vaccinare anti-Covid. Vaccinarea persoanelor sub 65 de ani a fost","og_url":"https:\/\/mhf.ro\/mm\/covid-o-noua-amanare-in-etapa-a-2-a-de-vaccinare\/","og_site_name":"MHF Photography","article_published_time":"2021-01-30T22:20:18+00:00","og_image":[{"width":899,"height":445,"url":"https:\/\/mhf.ro\/mm\/wp-content\/uploads\/2021\/01\/vaccin-899x445-1.jpg","type":"image\/jpeg"}],"author":"Marius Marcu","twitter_card":"summary_large_image","twitter_misc":{"Scris de":"Marius Marcu","Timp estimat pentru citire":"1 minut"},"schema":{"@context":"https:\/\/schema.org","@graph":[{"@type":"Article","@id":"https:\/\/mhf.ro\/mm\/covid-o-noua-amanare-in-etapa-a-2-a-de-vaccinare\/#article","isPartOf":{"@id":"https:\/\/mhf.ro\/mm\/covid-o-noua-amanare-in-etapa-a-2-a-de-vaccinare\/"},"author":{"name":"Marius Marcu","@id":"https:\/\/mhf.ro\/mm\/#\/schema\/person\/a3bebf7bdb4bf12f698aff73c7e46c21"},"headline":"COVID. O nou\u0103 am\u00e2nare \u00een etapa a 2-a de vaccinare","datePublished":"2021-01-30T22:20:18+00:00","mainEntityOfPage":{"@id":"https:\/\/mhf.ro\/mm\/covid-o-noua-amanare-in-etapa-a-2-a-de-vaccinare\/"},"wordCount":138,"commentCount":0,"publisher":{"@id":"https:\/\/mhf.ro\/mm\/#\/schema\/person\/a3bebf7bdb4bf12f698aff73c7e46c21"},"image":{"@id":"https:\/\/mhf.ro\/mm\/covid-o-noua-amanare-in-etapa-a-2-a-de-vaccinare\/#primaryimage"},"thumbnailUrl":"https:\/\/mhf.ro\/mm\/wp-content\/uploads\/2021\/01\/vaccin-899x445-1.jpg","articleSection":["Locale"],"inLanguage":"ro-RO","potentialAction":[{"@type":"CommentAction","name":"Comment","target":["https:\/\/mhf.ro\/mm\/covid-o-noua-amanare-in-etapa-a-2-a-de-vaccinare\/#respond"]}]},{"@type":"WebPage","@id":"https:\/\/mhf.ro\/mm\/covid-o-noua-amanare-in-etapa-a-2-a-de-vaccinare\/","url":"https:\/\/mhf.ro\/mm\/covid-o-noua-amanare-in-etapa-a-2-a-de-vaccinare\/","name":"COVID. O nou\u0103 am\u00e2nare \u00een etapa a 2-a de vaccinare - MHF Photography","isPartOf":{"@id":"https:\/\/mhf.ro\/mm\/#website"},"primaryImageOfPage":{"@id":"https:\/\/mhf.ro\/mm\/covid-o-noua-amanare-in-etapa-a-2-a-de-vaccinare\/#primaryimage"},"image":{"@id":"https:\/\/mhf.ro\/mm\/covid-o-noua-amanare-in-etapa-a-2-a-de-vaccinare\/#primaryimage"},"thumbnailUrl":"https:\/\/mhf.ro\/mm\/wp-content\/uploads\/2021\/01\/vaccin-899x445-1.jpg","datePublished":"2021-01-30T22:20:18+00:00","breadcrumb":{"@id":"https:\/\/mhf.ro\/mm\/covid-o-noua-amanare-in-etapa-a-2-a-de-vaccinare\/#breadcrumb"},"inLanguage":"ro-RO","potentialAction":[{"@type":"ReadAction","target":["https:\/\/mhf.ro\/mm\/covid-o-noua-amanare-in-etapa-a-2-a-de-vaccinare\/"]}]},{"@type":"ImageObject","inLanguage":"ro-RO","@id":"https:\/\/mhf.ro\/mm\/covid-o-noua-amanare-in-etapa-a-2-a-de-vaccinare\/#primaryimage","url":"https:\/\/mhf.ro\/mm\/wp-content\/uploads\/2021\/01\/vaccin-899x445-1.jpg","contentUrl":"https:\/\/mhf.ro\/mm\/wp-content\/uploads\/2021\/01\/vaccin-899x445-1.jpg","width":899,"height":445,"caption":"SSUCv3H4sIAAAAAAAEAJ2RQW7DIBBF95V6B4u1LTGxG+NeJeqCAHZHISYCnKqKfPeCsaVZd8d\/Mx\/mD6\/3t6piVxlQsc\/qlVXSaO0SopcR3Zwwr3duNEbnUdoMM1u3CgtRxiWYkK\/YkZLRTKm3wN1\/vHMpujoKWzE5UomxmrCwXDd2oLX+t7Mcvo4ocjKz+t0GJkG8sUaWIJfSym4\/0fg7jfZEbRzRctHoSMqnU9JmQ0tufnhUOE\/E5uK38XRjaeXuTsDs4jbJHozptNIsoYVWdH3H4QzQw0m07PgGp26o6ayos2MA\/cGVODcnoVTTKcGbQYi+GUdou6EbAYCnTa1\/eCwImg4CAAA="},{"@type":"BreadcrumbList","@id":"https:\/\/mhf.ro\/mm\/covid-o-noua-amanare-in-etapa-a-2-a-de-vaccinare\/#breadcrumb","itemListElement":[{"@type":"ListItem","position":1,"name":"Prima pagin\u0103","item":"https:\/\/mhf.ro\/mm\/"},{"@type":"ListItem","position":2,"name":"COVID. O nou\u0103 am\u00e2nare \u00een etapa a 2-a de vaccinare"}]},{"@type":"WebSite","@id":"https:\/\/mhf.ro\/mm\/#website","url":"https:\/\/mhf.ro\/mm\/","name":"MHF Photography \u2013 Blog de fotografie, natur\u0103 \u0219i tehnic\u0103 divers\u0103","description":"Aventur\u0103 \u00een fiecare cadru.","publisher":{"@id":"https:\/\/mhf.ro\/mm\/#\/schema\/person\/a3bebf7bdb4bf12f698aff73c7e46c21"},"potentialAction":[{"@type":"SearchAction","target":{"@type":"EntryPoint","urlTemplate":"https:\/\/mhf.ro\/mm\/?s={search_term_string}"},"query-input":{"@type":"PropertyValueSpecification","valueRequired":true,"valueName":"search_term_string"}}],"inLanguage":"ro-RO"},{"@type":["Person","Organization"],"@id":"https:\/\/mhf.ro\/mm\/#\/schema\/person\/a3bebf7bdb4bf12f698aff73c7e46c21","name":"Marius Marcu","image":{"@type":"ImageObject","inLanguage":"ro-RO","@id":"https:\/\/mhf.ro\/mm\/#\/schema\/person\/image\/","url":"https:\/\/mhf.ro\/mm\/wp-content\/uploads\/2025\/12\/cropped-logo_mhf_2.png","contentUrl":"https:\/\/mhf.ro\/mm\/wp-content\/uploads\/2025\/12\/cropped-logo_mhf_2.png","width":1096,"height":457,"caption":"Marius Marcu"},"logo":{"@id":"https:\/\/mhf.ro\/mm\/#\/schema\/person\/image\/"},"sameAs":["https:\/\/mhf.ro\/mm"],"url":"https:\/\/mhf.ro\/mm\/author\/mihai\/"}]}},"_links":{"self":[{"href":"https:\/\/mhf.ro\/mm\/wp-json\/wp\/v2\/posts\/3777","targetHints":{"allow":["GET"]}}],"collection":[{"href":"https:\/\/mhf.ro\/mm\/wp-json\/wp\/v2\/posts"}],"about":[{"href":"https:\/\/mhf.ro\/mm\/wp-json\/wp\/v2\/types\/post"}],"author":[{"embeddable":true,"href":"https:\/\/mhf.ro\/mm\/wp-json\/wp\/v2\/users\/1"}],"replies":[{"embeddable":true,"href":"https:\/\/mhf.ro\/mm\/wp-json\/wp\/v2\/comments?post=3777"}],"version-history":[{"count":1,"href":"https:\/\/mhf.ro\/mm\/wp-json\/wp\/v2\/posts\/3777\/revisions"}],"predecessor-version":[{"id":3779,"href":"https:\/\/mhf.ro\/mm\/wp-json\/wp\/v2\/posts\/3777\/revisions\/3779"}],"wp:featuredmedia":[{"embeddable":true,"href":"https:\/\/mhf.ro\/mm\/wp-json\/wp\/v2\/media\/3778"}],"wp:attachment":[{"href":"https:\/\/mhf.ro\/mm\/wp-json\/wp\/v2\/media?parent=3777"}],"wp:term":[{"taxonomy":"category","embeddable":true,"href":"https:\/\/mhf.ro\/mm\/wp-json\/wp\/v2\/categories?post=3777"},{"taxonomy":"post_tag","embeddable":true,"href":"https:\/\/mhf.ro\/mm\/wp-json\/wp\/v2\/tags?post=3777"}],"curies":[{"name":"wp","href":"https:\/\/api.w.org\/{rel}","templated":true}]}}