{"id":3786,"date":"2021-01-31T17:16:55","date_gmt":"2021-01-31T15:16:55","guid":{"rendered":"https:\/\/mhf.ro\/mm\/?p=3786"},"modified":"2021-01-31T17:16:55","modified_gmt":"2021-01-31T15:16:55","slug":"atentie-soferi-doua-coduri-galbene-de-ninsori-si-polei","status":"publish","type":"post","link":"https:\/\/mhf.ro\/mm\/atentie-soferi-doua-coduri-galbene-de-ninsori-si-polei\/","title":{"rendered":"Aten\u021bie \u0219oferi! Dou\u0103 coduri galbene de ninsori \u0219i polei!"},"content":{"rendered":"<p>Pentru perioada 31 ianuarie, ora 20:00 \u2013 01 februarie, ora 10:00, au fost emise dou\u0103 avertiz\u0103ri de cod galben \u00een Carpa\u021bii Meridionali \u0219i Occidentali, respectiv \u00een jum\u0103tatea de sud a Moldovei, \u00een nord-estul Munteniei \u0219i \u00een sud-estul Transilvaniei.<\/p>\n<p>\u00cen Carpa\u021bii Meridionali \u0219i Occidentali sunt asteptate ninsori \u00eensemnate cantitativ \u0219i intensific\u0103ri ale v\u00e2ntului, la altitudini de peste 1400 m, unde temporar se va depune un strat consistent de z\u0103pad\u0103. V\u00e2ntul va prezenta intensific\u0103ri, cu viteze de 50&#8230;70 km\/h, iar \u00eendeosebi \u00een zona \u00eenalt\u0103 a Carpa\u021bilor Meridionali, rafalele vor dep\u0103\u0219i 90 km\/h, viscolind ninsoarea \u0219i spulber\u00e2nd z\u0103pada.<\/p>\n<p>\u00cen jum\u0103tatea de sud a Moldovei, \u00een nord-estul Munteniei \u0219i \u00een sud-estul Transilvaniei, \u00eendeosebi \u00een a doua parte a nop\u021bii de duminic\u0103 spre luni (31 ianuarie\/1 februarie), temporar se vor semnala precipita\u021bii predominant sub form\u0103 de ploaie, iar pe arii extinse va fi polei.<\/p>\n<p>Facem apel la conduc\u0103torii auto s\u0103 circule cu aten\u021bie \u0219i pruden\u021b\u0103, s\u0103 adapteze viteza la condi\u021biile din trafic, s\u0103 aib\u0103 autovehiculele echipate corespunz\u0103tor pentru condi\u021bii de iarn\u0103 \u0219i s\u0103 se informeze \u00een prealabil cu privire la condi\u021biile de trafic din zonele tranzitate.<\/p>\n<p>Preciz\u0103m c\u0103 toate direc\u021biile regionale ale CNAIR sunt mobilizate \u0219i vor interveni unde este cazul pentru ca traficul rutier s\u0103 se desf\u0103\u0219oare \u00een condi\u021bii de siguran\u021b\u0103.<\/p>\n<p>Imagini de la interven\u021biile Regionalelor CNAIR pute\u021bi vedea pe pagina de facebook a companiei:\u00a0<a href=\"https:\/\/www.facebook.com\/cnadnr\">https:\/\/www.facebook.com\/cnadnr<\/a>.<\/p>\n<p><strong>Informa\u0163ii suplimentare privind starea re\u0163elei de drumuri na\u0163ionale pot fi ob\u0163inute de la Dispeceratul Companiei Na\u0163ionale de Administrare a Infrastructurii Rutiere S.A., la numerele de telefon 021\/264.33.33; 021\/9360 \u0219i pot accesa pe prima pagina \u00een caseta din st\u00e2nga:\u00a0<\/strong><a href=\"http:\/\/www.cnadnr.ro\/\"><strong>www.cnadnr.ro<\/strong><\/a><strong>\u00a0&#8211; DISPECERAT &#8211; Situatia Drumurilor Na\u0163ionale, dar \u0219i pagina de FB\u00a0<\/strong><a href=\"https:\/\/www.facebook.com\/cnadnr\/\"><strong>https:\/\/www.facebook.com\/cnadnr\/<\/strong><\/a><strong>\u00a0\u0219i de TWITTER, @CNADNR.<\/strong><\/p>\n<p style=\"text-align: right\">(conf. cnadnr.ro)<\/p>\n","protected":false},"excerpt":{"rendered":"<p>Pentru perioada 31 ianuarie, ora 20:00 \u2013 01 februarie, ora 10:00, au fost emise dou\u0103 avertiz\u0103ri de cod galben \u00een<\/p>\n","protected":false},"author":11,"featured_media":3586,"comment_status":"open","ping_status":"open","sticky":false,"template":"","format":"standard","meta":{"colormag_page_container_layout":"default_layout","colormag_page_sidebar_layout":"default_layout","footnotes":""},"categories":[32,8],"tags":[],"class_list":["post-3786","post","type-post","status-publish","format-standard","has-post-thumbnail","hentry","category-comunicate","category-div"],"yoast_head":"<!-- This site is optimized with the Yoast SEO plugin v27.0 - https:\/\/yoast.com\/product\/yoast-seo-wordpress\/ -->\n<title>Aten\u021bie \u0219oferi! Dou\u0103 coduri galbene de ninsori \u0219i polei! - MHF Photography<\/title>\n<meta name=\"robots\" content=\"index, follow, max-snippet:-1, max-image-preview:large, max-video-preview:-1\" \/>\n<link rel=\"canonical\" href=\"https:\/\/mhf.ro\/mm\/atentie-soferi-doua-coduri-galbene-de-ninsori-si-polei\/\" \/>\n<meta property=\"og:locale\" content=\"ro_RO\" \/>\n<meta property=\"og:type\" content=\"article\" \/>\n<meta property=\"og:title\" content=\"Aten\u021bie \u0219oferi! Dou\u0103 coduri galbene de ninsori \u0219i polei! - MHF Photography\" \/>\n<meta property=\"og:description\" content=\"Pentru perioada 31 ianuarie, ora 20:00 \u2013 01 februarie, ora 10:00, au fost emise dou\u0103 avertiz\u0103ri de cod galben \u00een\" \/>\n<meta property=\"og:url\" content=\"https:\/\/mhf.ro\/mm\/atentie-soferi-doua-coduri-galbene-de-ninsori-si-polei\/\" \/>\n<meta property=\"og:site_name\" content=\"MHF Photography\" \/>\n<meta property=\"article:published_time\" content=\"2021-01-31T15:16:55+00:00\" \/>\n<meta property=\"og:image\" content=\"https:\/\/mhf.ro\/mm\/wp-content\/uploads\/2021\/01\/zapada_drum.jpg\" \/>\n\t<meta property=\"og:image:width\" content=\"1280\" \/>\n\t<meta property=\"og:image:height\" content=\"685\" \/>\n\t<meta property=\"og:image:type\" content=\"image\/jpeg\" \/>\n<meta name=\"author\" content=\"Fodrea Iuliana Reve\" \/>\n<meta name=\"twitter:card\" content=\"summary_large_image\" \/>\n<meta name=\"twitter:label1\" content=\"Scris de\" \/>\n\t<meta name=\"twitter:data1\" content=\"Fodrea Iuliana Reve\" \/>\n\t<meta name=\"twitter:label2\" content=\"Timp estimat pentru citire\" \/>\n\t<meta name=\"twitter:data2\" content=\"2 minute\" \/>\n<script type=\"application\/ld+json\" class=\"yoast-schema-graph\">{\"@context\":\"https:\/\/schema.org\",\"@graph\":[{\"@type\":\"Article\",\"@id\":\"https:\/\/mhf.ro\/mm\/atentie-soferi-doua-coduri-galbene-de-ninsori-si-polei\/#article\",\"isPartOf\":{\"@id\":\"https:\/\/mhf.ro\/mm\/atentie-soferi-doua-coduri-galbene-de-ninsori-si-polei\/\"},\"author\":{\"name\":\"Fodrea Iuliana Reve\",\"@id\":\"https:\/\/mhf.ro\/mm\/#\/schema\/person\/17f3fed455503130cb08cdc1421f8001\"},\"headline\":\"Aten\u021bie \u0219oferi! Dou\u0103 coduri galbene de ninsori \u0219i polei!\",\"datePublished\":\"2021-01-31T15:16:55+00:00\",\"mainEntityOfPage\":{\"@id\":\"https:\/\/mhf.ro\/mm\/atentie-soferi-doua-coduri-galbene-de-ninsori-si-polei\/\"},\"wordCount\":327,\"commentCount\":0,\"publisher\":{\"@id\":\"https:\/\/mhf.ro\/mm\/#\/schema\/person\/a3bebf7bdb4bf12f698aff73c7e46c21\"},\"image\":{\"@id\":\"https:\/\/mhf.ro\/mm\/atentie-soferi-doua-coduri-galbene-de-ninsori-si-polei\/#primaryimage\"},\"thumbnailUrl\":\"https:\/\/mhf.ro\/mm\/wp-content\/uploads\/2021\/01\/zapada_drum.jpg\",\"articleSection\":[\"Comunicate\",\"Diverse\"],\"inLanguage\":\"ro-RO\",\"potentialAction\":[{\"@type\":\"CommentAction\",\"name\":\"Comment\",\"target\":[\"https:\/\/mhf.ro\/mm\/atentie-soferi-doua-coduri-galbene-de-ninsori-si-polei\/#respond\"]}]},{\"@type\":\"WebPage\",\"@id\":\"https:\/\/mhf.ro\/mm\/atentie-soferi-doua-coduri-galbene-de-ninsori-si-polei\/\",\"url\":\"https:\/\/mhf.ro\/mm\/atentie-soferi-doua-coduri-galbene-de-ninsori-si-polei\/\",\"name\":\"Aten\u021bie \u0219oferi! Dou\u0103 coduri galbene de ninsori \u0219i polei! - MHF Photography\",\"isPartOf\":{\"@id\":\"https:\/\/mhf.ro\/mm\/#website\"},\"primaryImageOfPage\":{\"@id\":\"https:\/\/mhf.ro\/mm\/atentie-soferi-doua-coduri-galbene-de-ninsori-si-polei\/#primaryimage\"},\"image\":{\"@id\":\"https:\/\/mhf.ro\/mm\/atentie-soferi-doua-coduri-galbene-de-ninsori-si-polei\/#primaryimage\"},\"thumbnailUrl\":\"https:\/\/mhf.ro\/mm\/wp-content\/uploads\/2021\/01\/zapada_drum.jpg\",\"datePublished\":\"2021-01-31T15:16:55+00:00\",\"breadcrumb\":{\"@id\":\"https:\/\/mhf.ro\/mm\/atentie-soferi-doua-coduri-galbene-de-ninsori-si-polei\/#breadcrumb\"},\"inLanguage\":\"ro-RO\",\"potentialAction\":[{\"@type\":\"ReadAction\",\"target\":[\"https:\/\/mhf.ro\/mm\/atentie-soferi-doua-coduri-galbene-de-ninsori-si-polei\/\"]}]},{\"@type\":\"ImageObject\",\"inLanguage\":\"ro-RO\",\"@id\":\"https:\/\/mhf.ro\/mm\/atentie-soferi-doua-coduri-galbene-de-ninsori-si-polei\/#primaryimage\",\"url\":\"https:\/\/mhf.ro\/mm\/wp-content\/uploads\/2021\/01\/zapada_drum.jpg\",\"contentUrl\":\"https:\/\/mhf.ro\/mm\/wp-content\/uploads\/2021\/01\/zapada_drum.jpg\",\"width\":1280,\"height\":685},{\"@type\":\"BreadcrumbList\",\"@id\":\"https:\/\/mhf.ro\/mm\/atentie-soferi-doua-coduri-galbene-de-ninsori-si-polei\/#breadcrumb\",\"itemListElement\":[{\"@type\":\"ListItem\",\"position\":1,\"name\":\"Prima pagin\u0103\",\"item\":\"https:\/\/mhf.ro\/mm\/\"},{\"@type\":\"ListItem\",\"position\":2,\"name\":\"Aten\u021bie \u0219oferi! Dou\u0103 coduri galbene de ninsori \u0219i polei!\"}]},{\"@type\":\"WebSite\",\"@id\":\"https:\/\/mhf.ro\/mm\/#website\",\"url\":\"https:\/\/mhf.ro\/mm\/\",\"name\":\"MHF Photography \u2013 Blog de fotografie, natur\u0103 \u0219i tehnic\u0103 divers\u0103\",\"description\":\"Aventur\u0103 \u00een fiecare cadru.\",\"publisher\":{\"@id\":\"https:\/\/mhf.ro\/mm\/#\/schema\/person\/a3bebf7bdb4bf12f698aff73c7e46c21\"},\"potentialAction\":[{\"@type\":\"SearchAction\",\"target\":{\"@type\":\"EntryPoint\",\"urlTemplate\":\"https:\/\/mhf.ro\/mm\/?s={search_term_string}\"},\"query-input\":{\"@type\":\"PropertyValueSpecification\",\"valueRequired\":true,\"valueName\":\"search_term_string\"}}],\"inLanguage\":\"ro-RO\"},{\"@type\":[\"Person\",\"Organization\"],\"@id\":\"https:\/\/mhf.ro\/mm\/#\/schema\/person\/a3bebf7bdb4bf12f698aff73c7e46c21\",\"name\":\"Marius Marcu\",\"image\":{\"@type\":\"ImageObject\",\"inLanguage\":\"ro-RO\",\"@id\":\"https:\/\/mhf.ro\/mm\/#\/schema\/person\/image\/\",\"url\":\"https:\/\/mhf.ro\/mm\/wp-content\/uploads\/2025\/12\/cropped-logo_mhf_2.png\",\"contentUrl\":\"https:\/\/mhf.ro\/mm\/wp-content\/uploads\/2025\/12\/cropped-logo_mhf_2.png\",\"width\":1096,\"height\":457,\"caption\":\"Marius Marcu\"},\"logo\":{\"@id\":\"https:\/\/mhf.ro\/mm\/#\/schema\/person\/image\/\"},\"sameAs\":[\"https:\/\/mhf.ro\/mm\"]},{\"@type\":\"Person\",\"@id\":\"https:\/\/mhf.ro\/mm\/#\/schema\/person\/17f3fed455503130cb08cdc1421f8001\",\"name\":\"Fodrea Iuliana Reve\",\"image\":{\"@type\":\"ImageObject\",\"inLanguage\":\"ro-RO\",\"@id\":\"https:\/\/mhf.ro\/mm\/#\/schema\/person\/image\/\",\"url\":\"https:\/\/secure.gravatar.com\/avatar\/f6a66b0b93f1a25e8049c1c4e66e60a1a6809ab11ad60f8dcc2eaafeb7ca1580?s=96&d=monsterid&r=g\",\"contentUrl\":\"https:\/\/secure.gravatar.com\/avatar\/f6a66b0b93f1a25e8049c1c4e66e60a1a6809ab11ad60f8dcc2eaafeb7ca1580?s=96&d=monsterid&r=g\",\"caption\":\"Fodrea Iuliana Reve\"},\"sameAs\":[\"https:\/\/mhf.ro\/mm\"],\"url\":\"https:\/\/mhf.ro\/mm\/author\/iuliana\/\"}]}<\/script>\n<!-- \/ Yoast SEO plugin. -->","yoast_head_json":{"title":"Aten\u021bie \u0219oferi! Dou\u0103 coduri galbene de ninsori \u0219i polei! - MHF Photography","robots":{"index":"index","follow":"follow","max-snippet":"max-snippet:-1","max-image-preview":"max-image-preview:large","max-video-preview":"max-video-preview:-1"},"canonical":"https:\/\/mhf.ro\/mm\/atentie-soferi-doua-coduri-galbene-de-ninsori-si-polei\/","og_locale":"ro_RO","og_type":"article","og_title":"Aten\u021bie \u0219oferi! Dou\u0103 coduri galbene de ninsori \u0219i polei! - MHF Photography","og_description":"Pentru perioada 31 ianuarie, ora 20:00 \u2013 01 februarie, ora 10:00, au fost emise dou\u0103 avertiz\u0103ri de cod galben \u00een","og_url":"https:\/\/mhf.ro\/mm\/atentie-soferi-doua-coduri-galbene-de-ninsori-si-polei\/","og_site_name":"MHF Photography","article_published_time":"2021-01-31T15:16:55+00:00","og_image":[{"width":1280,"height":685,"url":"https:\/\/mhf.ro\/mm\/wp-content\/uploads\/2021\/01\/zapada_drum.jpg","type":"image\/jpeg"}],"author":"Fodrea Iuliana Reve","twitter_card":"summary_large_image","twitter_misc":{"Scris de":"Fodrea Iuliana Reve","Timp estimat pentru citire":"2 minute"},"schema":{"@context":"https:\/\/schema.org","@graph":[{"@type":"Article","@id":"https:\/\/mhf.ro\/mm\/atentie-soferi-doua-coduri-galbene-de-ninsori-si-polei\/#article","isPartOf":{"@id":"https:\/\/mhf.ro\/mm\/atentie-soferi-doua-coduri-galbene-de-ninsori-si-polei\/"},"author":{"name":"Fodrea Iuliana Reve","@id":"https:\/\/mhf.ro\/mm\/#\/schema\/person\/17f3fed455503130cb08cdc1421f8001"},"headline":"Aten\u021bie \u0219oferi! Dou\u0103 coduri galbene de ninsori \u0219i polei!","datePublished":"2021-01-31T15:16:55+00:00","mainEntityOfPage":{"@id":"https:\/\/mhf.ro\/mm\/atentie-soferi-doua-coduri-galbene-de-ninsori-si-polei\/"},"wordCount":327,"commentCount":0,"publisher":{"@id":"https:\/\/mhf.ro\/mm\/#\/schema\/person\/a3bebf7bdb4bf12f698aff73c7e46c21"},"image":{"@id":"https:\/\/mhf.ro\/mm\/atentie-soferi-doua-coduri-galbene-de-ninsori-si-polei\/#primaryimage"},"thumbnailUrl":"https:\/\/mhf.ro\/mm\/wp-content\/uploads\/2021\/01\/zapada_drum.jpg","articleSection":["Comunicate","Diverse"],"inLanguage":"ro-RO","potentialAction":[{"@type":"CommentAction","name":"Comment","target":["https:\/\/mhf.ro\/mm\/atentie-soferi-doua-coduri-galbene-de-ninsori-si-polei\/#respond"]}]},{"@type":"WebPage","@id":"https:\/\/mhf.ro\/mm\/atentie-soferi-doua-coduri-galbene-de-ninsori-si-polei\/","url":"https:\/\/mhf.ro\/mm\/atentie-soferi-doua-coduri-galbene-de-ninsori-si-polei\/","name":"Aten\u021bie \u0219oferi! Dou\u0103 coduri galbene de ninsori \u0219i polei! - MHF Photography","isPartOf":{"@id":"https:\/\/mhf.ro\/mm\/#website"},"primaryImageOfPage":{"@id":"https:\/\/mhf.ro\/mm\/atentie-soferi-doua-coduri-galbene-de-ninsori-si-polei\/#primaryimage"},"image":{"@id":"https:\/\/mhf.ro\/mm\/atentie-soferi-doua-coduri-galbene-de-ninsori-si-polei\/#primaryimage"},"thumbnailUrl":"https:\/\/mhf.ro\/mm\/wp-content\/uploads\/2021\/01\/zapada_drum.jpg","datePublished":"2021-01-31T15:16:55+00:00","breadcrumb":{"@id":"https:\/\/mhf.ro\/mm\/atentie-soferi-doua-coduri-galbene-de-ninsori-si-polei\/#breadcrumb"},"inLanguage":"ro-RO","potentialAction":[{"@type":"ReadAction","target":["https:\/\/mhf.ro\/mm\/atentie-soferi-doua-coduri-galbene-de-ninsori-si-polei\/"]}]},{"@type":"ImageObject","inLanguage":"ro-RO","@id":"https:\/\/mhf.ro\/mm\/atentie-soferi-doua-coduri-galbene-de-ninsori-si-polei\/#primaryimage","url":"https:\/\/mhf.ro\/mm\/wp-content\/uploads\/2021\/01\/zapada_drum.jpg","contentUrl":"https:\/\/mhf.ro\/mm\/wp-content\/uploads\/2021\/01\/zapada_drum.jpg","width":1280,"height":685},{"@type":"BreadcrumbList","@id":"https:\/\/mhf.ro\/mm\/atentie-soferi-doua-coduri-galbene-de-ninsori-si-polei\/#breadcrumb","itemListElement":[{"@type":"ListItem","position":1,"name":"Prima pagin\u0103","item":"https:\/\/mhf.ro\/mm\/"},{"@type":"ListItem","position":2,"name":"Aten\u021bie \u0219oferi! Dou\u0103 coduri galbene de ninsori \u0219i polei!"}]},{"@type":"WebSite","@id":"https:\/\/mhf.ro\/mm\/#website","url":"https:\/\/mhf.ro\/mm\/","name":"MHF Photography \u2013 Blog de fotografie, natur\u0103 \u0219i tehnic\u0103 divers\u0103","description":"Aventur\u0103 \u00een fiecare cadru.","publisher":{"@id":"https:\/\/mhf.ro\/mm\/#\/schema\/person\/a3bebf7bdb4bf12f698aff73c7e46c21"},"potentialAction":[{"@type":"SearchAction","target":{"@type":"EntryPoint","urlTemplate":"https:\/\/mhf.ro\/mm\/?s={search_term_string}"},"query-input":{"@type":"PropertyValueSpecification","valueRequired":true,"valueName":"search_term_string"}}],"inLanguage":"ro-RO"},{"@type":["Person","Organization"],"@id":"https:\/\/mhf.ro\/mm\/#\/schema\/person\/a3bebf7bdb4bf12f698aff73c7e46c21","name":"Marius Marcu","image":{"@type":"ImageObject","inLanguage":"ro-RO","@id":"https:\/\/mhf.ro\/mm\/#\/schema\/person\/image\/","url":"https:\/\/mhf.ro\/mm\/wp-content\/uploads\/2025\/12\/cropped-logo_mhf_2.png","contentUrl":"https:\/\/mhf.ro\/mm\/wp-content\/uploads\/2025\/12\/cropped-logo_mhf_2.png","width":1096,"height":457,"caption":"Marius Marcu"},"logo":{"@id":"https:\/\/mhf.ro\/mm\/#\/schema\/person\/image\/"},"sameAs":["https:\/\/mhf.ro\/mm"]},{"@type":"Person","@id":"https:\/\/mhf.ro\/mm\/#\/schema\/person\/17f3fed455503130cb08cdc1421f8001","name":"Fodrea Iuliana Reve","image":{"@type":"ImageObject","inLanguage":"ro-RO","@id":"https:\/\/mhf.ro\/mm\/#\/schema\/person\/image\/","url":"https:\/\/secure.gravatar.com\/avatar\/f6a66b0b93f1a25e8049c1c4e66e60a1a6809ab11ad60f8dcc2eaafeb7ca1580?s=96&d=monsterid&r=g","contentUrl":"https:\/\/secure.gravatar.com\/avatar\/f6a66b0b93f1a25e8049c1c4e66e60a1a6809ab11ad60f8dcc2eaafeb7ca1580?s=96&d=monsterid&r=g","caption":"Fodrea Iuliana Reve"},"sameAs":["https:\/\/mhf.ro\/mm"],"url":"https:\/\/mhf.ro\/mm\/author\/iuliana\/"}]}},"_links":{"self":[{"href":"https:\/\/mhf.ro\/mm\/wp-json\/wp\/v2\/posts\/3786","targetHints":{"allow":["GET"]}}],"collection":[{"href":"https:\/\/mhf.ro\/mm\/wp-json\/wp\/v2\/posts"}],"about":[{"href":"https:\/\/mhf.ro\/mm\/wp-json\/wp\/v2\/types\/post"}],"author":[{"embeddable":true,"href":"https:\/\/mhf.ro\/mm\/wp-json\/wp\/v2\/users\/11"}],"replies":[{"embeddable":true,"href":"https:\/\/mhf.ro\/mm\/wp-json\/wp\/v2\/comments?post=3786"}],"version-history":[{"count":1,"href":"https:\/\/mhf.ro\/mm\/wp-json\/wp\/v2\/posts\/3786\/revisions"}],"predecessor-version":[{"id":3787,"href":"https:\/\/mhf.ro\/mm\/wp-json\/wp\/v2\/posts\/3786\/revisions\/3787"}],"wp:featuredmedia":[{"embeddable":true,"href":"https:\/\/mhf.ro\/mm\/wp-json\/wp\/v2\/media\/3586"}],"wp:attachment":[{"href":"https:\/\/mhf.ro\/mm\/wp-json\/wp\/v2\/media?parent=3786"}],"wp:term":[{"taxonomy":"category","embeddable":true,"href":"https:\/\/mhf.ro\/mm\/wp-json\/wp\/v2\/categories?post=3786"},{"taxonomy":"post_tag","embeddable":true,"href":"https:\/\/mhf.ro\/mm\/wp-json\/wp\/v2\/tags?post=3786"}],"curies":[{"name":"wp","href":"https:\/\/api.w.org\/{rel}","templated":true}]}}