{"id":3788,"date":"2021-01-31T17:20:54","date_gmt":"2021-01-31T15:20:54","guid":{"rendered":"https:\/\/mhf.ro\/mm\/?p=3788"},"modified":"2021-01-31T17:21:40","modified_gmt":"2021-01-31T15:21:40","slug":"pacienti-oncologici-trimisi-sa-se-testeze-de-covid-in-privat","status":"publish","type":"post","link":"https:\/\/mhf.ro\/mm\/pacienti-oncologici-trimisi-sa-se-testeze-de-covid-in-privat\/","title":{"rendered":"Pacien\u021bi oncologici trimi\u0219i s\u0103 se testeze de Covid \u00een privat"},"content":{"rendered":"<p><span lang=\"ro-RO\">Situa\u021bia sistemului sanitar din Rom\u00e2nia arat\u0103 dezastruos. La Re\u0219i\u021ba, pacien\u021bii oncologici sunt trimi\u0219i s\u0103 se testeze \u00een privat, ca s\u0103 nu li se am\u00e2ne tratamentul. \u0218i asta din cauza faptului c\u0103 aparatul RT-PCR din spital e stricat de o s\u0103pt\u0103m\u00e2n\u0103. Este vorba despre a<\/span><span lang=\"ro-RO\">cela\u0219i \u00een care, \u00een urm\u0103 cu o lun\u0103, b\u0103tr\u00e2ni cu COVID-19 erau l\u0103sa\u021bi dezbr\u0103ca\u021bi pe holurile spitalului.<\/span><\/p>\n<p>\u201e<span lang=\"ro-RO\">V\u0103 rug\u0103m mai reveni\u021bi\u201d li s-a spus pacien\u021bilor oncologici.<br \/>\n<\/span><br \/>\n<span lang=\"ro-RO\">Ar putea reveni prea t\u00e2rziu, a\u0219a c\u0103 mul\u021bi dintre ei scot <\/span><span lang=\"ro-RO\">bani buni din buzunare pentru a se testa la privat, pentru a-\u0219i putea continua tratamentul cu chimioterapie.<\/span><\/p>\n<p><span lang=\"ro-RO\">Potrivit protocolului, pentru a beneficia de tratamentul programat, pacien\u021bii oncologici au nevoie de rezultatul negativ al unui test pentru COVID-19, efectuat cu cel mult 48 de ore \u00eenainte de internare.<\/span><\/p>\n<p>\u201e<span lang=\"ro-RO\">Ni s-a zis s\u0103 facem testul la un laborator privat din Re\u0219i\u021ba sau s\u0103 am\u00e2n\u0103m tratamentul\u201d, spune un pacient.<br \/>\n<\/span><br \/>\n\u201e<span lang=\"ro-RO\">Aparatul care determin\u0103 testul PCR Covid-19 este defect, echipele de service lucreaz\u0103 \u00een continuare pentru ca acesta s\u0103 fie repus \u00een func\u0163iune c\u00e2t mai cur\u00e2nd. \u00cen toat\u0103 aceast\u0103 perioad\u0103, probele recoltate pentru PCR Covid-19 la Spitalul Jude\u0163ean de Urgen\u0163\u0103 Re\u015fi\u0163a au fost trimise la Spitalul Clinic \u201eDr. Victor Babe\u015f\u201c din Timi\u015foara\u201d, a declarat pentru <a href=\"https:\/\/www.libertatea.ro\/stiri\/pacientii-oncologici-din-resita-trimisi-sa-se-testeze-de-covid-in-privat-ca-sa-nu-li-se-amane-tratamentul-3394799\">Libertatea<\/a> Roxana B\u0103lan, purt\u0103toarea de cuv\u00e2nt a Spitalul Jude\u021bean de Urgen\u021b\u0103 Re\u0219i\u021ba.\u00a0<\/span><\/p>\n<p>Amintim \u00een acest context c\u0103 cel mai mare \u0219i mai modern spital de boli infec\u021bioase din Rom\u00e2nia, Matei Bla\u0219, unde sunt trata\u021bi pacien\u021bi Covid, a luat foc vineri diminea\u021b\u0103. Patru oameni \u0219i-au pierdut via\u021ba, iar al\u021bi peste 100 sunt redistribui\u021bi c\u0103tre alte spitale. (conf. <a href=\"https:\/\/jurnalist.ro\/pacienti-oncologici-trimisi-sa-se-testeze-de-covid-in-privat\/\">Jurnalist.ro<\/a>)<\/p>\n","protected":false},"excerpt":{"rendered":"<p>Situa\u021bia sistemului sanitar din Rom\u00e2nia arat\u0103 dezastruos. La Re\u0219i\u021ba, pacien\u021bii oncologici sunt trimi\u0219i s\u0103 se testeze \u00een privat, ca s\u0103<\/p>\n","protected":false},"author":1,"featured_media":3789,"comment_status":"open","ping_status":"open","sticky":false,"template":"","format":"standard","meta":{"colormag_page_container_layout":"default_layout","colormag_page_sidebar_layout":"default_layout","footnotes":""},"categories":[5],"tags":[],"class_list":["post-3788","post","type-post","status-publish","format-standard","has-post-thumbnail","hentry","category-locale"],"yoast_head":"<!-- This site is optimized with the Yoast SEO plugin v27.0 - https:\/\/yoast.com\/product\/yoast-seo-wordpress\/ -->\n<title>Pacien\u021bi oncologici trimi\u0219i s\u0103 se testeze de Covid \u00een privat - MHF Photography<\/title>\n<meta name=\"robots\" content=\"index, follow, max-snippet:-1, max-image-preview:large, max-video-preview:-1\" \/>\n<link rel=\"canonical\" href=\"https:\/\/mhf.ro\/mm\/pacienti-oncologici-trimisi-sa-se-testeze-de-covid-in-privat\/\" \/>\n<meta property=\"og:locale\" content=\"ro_RO\" \/>\n<meta property=\"og:type\" content=\"article\" \/>\n<meta property=\"og:title\" content=\"Pacien\u021bi oncologici trimi\u0219i s\u0103 se testeze de Covid \u00een privat - MHF Photography\" \/>\n<meta property=\"og:description\" content=\"Situa\u021bia sistemului sanitar din Rom\u00e2nia arat\u0103 dezastruos. La Re\u0219i\u021ba, pacien\u021bii oncologici sunt trimi\u0219i s\u0103 se testeze \u00een privat, ca s\u0103\" \/>\n<meta property=\"og:url\" content=\"https:\/\/mhf.ro\/mm\/pacienti-oncologici-trimisi-sa-se-testeze-de-covid-in-privat\/\" \/>\n<meta property=\"og:site_name\" content=\"MHF Photography\" \/>\n<meta property=\"article:published_time\" content=\"2021-01-31T15:20:54+00:00\" \/>\n<meta property=\"article:modified_time\" content=\"2021-01-31T15:21:40+00:00\" \/>\n<meta property=\"og:image\" content=\"https:\/\/mhf.ro\/mm\/wp-content\/uploads\/2021\/01\/spital-resita-22.jpg\" \/>\n\t<meta property=\"og:image:width\" content=\"813\" \/>\n\t<meta property=\"og:image:height\" content=\"445\" \/>\n\t<meta property=\"og:image:type\" content=\"image\/jpeg\" \/>\n<meta name=\"author\" content=\"Marius Marcu\" \/>\n<meta name=\"twitter:card\" content=\"summary_large_image\" \/>\n<meta name=\"twitter:label1\" content=\"Scris de\" \/>\n\t<meta name=\"twitter:data1\" content=\"Marius Marcu\" \/>\n\t<meta name=\"twitter:label2\" content=\"Timp estimat pentru citire\" \/>\n\t<meta name=\"twitter:data2\" content=\"2 minute\" \/>\n<script type=\"application\/ld+json\" class=\"yoast-schema-graph\">{\"@context\":\"https:\/\/schema.org\",\"@graph\":[{\"@type\":\"Article\",\"@id\":\"https:\/\/mhf.ro\/mm\/pacienti-oncologici-trimisi-sa-se-testeze-de-covid-in-privat\/#article\",\"isPartOf\":{\"@id\":\"https:\/\/mhf.ro\/mm\/pacienti-oncologici-trimisi-sa-se-testeze-de-covid-in-privat\/\"},\"author\":{\"name\":\"Marius Marcu\",\"@id\":\"https:\/\/mhf.ro\/mm\/#\/schema\/person\/a3bebf7bdb4bf12f698aff73c7e46c21\"},\"headline\":\"Pacien\u021bi oncologici trimi\u0219i s\u0103 se testeze de Covid \u00een privat\",\"datePublished\":\"2021-01-31T15:20:54+00:00\",\"dateModified\":\"2021-01-31T15:21:40+00:00\",\"mainEntityOfPage\":{\"@id\":\"https:\/\/mhf.ro\/mm\/pacienti-oncologici-trimisi-sa-se-testeze-de-covid-in-privat\/\"},\"wordCount\":319,\"commentCount\":0,\"publisher\":{\"@id\":\"https:\/\/mhf.ro\/mm\/#\/schema\/person\/a3bebf7bdb4bf12f698aff73c7e46c21\"},\"image\":{\"@id\":\"https:\/\/mhf.ro\/mm\/pacienti-oncologici-trimisi-sa-se-testeze-de-covid-in-privat\/#primaryimage\"},\"thumbnailUrl\":\"https:\/\/mhf.ro\/mm\/wp-content\/uploads\/2021\/01\/spital-resita-22.jpg\",\"articleSection\":[\"Locale\"],\"inLanguage\":\"ro-RO\",\"potentialAction\":[{\"@type\":\"CommentAction\",\"name\":\"Comment\",\"target\":[\"https:\/\/mhf.ro\/mm\/pacienti-oncologici-trimisi-sa-se-testeze-de-covid-in-privat\/#respond\"]}]},{\"@type\":\"WebPage\",\"@id\":\"https:\/\/mhf.ro\/mm\/pacienti-oncologici-trimisi-sa-se-testeze-de-covid-in-privat\/\",\"url\":\"https:\/\/mhf.ro\/mm\/pacienti-oncologici-trimisi-sa-se-testeze-de-covid-in-privat\/\",\"name\":\"Pacien\u021bi oncologici trimi\u0219i s\u0103 se testeze de Covid \u00een privat - MHF Photography\",\"isPartOf\":{\"@id\":\"https:\/\/mhf.ro\/mm\/#website\"},\"primaryImageOfPage\":{\"@id\":\"https:\/\/mhf.ro\/mm\/pacienti-oncologici-trimisi-sa-se-testeze-de-covid-in-privat\/#primaryimage\"},\"image\":{\"@id\":\"https:\/\/mhf.ro\/mm\/pacienti-oncologici-trimisi-sa-se-testeze-de-covid-in-privat\/#primaryimage\"},\"thumbnailUrl\":\"https:\/\/mhf.ro\/mm\/wp-content\/uploads\/2021\/01\/spital-resita-22.jpg\",\"datePublished\":\"2021-01-31T15:20:54+00:00\",\"dateModified\":\"2021-01-31T15:21:40+00:00\",\"breadcrumb\":{\"@id\":\"https:\/\/mhf.ro\/mm\/pacienti-oncologici-trimisi-sa-se-testeze-de-covid-in-privat\/#breadcrumb\"},\"inLanguage\":\"ro-RO\",\"potentialAction\":[{\"@type\":\"ReadAction\",\"target\":[\"https:\/\/mhf.ro\/mm\/pacienti-oncologici-trimisi-sa-se-testeze-de-covid-in-privat\/\"]}]},{\"@type\":\"ImageObject\",\"inLanguage\":\"ro-RO\",\"@id\":\"https:\/\/mhf.ro\/mm\/pacienti-oncologici-trimisi-sa-se-testeze-de-covid-in-privat\/#primaryimage\",\"url\":\"https:\/\/mhf.ro\/mm\/wp-content\/uploads\/2021\/01\/spital-resita-22.jpg\",\"contentUrl\":\"https:\/\/mhf.ro\/mm\/wp-content\/uploads\/2021\/01\/spital-resita-22.jpg\",\"width\":813,\"height\":445},{\"@type\":\"BreadcrumbList\",\"@id\":\"https:\/\/mhf.ro\/mm\/pacienti-oncologici-trimisi-sa-se-testeze-de-covid-in-privat\/#breadcrumb\",\"itemListElement\":[{\"@type\":\"ListItem\",\"position\":1,\"name\":\"Prima pagin\u0103\",\"item\":\"https:\/\/mhf.ro\/mm\/\"},{\"@type\":\"ListItem\",\"position\":2,\"name\":\"Pacien\u021bi oncologici trimi\u0219i s\u0103 se testeze de Covid \u00een privat\"}]},{\"@type\":\"WebSite\",\"@id\":\"https:\/\/mhf.ro\/mm\/#website\",\"url\":\"https:\/\/mhf.ro\/mm\/\",\"name\":\"MHF Photography \u2013 Blog de fotografie, natur\u0103 \u0219i tehnic\u0103 divers\u0103\",\"description\":\"Aventur\u0103 \u00een fiecare cadru.\",\"publisher\":{\"@id\":\"https:\/\/mhf.ro\/mm\/#\/schema\/person\/a3bebf7bdb4bf12f698aff73c7e46c21\"},\"potentialAction\":[{\"@type\":\"SearchAction\",\"target\":{\"@type\":\"EntryPoint\",\"urlTemplate\":\"https:\/\/mhf.ro\/mm\/?s={search_term_string}\"},\"query-input\":{\"@type\":\"PropertyValueSpecification\",\"valueRequired\":true,\"valueName\":\"search_term_string\"}}],\"inLanguage\":\"ro-RO\"},{\"@type\":[\"Person\",\"Organization\"],\"@id\":\"https:\/\/mhf.ro\/mm\/#\/schema\/person\/a3bebf7bdb4bf12f698aff73c7e46c21\",\"name\":\"Marius Marcu\",\"image\":{\"@type\":\"ImageObject\",\"inLanguage\":\"ro-RO\",\"@id\":\"https:\/\/mhf.ro\/mm\/#\/schema\/person\/image\/\",\"url\":\"https:\/\/mhf.ro\/mm\/wp-content\/uploads\/2025\/12\/cropped-logo_mhf_2.png\",\"contentUrl\":\"https:\/\/mhf.ro\/mm\/wp-content\/uploads\/2025\/12\/cropped-logo_mhf_2.png\",\"width\":1096,\"height\":457,\"caption\":\"Marius Marcu\"},\"logo\":{\"@id\":\"https:\/\/mhf.ro\/mm\/#\/schema\/person\/image\/\"},\"sameAs\":[\"https:\/\/mhf.ro\/mm\"],\"url\":\"https:\/\/mhf.ro\/mm\/author\/mihai\/\"}]}<\/script>\n<!-- \/ Yoast SEO plugin. -->","yoast_head_json":{"title":"Pacien\u021bi oncologici trimi\u0219i s\u0103 se testeze de Covid \u00een privat - MHF Photography","robots":{"index":"index","follow":"follow","max-snippet":"max-snippet:-1","max-image-preview":"max-image-preview:large","max-video-preview":"max-video-preview:-1"},"canonical":"https:\/\/mhf.ro\/mm\/pacienti-oncologici-trimisi-sa-se-testeze-de-covid-in-privat\/","og_locale":"ro_RO","og_type":"article","og_title":"Pacien\u021bi oncologici trimi\u0219i s\u0103 se testeze de Covid \u00een privat - MHF Photography","og_description":"Situa\u021bia sistemului sanitar din Rom\u00e2nia arat\u0103 dezastruos. La Re\u0219i\u021ba, pacien\u021bii oncologici sunt trimi\u0219i s\u0103 se testeze \u00een privat, ca s\u0103","og_url":"https:\/\/mhf.ro\/mm\/pacienti-oncologici-trimisi-sa-se-testeze-de-covid-in-privat\/","og_site_name":"MHF Photography","article_published_time":"2021-01-31T15:20:54+00:00","article_modified_time":"2021-01-31T15:21:40+00:00","og_image":[{"width":813,"height":445,"url":"https:\/\/mhf.ro\/mm\/wp-content\/uploads\/2021\/01\/spital-resita-22.jpg","type":"image\/jpeg"}],"author":"Marius Marcu","twitter_card":"summary_large_image","twitter_misc":{"Scris de":"Marius Marcu","Timp estimat pentru citire":"2 minute"},"schema":{"@context":"https:\/\/schema.org","@graph":[{"@type":"Article","@id":"https:\/\/mhf.ro\/mm\/pacienti-oncologici-trimisi-sa-se-testeze-de-covid-in-privat\/#article","isPartOf":{"@id":"https:\/\/mhf.ro\/mm\/pacienti-oncologici-trimisi-sa-se-testeze-de-covid-in-privat\/"},"author":{"name":"Marius Marcu","@id":"https:\/\/mhf.ro\/mm\/#\/schema\/person\/a3bebf7bdb4bf12f698aff73c7e46c21"},"headline":"Pacien\u021bi oncologici trimi\u0219i s\u0103 se testeze de Covid \u00een privat","datePublished":"2021-01-31T15:20:54+00:00","dateModified":"2021-01-31T15:21:40+00:00","mainEntityOfPage":{"@id":"https:\/\/mhf.ro\/mm\/pacienti-oncologici-trimisi-sa-se-testeze-de-covid-in-privat\/"},"wordCount":319,"commentCount":0,"publisher":{"@id":"https:\/\/mhf.ro\/mm\/#\/schema\/person\/a3bebf7bdb4bf12f698aff73c7e46c21"},"image":{"@id":"https:\/\/mhf.ro\/mm\/pacienti-oncologici-trimisi-sa-se-testeze-de-covid-in-privat\/#primaryimage"},"thumbnailUrl":"https:\/\/mhf.ro\/mm\/wp-content\/uploads\/2021\/01\/spital-resita-22.jpg","articleSection":["Locale"],"inLanguage":"ro-RO","potentialAction":[{"@type":"CommentAction","name":"Comment","target":["https:\/\/mhf.ro\/mm\/pacienti-oncologici-trimisi-sa-se-testeze-de-covid-in-privat\/#respond"]}]},{"@type":"WebPage","@id":"https:\/\/mhf.ro\/mm\/pacienti-oncologici-trimisi-sa-se-testeze-de-covid-in-privat\/","url":"https:\/\/mhf.ro\/mm\/pacienti-oncologici-trimisi-sa-se-testeze-de-covid-in-privat\/","name":"Pacien\u021bi oncologici trimi\u0219i s\u0103 se testeze de Covid \u00een privat - MHF Photography","isPartOf":{"@id":"https:\/\/mhf.ro\/mm\/#website"},"primaryImageOfPage":{"@id":"https:\/\/mhf.ro\/mm\/pacienti-oncologici-trimisi-sa-se-testeze-de-covid-in-privat\/#primaryimage"},"image":{"@id":"https:\/\/mhf.ro\/mm\/pacienti-oncologici-trimisi-sa-se-testeze-de-covid-in-privat\/#primaryimage"},"thumbnailUrl":"https:\/\/mhf.ro\/mm\/wp-content\/uploads\/2021\/01\/spital-resita-22.jpg","datePublished":"2021-01-31T15:20:54+00:00","dateModified":"2021-01-31T15:21:40+00:00","breadcrumb":{"@id":"https:\/\/mhf.ro\/mm\/pacienti-oncologici-trimisi-sa-se-testeze-de-covid-in-privat\/#breadcrumb"},"inLanguage":"ro-RO","potentialAction":[{"@type":"ReadAction","target":["https:\/\/mhf.ro\/mm\/pacienti-oncologici-trimisi-sa-se-testeze-de-covid-in-privat\/"]}]},{"@type":"ImageObject","inLanguage":"ro-RO","@id":"https:\/\/mhf.ro\/mm\/pacienti-oncologici-trimisi-sa-se-testeze-de-covid-in-privat\/#primaryimage","url":"https:\/\/mhf.ro\/mm\/wp-content\/uploads\/2021\/01\/spital-resita-22.jpg","contentUrl":"https:\/\/mhf.ro\/mm\/wp-content\/uploads\/2021\/01\/spital-resita-22.jpg","width":813,"height":445},{"@type":"BreadcrumbList","@id":"https:\/\/mhf.ro\/mm\/pacienti-oncologici-trimisi-sa-se-testeze-de-covid-in-privat\/#breadcrumb","itemListElement":[{"@type":"ListItem","position":1,"name":"Prima pagin\u0103","item":"https:\/\/mhf.ro\/mm\/"},{"@type":"ListItem","position":2,"name":"Pacien\u021bi oncologici trimi\u0219i s\u0103 se testeze de Covid \u00een privat"}]},{"@type":"WebSite","@id":"https:\/\/mhf.ro\/mm\/#website","url":"https:\/\/mhf.ro\/mm\/","name":"MHF Photography \u2013 Blog de fotografie, natur\u0103 \u0219i tehnic\u0103 divers\u0103","description":"Aventur\u0103 \u00een fiecare cadru.","publisher":{"@id":"https:\/\/mhf.ro\/mm\/#\/schema\/person\/a3bebf7bdb4bf12f698aff73c7e46c21"},"potentialAction":[{"@type":"SearchAction","target":{"@type":"EntryPoint","urlTemplate":"https:\/\/mhf.ro\/mm\/?s={search_term_string}"},"query-input":{"@type":"PropertyValueSpecification","valueRequired":true,"valueName":"search_term_string"}}],"inLanguage":"ro-RO"},{"@type":["Person","Organization"],"@id":"https:\/\/mhf.ro\/mm\/#\/schema\/person\/a3bebf7bdb4bf12f698aff73c7e46c21","name":"Marius Marcu","image":{"@type":"ImageObject","inLanguage":"ro-RO","@id":"https:\/\/mhf.ro\/mm\/#\/schema\/person\/image\/","url":"https:\/\/mhf.ro\/mm\/wp-content\/uploads\/2025\/12\/cropped-logo_mhf_2.png","contentUrl":"https:\/\/mhf.ro\/mm\/wp-content\/uploads\/2025\/12\/cropped-logo_mhf_2.png","width":1096,"height":457,"caption":"Marius Marcu"},"logo":{"@id":"https:\/\/mhf.ro\/mm\/#\/schema\/person\/image\/"},"sameAs":["https:\/\/mhf.ro\/mm"],"url":"https:\/\/mhf.ro\/mm\/author\/mihai\/"}]}},"_links":{"self":[{"href":"https:\/\/mhf.ro\/mm\/wp-json\/wp\/v2\/posts\/3788","targetHints":{"allow":["GET"]}}],"collection":[{"href":"https:\/\/mhf.ro\/mm\/wp-json\/wp\/v2\/posts"}],"about":[{"href":"https:\/\/mhf.ro\/mm\/wp-json\/wp\/v2\/types\/post"}],"author":[{"embeddable":true,"href":"https:\/\/mhf.ro\/mm\/wp-json\/wp\/v2\/users\/1"}],"replies":[{"embeddable":true,"href":"https:\/\/mhf.ro\/mm\/wp-json\/wp\/v2\/comments?post=3788"}],"version-history":[{"count":2,"href":"https:\/\/mhf.ro\/mm\/wp-json\/wp\/v2\/posts\/3788\/revisions"}],"predecessor-version":[{"id":3791,"href":"https:\/\/mhf.ro\/mm\/wp-json\/wp\/v2\/posts\/3788\/revisions\/3791"}],"wp:featuredmedia":[{"embeddable":true,"href":"https:\/\/mhf.ro\/mm\/wp-json\/wp\/v2\/media\/3789"}],"wp:attachment":[{"href":"https:\/\/mhf.ro\/mm\/wp-json\/wp\/v2\/media?parent=3788"}],"wp:term":[{"taxonomy":"category","embeddable":true,"href":"https:\/\/mhf.ro\/mm\/wp-json\/wp\/v2\/categories?post=3788"},{"taxonomy":"post_tag","embeddable":true,"href":"https:\/\/mhf.ro\/mm\/wp-json\/wp\/v2\/tags?post=3788"}],"curies":[{"name":"wp","href":"https:\/\/api.w.org\/{rel}","templated":true}]}}