{"id":3821,"date":"2021-02-04T08:52:15","date_gmt":"2021-02-04T06:52:15","guid":{"rendered":"https:\/\/mhf.ro\/mm\/?p=3821"},"modified":"2021-02-04T08:52:15","modified_gmt":"2021-02-04T06:52:15","slug":"cnair-a-desemnat-castigatorul-pentru-proiectarea-si-executia-podului-peste-raul-dambovita-pe-dn-73","status":"publish","type":"post","link":"https:\/\/mhf.ro\/mm\/cnair-a-desemnat-castigatorul-pentru-proiectarea-si-executia-podului-peste-raul-dambovita-pe-dn-73\/","title":{"rendered":"CNAIR a desemnat c\u00e2\u0219tig\u0103torul pentru proiectarea \u0219i execu\u021bia podului peste r\u00e2ul D\u00e2mbovi\u021ba, pe DN 73"},"content":{"rendered":"<div class=\"field field-name-body field-type-text-with-summary field-label-hidden\">\n<div class=\"field-items\">\n<div class=\"field-item even\">\n<p>Luni, <strong>01 Februarie 2021<\/strong>, CNAIR a desemnat c\u00e2\u0219tig\u0103torul procedurii de atribuire a contractului av\u00e2nd ca obiect\u00a0<strong><em>\u201cProiectare \u0219i execu\u021bie \u00een vederea realiz\u0103rii obiectivului: Pod peste r\u00e2ul D\u00e2mbovi\u021ba pe DN 73, km 78+519\u201d<\/em><\/strong>.<\/p>\n<p>Ofertantul desemnat c\u00e2\u0219tig\u0103tor este\u00a0<strong>SC MARISTAR COM SRL<\/strong>, cu pre\u0163ul de\u00a0<strong>33.804.451,85 Lei f\u0103r\u0103 TVA<\/strong>.<\/p>\n<p>Durata contractului va fi de<strong>\u00a05 luni\u00a0perioada de proiectare \u0219i 10 luni pentru execu\u021bia lucr\u0103rilor<\/strong>, iar perioada de garan\u021bie a lucr\u0103rilor va fi 5 ani.<\/p>\n<p>Semnarea contractului de achizi\u021bie public\u0103 va fi posibil\u0103 \u00een cel mai scurt timp, dup\u0103 \u00eendeplinirea formalit\u0103\u021bilor legale privind elaborarea \u0219i avizarea contractului.<\/p>\n<p>Date tehnice:<\/p>\n<ul>\n<li>Podul nou dimensionat la EuroCod va avea o lungime total\u0103 de 170 m \u0219i va fi de tip arc metalic, cu calea sus.<\/li>\n<li>Rampele de acces din pam\u00e2nt armat cu o \u00een\u0103l\u021bime de maxim 10 m \u0219i o lungime de 593 m.<\/li>\n<li>Subtraversare a rampei Pite\u0219ti printr-un pasaj de beton armat cu lungimea de 15 m \u0219i l\u0103\u021bimea de 5 m, pentru accesul la propriet\u0103\u021bi pe un drum local.<\/li>\n<li>Amenajarea a dou\u0103 intersec\u021bii la DN73 pentru accesul spre centrul localit\u0103\u021bii Podul D\u00e2mbovi\u021bei.<\/li>\n<\/ul>\n<p>Podul existent de pe DN73 la km 78+519 \u201ePodul D\u00e2mbovi\u021bei\u201d este un pod din zid\u0103rie din moloane de piatr\u0103 a c\u0103rui construc\u021bie s-a finalizat \u00een anul 1886 \u0219i a fost declarat monument istoric conform listei monumentelor istorice aprobat\u0103 prin ordinul ministrului Culturii \u0219i Cultelor nr. 2361\/2010.<\/p>\n<p>\u00cen solu\u021bia promovat\u0103, podul nou are o lungime total\u0103 de 170,00m \u0219i traverseaz\u0103 r\u00e2ul D\u00e2mbovi\u021ba, \u00een aval de podul istoric, printr-o deschidere de 100,00m, \u00eencadrat\u0103 de dou\u0103 deschideri marginale de c\u00e2te 35,00m fiecare. Lungimea total\u0103 a proiectului va fi de 760.00m (pod peste r\u00e2ul D\u00e2mbovi\u021ba \u0219i rampele de acces), prin aceast\u0103 investi\u021bie realiz\u00e2ndu-se o variant\u0103 de ocolire a centrului localit\u0103\u021bii Podul D\u00e2mbovi\u021bei.<\/p>\n<p><strong>De asemenea, lucr\u0103rile executate vor conduce la eliminarea restric\u021biilor de tonaj \u0219i de gabarit de pe DN 73, astfel redeschiz\u00e2ndu-se leg\u0103tura dinte Pite\u0219ti \u0219i Bra\u0219ov pentru traficul greu.<\/strong> (conf. cnadnr.ro)<\/p>\n<\/div>\n<\/div>\n<\/div>\n","protected":false},"excerpt":{"rendered":"<p>Luni, 01 Februarie 2021, CNAIR a desemnat c\u00e2\u0219tig\u0103torul procedurii de atribuire a contractului av\u00e2nd ca obiect\u00a0\u201cProiectare \u0219i execu\u021bie \u00een vederea<\/p>\n","protected":false},"author":11,"featured_media":3822,"comment_status":"open","ping_status":"open","sticky":false,"template":"","format":"standard","meta":{"colormag_page_container_layout":"default_layout","colormag_page_sidebar_layout":"default_layout","footnotes":""},"categories":[32,8],"tags":[],"class_list":["post-3821","post","type-post","status-publish","format-standard","has-post-thumbnail","hentry","category-comunicate","category-div"],"yoast_head":"<!-- This site is optimized with the Yoast SEO plugin v27.0 - https:\/\/yoast.com\/product\/yoast-seo-wordpress\/ -->\n<title>CNAIR a desemnat c\u00e2\u0219tig\u0103torul pentru proiectarea \u0219i execu\u021bia podului peste r\u00e2ul D\u00e2mbovi\u021ba, pe DN 73 - MHF Photography<\/title>\n<meta name=\"robots\" content=\"index, follow, max-snippet:-1, max-image-preview:large, max-video-preview:-1\" \/>\n<link rel=\"canonical\" href=\"https:\/\/mhf.ro\/mm\/cnair-a-desemnat-castigatorul-pentru-proiectarea-si-executia-podului-peste-raul-dambovita-pe-dn-73\/\" \/>\n<meta property=\"og:locale\" content=\"ro_RO\" \/>\n<meta property=\"og:type\" content=\"article\" \/>\n<meta property=\"og:title\" content=\"CNAIR a desemnat c\u00e2\u0219tig\u0103torul pentru proiectarea \u0219i execu\u021bia podului peste r\u00e2ul D\u00e2mbovi\u021ba, pe DN 73 - MHF Photography\" \/>\n<meta property=\"og:description\" content=\"Luni, 01 Februarie 2021, CNAIR a desemnat c\u00e2\u0219tig\u0103torul procedurii de atribuire a contractului av\u00e2nd ca obiect\u00a0\u201cProiectare \u0219i execu\u021bie \u00een vederea\" \/>\n<meta property=\"og:url\" content=\"https:\/\/mhf.ro\/mm\/cnair-a-desemnat-castigatorul-pentru-proiectarea-si-executia-podului-peste-raul-dambovita-pe-dn-73\/\" \/>\n<meta property=\"og:site_name\" content=\"MHF Photography\" \/>\n<meta property=\"article:published_time\" content=\"2021-02-04T06:52:15+00:00\" \/>\n<meta property=\"og:image\" content=\"https:\/\/mhf.ro\/mm\/wp-content\/uploads\/2021\/02\/PodVechi.jpg\" \/>\n\t<meta property=\"og:image:width\" content=\"1280\" \/>\n\t<meta property=\"og:image:height\" content=\"853\" \/>\n\t<meta property=\"og:image:type\" content=\"image\/jpeg\" \/>\n<meta name=\"author\" content=\"Fodrea Iuliana Reve\" \/>\n<meta name=\"twitter:card\" content=\"summary_large_image\" \/>\n<meta name=\"twitter:label1\" content=\"Scris de\" \/>\n\t<meta name=\"twitter:data1\" content=\"Fodrea Iuliana Reve\" \/>\n\t<meta name=\"twitter:label2\" content=\"Timp estimat pentru citire\" \/>\n\t<meta name=\"twitter:data2\" content=\"2 minute\" \/>\n<script type=\"application\/ld+json\" class=\"yoast-schema-graph\">{\"@context\":\"https:\/\/schema.org\",\"@graph\":[{\"@type\":\"Article\",\"@id\":\"https:\/\/mhf.ro\/mm\/cnair-a-desemnat-castigatorul-pentru-proiectarea-si-executia-podului-peste-raul-dambovita-pe-dn-73\/#article\",\"isPartOf\":{\"@id\":\"https:\/\/mhf.ro\/mm\/cnair-a-desemnat-castigatorul-pentru-proiectarea-si-executia-podului-peste-raul-dambovita-pe-dn-73\/\"},\"author\":{\"name\":\"Fodrea Iuliana Reve\",\"@id\":\"https:\/\/mhf.ro\/mm\/#\/schema\/person\/17f3fed455503130cb08cdc1421f8001\"},\"headline\":\"CNAIR a desemnat c\u00e2\u0219tig\u0103torul pentru proiectarea \u0219i execu\u021bia podului peste r\u00e2ul D\u00e2mbovi\u021ba, pe DN 73\",\"datePublished\":\"2021-02-04T06:52:15+00:00\",\"mainEntityOfPage\":{\"@id\":\"https:\/\/mhf.ro\/mm\/cnair-a-desemnat-castigatorul-pentru-proiectarea-si-executia-podului-peste-raul-dambovita-pe-dn-73\/\"},\"wordCount\":373,\"commentCount\":0,\"publisher\":{\"@id\":\"https:\/\/mhf.ro\/mm\/#\/schema\/person\/a3bebf7bdb4bf12f698aff73c7e46c21\"},\"image\":{\"@id\":\"https:\/\/mhf.ro\/mm\/cnair-a-desemnat-castigatorul-pentru-proiectarea-si-executia-podului-peste-raul-dambovita-pe-dn-73\/#primaryimage\"},\"thumbnailUrl\":\"https:\/\/mhf.ro\/mm\/wp-content\/uploads\/2021\/02\/PodVechi.jpg\",\"articleSection\":[\"Comunicate\",\"Diverse\"],\"inLanguage\":\"ro-RO\",\"potentialAction\":[{\"@type\":\"CommentAction\",\"name\":\"Comment\",\"target\":[\"https:\/\/mhf.ro\/mm\/cnair-a-desemnat-castigatorul-pentru-proiectarea-si-executia-podului-peste-raul-dambovita-pe-dn-73\/#respond\"]}]},{\"@type\":\"WebPage\",\"@id\":\"https:\/\/mhf.ro\/mm\/cnair-a-desemnat-castigatorul-pentru-proiectarea-si-executia-podului-peste-raul-dambovita-pe-dn-73\/\",\"url\":\"https:\/\/mhf.ro\/mm\/cnair-a-desemnat-castigatorul-pentru-proiectarea-si-executia-podului-peste-raul-dambovita-pe-dn-73\/\",\"name\":\"CNAIR a desemnat c\u00e2\u0219tig\u0103torul pentru proiectarea \u0219i execu\u021bia podului peste r\u00e2ul D\u00e2mbovi\u021ba, pe DN 73 - MHF Photography\",\"isPartOf\":{\"@id\":\"https:\/\/mhf.ro\/mm\/#website\"},\"primaryImageOfPage\":{\"@id\":\"https:\/\/mhf.ro\/mm\/cnair-a-desemnat-castigatorul-pentru-proiectarea-si-executia-podului-peste-raul-dambovita-pe-dn-73\/#primaryimage\"},\"image\":{\"@id\":\"https:\/\/mhf.ro\/mm\/cnair-a-desemnat-castigatorul-pentru-proiectarea-si-executia-podului-peste-raul-dambovita-pe-dn-73\/#primaryimage\"},\"thumbnailUrl\":\"https:\/\/mhf.ro\/mm\/wp-content\/uploads\/2021\/02\/PodVechi.jpg\",\"datePublished\":\"2021-02-04T06:52:15+00:00\",\"breadcrumb\":{\"@id\":\"https:\/\/mhf.ro\/mm\/cnair-a-desemnat-castigatorul-pentru-proiectarea-si-executia-podului-peste-raul-dambovita-pe-dn-73\/#breadcrumb\"},\"inLanguage\":\"ro-RO\",\"potentialAction\":[{\"@type\":\"ReadAction\",\"target\":[\"https:\/\/mhf.ro\/mm\/cnair-a-desemnat-castigatorul-pentru-proiectarea-si-executia-podului-peste-raul-dambovita-pe-dn-73\/\"]}]},{\"@type\":\"ImageObject\",\"inLanguage\":\"ro-RO\",\"@id\":\"https:\/\/mhf.ro\/mm\/cnair-a-desemnat-castigatorul-pentru-proiectarea-si-executia-podului-peste-raul-dambovita-pe-dn-73\/#primaryimage\",\"url\":\"https:\/\/mhf.ro\/mm\/wp-content\/uploads\/2021\/02\/PodVechi.jpg\",\"contentUrl\":\"https:\/\/mhf.ro\/mm\/wp-content\/uploads\/2021\/02\/PodVechi.jpg\",\"width\":1280,\"height\":853},{\"@type\":\"BreadcrumbList\",\"@id\":\"https:\/\/mhf.ro\/mm\/cnair-a-desemnat-castigatorul-pentru-proiectarea-si-executia-podului-peste-raul-dambovita-pe-dn-73\/#breadcrumb\",\"itemListElement\":[{\"@type\":\"ListItem\",\"position\":1,\"name\":\"Prima pagin\u0103\",\"item\":\"https:\/\/mhf.ro\/mm\/\"},{\"@type\":\"ListItem\",\"position\":2,\"name\":\"CNAIR a desemnat c\u00e2\u0219tig\u0103torul pentru proiectarea \u0219i execu\u021bia podului peste r\u00e2ul D\u00e2mbovi\u021ba, pe DN 73\"}]},{\"@type\":\"WebSite\",\"@id\":\"https:\/\/mhf.ro\/mm\/#website\",\"url\":\"https:\/\/mhf.ro\/mm\/\",\"name\":\"MHF Photography \u2013 Blog de fotografie, natur\u0103 \u0219i tehnic\u0103 divers\u0103\",\"description\":\"Aventur\u0103 \u00een fiecare cadru.\",\"publisher\":{\"@id\":\"https:\/\/mhf.ro\/mm\/#\/schema\/person\/a3bebf7bdb4bf12f698aff73c7e46c21\"},\"potentialAction\":[{\"@type\":\"SearchAction\",\"target\":{\"@type\":\"EntryPoint\",\"urlTemplate\":\"https:\/\/mhf.ro\/mm\/?s={search_term_string}\"},\"query-input\":{\"@type\":\"PropertyValueSpecification\",\"valueRequired\":true,\"valueName\":\"search_term_string\"}}],\"inLanguage\":\"ro-RO\"},{\"@type\":[\"Person\",\"Organization\"],\"@id\":\"https:\/\/mhf.ro\/mm\/#\/schema\/person\/a3bebf7bdb4bf12f698aff73c7e46c21\",\"name\":\"Marius Marcu\",\"image\":{\"@type\":\"ImageObject\",\"inLanguage\":\"ro-RO\",\"@id\":\"https:\/\/mhf.ro\/mm\/#\/schema\/person\/image\/\",\"url\":\"https:\/\/mhf.ro\/mm\/wp-content\/uploads\/2025\/12\/cropped-logo_mhf_2.png\",\"contentUrl\":\"https:\/\/mhf.ro\/mm\/wp-content\/uploads\/2025\/12\/cropped-logo_mhf_2.png\",\"width\":1096,\"height\":457,\"caption\":\"Marius Marcu\"},\"logo\":{\"@id\":\"https:\/\/mhf.ro\/mm\/#\/schema\/person\/image\/\"},\"sameAs\":[\"https:\/\/mhf.ro\/mm\"]},{\"@type\":\"Person\",\"@id\":\"https:\/\/mhf.ro\/mm\/#\/schema\/person\/17f3fed455503130cb08cdc1421f8001\",\"name\":\"Fodrea Iuliana Reve\",\"image\":{\"@type\":\"ImageObject\",\"inLanguage\":\"ro-RO\",\"@id\":\"https:\/\/mhf.ro\/mm\/#\/schema\/person\/image\/\",\"url\":\"https:\/\/secure.gravatar.com\/avatar\/f6a66b0b93f1a25e8049c1c4e66e60a1a6809ab11ad60f8dcc2eaafeb7ca1580?s=96&d=monsterid&r=g\",\"contentUrl\":\"https:\/\/secure.gravatar.com\/avatar\/f6a66b0b93f1a25e8049c1c4e66e60a1a6809ab11ad60f8dcc2eaafeb7ca1580?s=96&d=monsterid&r=g\",\"caption\":\"Fodrea Iuliana Reve\"},\"sameAs\":[\"https:\/\/mhf.ro\/mm\"],\"url\":\"https:\/\/mhf.ro\/mm\/author\/iuliana\/\"}]}<\/script>\n<!-- \/ Yoast SEO plugin. -->","yoast_head_json":{"title":"CNAIR a desemnat c\u00e2\u0219tig\u0103torul pentru proiectarea \u0219i execu\u021bia podului peste r\u00e2ul D\u00e2mbovi\u021ba, pe DN 73 - MHF Photography","robots":{"index":"index","follow":"follow","max-snippet":"max-snippet:-1","max-image-preview":"max-image-preview:large","max-video-preview":"max-video-preview:-1"},"canonical":"https:\/\/mhf.ro\/mm\/cnair-a-desemnat-castigatorul-pentru-proiectarea-si-executia-podului-peste-raul-dambovita-pe-dn-73\/","og_locale":"ro_RO","og_type":"article","og_title":"CNAIR a desemnat c\u00e2\u0219tig\u0103torul pentru proiectarea \u0219i execu\u021bia podului peste r\u00e2ul D\u00e2mbovi\u021ba, pe DN 73 - MHF Photography","og_description":"Luni, 01 Februarie 2021, CNAIR a desemnat c\u00e2\u0219tig\u0103torul procedurii de atribuire a contractului av\u00e2nd ca obiect\u00a0\u201cProiectare \u0219i execu\u021bie \u00een vederea","og_url":"https:\/\/mhf.ro\/mm\/cnair-a-desemnat-castigatorul-pentru-proiectarea-si-executia-podului-peste-raul-dambovita-pe-dn-73\/","og_site_name":"MHF Photography","article_published_time":"2021-02-04T06:52:15+00:00","og_image":[{"width":1280,"height":853,"url":"https:\/\/mhf.ro\/mm\/wp-content\/uploads\/2021\/02\/PodVechi.jpg","type":"image\/jpeg"}],"author":"Fodrea Iuliana Reve","twitter_card":"summary_large_image","twitter_misc":{"Scris de":"Fodrea Iuliana Reve","Timp estimat pentru citire":"2 minute"},"schema":{"@context":"https:\/\/schema.org","@graph":[{"@type":"Article","@id":"https:\/\/mhf.ro\/mm\/cnair-a-desemnat-castigatorul-pentru-proiectarea-si-executia-podului-peste-raul-dambovita-pe-dn-73\/#article","isPartOf":{"@id":"https:\/\/mhf.ro\/mm\/cnair-a-desemnat-castigatorul-pentru-proiectarea-si-executia-podului-peste-raul-dambovita-pe-dn-73\/"},"author":{"name":"Fodrea Iuliana Reve","@id":"https:\/\/mhf.ro\/mm\/#\/schema\/person\/17f3fed455503130cb08cdc1421f8001"},"headline":"CNAIR a desemnat c\u00e2\u0219tig\u0103torul pentru proiectarea \u0219i execu\u021bia podului peste r\u00e2ul D\u00e2mbovi\u021ba, pe DN 73","datePublished":"2021-02-04T06:52:15+00:00","mainEntityOfPage":{"@id":"https:\/\/mhf.ro\/mm\/cnair-a-desemnat-castigatorul-pentru-proiectarea-si-executia-podului-peste-raul-dambovita-pe-dn-73\/"},"wordCount":373,"commentCount":0,"publisher":{"@id":"https:\/\/mhf.ro\/mm\/#\/schema\/person\/a3bebf7bdb4bf12f698aff73c7e46c21"},"image":{"@id":"https:\/\/mhf.ro\/mm\/cnair-a-desemnat-castigatorul-pentru-proiectarea-si-executia-podului-peste-raul-dambovita-pe-dn-73\/#primaryimage"},"thumbnailUrl":"https:\/\/mhf.ro\/mm\/wp-content\/uploads\/2021\/02\/PodVechi.jpg","articleSection":["Comunicate","Diverse"],"inLanguage":"ro-RO","potentialAction":[{"@type":"CommentAction","name":"Comment","target":["https:\/\/mhf.ro\/mm\/cnair-a-desemnat-castigatorul-pentru-proiectarea-si-executia-podului-peste-raul-dambovita-pe-dn-73\/#respond"]}]},{"@type":"WebPage","@id":"https:\/\/mhf.ro\/mm\/cnair-a-desemnat-castigatorul-pentru-proiectarea-si-executia-podului-peste-raul-dambovita-pe-dn-73\/","url":"https:\/\/mhf.ro\/mm\/cnair-a-desemnat-castigatorul-pentru-proiectarea-si-executia-podului-peste-raul-dambovita-pe-dn-73\/","name":"CNAIR a desemnat c\u00e2\u0219tig\u0103torul pentru proiectarea \u0219i execu\u021bia podului peste r\u00e2ul D\u00e2mbovi\u021ba, pe DN 73 - MHF Photography","isPartOf":{"@id":"https:\/\/mhf.ro\/mm\/#website"},"primaryImageOfPage":{"@id":"https:\/\/mhf.ro\/mm\/cnair-a-desemnat-castigatorul-pentru-proiectarea-si-executia-podului-peste-raul-dambovita-pe-dn-73\/#primaryimage"},"image":{"@id":"https:\/\/mhf.ro\/mm\/cnair-a-desemnat-castigatorul-pentru-proiectarea-si-executia-podului-peste-raul-dambovita-pe-dn-73\/#primaryimage"},"thumbnailUrl":"https:\/\/mhf.ro\/mm\/wp-content\/uploads\/2021\/02\/PodVechi.jpg","datePublished":"2021-02-04T06:52:15+00:00","breadcrumb":{"@id":"https:\/\/mhf.ro\/mm\/cnair-a-desemnat-castigatorul-pentru-proiectarea-si-executia-podului-peste-raul-dambovita-pe-dn-73\/#breadcrumb"},"inLanguage":"ro-RO","potentialAction":[{"@type":"ReadAction","target":["https:\/\/mhf.ro\/mm\/cnair-a-desemnat-castigatorul-pentru-proiectarea-si-executia-podului-peste-raul-dambovita-pe-dn-73\/"]}]},{"@type":"ImageObject","inLanguage":"ro-RO","@id":"https:\/\/mhf.ro\/mm\/cnair-a-desemnat-castigatorul-pentru-proiectarea-si-executia-podului-peste-raul-dambovita-pe-dn-73\/#primaryimage","url":"https:\/\/mhf.ro\/mm\/wp-content\/uploads\/2021\/02\/PodVechi.jpg","contentUrl":"https:\/\/mhf.ro\/mm\/wp-content\/uploads\/2021\/02\/PodVechi.jpg","width":1280,"height":853},{"@type":"BreadcrumbList","@id":"https:\/\/mhf.ro\/mm\/cnair-a-desemnat-castigatorul-pentru-proiectarea-si-executia-podului-peste-raul-dambovita-pe-dn-73\/#breadcrumb","itemListElement":[{"@type":"ListItem","position":1,"name":"Prima pagin\u0103","item":"https:\/\/mhf.ro\/mm\/"},{"@type":"ListItem","position":2,"name":"CNAIR a desemnat c\u00e2\u0219tig\u0103torul pentru proiectarea \u0219i execu\u021bia podului peste r\u00e2ul D\u00e2mbovi\u021ba, pe DN 73"}]},{"@type":"WebSite","@id":"https:\/\/mhf.ro\/mm\/#website","url":"https:\/\/mhf.ro\/mm\/","name":"MHF Photography \u2013 Blog de fotografie, natur\u0103 \u0219i tehnic\u0103 divers\u0103","description":"Aventur\u0103 \u00een fiecare cadru.","publisher":{"@id":"https:\/\/mhf.ro\/mm\/#\/schema\/person\/a3bebf7bdb4bf12f698aff73c7e46c21"},"potentialAction":[{"@type":"SearchAction","target":{"@type":"EntryPoint","urlTemplate":"https:\/\/mhf.ro\/mm\/?s={search_term_string}"},"query-input":{"@type":"PropertyValueSpecification","valueRequired":true,"valueName":"search_term_string"}}],"inLanguage":"ro-RO"},{"@type":["Person","Organization"],"@id":"https:\/\/mhf.ro\/mm\/#\/schema\/person\/a3bebf7bdb4bf12f698aff73c7e46c21","name":"Marius Marcu","image":{"@type":"ImageObject","inLanguage":"ro-RO","@id":"https:\/\/mhf.ro\/mm\/#\/schema\/person\/image\/","url":"https:\/\/mhf.ro\/mm\/wp-content\/uploads\/2025\/12\/cropped-logo_mhf_2.png","contentUrl":"https:\/\/mhf.ro\/mm\/wp-content\/uploads\/2025\/12\/cropped-logo_mhf_2.png","width":1096,"height":457,"caption":"Marius Marcu"},"logo":{"@id":"https:\/\/mhf.ro\/mm\/#\/schema\/person\/image\/"},"sameAs":["https:\/\/mhf.ro\/mm"]},{"@type":"Person","@id":"https:\/\/mhf.ro\/mm\/#\/schema\/person\/17f3fed455503130cb08cdc1421f8001","name":"Fodrea Iuliana Reve","image":{"@type":"ImageObject","inLanguage":"ro-RO","@id":"https:\/\/mhf.ro\/mm\/#\/schema\/person\/image\/","url":"https:\/\/secure.gravatar.com\/avatar\/f6a66b0b93f1a25e8049c1c4e66e60a1a6809ab11ad60f8dcc2eaafeb7ca1580?s=96&d=monsterid&r=g","contentUrl":"https:\/\/secure.gravatar.com\/avatar\/f6a66b0b93f1a25e8049c1c4e66e60a1a6809ab11ad60f8dcc2eaafeb7ca1580?s=96&d=monsterid&r=g","caption":"Fodrea Iuliana Reve"},"sameAs":["https:\/\/mhf.ro\/mm"],"url":"https:\/\/mhf.ro\/mm\/author\/iuliana\/"}]}},"_links":{"self":[{"href":"https:\/\/mhf.ro\/mm\/wp-json\/wp\/v2\/posts\/3821","targetHints":{"allow":["GET"]}}],"collection":[{"href":"https:\/\/mhf.ro\/mm\/wp-json\/wp\/v2\/posts"}],"about":[{"href":"https:\/\/mhf.ro\/mm\/wp-json\/wp\/v2\/types\/post"}],"author":[{"embeddable":true,"href":"https:\/\/mhf.ro\/mm\/wp-json\/wp\/v2\/users\/11"}],"replies":[{"embeddable":true,"href":"https:\/\/mhf.ro\/mm\/wp-json\/wp\/v2\/comments?post=3821"}],"version-history":[{"count":1,"href":"https:\/\/mhf.ro\/mm\/wp-json\/wp\/v2\/posts\/3821\/revisions"}],"predecessor-version":[{"id":3823,"href":"https:\/\/mhf.ro\/mm\/wp-json\/wp\/v2\/posts\/3821\/revisions\/3823"}],"wp:featuredmedia":[{"embeddable":true,"href":"https:\/\/mhf.ro\/mm\/wp-json\/wp\/v2\/media\/3822"}],"wp:attachment":[{"href":"https:\/\/mhf.ro\/mm\/wp-json\/wp\/v2\/media?parent=3821"}],"wp:term":[{"taxonomy":"category","embeddable":true,"href":"https:\/\/mhf.ro\/mm\/wp-json\/wp\/v2\/categories?post=3821"},{"taxonomy":"post_tag","embeddable":true,"href":"https:\/\/mhf.ro\/mm\/wp-json\/wp\/v2\/tags?post=3821"}],"curies":[{"name":"wp","href":"https:\/\/api.w.org\/{rel}","templated":true}]}}