{"id":3840,"date":"2021-02-05T12:03:52","date_gmt":"2021-02-05T10:03:52","guid":{"rendered":"https:\/\/mhf.ro\/mm\/?p=3840"},"modified":"2021-02-05T12:03:52","modified_gmt":"2021-02-05T10:03:52","slug":"incepe-concedierea-bugetarilor-la-ministerul-dezvoltarii","status":"publish","type":"post","link":"https:\/\/mhf.ro\/mm\/incepe-concedierea-bugetarilor-la-ministerul-dezvoltarii\/","title":{"rendered":"\u00cencepe concedierea bugetarilor la Ministerul Dezvolt\u0103rii"},"content":{"rendered":"<p class=\"post-title\">Prima reform\u0103 \u00eentr-un minister. Cseke Attila, ministrul Dezvolt\u0103rii desfiin\u021beaz\u0103 structurile regionale de la Inspectoratul de Stat \u00een Construc\u021bii. Se va face astfel o economie de 20 de milioane de lei.<\/p>\n<p>Este prima mare reform\u0103 \u00eentr-o institu\u021bie de stat din mandatul guvernului C\u00ee\u021bu.<\/p>\n<div class=\"o9v6fnle cxmmr5t8 oygrvhab hcukyx3x c1et5uql ii04i59q\">\n<div dir=\"auto\"><\/div>\n<div dir=\"auto\">\u201d19 atribu\u021bii ale inspectorilor \u0219efi regionali se reg\u0103sesc \u0219i \u00een atribu\u021biile inspectorilor \u0219efi jude\u021beni, iar 29 de atribu\u021bii ale inspectoratelor \u0219efilor de serviciu regionali se reg\u0103sesc \u0219i la nivel jude\u021bean ale acelora\u0219i posturi. Totodat\u0103, registraturile acestor niveluri deservesc acela\u0219i scop. \u00centreaga structur\u0103 arat\u0103 o dublare a sarcinilor \u0219i o ineficien\u021b\u0103 a costurilor. Din aceste considerente este necesar\u0103 o reform\u0103 institu\u021bional\u0103 privind eliminarea nivelului intermediar, \u0219i p\u0103strarea, pe l\u00e2ng\u0103 organismul central, a nivelului care este cel mai aproape de cet\u0103\u021bean, cel jude\u021bean\u201d, eviden\u021biaz\u0103 Cseke Attila \u00eentr-un comunicat de pres\u0103.<\/div>\n<\/div>\n<div class=\"o9v6fnle cxmmr5t8 oygrvhab hcukyx3x c1et5uql ii04i59q\">\n<div dir=\"auto\"><\/div>\n<div dir=\"auto\">\u00cen prezent, ISC are at\u00e2t aparat central, c\u00e2t \u0219i inspectorate regionale \u0219i jude\u021bene. O analiz\u0103 asupra activit\u0103\u021bii inspectoratului a relevat, arat\u0103 ministrul, o suprapunere evident\u0103 a atribu\u021biilor la nivel central, regional \u0219i jude\u021bean.<\/div>\n<div dir=\"auto\"><\/div>\n<div dir=\"auto\">Inspectoratul de Stat \u00een Construc\u021bii are, la nivel na\u021bional, 1016 posturi, din care 770 sunt ocupate \u00een prezent. 160 dintre aceste posturi sunt la nivelul intermediar, din care 124 sunt ocupate.<\/div>\n<\/div>\n<div dir=\"auto\"><\/div>\n<div dir=\"auto\">\u201eS\u0103pt\u0103m\u00e2na viitoare vom supune dezbaterii publice proiectul de act normativ privind eficientizarea ISC prin desfiin\u021barea structurii regionale, respect\u00e2nd prevederile legale stabilite de Codul Administrativ\u201d, a afirmat ministrul.<\/div>\n","protected":false},"excerpt":{"rendered":"<p>Prima reform\u0103 \u00eentr-un minister. Cseke Attila, ministrul Dezvolt\u0103rii desfiin\u021beaz\u0103 structurile regionale de la Inspectoratul de Stat \u00een Construc\u021bii. Se va<\/p>\n","protected":false},"author":1,"featured_media":3841,"comment_status":"open","ping_status":"open","sticky":false,"template":"","format":"standard","meta":{"colormag_page_container_layout":"default_layout","colormag_page_sidebar_layout":"default_layout","footnotes":""},"categories":[8],"tags":[38],"class_list":["post-3840","post","type-post","status-publish","format-standard","has-post-thumbnail","hentry","category-div","tag-concedieri"],"yoast_head":"<!-- This site is optimized with the Yoast SEO plugin v27.0 - https:\/\/yoast.com\/product\/yoast-seo-wordpress\/ -->\n<title>\u00cencepe concedierea bugetarilor la Ministerul Dezvolt\u0103rii - MHF Photography<\/title>\n<meta name=\"robots\" content=\"index, follow, max-snippet:-1, max-image-preview:large, max-video-preview:-1\" \/>\n<link rel=\"canonical\" href=\"https:\/\/mhf.ro\/mm\/incepe-concedierea-bugetarilor-la-ministerul-dezvoltarii\/\" \/>\n<meta property=\"og:locale\" content=\"ro_RO\" \/>\n<meta property=\"og:type\" content=\"article\" \/>\n<meta property=\"og:title\" content=\"\u00cencepe concedierea bugetarilor la Ministerul Dezvolt\u0103rii - MHF Photography\" \/>\n<meta property=\"og:description\" content=\"Prima reform\u0103 \u00eentr-un minister. Cseke Attila, ministrul Dezvolt\u0103rii desfiin\u021beaz\u0103 structurile regionale de la Inspectoratul de Stat \u00een Construc\u021bii. Se va\" \/>\n<meta property=\"og:url\" content=\"https:\/\/mhf.ro\/mm\/incepe-concedierea-bugetarilor-la-ministerul-dezvoltarii\/\" \/>\n<meta property=\"og:site_name\" content=\"MHF Photography\" \/>\n<meta property=\"article:published_time\" content=\"2021-02-05T10:03:52+00:00\" \/>\n<meta property=\"og:image\" content=\"https:\/\/mhf.ro\/mm\/wp-content\/uploads\/2021\/02\/concedieri-797x445-1.jpg\" \/>\n\t<meta property=\"og:image:width\" content=\"797\" \/>\n\t<meta property=\"og:image:height\" content=\"445\" \/>\n\t<meta property=\"og:image:type\" content=\"image\/jpeg\" \/>\n<meta name=\"author\" content=\"Marius Marcu\" \/>\n<meta name=\"twitter:card\" content=\"summary_large_image\" \/>\n<meta name=\"twitter:label1\" content=\"Scris de\" \/>\n\t<meta name=\"twitter:data1\" content=\"Marius Marcu\" \/>\n\t<meta name=\"twitter:label2\" content=\"Timp estimat pentru citire\" \/>\n\t<meta name=\"twitter:data2\" content=\"1 minut\" \/>\n<script type=\"application\/ld+json\" class=\"yoast-schema-graph\">{\"@context\":\"https:\/\/schema.org\",\"@graph\":[{\"@type\":\"Article\",\"@id\":\"https:\/\/mhf.ro\/mm\/incepe-concedierea-bugetarilor-la-ministerul-dezvoltarii\/#article\",\"isPartOf\":{\"@id\":\"https:\/\/mhf.ro\/mm\/incepe-concedierea-bugetarilor-la-ministerul-dezvoltarii\/\"},\"author\":{\"name\":\"Marius Marcu\",\"@id\":\"https:\/\/mhf.ro\/mm\/#\/schema\/person\/a3bebf7bdb4bf12f698aff73c7e46c21\"},\"headline\":\"\u00cencepe concedierea bugetarilor la Ministerul Dezvolt\u0103rii\",\"datePublished\":\"2021-02-05T10:03:52+00:00\",\"mainEntityOfPage\":{\"@id\":\"https:\/\/mhf.ro\/mm\/incepe-concedierea-bugetarilor-la-ministerul-dezvoltarii\/\"},\"wordCount\":254,\"commentCount\":0,\"publisher\":{\"@id\":\"https:\/\/mhf.ro\/mm\/#\/schema\/person\/a3bebf7bdb4bf12f698aff73c7e46c21\"},\"image\":{\"@id\":\"https:\/\/mhf.ro\/mm\/incepe-concedierea-bugetarilor-la-ministerul-dezvoltarii\/#primaryimage\"},\"thumbnailUrl\":\"https:\/\/mhf.ro\/mm\/wp-content\/uploads\/2021\/02\/concedieri-797x445-1.jpg\",\"keywords\":[\"concedieri\"],\"articleSection\":[\"Diverse\"],\"inLanguage\":\"ro-RO\",\"potentialAction\":[{\"@type\":\"CommentAction\",\"name\":\"Comment\",\"target\":[\"https:\/\/mhf.ro\/mm\/incepe-concedierea-bugetarilor-la-ministerul-dezvoltarii\/#respond\"]}]},{\"@type\":\"WebPage\",\"@id\":\"https:\/\/mhf.ro\/mm\/incepe-concedierea-bugetarilor-la-ministerul-dezvoltarii\/\",\"url\":\"https:\/\/mhf.ro\/mm\/incepe-concedierea-bugetarilor-la-ministerul-dezvoltarii\/\",\"name\":\"\u00cencepe concedierea bugetarilor la Ministerul Dezvolt\u0103rii - MHF Photography\",\"isPartOf\":{\"@id\":\"https:\/\/mhf.ro\/mm\/#website\"},\"primaryImageOfPage\":{\"@id\":\"https:\/\/mhf.ro\/mm\/incepe-concedierea-bugetarilor-la-ministerul-dezvoltarii\/#primaryimage\"},\"image\":{\"@id\":\"https:\/\/mhf.ro\/mm\/incepe-concedierea-bugetarilor-la-ministerul-dezvoltarii\/#primaryimage\"},\"thumbnailUrl\":\"https:\/\/mhf.ro\/mm\/wp-content\/uploads\/2021\/02\/concedieri-797x445-1.jpg\",\"datePublished\":\"2021-02-05T10:03:52+00:00\",\"breadcrumb\":{\"@id\":\"https:\/\/mhf.ro\/mm\/incepe-concedierea-bugetarilor-la-ministerul-dezvoltarii\/#breadcrumb\"},\"inLanguage\":\"ro-RO\",\"potentialAction\":[{\"@type\":\"ReadAction\",\"target\":[\"https:\/\/mhf.ro\/mm\/incepe-concedierea-bugetarilor-la-ministerul-dezvoltarii\/\"]}]},{\"@type\":\"ImageObject\",\"inLanguage\":\"ro-RO\",\"@id\":\"https:\/\/mhf.ro\/mm\/incepe-concedierea-bugetarilor-la-ministerul-dezvoltarii\/#primaryimage\",\"url\":\"https:\/\/mhf.ro\/mm\/wp-content\/uploads\/2021\/02\/concedieri-797x445-1.jpg\",\"contentUrl\":\"https:\/\/mhf.ro\/mm\/wp-content\/uploads\/2021\/02\/concedieri-797x445-1.jpg\",\"width\":797,\"height\":445},{\"@type\":\"BreadcrumbList\",\"@id\":\"https:\/\/mhf.ro\/mm\/incepe-concedierea-bugetarilor-la-ministerul-dezvoltarii\/#breadcrumb\",\"itemListElement\":[{\"@type\":\"ListItem\",\"position\":1,\"name\":\"Prima pagin\u0103\",\"item\":\"https:\/\/mhf.ro\/mm\/\"},{\"@type\":\"ListItem\",\"position\":2,\"name\":\"\u00cencepe concedierea bugetarilor la Ministerul Dezvolt\u0103rii\"}]},{\"@type\":\"WebSite\",\"@id\":\"https:\/\/mhf.ro\/mm\/#website\",\"url\":\"https:\/\/mhf.ro\/mm\/\",\"name\":\"MHF Photography \u2013 Blog de fotografie, natur\u0103 \u0219i tehnic\u0103 divers\u0103\",\"description\":\"Aventur\u0103 \u00een fiecare cadru.\",\"publisher\":{\"@id\":\"https:\/\/mhf.ro\/mm\/#\/schema\/person\/a3bebf7bdb4bf12f698aff73c7e46c21\"},\"potentialAction\":[{\"@type\":\"SearchAction\",\"target\":{\"@type\":\"EntryPoint\",\"urlTemplate\":\"https:\/\/mhf.ro\/mm\/?s={search_term_string}\"},\"query-input\":{\"@type\":\"PropertyValueSpecification\",\"valueRequired\":true,\"valueName\":\"search_term_string\"}}],\"inLanguage\":\"ro-RO\"},{\"@type\":[\"Person\",\"Organization\"],\"@id\":\"https:\/\/mhf.ro\/mm\/#\/schema\/person\/a3bebf7bdb4bf12f698aff73c7e46c21\",\"name\":\"Marius Marcu\",\"image\":{\"@type\":\"ImageObject\",\"inLanguage\":\"ro-RO\",\"@id\":\"https:\/\/mhf.ro\/mm\/#\/schema\/person\/image\/\",\"url\":\"https:\/\/mhf.ro\/mm\/wp-content\/uploads\/2025\/12\/cropped-logo_mhf_2.png\",\"contentUrl\":\"https:\/\/mhf.ro\/mm\/wp-content\/uploads\/2025\/12\/cropped-logo_mhf_2.png\",\"width\":1096,\"height\":457,\"caption\":\"Marius Marcu\"},\"logo\":{\"@id\":\"https:\/\/mhf.ro\/mm\/#\/schema\/person\/image\/\"},\"sameAs\":[\"https:\/\/mhf.ro\/mm\"],\"url\":\"https:\/\/mhf.ro\/mm\/author\/mihai\/\"}]}<\/script>\n<!-- \/ Yoast SEO plugin. -->","yoast_head_json":{"title":"\u00cencepe concedierea bugetarilor la Ministerul Dezvolt\u0103rii - MHF Photography","robots":{"index":"index","follow":"follow","max-snippet":"max-snippet:-1","max-image-preview":"max-image-preview:large","max-video-preview":"max-video-preview:-1"},"canonical":"https:\/\/mhf.ro\/mm\/incepe-concedierea-bugetarilor-la-ministerul-dezvoltarii\/","og_locale":"ro_RO","og_type":"article","og_title":"\u00cencepe concedierea bugetarilor la Ministerul Dezvolt\u0103rii - MHF Photography","og_description":"Prima reform\u0103 \u00eentr-un minister. Cseke Attila, ministrul Dezvolt\u0103rii desfiin\u021beaz\u0103 structurile regionale de la Inspectoratul de Stat \u00een Construc\u021bii. Se va","og_url":"https:\/\/mhf.ro\/mm\/incepe-concedierea-bugetarilor-la-ministerul-dezvoltarii\/","og_site_name":"MHF Photography","article_published_time":"2021-02-05T10:03:52+00:00","og_image":[{"width":797,"height":445,"url":"https:\/\/mhf.ro\/mm\/wp-content\/uploads\/2021\/02\/concedieri-797x445-1.jpg","type":"image\/jpeg"}],"author":"Marius Marcu","twitter_card":"summary_large_image","twitter_misc":{"Scris de":"Marius Marcu","Timp estimat pentru citire":"1 minut"},"schema":{"@context":"https:\/\/schema.org","@graph":[{"@type":"Article","@id":"https:\/\/mhf.ro\/mm\/incepe-concedierea-bugetarilor-la-ministerul-dezvoltarii\/#article","isPartOf":{"@id":"https:\/\/mhf.ro\/mm\/incepe-concedierea-bugetarilor-la-ministerul-dezvoltarii\/"},"author":{"name":"Marius Marcu","@id":"https:\/\/mhf.ro\/mm\/#\/schema\/person\/a3bebf7bdb4bf12f698aff73c7e46c21"},"headline":"\u00cencepe concedierea bugetarilor la Ministerul Dezvolt\u0103rii","datePublished":"2021-02-05T10:03:52+00:00","mainEntityOfPage":{"@id":"https:\/\/mhf.ro\/mm\/incepe-concedierea-bugetarilor-la-ministerul-dezvoltarii\/"},"wordCount":254,"commentCount":0,"publisher":{"@id":"https:\/\/mhf.ro\/mm\/#\/schema\/person\/a3bebf7bdb4bf12f698aff73c7e46c21"},"image":{"@id":"https:\/\/mhf.ro\/mm\/incepe-concedierea-bugetarilor-la-ministerul-dezvoltarii\/#primaryimage"},"thumbnailUrl":"https:\/\/mhf.ro\/mm\/wp-content\/uploads\/2021\/02\/concedieri-797x445-1.jpg","keywords":["concedieri"],"articleSection":["Diverse"],"inLanguage":"ro-RO","potentialAction":[{"@type":"CommentAction","name":"Comment","target":["https:\/\/mhf.ro\/mm\/incepe-concedierea-bugetarilor-la-ministerul-dezvoltarii\/#respond"]}]},{"@type":"WebPage","@id":"https:\/\/mhf.ro\/mm\/incepe-concedierea-bugetarilor-la-ministerul-dezvoltarii\/","url":"https:\/\/mhf.ro\/mm\/incepe-concedierea-bugetarilor-la-ministerul-dezvoltarii\/","name":"\u00cencepe concedierea bugetarilor la Ministerul Dezvolt\u0103rii - MHF Photography","isPartOf":{"@id":"https:\/\/mhf.ro\/mm\/#website"},"primaryImageOfPage":{"@id":"https:\/\/mhf.ro\/mm\/incepe-concedierea-bugetarilor-la-ministerul-dezvoltarii\/#primaryimage"},"image":{"@id":"https:\/\/mhf.ro\/mm\/incepe-concedierea-bugetarilor-la-ministerul-dezvoltarii\/#primaryimage"},"thumbnailUrl":"https:\/\/mhf.ro\/mm\/wp-content\/uploads\/2021\/02\/concedieri-797x445-1.jpg","datePublished":"2021-02-05T10:03:52+00:00","breadcrumb":{"@id":"https:\/\/mhf.ro\/mm\/incepe-concedierea-bugetarilor-la-ministerul-dezvoltarii\/#breadcrumb"},"inLanguage":"ro-RO","potentialAction":[{"@type":"ReadAction","target":["https:\/\/mhf.ro\/mm\/incepe-concedierea-bugetarilor-la-ministerul-dezvoltarii\/"]}]},{"@type":"ImageObject","inLanguage":"ro-RO","@id":"https:\/\/mhf.ro\/mm\/incepe-concedierea-bugetarilor-la-ministerul-dezvoltarii\/#primaryimage","url":"https:\/\/mhf.ro\/mm\/wp-content\/uploads\/2021\/02\/concedieri-797x445-1.jpg","contentUrl":"https:\/\/mhf.ro\/mm\/wp-content\/uploads\/2021\/02\/concedieri-797x445-1.jpg","width":797,"height":445},{"@type":"BreadcrumbList","@id":"https:\/\/mhf.ro\/mm\/incepe-concedierea-bugetarilor-la-ministerul-dezvoltarii\/#breadcrumb","itemListElement":[{"@type":"ListItem","position":1,"name":"Prima pagin\u0103","item":"https:\/\/mhf.ro\/mm\/"},{"@type":"ListItem","position":2,"name":"\u00cencepe concedierea bugetarilor la Ministerul Dezvolt\u0103rii"}]},{"@type":"WebSite","@id":"https:\/\/mhf.ro\/mm\/#website","url":"https:\/\/mhf.ro\/mm\/","name":"MHF Photography \u2013 Blog de fotografie, natur\u0103 \u0219i tehnic\u0103 divers\u0103","description":"Aventur\u0103 \u00een fiecare cadru.","publisher":{"@id":"https:\/\/mhf.ro\/mm\/#\/schema\/person\/a3bebf7bdb4bf12f698aff73c7e46c21"},"potentialAction":[{"@type":"SearchAction","target":{"@type":"EntryPoint","urlTemplate":"https:\/\/mhf.ro\/mm\/?s={search_term_string}"},"query-input":{"@type":"PropertyValueSpecification","valueRequired":true,"valueName":"search_term_string"}}],"inLanguage":"ro-RO"},{"@type":["Person","Organization"],"@id":"https:\/\/mhf.ro\/mm\/#\/schema\/person\/a3bebf7bdb4bf12f698aff73c7e46c21","name":"Marius Marcu","image":{"@type":"ImageObject","inLanguage":"ro-RO","@id":"https:\/\/mhf.ro\/mm\/#\/schema\/person\/image\/","url":"https:\/\/mhf.ro\/mm\/wp-content\/uploads\/2025\/12\/cropped-logo_mhf_2.png","contentUrl":"https:\/\/mhf.ro\/mm\/wp-content\/uploads\/2025\/12\/cropped-logo_mhf_2.png","width":1096,"height":457,"caption":"Marius Marcu"},"logo":{"@id":"https:\/\/mhf.ro\/mm\/#\/schema\/person\/image\/"},"sameAs":["https:\/\/mhf.ro\/mm"],"url":"https:\/\/mhf.ro\/mm\/author\/mihai\/"}]}},"_links":{"self":[{"href":"https:\/\/mhf.ro\/mm\/wp-json\/wp\/v2\/posts\/3840","targetHints":{"allow":["GET"]}}],"collection":[{"href":"https:\/\/mhf.ro\/mm\/wp-json\/wp\/v2\/posts"}],"about":[{"href":"https:\/\/mhf.ro\/mm\/wp-json\/wp\/v2\/types\/post"}],"author":[{"embeddable":true,"href":"https:\/\/mhf.ro\/mm\/wp-json\/wp\/v2\/users\/1"}],"replies":[{"embeddable":true,"href":"https:\/\/mhf.ro\/mm\/wp-json\/wp\/v2\/comments?post=3840"}],"version-history":[{"count":1,"href":"https:\/\/mhf.ro\/mm\/wp-json\/wp\/v2\/posts\/3840\/revisions"}],"predecessor-version":[{"id":3842,"href":"https:\/\/mhf.ro\/mm\/wp-json\/wp\/v2\/posts\/3840\/revisions\/3842"}],"wp:featuredmedia":[{"embeddable":true,"href":"https:\/\/mhf.ro\/mm\/wp-json\/wp\/v2\/media\/3841"}],"wp:attachment":[{"href":"https:\/\/mhf.ro\/mm\/wp-json\/wp\/v2\/media?parent=3840"}],"wp:term":[{"taxonomy":"category","embeddable":true,"href":"https:\/\/mhf.ro\/mm\/wp-json\/wp\/v2\/categories?post=3840"},{"taxonomy":"post_tag","embeddable":true,"href":"https:\/\/mhf.ro\/mm\/wp-json\/wp\/v2\/tags?post=3840"}],"curies":[{"name":"wp","href":"https:\/\/api.w.org\/{rel}","templated":true}]}}