{"id":3846,"date":"2021-02-05T18:11:25","date_gmt":"2021-02-05T16:11:25","guid":{"rendered":"https:\/\/mhf.ro\/mm\/?p=3846"},"modified":"2021-02-05T13:16:20","modified_gmt":"2021-02-05T11:16:20","slug":"tensiuni-si-amenintari-cu-demisia-in-pnl","status":"publish","type":"post","link":"https:\/\/mhf.ro\/mm\/tensiuni-si-amenintari-cu-demisia-in-pnl\/","title":{"rendered":"Tensiuni \u0219i amenin\u021b\u0103ri cu demisia \u00een PNL"},"content":{"rendered":"<h5><strong>PNL st\u0103 pe un butoi cu pulbere<\/strong>.<\/h5>\n<p>Oric\u00e2t \u00eencearc\u0103 liberalii s\u0103 ascund\u0103 tensiunile din partid, scandalurile izbucnite din cauza nemul\u021bumirilor la adresa conducerii ies deseori la iveal\u0103.<\/p>\n<p>Cea mai nou\u0103 controvers\u0103 este legat\u0103 de \u00eemp\u0103r\u021birea numirii prefec\u021bilor.<\/p>\n<p>Pre\u0219edintele Consiliului Jude\u021bean Cluj, Alin Ti\u0219e, a trimis o scrisoare liderului PNL, Ludovic Orban, \u0219i premierului Florin C\u00ee\u021bu, \u00een care amenin\u021b\u0103 cu demisia, at\u00e2t a lui c\u00e2t \u0219i altor membri, dac\u0103 nu e schimbat\u0103 decizia privind numirea unui prefect din tab\u0103ra liberal\u0103. Acesta este sus\u021binut de 70 de primari \u0219i consilieri (locali \u0219i jude\u021beni).<\/p>\n<p>Amintim c\u0103 la \u00eemp\u0103r\u021bire, UDMR a c\u00e2\u0219tigat Prefectura Cluj. Astfel, avocatul clujean Tasnadi Szilard va lua locul liberalului Mircea Abrudean \u00een func\u021bia de prefect al jude\u021bului Cluj, \u00een urma negocierilor de luni sear\u0103 din coali\u021bia guvernamental\u0103.<\/p>\n<p>\u201e\u00cen aten\u021bia domnului Pre\u0219edinte Ludovic Orban<\/p>\n<p>Stimate domnule Ludovic Orban,<\/p>\n<p>Numirea noului Prefect de Cluj este inadmisibil\u0103 pentru noi ca membri ai PNL Cluj. Spun asta \u00een calitate de fost Prefect de Cluj, Senator \u0219i actualmente la al treilea mandat de Pre\u0219edinte al Consiliului Jude\u021bean Cluj (din care dou\u0103 mandate ales prin vot direct de c\u0103tre cet\u0103\u021benii jude\u021bului Cluj).<\/p>\n<h5>Negocierile politice nu au \u021binut cont de performan\u021b\u0103 \u0219i profesionalism.<\/h5>\n<p>PNL de\u021binea postul de Prefect de Cluj. Consecin\u021bele politice ale acestui gest pentru noi, ca partid politic, sunt de neimaginat aici la Cluj.<\/p>\n<p>Sunt anumite limite \u0219i \u00een negocierile politice, chiar \u00eentr-un Guvern de coali\u021bie.<\/p>\n<p>Foarte mul\u021bi clujeni \u0219i colegi de partid sunt \u00een asentimentul meu c\u0103 trebuie s\u0103 lu\u0103m pozi\u021bie ferm\u0103 \u0219i f\u0103r\u0103 echivoc. Eu am f\u0103cut-o, \u0219i o voi face, merg\u00e2nd p\u00e2n\u0103 la demisia mea din PNL. \u0219i nu voi fi singurul. Politica are \u0219i ea limite peste care nu ar trebui s\u0103 trecem.<\/p>\n<p>V\u0103 solicit \u00eendreptarea acestei enorme gre\u0219eli la Guvern \u0219i numirea ca Prefect de Cluj a unei persoane competente din PNL Cluj.<\/p>\n<p>Acest demers al meu este sus\u021binut de un num\u0103r de peste 70 de primari, viceprimari \u0219i consilieri jude\u021beni. Num\u0103rul celor nemul\u021bumi\u021bi de aceasta decizie este \u00eens\u0103 infinit mai mare.\u201e<\/p>\n<p style=\"text-align: right;\">(conf. jurnalist.ro)<\/p>\n","protected":false},"excerpt":{"rendered":"<p>PNL st\u0103 pe un butoi cu pulbere. Oric\u00e2t \u00eencearc\u0103 liberalii s\u0103 ascund\u0103 tensiunile din partid, scandalurile izbucnite din cauza nemul\u021bumirilor<\/p>\n","protected":false},"author":1,"featured_media":3847,"comment_status":"open","ping_status":"open","sticky":false,"template":"","format":"standard","meta":{"colormag_page_container_layout":"default_layout","colormag_page_sidebar_layout":"default_layout","footnotes":""},"categories":[8],"tags":[],"class_list":["post-3846","post","type-post","status-publish","format-standard","has-post-thumbnail","hentry","category-div"],"yoast_head":"<!-- This site is optimized with the Yoast SEO plugin v27.0 - https:\/\/yoast.com\/product\/yoast-seo-wordpress\/ -->\n<title>Tensiuni \u0219i amenin\u021b\u0103ri cu demisia \u00een PNL - MHF Photography<\/title>\n<meta name=\"robots\" content=\"index, follow, max-snippet:-1, max-image-preview:large, max-video-preview:-1\" \/>\n<link rel=\"canonical\" href=\"https:\/\/mhf.ro\/mm\/tensiuni-si-amenintari-cu-demisia-in-pnl\/\" \/>\n<meta property=\"og:locale\" content=\"ro_RO\" \/>\n<meta property=\"og:type\" content=\"article\" \/>\n<meta property=\"og:title\" content=\"Tensiuni \u0219i amenin\u021b\u0103ri cu demisia \u00een PNL - MHF Photography\" \/>\n<meta property=\"og:description\" content=\"PNL st\u0103 pe un butoi cu pulbere. Oric\u00e2t \u00eencearc\u0103 liberalii s\u0103 ascund\u0103 tensiunile din partid, scandalurile izbucnite din cauza nemul\u021bumirilor\" \/>\n<meta property=\"og:url\" content=\"https:\/\/mhf.ro\/mm\/tensiuni-si-amenintari-cu-demisia-in-pnl\/\" \/>\n<meta property=\"og:site_name\" content=\"MHF Photography\" \/>\n<meta property=\"article:published_time\" content=\"2021-02-05T16:11:25+00:00\" \/>\n<meta property=\"og:image\" content=\"https:\/\/mhf.ro\/mm\/wp-content\/uploads\/2021\/02\/pnl1-742x445-1.jpg\" \/>\n\t<meta property=\"og:image:width\" content=\"742\" \/>\n\t<meta property=\"og:image:height\" content=\"445\" \/>\n\t<meta property=\"og:image:type\" content=\"image\/jpeg\" \/>\n<meta name=\"author\" content=\"Marius Marcu\" \/>\n<meta name=\"twitter:card\" content=\"summary_large_image\" \/>\n<meta name=\"twitter:label1\" content=\"Scris de\" \/>\n\t<meta name=\"twitter:data1\" content=\"Marius Marcu\" \/>\n\t<meta name=\"twitter:label2\" content=\"Timp estimat pentru citire\" \/>\n\t<meta name=\"twitter:data2\" content=\"2 minute\" \/>\n<script type=\"application\/ld+json\" class=\"yoast-schema-graph\">{\"@context\":\"https:\/\/schema.org\",\"@graph\":[{\"@type\":\"Article\",\"@id\":\"https:\/\/mhf.ro\/mm\/tensiuni-si-amenintari-cu-demisia-in-pnl\/#article\",\"isPartOf\":{\"@id\":\"https:\/\/mhf.ro\/mm\/tensiuni-si-amenintari-cu-demisia-in-pnl\/\"},\"author\":{\"name\":\"Marius Marcu\",\"@id\":\"https:\/\/mhf.ro\/mm\/#\/schema\/person\/a3bebf7bdb4bf12f698aff73c7e46c21\"},\"headline\":\"Tensiuni \u0219i amenin\u021b\u0103ri cu demisia \u00een PNL\",\"datePublished\":\"2021-02-05T16:11:25+00:00\",\"mainEntityOfPage\":{\"@id\":\"https:\/\/mhf.ro\/mm\/tensiuni-si-amenintari-cu-demisia-in-pnl\/\"},\"wordCount\":385,\"commentCount\":0,\"publisher\":{\"@id\":\"https:\/\/mhf.ro\/mm\/#\/schema\/person\/a3bebf7bdb4bf12f698aff73c7e46c21\"},\"image\":{\"@id\":\"https:\/\/mhf.ro\/mm\/tensiuni-si-amenintari-cu-demisia-in-pnl\/#primaryimage\"},\"thumbnailUrl\":\"https:\/\/mhf.ro\/mm\/wp-content\/uploads\/2021\/02\/pnl1-742x445-1.jpg\",\"articleSection\":[\"Diverse\"],\"inLanguage\":\"ro-RO\",\"potentialAction\":[{\"@type\":\"CommentAction\",\"name\":\"Comment\",\"target\":[\"https:\/\/mhf.ro\/mm\/tensiuni-si-amenintari-cu-demisia-in-pnl\/#respond\"]}]},{\"@type\":\"WebPage\",\"@id\":\"https:\/\/mhf.ro\/mm\/tensiuni-si-amenintari-cu-demisia-in-pnl\/\",\"url\":\"https:\/\/mhf.ro\/mm\/tensiuni-si-amenintari-cu-demisia-in-pnl\/\",\"name\":\"Tensiuni \u0219i amenin\u021b\u0103ri cu demisia \u00een PNL - MHF Photography\",\"isPartOf\":{\"@id\":\"https:\/\/mhf.ro\/mm\/#website\"},\"primaryImageOfPage\":{\"@id\":\"https:\/\/mhf.ro\/mm\/tensiuni-si-amenintari-cu-demisia-in-pnl\/#primaryimage\"},\"image\":{\"@id\":\"https:\/\/mhf.ro\/mm\/tensiuni-si-amenintari-cu-demisia-in-pnl\/#primaryimage\"},\"thumbnailUrl\":\"https:\/\/mhf.ro\/mm\/wp-content\/uploads\/2021\/02\/pnl1-742x445-1.jpg\",\"datePublished\":\"2021-02-05T16:11:25+00:00\",\"breadcrumb\":{\"@id\":\"https:\/\/mhf.ro\/mm\/tensiuni-si-amenintari-cu-demisia-in-pnl\/#breadcrumb\"},\"inLanguage\":\"ro-RO\",\"potentialAction\":[{\"@type\":\"ReadAction\",\"target\":[\"https:\/\/mhf.ro\/mm\/tensiuni-si-amenintari-cu-demisia-in-pnl\/\"]}]},{\"@type\":\"ImageObject\",\"inLanguage\":\"ro-RO\",\"@id\":\"https:\/\/mhf.ro\/mm\/tensiuni-si-amenintari-cu-demisia-in-pnl\/#primaryimage\",\"url\":\"https:\/\/mhf.ro\/mm\/wp-content\/uploads\/2021\/02\/pnl1-742x445-1.jpg\",\"contentUrl\":\"https:\/\/mhf.ro\/mm\/wp-content\/uploads\/2021\/02\/pnl1-742x445-1.jpg\",\"width\":742,\"height\":445},{\"@type\":\"BreadcrumbList\",\"@id\":\"https:\/\/mhf.ro\/mm\/tensiuni-si-amenintari-cu-demisia-in-pnl\/#breadcrumb\",\"itemListElement\":[{\"@type\":\"ListItem\",\"position\":1,\"name\":\"Prima pagin\u0103\",\"item\":\"https:\/\/mhf.ro\/mm\/\"},{\"@type\":\"ListItem\",\"position\":2,\"name\":\"Tensiuni \u0219i amenin\u021b\u0103ri cu demisia \u00een PNL\"}]},{\"@type\":\"WebSite\",\"@id\":\"https:\/\/mhf.ro\/mm\/#website\",\"url\":\"https:\/\/mhf.ro\/mm\/\",\"name\":\"MHF Photography \u2013 Blog de fotografie, natur\u0103 \u0219i tehnic\u0103 divers\u0103\",\"description\":\"Aventur\u0103 \u00een fiecare cadru.\",\"publisher\":{\"@id\":\"https:\/\/mhf.ro\/mm\/#\/schema\/person\/a3bebf7bdb4bf12f698aff73c7e46c21\"},\"potentialAction\":[{\"@type\":\"SearchAction\",\"target\":{\"@type\":\"EntryPoint\",\"urlTemplate\":\"https:\/\/mhf.ro\/mm\/?s={search_term_string}\"},\"query-input\":{\"@type\":\"PropertyValueSpecification\",\"valueRequired\":true,\"valueName\":\"search_term_string\"}}],\"inLanguage\":\"ro-RO\"},{\"@type\":[\"Person\",\"Organization\"],\"@id\":\"https:\/\/mhf.ro\/mm\/#\/schema\/person\/a3bebf7bdb4bf12f698aff73c7e46c21\",\"name\":\"Marius Marcu\",\"image\":{\"@type\":\"ImageObject\",\"inLanguage\":\"ro-RO\",\"@id\":\"https:\/\/mhf.ro\/mm\/#\/schema\/person\/image\/\",\"url\":\"https:\/\/mhf.ro\/mm\/wp-content\/uploads\/2025\/12\/cropped-logo_mhf_2.png\",\"contentUrl\":\"https:\/\/mhf.ro\/mm\/wp-content\/uploads\/2025\/12\/cropped-logo_mhf_2.png\",\"width\":1096,\"height\":457,\"caption\":\"Marius Marcu\"},\"logo\":{\"@id\":\"https:\/\/mhf.ro\/mm\/#\/schema\/person\/image\/\"},\"sameAs\":[\"https:\/\/mhf.ro\/mm\"],\"url\":\"https:\/\/mhf.ro\/mm\/author\/mihai\/\"}]}<\/script>\n<!-- \/ Yoast SEO plugin. -->","yoast_head_json":{"title":"Tensiuni \u0219i amenin\u021b\u0103ri cu demisia \u00een PNL - MHF Photography","robots":{"index":"index","follow":"follow","max-snippet":"max-snippet:-1","max-image-preview":"max-image-preview:large","max-video-preview":"max-video-preview:-1"},"canonical":"https:\/\/mhf.ro\/mm\/tensiuni-si-amenintari-cu-demisia-in-pnl\/","og_locale":"ro_RO","og_type":"article","og_title":"Tensiuni \u0219i amenin\u021b\u0103ri cu demisia \u00een PNL - MHF Photography","og_description":"PNL st\u0103 pe un butoi cu pulbere. Oric\u00e2t \u00eencearc\u0103 liberalii s\u0103 ascund\u0103 tensiunile din partid, scandalurile izbucnite din cauza nemul\u021bumirilor","og_url":"https:\/\/mhf.ro\/mm\/tensiuni-si-amenintari-cu-demisia-in-pnl\/","og_site_name":"MHF Photography","article_published_time":"2021-02-05T16:11:25+00:00","og_image":[{"width":742,"height":445,"url":"https:\/\/mhf.ro\/mm\/wp-content\/uploads\/2021\/02\/pnl1-742x445-1.jpg","type":"image\/jpeg"}],"author":"Marius Marcu","twitter_card":"summary_large_image","twitter_misc":{"Scris de":"Marius Marcu","Timp estimat pentru citire":"2 minute"},"schema":{"@context":"https:\/\/schema.org","@graph":[{"@type":"Article","@id":"https:\/\/mhf.ro\/mm\/tensiuni-si-amenintari-cu-demisia-in-pnl\/#article","isPartOf":{"@id":"https:\/\/mhf.ro\/mm\/tensiuni-si-amenintari-cu-demisia-in-pnl\/"},"author":{"name":"Marius Marcu","@id":"https:\/\/mhf.ro\/mm\/#\/schema\/person\/a3bebf7bdb4bf12f698aff73c7e46c21"},"headline":"Tensiuni \u0219i amenin\u021b\u0103ri cu demisia \u00een PNL","datePublished":"2021-02-05T16:11:25+00:00","mainEntityOfPage":{"@id":"https:\/\/mhf.ro\/mm\/tensiuni-si-amenintari-cu-demisia-in-pnl\/"},"wordCount":385,"commentCount":0,"publisher":{"@id":"https:\/\/mhf.ro\/mm\/#\/schema\/person\/a3bebf7bdb4bf12f698aff73c7e46c21"},"image":{"@id":"https:\/\/mhf.ro\/mm\/tensiuni-si-amenintari-cu-demisia-in-pnl\/#primaryimage"},"thumbnailUrl":"https:\/\/mhf.ro\/mm\/wp-content\/uploads\/2021\/02\/pnl1-742x445-1.jpg","articleSection":["Diverse"],"inLanguage":"ro-RO","potentialAction":[{"@type":"CommentAction","name":"Comment","target":["https:\/\/mhf.ro\/mm\/tensiuni-si-amenintari-cu-demisia-in-pnl\/#respond"]}]},{"@type":"WebPage","@id":"https:\/\/mhf.ro\/mm\/tensiuni-si-amenintari-cu-demisia-in-pnl\/","url":"https:\/\/mhf.ro\/mm\/tensiuni-si-amenintari-cu-demisia-in-pnl\/","name":"Tensiuni \u0219i amenin\u021b\u0103ri cu demisia \u00een PNL - MHF Photography","isPartOf":{"@id":"https:\/\/mhf.ro\/mm\/#website"},"primaryImageOfPage":{"@id":"https:\/\/mhf.ro\/mm\/tensiuni-si-amenintari-cu-demisia-in-pnl\/#primaryimage"},"image":{"@id":"https:\/\/mhf.ro\/mm\/tensiuni-si-amenintari-cu-demisia-in-pnl\/#primaryimage"},"thumbnailUrl":"https:\/\/mhf.ro\/mm\/wp-content\/uploads\/2021\/02\/pnl1-742x445-1.jpg","datePublished":"2021-02-05T16:11:25+00:00","breadcrumb":{"@id":"https:\/\/mhf.ro\/mm\/tensiuni-si-amenintari-cu-demisia-in-pnl\/#breadcrumb"},"inLanguage":"ro-RO","potentialAction":[{"@type":"ReadAction","target":["https:\/\/mhf.ro\/mm\/tensiuni-si-amenintari-cu-demisia-in-pnl\/"]}]},{"@type":"ImageObject","inLanguage":"ro-RO","@id":"https:\/\/mhf.ro\/mm\/tensiuni-si-amenintari-cu-demisia-in-pnl\/#primaryimage","url":"https:\/\/mhf.ro\/mm\/wp-content\/uploads\/2021\/02\/pnl1-742x445-1.jpg","contentUrl":"https:\/\/mhf.ro\/mm\/wp-content\/uploads\/2021\/02\/pnl1-742x445-1.jpg","width":742,"height":445},{"@type":"BreadcrumbList","@id":"https:\/\/mhf.ro\/mm\/tensiuni-si-amenintari-cu-demisia-in-pnl\/#breadcrumb","itemListElement":[{"@type":"ListItem","position":1,"name":"Prima pagin\u0103","item":"https:\/\/mhf.ro\/mm\/"},{"@type":"ListItem","position":2,"name":"Tensiuni \u0219i amenin\u021b\u0103ri cu demisia \u00een PNL"}]},{"@type":"WebSite","@id":"https:\/\/mhf.ro\/mm\/#website","url":"https:\/\/mhf.ro\/mm\/","name":"MHF Photography \u2013 Blog de fotografie, natur\u0103 \u0219i tehnic\u0103 divers\u0103","description":"Aventur\u0103 \u00een fiecare cadru.","publisher":{"@id":"https:\/\/mhf.ro\/mm\/#\/schema\/person\/a3bebf7bdb4bf12f698aff73c7e46c21"},"potentialAction":[{"@type":"SearchAction","target":{"@type":"EntryPoint","urlTemplate":"https:\/\/mhf.ro\/mm\/?s={search_term_string}"},"query-input":{"@type":"PropertyValueSpecification","valueRequired":true,"valueName":"search_term_string"}}],"inLanguage":"ro-RO"},{"@type":["Person","Organization"],"@id":"https:\/\/mhf.ro\/mm\/#\/schema\/person\/a3bebf7bdb4bf12f698aff73c7e46c21","name":"Marius Marcu","image":{"@type":"ImageObject","inLanguage":"ro-RO","@id":"https:\/\/mhf.ro\/mm\/#\/schema\/person\/image\/","url":"https:\/\/mhf.ro\/mm\/wp-content\/uploads\/2025\/12\/cropped-logo_mhf_2.png","contentUrl":"https:\/\/mhf.ro\/mm\/wp-content\/uploads\/2025\/12\/cropped-logo_mhf_2.png","width":1096,"height":457,"caption":"Marius Marcu"},"logo":{"@id":"https:\/\/mhf.ro\/mm\/#\/schema\/person\/image\/"},"sameAs":["https:\/\/mhf.ro\/mm"],"url":"https:\/\/mhf.ro\/mm\/author\/mihai\/"}]}},"_links":{"self":[{"href":"https:\/\/mhf.ro\/mm\/wp-json\/wp\/v2\/posts\/3846","targetHints":{"allow":["GET"]}}],"collection":[{"href":"https:\/\/mhf.ro\/mm\/wp-json\/wp\/v2\/posts"}],"about":[{"href":"https:\/\/mhf.ro\/mm\/wp-json\/wp\/v2\/types\/post"}],"author":[{"embeddable":true,"href":"https:\/\/mhf.ro\/mm\/wp-json\/wp\/v2\/users\/1"}],"replies":[{"embeddable":true,"href":"https:\/\/mhf.ro\/mm\/wp-json\/wp\/v2\/comments?post=3846"}],"version-history":[{"count":1,"href":"https:\/\/mhf.ro\/mm\/wp-json\/wp\/v2\/posts\/3846\/revisions"}],"predecessor-version":[{"id":3848,"href":"https:\/\/mhf.ro\/mm\/wp-json\/wp\/v2\/posts\/3846\/revisions\/3848"}],"wp:featuredmedia":[{"embeddable":true,"href":"https:\/\/mhf.ro\/mm\/wp-json\/wp\/v2\/media\/3847"}],"wp:attachment":[{"href":"https:\/\/mhf.ro\/mm\/wp-json\/wp\/v2\/media?parent=3846"}],"wp:term":[{"taxonomy":"category","embeddable":true,"href":"https:\/\/mhf.ro\/mm\/wp-json\/wp\/v2\/categories?post=3846"},{"taxonomy":"post_tag","embeddable":true,"href":"https:\/\/mhf.ro\/mm\/wp-json\/wp\/v2\/tags?post=3846"}],"curies":[{"name":"wp","href":"https:\/\/api.w.org\/{rel}","templated":true}]}}