{"id":3852,"date":"2021-02-06T09:16:48","date_gmt":"2021-02-06T07:16:48","guid":{"rendered":"https:\/\/mhf.ro\/mm\/?p=3852"},"modified":"2021-02-05T23:19:51","modified_gmt":"2021-02-05T21:19:51","slug":"boc-transant-pnl-a-trecut-o-linie-rosie-cu-noi","status":"publish","type":"post","link":"https:\/\/mhf.ro\/mm\/boc-transant-pnl-a-trecut-o-linie-rosie-cu-noi\/","title":{"rendered":"Boc, tran\u0219ant: PNL a trecut o linie ro\u0219ie cu noi"},"content":{"rendered":"<p>Liderii PNL de la Cluj sunt nemul\u021bumi\u021bi de faptul c\u0103 Ludovic Orban \u0219i conducerea central\u0103 nu s-au luptat pentru prefectul liberal de Cluj. Amintim c\u0103 aici UDMR-ul a avut c\u00e2\u0219tig de cauz\u0103.<\/p>\n<p>Primarul din Cluj-Napoca, Emil Boc, a declarat, vineri, c\u0103 el, Alin Ti\u0219e \u0219i al\u021bi lideri din PNL nu sunt de acord cu decizia liderilor de la Bucure\u0219ti. Mai mulot, el a subliniat faptul c\u0103 \u201ePNL a trecut o linie ro\u0219ie\u201d \u00een rela\u021bia cu liberalii clujeni.<\/p>\n<p>\u201ePNL a trecut o linie ro\u0219ie \u00een rela\u021bia cu noi, pentru c\u0103 din acest punct de vedere este foarte greu. Nu am argumente s\u0103 spun de ce PNL a optat pentru alt jude\u021b \u0219i nu pentru Cluj atunci c\u00e2nd s-a luat \u00een coali\u021bie aceast\u0103 decizie politic\u0103. Eu am fost pre\u0219edinte al PDL \u0219i mereu au fost prefec\u021bi liberali la Cluj. \u0219i atunci, \u0219i acum, Clujul a avut cel mai mare num\u0103r de voturi aduse partidului\u201d, a declarat Boc, la Ziua de Cluj.<\/p>\n<p>Fostul premier a recunoscut starea de nemul\u021bumire generalizat\u0103 din filial\u0103.<\/p>\n<p>\u201eDin primul moment c\u00e2nd am auzit, aceast\u0103 reac\u021bie pe care am avut-o a fost legat\u0103 de starea profund\u0103 de nemul\u021bumire din PNL Cluj, \u0219i la Buda, \u0219i la Ti\u0219e, la Boc, \u0219i la Tarcea, \u0219i la to\u021bi colegii exist\u0103 aceast\u0103 nemul\u021bumire. Dar, de aici \u00eencolo b\u0103t\u0103lia e puternic\u0103 \u0219i e continuat\u0103 \u00een interiorul partidului\u201d, a mai precizat Boc.<\/p>\n<p style=\"text-align: right;\">(conf. jurnalist.ro)<\/p>\n","protected":false},"excerpt":{"rendered":"<p>Liderii PNL de la Cluj sunt nemul\u021bumi\u021bi de faptul c\u0103 Ludovic Orban \u0219i conducerea central\u0103 nu s-au luptat pentru prefectul<\/p>\n","protected":false},"author":1,"featured_media":3853,"comment_status":"open","ping_status":"open","sticky":false,"template":"","format":"standard","meta":{"colormag_page_container_layout":"default_layout","colormag_page_sidebar_layout":"default_layout","footnotes":""},"categories":[5],"tags":[],"class_list":["post-3852","post","type-post","status-publish","format-standard","has-post-thumbnail","hentry","category-locale"],"yoast_head":"<!-- This site is optimized with the Yoast SEO plugin v27.0 - https:\/\/yoast.com\/product\/yoast-seo-wordpress\/ -->\n<title>Boc, tran\u0219ant: PNL a trecut o linie ro\u0219ie cu noi - MHF Photography<\/title>\n<meta name=\"robots\" content=\"index, follow, max-snippet:-1, max-image-preview:large, max-video-preview:-1\" \/>\n<link rel=\"canonical\" href=\"https:\/\/mhf.ro\/mm\/boc-transant-pnl-a-trecut-o-linie-rosie-cu-noi\/\" \/>\n<meta property=\"og:locale\" content=\"ro_RO\" \/>\n<meta property=\"og:type\" content=\"article\" \/>\n<meta property=\"og:title\" content=\"Boc, tran\u0219ant: PNL a trecut o linie ro\u0219ie cu noi - MHF Photography\" \/>\n<meta property=\"og:description\" content=\"Liderii PNL de la Cluj sunt nemul\u021bumi\u021bi de faptul c\u0103 Ludovic Orban \u0219i conducerea central\u0103 nu s-au luptat pentru prefectul\" \/>\n<meta property=\"og:url\" content=\"https:\/\/mhf.ro\/mm\/boc-transant-pnl-a-trecut-o-linie-rosie-cu-noi\/\" \/>\n<meta property=\"og:site_name\" content=\"MHF Photography\" \/>\n<meta property=\"article:published_time\" content=\"2021-02-06T07:16:48+00:00\" \/>\n<meta property=\"og:image\" content=\"https:\/\/mhf.ro\/mm\/wp-content\/uploads\/2021\/02\/emil-boc-11.jpg\" \/>\n\t<meta property=\"og:image:width\" content=\"832\" \/>\n\t<meta property=\"og:image:height\" content=\"445\" \/>\n\t<meta property=\"og:image:type\" content=\"image\/jpeg\" \/>\n<meta name=\"author\" content=\"Marius Marcu\" \/>\n<meta name=\"twitter:card\" content=\"summary_large_image\" \/>\n<meta name=\"twitter:label1\" content=\"Scris de\" \/>\n\t<meta name=\"twitter:data1\" content=\"Marius Marcu\" \/>\n\t<meta name=\"twitter:label2\" content=\"Timp estimat pentru citire\" \/>\n\t<meta name=\"twitter:data2\" content=\"2 minute\" \/>\n<script type=\"application\/ld+json\" class=\"yoast-schema-graph\">{\"@context\":\"https:\/\/schema.org\",\"@graph\":[{\"@type\":\"Article\",\"@id\":\"https:\/\/mhf.ro\/mm\/boc-transant-pnl-a-trecut-o-linie-rosie-cu-noi\/#article\",\"isPartOf\":{\"@id\":\"https:\/\/mhf.ro\/mm\/boc-transant-pnl-a-trecut-o-linie-rosie-cu-noi\/\"},\"author\":{\"name\":\"Marius Marcu\",\"@id\":\"https:\/\/mhf.ro\/mm\/#\/schema\/person\/a3bebf7bdb4bf12f698aff73c7e46c21\"},\"headline\":\"Boc, tran\u0219ant: PNL a trecut o linie ro\u0219ie cu noi\",\"datePublished\":\"2021-02-06T07:16:48+00:00\",\"mainEntityOfPage\":{\"@id\":\"https:\/\/mhf.ro\/mm\/boc-transant-pnl-a-trecut-o-linie-rosie-cu-noi\/\"},\"wordCount\":266,\"commentCount\":0,\"publisher\":{\"@id\":\"https:\/\/mhf.ro\/mm\/#\/schema\/person\/a3bebf7bdb4bf12f698aff73c7e46c21\"},\"image\":{\"@id\":\"https:\/\/mhf.ro\/mm\/boc-transant-pnl-a-trecut-o-linie-rosie-cu-noi\/#primaryimage\"},\"thumbnailUrl\":\"https:\/\/mhf.ro\/mm\/wp-content\/uploads\/2021\/02\/emil-boc-11.jpg\",\"articleSection\":[\"Locale\"],\"inLanguage\":\"ro-RO\",\"potentialAction\":[{\"@type\":\"CommentAction\",\"name\":\"Comment\",\"target\":[\"https:\/\/mhf.ro\/mm\/boc-transant-pnl-a-trecut-o-linie-rosie-cu-noi\/#respond\"]}]},{\"@type\":\"WebPage\",\"@id\":\"https:\/\/mhf.ro\/mm\/boc-transant-pnl-a-trecut-o-linie-rosie-cu-noi\/\",\"url\":\"https:\/\/mhf.ro\/mm\/boc-transant-pnl-a-trecut-o-linie-rosie-cu-noi\/\",\"name\":\"Boc, tran\u0219ant: PNL a trecut o linie ro\u0219ie cu noi - MHF Photography\",\"isPartOf\":{\"@id\":\"https:\/\/mhf.ro\/mm\/#website\"},\"primaryImageOfPage\":{\"@id\":\"https:\/\/mhf.ro\/mm\/boc-transant-pnl-a-trecut-o-linie-rosie-cu-noi\/#primaryimage\"},\"image\":{\"@id\":\"https:\/\/mhf.ro\/mm\/boc-transant-pnl-a-trecut-o-linie-rosie-cu-noi\/#primaryimage\"},\"thumbnailUrl\":\"https:\/\/mhf.ro\/mm\/wp-content\/uploads\/2021\/02\/emil-boc-11.jpg\",\"datePublished\":\"2021-02-06T07:16:48+00:00\",\"breadcrumb\":{\"@id\":\"https:\/\/mhf.ro\/mm\/boc-transant-pnl-a-trecut-o-linie-rosie-cu-noi\/#breadcrumb\"},\"inLanguage\":\"ro-RO\",\"potentialAction\":[{\"@type\":\"ReadAction\",\"target\":[\"https:\/\/mhf.ro\/mm\/boc-transant-pnl-a-trecut-o-linie-rosie-cu-noi\/\"]}]},{\"@type\":\"ImageObject\",\"inLanguage\":\"ro-RO\",\"@id\":\"https:\/\/mhf.ro\/mm\/boc-transant-pnl-a-trecut-o-linie-rosie-cu-noi\/#primaryimage\",\"url\":\"https:\/\/mhf.ro\/mm\/wp-content\/uploads\/2021\/02\/emil-boc-11.jpg\",\"contentUrl\":\"https:\/\/mhf.ro\/mm\/wp-content\/uploads\/2021\/02\/emil-boc-11.jpg\",\"width\":832,\"height\":445},{\"@type\":\"BreadcrumbList\",\"@id\":\"https:\/\/mhf.ro\/mm\/boc-transant-pnl-a-trecut-o-linie-rosie-cu-noi\/#breadcrumb\",\"itemListElement\":[{\"@type\":\"ListItem\",\"position\":1,\"name\":\"Prima pagin\u0103\",\"item\":\"https:\/\/mhf.ro\/mm\/\"},{\"@type\":\"ListItem\",\"position\":2,\"name\":\"Boc, tran\u0219ant: PNL a trecut o linie ro\u0219ie cu noi\"}]},{\"@type\":\"WebSite\",\"@id\":\"https:\/\/mhf.ro\/mm\/#website\",\"url\":\"https:\/\/mhf.ro\/mm\/\",\"name\":\"MHF Photography \u2013 Blog de fotografie, natur\u0103 \u0219i tehnic\u0103 divers\u0103\",\"description\":\"Aventur\u0103 \u00een fiecare cadru.\",\"publisher\":{\"@id\":\"https:\/\/mhf.ro\/mm\/#\/schema\/person\/a3bebf7bdb4bf12f698aff73c7e46c21\"},\"potentialAction\":[{\"@type\":\"SearchAction\",\"target\":{\"@type\":\"EntryPoint\",\"urlTemplate\":\"https:\/\/mhf.ro\/mm\/?s={search_term_string}\"},\"query-input\":{\"@type\":\"PropertyValueSpecification\",\"valueRequired\":true,\"valueName\":\"search_term_string\"}}],\"inLanguage\":\"ro-RO\"},{\"@type\":[\"Person\",\"Organization\"],\"@id\":\"https:\/\/mhf.ro\/mm\/#\/schema\/person\/a3bebf7bdb4bf12f698aff73c7e46c21\",\"name\":\"Marius Marcu\",\"image\":{\"@type\":\"ImageObject\",\"inLanguage\":\"ro-RO\",\"@id\":\"https:\/\/mhf.ro\/mm\/#\/schema\/person\/image\/\",\"url\":\"https:\/\/mhf.ro\/mm\/wp-content\/uploads\/2025\/12\/cropped-logo_mhf_2.png\",\"contentUrl\":\"https:\/\/mhf.ro\/mm\/wp-content\/uploads\/2025\/12\/cropped-logo_mhf_2.png\",\"width\":1096,\"height\":457,\"caption\":\"Marius Marcu\"},\"logo\":{\"@id\":\"https:\/\/mhf.ro\/mm\/#\/schema\/person\/image\/\"},\"sameAs\":[\"https:\/\/mhf.ro\/mm\"],\"url\":\"https:\/\/mhf.ro\/mm\/author\/mihai\/\"}]}<\/script>\n<!-- \/ Yoast SEO plugin. -->","yoast_head_json":{"title":"Boc, tran\u0219ant: PNL a trecut o linie ro\u0219ie cu noi - MHF Photography","robots":{"index":"index","follow":"follow","max-snippet":"max-snippet:-1","max-image-preview":"max-image-preview:large","max-video-preview":"max-video-preview:-1"},"canonical":"https:\/\/mhf.ro\/mm\/boc-transant-pnl-a-trecut-o-linie-rosie-cu-noi\/","og_locale":"ro_RO","og_type":"article","og_title":"Boc, tran\u0219ant: PNL a trecut o linie ro\u0219ie cu noi - MHF Photography","og_description":"Liderii PNL de la Cluj sunt nemul\u021bumi\u021bi de faptul c\u0103 Ludovic Orban \u0219i conducerea central\u0103 nu s-au luptat pentru prefectul","og_url":"https:\/\/mhf.ro\/mm\/boc-transant-pnl-a-trecut-o-linie-rosie-cu-noi\/","og_site_name":"MHF Photography","article_published_time":"2021-02-06T07:16:48+00:00","og_image":[{"width":832,"height":445,"url":"https:\/\/mhf.ro\/mm\/wp-content\/uploads\/2021\/02\/emil-boc-11.jpg","type":"image\/jpeg"}],"author":"Marius Marcu","twitter_card":"summary_large_image","twitter_misc":{"Scris de":"Marius Marcu","Timp estimat pentru citire":"2 minute"},"schema":{"@context":"https:\/\/schema.org","@graph":[{"@type":"Article","@id":"https:\/\/mhf.ro\/mm\/boc-transant-pnl-a-trecut-o-linie-rosie-cu-noi\/#article","isPartOf":{"@id":"https:\/\/mhf.ro\/mm\/boc-transant-pnl-a-trecut-o-linie-rosie-cu-noi\/"},"author":{"name":"Marius Marcu","@id":"https:\/\/mhf.ro\/mm\/#\/schema\/person\/a3bebf7bdb4bf12f698aff73c7e46c21"},"headline":"Boc, tran\u0219ant: PNL a trecut o linie ro\u0219ie cu noi","datePublished":"2021-02-06T07:16:48+00:00","mainEntityOfPage":{"@id":"https:\/\/mhf.ro\/mm\/boc-transant-pnl-a-trecut-o-linie-rosie-cu-noi\/"},"wordCount":266,"commentCount":0,"publisher":{"@id":"https:\/\/mhf.ro\/mm\/#\/schema\/person\/a3bebf7bdb4bf12f698aff73c7e46c21"},"image":{"@id":"https:\/\/mhf.ro\/mm\/boc-transant-pnl-a-trecut-o-linie-rosie-cu-noi\/#primaryimage"},"thumbnailUrl":"https:\/\/mhf.ro\/mm\/wp-content\/uploads\/2021\/02\/emil-boc-11.jpg","articleSection":["Locale"],"inLanguage":"ro-RO","potentialAction":[{"@type":"CommentAction","name":"Comment","target":["https:\/\/mhf.ro\/mm\/boc-transant-pnl-a-trecut-o-linie-rosie-cu-noi\/#respond"]}]},{"@type":"WebPage","@id":"https:\/\/mhf.ro\/mm\/boc-transant-pnl-a-trecut-o-linie-rosie-cu-noi\/","url":"https:\/\/mhf.ro\/mm\/boc-transant-pnl-a-trecut-o-linie-rosie-cu-noi\/","name":"Boc, tran\u0219ant: PNL a trecut o linie ro\u0219ie cu noi - MHF Photography","isPartOf":{"@id":"https:\/\/mhf.ro\/mm\/#website"},"primaryImageOfPage":{"@id":"https:\/\/mhf.ro\/mm\/boc-transant-pnl-a-trecut-o-linie-rosie-cu-noi\/#primaryimage"},"image":{"@id":"https:\/\/mhf.ro\/mm\/boc-transant-pnl-a-trecut-o-linie-rosie-cu-noi\/#primaryimage"},"thumbnailUrl":"https:\/\/mhf.ro\/mm\/wp-content\/uploads\/2021\/02\/emil-boc-11.jpg","datePublished":"2021-02-06T07:16:48+00:00","breadcrumb":{"@id":"https:\/\/mhf.ro\/mm\/boc-transant-pnl-a-trecut-o-linie-rosie-cu-noi\/#breadcrumb"},"inLanguage":"ro-RO","potentialAction":[{"@type":"ReadAction","target":["https:\/\/mhf.ro\/mm\/boc-transant-pnl-a-trecut-o-linie-rosie-cu-noi\/"]}]},{"@type":"ImageObject","inLanguage":"ro-RO","@id":"https:\/\/mhf.ro\/mm\/boc-transant-pnl-a-trecut-o-linie-rosie-cu-noi\/#primaryimage","url":"https:\/\/mhf.ro\/mm\/wp-content\/uploads\/2021\/02\/emil-boc-11.jpg","contentUrl":"https:\/\/mhf.ro\/mm\/wp-content\/uploads\/2021\/02\/emil-boc-11.jpg","width":832,"height":445},{"@type":"BreadcrumbList","@id":"https:\/\/mhf.ro\/mm\/boc-transant-pnl-a-trecut-o-linie-rosie-cu-noi\/#breadcrumb","itemListElement":[{"@type":"ListItem","position":1,"name":"Prima pagin\u0103","item":"https:\/\/mhf.ro\/mm\/"},{"@type":"ListItem","position":2,"name":"Boc, tran\u0219ant: PNL a trecut o linie ro\u0219ie cu noi"}]},{"@type":"WebSite","@id":"https:\/\/mhf.ro\/mm\/#website","url":"https:\/\/mhf.ro\/mm\/","name":"MHF Photography \u2013 Blog de fotografie, natur\u0103 \u0219i tehnic\u0103 divers\u0103","description":"Aventur\u0103 \u00een fiecare cadru.","publisher":{"@id":"https:\/\/mhf.ro\/mm\/#\/schema\/person\/a3bebf7bdb4bf12f698aff73c7e46c21"},"potentialAction":[{"@type":"SearchAction","target":{"@type":"EntryPoint","urlTemplate":"https:\/\/mhf.ro\/mm\/?s={search_term_string}"},"query-input":{"@type":"PropertyValueSpecification","valueRequired":true,"valueName":"search_term_string"}}],"inLanguage":"ro-RO"},{"@type":["Person","Organization"],"@id":"https:\/\/mhf.ro\/mm\/#\/schema\/person\/a3bebf7bdb4bf12f698aff73c7e46c21","name":"Marius Marcu","image":{"@type":"ImageObject","inLanguage":"ro-RO","@id":"https:\/\/mhf.ro\/mm\/#\/schema\/person\/image\/","url":"https:\/\/mhf.ro\/mm\/wp-content\/uploads\/2025\/12\/cropped-logo_mhf_2.png","contentUrl":"https:\/\/mhf.ro\/mm\/wp-content\/uploads\/2025\/12\/cropped-logo_mhf_2.png","width":1096,"height":457,"caption":"Marius Marcu"},"logo":{"@id":"https:\/\/mhf.ro\/mm\/#\/schema\/person\/image\/"},"sameAs":["https:\/\/mhf.ro\/mm"],"url":"https:\/\/mhf.ro\/mm\/author\/mihai\/"}]}},"_links":{"self":[{"href":"https:\/\/mhf.ro\/mm\/wp-json\/wp\/v2\/posts\/3852","targetHints":{"allow":["GET"]}}],"collection":[{"href":"https:\/\/mhf.ro\/mm\/wp-json\/wp\/v2\/posts"}],"about":[{"href":"https:\/\/mhf.ro\/mm\/wp-json\/wp\/v2\/types\/post"}],"author":[{"embeddable":true,"href":"https:\/\/mhf.ro\/mm\/wp-json\/wp\/v2\/users\/1"}],"replies":[{"embeddable":true,"href":"https:\/\/mhf.ro\/mm\/wp-json\/wp\/v2\/comments?post=3852"}],"version-history":[{"count":1,"href":"https:\/\/mhf.ro\/mm\/wp-json\/wp\/v2\/posts\/3852\/revisions"}],"predecessor-version":[{"id":3854,"href":"https:\/\/mhf.ro\/mm\/wp-json\/wp\/v2\/posts\/3852\/revisions\/3854"}],"wp:featuredmedia":[{"embeddable":true,"href":"https:\/\/mhf.ro\/mm\/wp-json\/wp\/v2\/media\/3853"}],"wp:attachment":[{"href":"https:\/\/mhf.ro\/mm\/wp-json\/wp\/v2\/media?parent=3852"}],"wp:term":[{"taxonomy":"category","embeddable":true,"href":"https:\/\/mhf.ro\/mm\/wp-json\/wp\/v2\/categories?post=3852"},{"taxonomy":"post_tag","embeddable":true,"href":"https:\/\/mhf.ro\/mm\/wp-json\/wp\/v2\/tags?post=3852"}],"curies":[{"name":"wp","href":"https:\/\/api.w.org\/{rel}","templated":true}]}}