{"id":3855,"date":"2021-02-06T09:26:23","date_gmt":"2021-02-06T07:26:23","guid":{"rendered":"https:\/\/mhf.ro\/mm\/?p=3855"},"modified":"2021-02-05T23:23:03","modified_gmt":"2021-02-05T21:23:03","slug":"generatia-de-sacrificiu-cum-se-vor-da-examenele-anul-acesta","status":"publish","type":"post","link":"https:\/\/mhf.ro\/mm\/generatia-de-sacrificiu-cum-se-vor-da-examenele-anul-acesta\/","title":{"rendered":"Genera\u021bia de sacrificiu: Cum se vor da examenele anul acesta"},"content":{"rendered":"<p>Ministrul Educa\u021biei, Sorin C\u00eempeanu, a anun\u021bat, vineri, c\u0103 a semnat ordinul pentru adaptarea \u201ela realit\u0103\u021bi\u201d a programei de examen pentru Evaluarea na\u021bional\u0103 \u0219i Bacalaureat.<\/p>\n<p>Dac\u0103 nu este adaptat\u0103 tematica examenelor na\u021bionale la situa\u021bia anului \u00een curs, ar fi o negare a eviden\u021bei, spunea ministrul Educa\u021biei. Asta \u00eenseamn\u0103 teste mult mai u\u0219oare, de tip gril\u0103, cu cerin\u021be mult mai u\u0219oare ca \u00een anii trecu\u021bi.<\/p>\n<p>\u201eAm semnat ordinul de ministru pentru adaptarea la realit\u0103\u021bi a programei de examene de Evaluare na\u021bional\u0103 \u0219i Bacalaureat \u0219i ast\u0103zi va fi publicat\u0103 \u00een Monitorul Oficial. Aceast\u0103 adaptare s-a f\u0103cut \u021bin\u00e2nd cont de realit\u0103\u021bile anului \u0219colar 2020 \u2013 2021\u201d, a precizat C\u00eempeanu, \u00eentr-o conferin\u021b\u0103 de pres\u0103.<\/p>\n<p>Acesta a mai precizat c\u0103 se vor organiza simul\u0103ri pentru examenele na\u021bionale, iar din 22 februarie vor fi publicate teste de antrenament.<\/p>\n<p>\u201eDe azi, copiii vor \u0219ti exact tematica pentru examen. Din 22 februarie vor fi publicate testele de antrenament. Aceast\u0103 adaptare vizeaz\u0103 doar tematica de examen. S-a f\u0103cut cu aten\u021bie asupra a ceea ce s-a f\u0103cut de c\u00e2nd a intrat \u0219coala \u00een online, acolo s-a restructurat cel mai mult.<\/p>\n<p>Pentru un elev de clasa a VIII-a, se va restructura materia de examen din ceea ce era prev\u0103zut pentru semestrul II din clasa a VII-a \u0219i semestrul I din clasa a VIII-a.<\/p>\n<p>O s\u0103 se organizeze \u0219i simul\u0103ri, pentru c\u0103 sunt importante\u201d, a precizat ministrul.<\/p>\n<p>C\u00eempeanu a declarat c\u0103 adaptarea programei va putea fi consultat\u0103 \u00een Monitorul Oficial.<\/p>\n<p>Anun\u021bul a fost f\u0103cut, vineri, \u00eentr-o conferin\u021b\u0103 comun\u0103 cu ministrul S\u0103n\u0103t\u0103\u021bii, Vlad Voiculescu, pe tema redeschiderii \u0219colilor.<\/p>\n<p style=\"text-align: right;\">(conf. jurnalist.ro)<\/p>\n","protected":false},"excerpt":{"rendered":"<p>Ministrul Educa\u021biei, Sorin C\u00eempeanu, a anun\u021bat, vineri, c\u0103 a semnat ordinul pentru adaptarea \u201ela realit\u0103\u021bi\u201d a programei de examen pentru<\/p>\n","protected":false},"author":1,"featured_media":3856,"comment_status":"open","ping_status":"open","sticky":false,"template":"","format":"standard","meta":{"colormag_page_container_layout":"default_layout","colormag_page_sidebar_layout":"default_layout","footnotes":""},"categories":[8],"tags":[],"class_list":["post-3855","post","type-post","status-publish","format-standard","has-post-thumbnail","hentry","category-div"],"yoast_head":"<!-- This site is optimized with the Yoast SEO plugin v27.0 - https:\/\/yoast.com\/product\/yoast-seo-wordpress\/ -->\n<title>Genera\u021bia de sacrificiu: Cum se vor da examenele anul acesta - MHF Photography<\/title>\n<meta name=\"robots\" content=\"index, follow, max-snippet:-1, max-image-preview:large, max-video-preview:-1\" \/>\n<link rel=\"canonical\" href=\"https:\/\/mhf.ro\/mm\/generatia-de-sacrificiu-cum-se-vor-da-examenele-anul-acesta\/\" \/>\n<meta property=\"og:locale\" content=\"ro_RO\" \/>\n<meta property=\"og:type\" content=\"article\" \/>\n<meta property=\"og:title\" content=\"Genera\u021bia de sacrificiu: Cum se vor da examenele anul acesta - MHF Photography\" \/>\n<meta property=\"og:description\" content=\"Ministrul Educa\u021biei, Sorin C\u00eempeanu, a anun\u021bat, vineri, c\u0103 a semnat ordinul pentru adaptarea \u201ela realit\u0103\u021bi\u201d a programei de examen pentru\" \/>\n<meta property=\"og:url\" content=\"https:\/\/mhf.ro\/mm\/generatia-de-sacrificiu-cum-se-vor-da-examenele-anul-acesta\/\" \/>\n<meta property=\"og:site_name\" content=\"MHF Photography\" \/>\n<meta property=\"article:published_time\" content=\"2021-02-06T07:26:23+00:00\" \/>\n<meta property=\"og:image\" content=\"https:\/\/mhf.ro\/mm\/wp-content\/uploads\/2021\/02\/sorin-cimpeanu-14.jpg\" \/>\n\t<meta property=\"og:image:width\" content=\"932\" \/>\n\t<meta property=\"og:image:height\" content=\"445\" \/>\n\t<meta property=\"og:image:type\" content=\"image\/jpeg\" \/>\n<meta name=\"author\" content=\"Marius Marcu\" \/>\n<meta name=\"twitter:card\" content=\"summary_large_image\" \/>\n<meta name=\"twitter:label1\" content=\"Scris de\" \/>\n\t<meta name=\"twitter:data1\" content=\"Marius Marcu\" \/>\n\t<meta name=\"twitter:label2\" content=\"Timp estimat pentru citire\" \/>\n\t<meta name=\"twitter:data2\" content=\"2 minute\" \/>\n<script type=\"application\/ld+json\" class=\"yoast-schema-graph\">{\"@context\":\"https:\/\/schema.org\",\"@graph\":[{\"@type\":\"Article\",\"@id\":\"https:\/\/mhf.ro\/mm\/generatia-de-sacrificiu-cum-se-vor-da-examenele-anul-acesta\/#article\",\"isPartOf\":{\"@id\":\"https:\/\/mhf.ro\/mm\/generatia-de-sacrificiu-cum-se-vor-da-examenele-anul-acesta\/\"},\"author\":{\"name\":\"Marius Marcu\",\"@id\":\"https:\/\/mhf.ro\/mm\/#\/schema\/person\/a3bebf7bdb4bf12f698aff73c7e46c21\"},\"headline\":\"Genera\u021bia de sacrificiu: Cum se vor da examenele anul acesta\",\"datePublished\":\"2021-02-06T07:26:23+00:00\",\"mainEntityOfPage\":{\"@id\":\"https:\/\/mhf.ro\/mm\/generatia-de-sacrificiu-cum-se-vor-da-examenele-anul-acesta\/\"},\"wordCount\":297,\"commentCount\":0,\"publisher\":{\"@id\":\"https:\/\/mhf.ro\/mm\/#\/schema\/person\/a3bebf7bdb4bf12f698aff73c7e46c21\"},\"image\":{\"@id\":\"https:\/\/mhf.ro\/mm\/generatia-de-sacrificiu-cum-se-vor-da-examenele-anul-acesta\/#primaryimage\"},\"thumbnailUrl\":\"https:\/\/mhf.ro\/mm\/wp-content\/uploads\/2021\/02\/sorin-cimpeanu-14.jpg\",\"articleSection\":[\"Diverse\"],\"inLanguage\":\"ro-RO\",\"potentialAction\":[{\"@type\":\"CommentAction\",\"name\":\"Comment\",\"target\":[\"https:\/\/mhf.ro\/mm\/generatia-de-sacrificiu-cum-se-vor-da-examenele-anul-acesta\/#respond\"]}]},{\"@type\":\"WebPage\",\"@id\":\"https:\/\/mhf.ro\/mm\/generatia-de-sacrificiu-cum-se-vor-da-examenele-anul-acesta\/\",\"url\":\"https:\/\/mhf.ro\/mm\/generatia-de-sacrificiu-cum-se-vor-da-examenele-anul-acesta\/\",\"name\":\"Genera\u021bia de sacrificiu: Cum se vor da examenele anul acesta - MHF Photography\",\"isPartOf\":{\"@id\":\"https:\/\/mhf.ro\/mm\/#website\"},\"primaryImageOfPage\":{\"@id\":\"https:\/\/mhf.ro\/mm\/generatia-de-sacrificiu-cum-se-vor-da-examenele-anul-acesta\/#primaryimage\"},\"image\":{\"@id\":\"https:\/\/mhf.ro\/mm\/generatia-de-sacrificiu-cum-se-vor-da-examenele-anul-acesta\/#primaryimage\"},\"thumbnailUrl\":\"https:\/\/mhf.ro\/mm\/wp-content\/uploads\/2021\/02\/sorin-cimpeanu-14.jpg\",\"datePublished\":\"2021-02-06T07:26:23+00:00\",\"breadcrumb\":{\"@id\":\"https:\/\/mhf.ro\/mm\/generatia-de-sacrificiu-cum-se-vor-da-examenele-anul-acesta\/#breadcrumb\"},\"inLanguage\":\"ro-RO\",\"potentialAction\":[{\"@type\":\"ReadAction\",\"target\":[\"https:\/\/mhf.ro\/mm\/generatia-de-sacrificiu-cum-se-vor-da-examenele-anul-acesta\/\"]}]},{\"@type\":\"ImageObject\",\"inLanguage\":\"ro-RO\",\"@id\":\"https:\/\/mhf.ro\/mm\/generatia-de-sacrificiu-cum-se-vor-da-examenele-anul-acesta\/#primaryimage\",\"url\":\"https:\/\/mhf.ro\/mm\/wp-content\/uploads\/2021\/02\/sorin-cimpeanu-14.jpg\",\"contentUrl\":\"https:\/\/mhf.ro\/mm\/wp-content\/uploads\/2021\/02\/sorin-cimpeanu-14.jpg\",\"width\":932,\"height\":445},{\"@type\":\"BreadcrumbList\",\"@id\":\"https:\/\/mhf.ro\/mm\/generatia-de-sacrificiu-cum-se-vor-da-examenele-anul-acesta\/#breadcrumb\",\"itemListElement\":[{\"@type\":\"ListItem\",\"position\":1,\"name\":\"Prima pagin\u0103\",\"item\":\"https:\/\/mhf.ro\/mm\/\"},{\"@type\":\"ListItem\",\"position\":2,\"name\":\"Genera\u021bia de sacrificiu: Cum se vor da examenele anul acesta\"}]},{\"@type\":\"WebSite\",\"@id\":\"https:\/\/mhf.ro\/mm\/#website\",\"url\":\"https:\/\/mhf.ro\/mm\/\",\"name\":\"MHF Photography \u2013 Blog de fotografie, natur\u0103 \u0219i tehnic\u0103 divers\u0103\",\"description\":\"Aventur\u0103 \u00een fiecare cadru.\",\"publisher\":{\"@id\":\"https:\/\/mhf.ro\/mm\/#\/schema\/person\/a3bebf7bdb4bf12f698aff73c7e46c21\"},\"potentialAction\":[{\"@type\":\"SearchAction\",\"target\":{\"@type\":\"EntryPoint\",\"urlTemplate\":\"https:\/\/mhf.ro\/mm\/?s={search_term_string}\"},\"query-input\":{\"@type\":\"PropertyValueSpecification\",\"valueRequired\":true,\"valueName\":\"search_term_string\"}}],\"inLanguage\":\"ro-RO\"},{\"@type\":[\"Person\",\"Organization\"],\"@id\":\"https:\/\/mhf.ro\/mm\/#\/schema\/person\/a3bebf7bdb4bf12f698aff73c7e46c21\",\"name\":\"Marius Marcu\",\"image\":{\"@type\":\"ImageObject\",\"inLanguage\":\"ro-RO\",\"@id\":\"https:\/\/mhf.ro\/mm\/#\/schema\/person\/image\/\",\"url\":\"https:\/\/mhf.ro\/mm\/wp-content\/uploads\/2025\/12\/cropped-logo_mhf_2.png\",\"contentUrl\":\"https:\/\/mhf.ro\/mm\/wp-content\/uploads\/2025\/12\/cropped-logo_mhf_2.png\",\"width\":1096,\"height\":457,\"caption\":\"Marius Marcu\"},\"logo\":{\"@id\":\"https:\/\/mhf.ro\/mm\/#\/schema\/person\/image\/\"},\"sameAs\":[\"https:\/\/mhf.ro\/mm\"],\"url\":\"https:\/\/mhf.ro\/mm\/author\/mihai\/\"}]}<\/script>\n<!-- \/ Yoast SEO plugin. -->","yoast_head_json":{"title":"Genera\u021bia de sacrificiu: Cum se vor da examenele anul acesta - MHF Photography","robots":{"index":"index","follow":"follow","max-snippet":"max-snippet:-1","max-image-preview":"max-image-preview:large","max-video-preview":"max-video-preview:-1"},"canonical":"https:\/\/mhf.ro\/mm\/generatia-de-sacrificiu-cum-se-vor-da-examenele-anul-acesta\/","og_locale":"ro_RO","og_type":"article","og_title":"Genera\u021bia de sacrificiu: Cum se vor da examenele anul acesta - MHF Photography","og_description":"Ministrul Educa\u021biei, Sorin C\u00eempeanu, a anun\u021bat, vineri, c\u0103 a semnat ordinul pentru adaptarea \u201ela realit\u0103\u021bi\u201d a programei de examen pentru","og_url":"https:\/\/mhf.ro\/mm\/generatia-de-sacrificiu-cum-se-vor-da-examenele-anul-acesta\/","og_site_name":"MHF Photography","article_published_time":"2021-02-06T07:26:23+00:00","og_image":[{"width":932,"height":445,"url":"https:\/\/mhf.ro\/mm\/wp-content\/uploads\/2021\/02\/sorin-cimpeanu-14.jpg","type":"image\/jpeg"}],"author":"Marius Marcu","twitter_card":"summary_large_image","twitter_misc":{"Scris de":"Marius Marcu","Timp estimat pentru citire":"2 minute"},"schema":{"@context":"https:\/\/schema.org","@graph":[{"@type":"Article","@id":"https:\/\/mhf.ro\/mm\/generatia-de-sacrificiu-cum-se-vor-da-examenele-anul-acesta\/#article","isPartOf":{"@id":"https:\/\/mhf.ro\/mm\/generatia-de-sacrificiu-cum-se-vor-da-examenele-anul-acesta\/"},"author":{"name":"Marius Marcu","@id":"https:\/\/mhf.ro\/mm\/#\/schema\/person\/a3bebf7bdb4bf12f698aff73c7e46c21"},"headline":"Genera\u021bia de sacrificiu: Cum se vor da examenele anul acesta","datePublished":"2021-02-06T07:26:23+00:00","mainEntityOfPage":{"@id":"https:\/\/mhf.ro\/mm\/generatia-de-sacrificiu-cum-se-vor-da-examenele-anul-acesta\/"},"wordCount":297,"commentCount":0,"publisher":{"@id":"https:\/\/mhf.ro\/mm\/#\/schema\/person\/a3bebf7bdb4bf12f698aff73c7e46c21"},"image":{"@id":"https:\/\/mhf.ro\/mm\/generatia-de-sacrificiu-cum-se-vor-da-examenele-anul-acesta\/#primaryimage"},"thumbnailUrl":"https:\/\/mhf.ro\/mm\/wp-content\/uploads\/2021\/02\/sorin-cimpeanu-14.jpg","articleSection":["Diverse"],"inLanguage":"ro-RO","potentialAction":[{"@type":"CommentAction","name":"Comment","target":["https:\/\/mhf.ro\/mm\/generatia-de-sacrificiu-cum-se-vor-da-examenele-anul-acesta\/#respond"]}]},{"@type":"WebPage","@id":"https:\/\/mhf.ro\/mm\/generatia-de-sacrificiu-cum-se-vor-da-examenele-anul-acesta\/","url":"https:\/\/mhf.ro\/mm\/generatia-de-sacrificiu-cum-se-vor-da-examenele-anul-acesta\/","name":"Genera\u021bia de sacrificiu: Cum se vor da examenele anul acesta - MHF Photography","isPartOf":{"@id":"https:\/\/mhf.ro\/mm\/#website"},"primaryImageOfPage":{"@id":"https:\/\/mhf.ro\/mm\/generatia-de-sacrificiu-cum-se-vor-da-examenele-anul-acesta\/#primaryimage"},"image":{"@id":"https:\/\/mhf.ro\/mm\/generatia-de-sacrificiu-cum-se-vor-da-examenele-anul-acesta\/#primaryimage"},"thumbnailUrl":"https:\/\/mhf.ro\/mm\/wp-content\/uploads\/2021\/02\/sorin-cimpeanu-14.jpg","datePublished":"2021-02-06T07:26:23+00:00","breadcrumb":{"@id":"https:\/\/mhf.ro\/mm\/generatia-de-sacrificiu-cum-se-vor-da-examenele-anul-acesta\/#breadcrumb"},"inLanguage":"ro-RO","potentialAction":[{"@type":"ReadAction","target":["https:\/\/mhf.ro\/mm\/generatia-de-sacrificiu-cum-se-vor-da-examenele-anul-acesta\/"]}]},{"@type":"ImageObject","inLanguage":"ro-RO","@id":"https:\/\/mhf.ro\/mm\/generatia-de-sacrificiu-cum-se-vor-da-examenele-anul-acesta\/#primaryimage","url":"https:\/\/mhf.ro\/mm\/wp-content\/uploads\/2021\/02\/sorin-cimpeanu-14.jpg","contentUrl":"https:\/\/mhf.ro\/mm\/wp-content\/uploads\/2021\/02\/sorin-cimpeanu-14.jpg","width":932,"height":445},{"@type":"BreadcrumbList","@id":"https:\/\/mhf.ro\/mm\/generatia-de-sacrificiu-cum-se-vor-da-examenele-anul-acesta\/#breadcrumb","itemListElement":[{"@type":"ListItem","position":1,"name":"Prima pagin\u0103","item":"https:\/\/mhf.ro\/mm\/"},{"@type":"ListItem","position":2,"name":"Genera\u021bia de sacrificiu: Cum se vor da examenele anul acesta"}]},{"@type":"WebSite","@id":"https:\/\/mhf.ro\/mm\/#website","url":"https:\/\/mhf.ro\/mm\/","name":"MHF Photography \u2013 Blog de fotografie, natur\u0103 \u0219i tehnic\u0103 divers\u0103","description":"Aventur\u0103 \u00een fiecare cadru.","publisher":{"@id":"https:\/\/mhf.ro\/mm\/#\/schema\/person\/a3bebf7bdb4bf12f698aff73c7e46c21"},"potentialAction":[{"@type":"SearchAction","target":{"@type":"EntryPoint","urlTemplate":"https:\/\/mhf.ro\/mm\/?s={search_term_string}"},"query-input":{"@type":"PropertyValueSpecification","valueRequired":true,"valueName":"search_term_string"}}],"inLanguage":"ro-RO"},{"@type":["Person","Organization"],"@id":"https:\/\/mhf.ro\/mm\/#\/schema\/person\/a3bebf7bdb4bf12f698aff73c7e46c21","name":"Marius Marcu","image":{"@type":"ImageObject","inLanguage":"ro-RO","@id":"https:\/\/mhf.ro\/mm\/#\/schema\/person\/image\/","url":"https:\/\/mhf.ro\/mm\/wp-content\/uploads\/2025\/12\/cropped-logo_mhf_2.png","contentUrl":"https:\/\/mhf.ro\/mm\/wp-content\/uploads\/2025\/12\/cropped-logo_mhf_2.png","width":1096,"height":457,"caption":"Marius Marcu"},"logo":{"@id":"https:\/\/mhf.ro\/mm\/#\/schema\/person\/image\/"},"sameAs":["https:\/\/mhf.ro\/mm"],"url":"https:\/\/mhf.ro\/mm\/author\/mihai\/"}]}},"_links":{"self":[{"href":"https:\/\/mhf.ro\/mm\/wp-json\/wp\/v2\/posts\/3855","targetHints":{"allow":["GET"]}}],"collection":[{"href":"https:\/\/mhf.ro\/mm\/wp-json\/wp\/v2\/posts"}],"about":[{"href":"https:\/\/mhf.ro\/mm\/wp-json\/wp\/v2\/types\/post"}],"author":[{"embeddable":true,"href":"https:\/\/mhf.ro\/mm\/wp-json\/wp\/v2\/users\/1"}],"replies":[{"embeddable":true,"href":"https:\/\/mhf.ro\/mm\/wp-json\/wp\/v2\/comments?post=3855"}],"version-history":[{"count":1,"href":"https:\/\/mhf.ro\/mm\/wp-json\/wp\/v2\/posts\/3855\/revisions"}],"predecessor-version":[{"id":3857,"href":"https:\/\/mhf.ro\/mm\/wp-json\/wp\/v2\/posts\/3855\/revisions\/3857"}],"wp:featuredmedia":[{"embeddable":true,"href":"https:\/\/mhf.ro\/mm\/wp-json\/wp\/v2\/media\/3856"}],"wp:attachment":[{"href":"https:\/\/mhf.ro\/mm\/wp-json\/wp\/v2\/media?parent=3855"}],"wp:term":[{"taxonomy":"category","embeddable":true,"href":"https:\/\/mhf.ro\/mm\/wp-json\/wp\/v2\/categories?post=3855"},{"taxonomy":"post_tag","embeddable":true,"href":"https:\/\/mhf.ro\/mm\/wp-json\/wp\/v2\/tags?post=3855"}],"curies":[{"name":"wp","href":"https:\/\/api.w.org\/{rel}","templated":true}]}}