{"id":3858,"date":"2021-02-07T08:39:59","date_gmt":"2021-02-07T06:39:59","guid":{"rendered":"https:\/\/mhf.ro\/mm\/?p=3858"},"modified":"2021-02-06T13:44:22","modified_gmt":"2021-02-06T11:44:22","slug":"apele-romane-tatal-adjunctului-angajat-prin-detasare","status":"publish","type":"post","link":"https:\/\/mhf.ro\/mm\/apele-romane-tatal-adjunctului-angajat-prin-detasare\/","title":{"rendered":"Apele Rom\u00e2ne: Tat\u0103l adjunctului, angajat \u2018prin deta\u0219are\u2019"},"content":{"rendered":"<p>Neregulile din cadrul Administra\u021biei Apele Rom\u00e2ne par f\u0103r\u0103 sf\u00e2r\u0219it. Ultima descoperire \u00eel vizeaz\u0103 chiar pe directorul adjunct Constantin Metler. Num\u0103rul 2 din aceast\u0103 administra\u021bie \u0219i-a angajat tat\u0103l pensionar \u00een iunie 2020 la Prim\u0103ria din Vatra Moldovi\u021bei. C\u00e2teva zile mai t\u00e2rziu, l-a deta\u0219at la Sistemul de Gospod\u0103rire a Apelor din Boto\u0219ani, scrie presa local\u0103.<\/p>\n<p>Stelian Metler a fost concediat \u00een urma anchetei jurnalistice realizat\u0103 de reporterii din Ia\u0219i.<\/p>\n<p>Constantin Metler a fost pus director general adjunct al Apelor Rom\u00e2ne de c\u0103tre fostul ministru al Mediului, Costel Alexe, acuzat de DNA de luare de mit\u0103.<\/p>\n<p>Prim\u0103ria Vatra Moldovi\u021bei este aceea\u0219i de la care a fost deta\u0219at\u0103 \u0219i Simona Iancu, fosta chelneri\u021b\u0103 care a ajuns inginer la Administra\u021bia Bazinal\u0103 de Apa Prut-B\u00e2rlad.<\/p>\n<p>De aici a \u0219i pornit o anchet\u0103 DNA, care este \u00een desf\u0103\u0219urare la Apele Rom\u00e2ne. De asemenea, premierul Florin C\u00ee\u021bu a trimis Corpul de Control la aceast\u0103 institu\u021bie<\/p>\n<p style=\"text-align: right;\">\n(conf. jurnalist.ro)<\/p>\n","protected":false},"excerpt":{"rendered":"<p>Neregulile din cadrul Administra\u021biei Apele Rom\u00e2ne par f\u0103r\u0103 sf\u00e2r\u0219it. Ultima descoperire \u00eel vizeaz\u0103 chiar pe directorul adjunct Constantin Metler. Num\u0103rul<\/p>\n","protected":false},"author":1,"featured_media":3859,"comment_status":"open","ping_status":"open","sticky":false,"template":"","format":"standard","meta":{"colormag_page_container_layout":"default_layout","colormag_page_sidebar_layout":"default_layout","footnotes":""},"categories":[8],"tags":[],"class_list":["post-3858","post","type-post","status-publish","format-standard","has-post-thumbnail","hentry","category-div"],"yoast_head":"<!-- This site is optimized with the Yoast SEO plugin v27.0 - https:\/\/yoast.com\/product\/yoast-seo-wordpress\/ -->\n<title>Apele Rom\u00e2ne: Tat\u0103l adjunctului, angajat \u2018prin deta\u0219are\u2019 - MHF Photography<\/title>\n<meta name=\"robots\" content=\"index, follow, max-snippet:-1, max-image-preview:large, max-video-preview:-1\" \/>\n<link rel=\"canonical\" href=\"https:\/\/mhf.ro\/mm\/apele-romane-tatal-adjunctului-angajat-prin-detasare\/\" \/>\n<meta property=\"og:locale\" content=\"ro_RO\" \/>\n<meta property=\"og:type\" content=\"article\" \/>\n<meta property=\"og:title\" content=\"Apele Rom\u00e2ne: Tat\u0103l adjunctului, angajat \u2018prin deta\u0219are\u2019 - MHF Photography\" \/>\n<meta property=\"og:description\" content=\"Neregulile din cadrul Administra\u021biei Apele Rom\u00e2ne par f\u0103r\u0103 sf\u00e2r\u0219it. Ultima descoperire \u00eel vizeaz\u0103 chiar pe directorul adjunct Constantin Metler. Num\u0103rul\" \/>\n<meta property=\"og:url\" content=\"https:\/\/mhf.ro\/mm\/apele-romane-tatal-adjunctului-angajat-prin-detasare\/\" \/>\n<meta property=\"og:site_name\" content=\"MHF Photography\" \/>\n<meta property=\"article:published_time\" content=\"2021-02-07T06:39:59+00:00\" \/>\n<meta property=\"og:image\" content=\"https:\/\/mhf.ro\/mm\/wp-content\/uploads\/2021\/02\/apele-romane-14.png\" \/>\n\t<meta property=\"og:image:width\" content=\"918\" \/>\n\t<meta property=\"og:image:height\" content=\"445\" \/>\n\t<meta property=\"og:image:type\" content=\"image\/png\" \/>\n<meta name=\"author\" content=\"Marius Marcu\" \/>\n<meta name=\"twitter:card\" content=\"summary_large_image\" \/>\n<meta name=\"twitter:label1\" content=\"Scris de\" \/>\n\t<meta name=\"twitter:data1\" content=\"Marius Marcu\" \/>\n\t<meta name=\"twitter:label2\" content=\"Timp estimat pentru citire\" \/>\n\t<meta name=\"twitter:data2\" content=\"1 minut\" \/>\n<script type=\"application\/ld+json\" class=\"yoast-schema-graph\">{\"@context\":\"https:\/\/schema.org\",\"@graph\":[{\"@type\":\"Article\",\"@id\":\"https:\/\/mhf.ro\/mm\/apele-romane-tatal-adjunctului-angajat-prin-detasare\/#article\",\"isPartOf\":{\"@id\":\"https:\/\/mhf.ro\/mm\/apele-romane-tatal-adjunctului-angajat-prin-detasare\/\"},\"author\":{\"name\":\"Marius Marcu\",\"@id\":\"https:\/\/mhf.ro\/mm\/#\/schema\/person\/a3bebf7bdb4bf12f698aff73c7e46c21\"},\"headline\":\"Apele Rom\u00e2ne: Tat\u0103l adjunctului, angajat \u2018prin deta\u0219are\u2019\",\"datePublished\":\"2021-02-07T06:39:59+00:00\",\"mainEntityOfPage\":{\"@id\":\"https:\/\/mhf.ro\/mm\/apele-romane-tatal-adjunctului-angajat-prin-detasare\/\"},\"wordCount\":186,\"commentCount\":0,\"publisher\":{\"@id\":\"https:\/\/mhf.ro\/mm\/#\/schema\/person\/a3bebf7bdb4bf12f698aff73c7e46c21\"},\"image\":{\"@id\":\"https:\/\/mhf.ro\/mm\/apele-romane-tatal-adjunctului-angajat-prin-detasare\/#primaryimage\"},\"thumbnailUrl\":\"https:\/\/mhf.ro\/mm\/wp-content\/uploads\/2021\/02\/apele-romane-14.png\",\"articleSection\":[\"Diverse\"],\"inLanguage\":\"ro-RO\",\"potentialAction\":[{\"@type\":\"CommentAction\",\"name\":\"Comment\",\"target\":[\"https:\/\/mhf.ro\/mm\/apele-romane-tatal-adjunctului-angajat-prin-detasare\/#respond\"]}]},{\"@type\":\"WebPage\",\"@id\":\"https:\/\/mhf.ro\/mm\/apele-romane-tatal-adjunctului-angajat-prin-detasare\/\",\"url\":\"https:\/\/mhf.ro\/mm\/apele-romane-tatal-adjunctului-angajat-prin-detasare\/\",\"name\":\"Apele Rom\u00e2ne: Tat\u0103l adjunctului, angajat \u2018prin deta\u0219are\u2019 - MHF Photography\",\"isPartOf\":{\"@id\":\"https:\/\/mhf.ro\/mm\/#website\"},\"primaryImageOfPage\":{\"@id\":\"https:\/\/mhf.ro\/mm\/apele-romane-tatal-adjunctului-angajat-prin-detasare\/#primaryimage\"},\"image\":{\"@id\":\"https:\/\/mhf.ro\/mm\/apele-romane-tatal-adjunctului-angajat-prin-detasare\/#primaryimage\"},\"thumbnailUrl\":\"https:\/\/mhf.ro\/mm\/wp-content\/uploads\/2021\/02\/apele-romane-14.png\",\"datePublished\":\"2021-02-07T06:39:59+00:00\",\"breadcrumb\":{\"@id\":\"https:\/\/mhf.ro\/mm\/apele-romane-tatal-adjunctului-angajat-prin-detasare\/#breadcrumb\"},\"inLanguage\":\"ro-RO\",\"potentialAction\":[{\"@type\":\"ReadAction\",\"target\":[\"https:\/\/mhf.ro\/mm\/apele-romane-tatal-adjunctului-angajat-prin-detasare\/\"]}]},{\"@type\":\"ImageObject\",\"inLanguage\":\"ro-RO\",\"@id\":\"https:\/\/mhf.ro\/mm\/apele-romane-tatal-adjunctului-angajat-prin-detasare\/#primaryimage\",\"url\":\"https:\/\/mhf.ro\/mm\/wp-content\/uploads\/2021\/02\/apele-romane-14.png\",\"contentUrl\":\"https:\/\/mhf.ro\/mm\/wp-content\/uploads\/2021\/02\/apele-romane-14.png\",\"width\":918,\"height\":445},{\"@type\":\"BreadcrumbList\",\"@id\":\"https:\/\/mhf.ro\/mm\/apele-romane-tatal-adjunctului-angajat-prin-detasare\/#breadcrumb\",\"itemListElement\":[{\"@type\":\"ListItem\",\"position\":1,\"name\":\"Prima pagin\u0103\",\"item\":\"https:\/\/mhf.ro\/mm\/\"},{\"@type\":\"ListItem\",\"position\":2,\"name\":\"Apele Rom\u00e2ne: Tat\u0103l adjunctului, angajat \u2018prin deta\u0219are\u2019\"}]},{\"@type\":\"WebSite\",\"@id\":\"https:\/\/mhf.ro\/mm\/#website\",\"url\":\"https:\/\/mhf.ro\/mm\/\",\"name\":\"MHF Photography \u2013 Blog de fotografie, natur\u0103 \u0219i tehnic\u0103 divers\u0103\",\"description\":\"Aventur\u0103 \u00een fiecare cadru.\",\"publisher\":{\"@id\":\"https:\/\/mhf.ro\/mm\/#\/schema\/person\/a3bebf7bdb4bf12f698aff73c7e46c21\"},\"potentialAction\":[{\"@type\":\"SearchAction\",\"target\":{\"@type\":\"EntryPoint\",\"urlTemplate\":\"https:\/\/mhf.ro\/mm\/?s={search_term_string}\"},\"query-input\":{\"@type\":\"PropertyValueSpecification\",\"valueRequired\":true,\"valueName\":\"search_term_string\"}}],\"inLanguage\":\"ro-RO\"},{\"@type\":[\"Person\",\"Organization\"],\"@id\":\"https:\/\/mhf.ro\/mm\/#\/schema\/person\/a3bebf7bdb4bf12f698aff73c7e46c21\",\"name\":\"Marius Marcu\",\"image\":{\"@type\":\"ImageObject\",\"inLanguage\":\"ro-RO\",\"@id\":\"https:\/\/mhf.ro\/mm\/#\/schema\/person\/image\/\",\"url\":\"https:\/\/mhf.ro\/mm\/wp-content\/uploads\/2025\/12\/cropped-logo_mhf_2.png\",\"contentUrl\":\"https:\/\/mhf.ro\/mm\/wp-content\/uploads\/2025\/12\/cropped-logo_mhf_2.png\",\"width\":1096,\"height\":457,\"caption\":\"Marius Marcu\"},\"logo\":{\"@id\":\"https:\/\/mhf.ro\/mm\/#\/schema\/person\/image\/\"},\"sameAs\":[\"https:\/\/mhf.ro\/mm\"],\"url\":\"https:\/\/mhf.ro\/mm\/author\/mihai\/\"}]}<\/script>\n<!-- \/ Yoast SEO plugin. -->","yoast_head_json":{"title":"Apele Rom\u00e2ne: Tat\u0103l adjunctului, angajat \u2018prin deta\u0219are\u2019 - MHF Photography","robots":{"index":"index","follow":"follow","max-snippet":"max-snippet:-1","max-image-preview":"max-image-preview:large","max-video-preview":"max-video-preview:-1"},"canonical":"https:\/\/mhf.ro\/mm\/apele-romane-tatal-adjunctului-angajat-prin-detasare\/","og_locale":"ro_RO","og_type":"article","og_title":"Apele Rom\u00e2ne: Tat\u0103l adjunctului, angajat \u2018prin deta\u0219are\u2019 - MHF Photography","og_description":"Neregulile din cadrul Administra\u021biei Apele Rom\u00e2ne par f\u0103r\u0103 sf\u00e2r\u0219it. Ultima descoperire \u00eel vizeaz\u0103 chiar pe directorul adjunct Constantin Metler. Num\u0103rul","og_url":"https:\/\/mhf.ro\/mm\/apele-romane-tatal-adjunctului-angajat-prin-detasare\/","og_site_name":"MHF Photography","article_published_time":"2021-02-07T06:39:59+00:00","og_image":[{"width":918,"height":445,"url":"https:\/\/mhf.ro\/mm\/wp-content\/uploads\/2021\/02\/apele-romane-14.png","type":"image\/png"}],"author":"Marius Marcu","twitter_card":"summary_large_image","twitter_misc":{"Scris de":"Marius Marcu","Timp estimat pentru citire":"1 minut"},"schema":{"@context":"https:\/\/schema.org","@graph":[{"@type":"Article","@id":"https:\/\/mhf.ro\/mm\/apele-romane-tatal-adjunctului-angajat-prin-detasare\/#article","isPartOf":{"@id":"https:\/\/mhf.ro\/mm\/apele-romane-tatal-adjunctului-angajat-prin-detasare\/"},"author":{"name":"Marius Marcu","@id":"https:\/\/mhf.ro\/mm\/#\/schema\/person\/a3bebf7bdb4bf12f698aff73c7e46c21"},"headline":"Apele Rom\u00e2ne: Tat\u0103l adjunctului, angajat \u2018prin deta\u0219are\u2019","datePublished":"2021-02-07T06:39:59+00:00","mainEntityOfPage":{"@id":"https:\/\/mhf.ro\/mm\/apele-romane-tatal-adjunctului-angajat-prin-detasare\/"},"wordCount":186,"commentCount":0,"publisher":{"@id":"https:\/\/mhf.ro\/mm\/#\/schema\/person\/a3bebf7bdb4bf12f698aff73c7e46c21"},"image":{"@id":"https:\/\/mhf.ro\/mm\/apele-romane-tatal-adjunctului-angajat-prin-detasare\/#primaryimage"},"thumbnailUrl":"https:\/\/mhf.ro\/mm\/wp-content\/uploads\/2021\/02\/apele-romane-14.png","articleSection":["Diverse"],"inLanguage":"ro-RO","potentialAction":[{"@type":"CommentAction","name":"Comment","target":["https:\/\/mhf.ro\/mm\/apele-romane-tatal-adjunctului-angajat-prin-detasare\/#respond"]}]},{"@type":"WebPage","@id":"https:\/\/mhf.ro\/mm\/apele-romane-tatal-adjunctului-angajat-prin-detasare\/","url":"https:\/\/mhf.ro\/mm\/apele-romane-tatal-adjunctului-angajat-prin-detasare\/","name":"Apele Rom\u00e2ne: Tat\u0103l adjunctului, angajat \u2018prin deta\u0219are\u2019 - MHF Photography","isPartOf":{"@id":"https:\/\/mhf.ro\/mm\/#website"},"primaryImageOfPage":{"@id":"https:\/\/mhf.ro\/mm\/apele-romane-tatal-adjunctului-angajat-prin-detasare\/#primaryimage"},"image":{"@id":"https:\/\/mhf.ro\/mm\/apele-romane-tatal-adjunctului-angajat-prin-detasare\/#primaryimage"},"thumbnailUrl":"https:\/\/mhf.ro\/mm\/wp-content\/uploads\/2021\/02\/apele-romane-14.png","datePublished":"2021-02-07T06:39:59+00:00","breadcrumb":{"@id":"https:\/\/mhf.ro\/mm\/apele-romane-tatal-adjunctului-angajat-prin-detasare\/#breadcrumb"},"inLanguage":"ro-RO","potentialAction":[{"@type":"ReadAction","target":["https:\/\/mhf.ro\/mm\/apele-romane-tatal-adjunctului-angajat-prin-detasare\/"]}]},{"@type":"ImageObject","inLanguage":"ro-RO","@id":"https:\/\/mhf.ro\/mm\/apele-romane-tatal-adjunctului-angajat-prin-detasare\/#primaryimage","url":"https:\/\/mhf.ro\/mm\/wp-content\/uploads\/2021\/02\/apele-romane-14.png","contentUrl":"https:\/\/mhf.ro\/mm\/wp-content\/uploads\/2021\/02\/apele-romane-14.png","width":918,"height":445},{"@type":"BreadcrumbList","@id":"https:\/\/mhf.ro\/mm\/apele-romane-tatal-adjunctului-angajat-prin-detasare\/#breadcrumb","itemListElement":[{"@type":"ListItem","position":1,"name":"Prima pagin\u0103","item":"https:\/\/mhf.ro\/mm\/"},{"@type":"ListItem","position":2,"name":"Apele Rom\u00e2ne: Tat\u0103l adjunctului, angajat \u2018prin deta\u0219are\u2019"}]},{"@type":"WebSite","@id":"https:\/\/mhf.ro\/mm\/#website","url":"https:\/\/mhf.ro\/mm\/","name":"MHF Photography \u2013 Blog de fotografie, natur\u0103 \u0219i tehnic\u0103 divers\u0103","description":"Aventur\u0103 \u00een fiecare cadru.","publisher":{"@id":"https:\/\/mhf.ro\/mm\/#\/schema\/person\/a3bebf7bdb4bf12f698aff73c7e46c21"},"potentialAction":[{"@type":"SearchAction","target":{"@type":"EntryPoint","urlTemplate":"https:\/\/mhf.ro\/mm\/?s={search_term_string}"},"query-input":{"@type":"PropertyValueSpecification","valueRequired":true,"valueName":"search_term_string"}}],"inLanguage":"ro-RO"},{"@type":["Person","Organization"],"@id":"https:\/\/mhf.ro\/mm\/#\/schema\/person\/a3bebf7bdb4bf12f698aff73c7e46c21","name":"Marius Marcu","image":{"@type":"ImageObject","inLanguage":"ro-RO","@id":"https:\/\/mhf.ro\/mm\/#\/schema\/person\/image\/","url":"https:\/\/mhf.ro\/mm\/wp-content\/uploads\/2025\/12\/cropped-logo_mhf_2.png","contentUrl":"https:\/\/mhf.ro\/mm\/wp-content\/uploads\/2025\/12\/cropped-logo_mhf_2.png","width":1096,"height":457,"caption":"Marius Marcu"},"logo":{"@id":"https:\/\/mhf.ro\/mm\/#\/schema\/person\/image\/"},"sameAs":["https:\/\/mhf.ro\/mm"],"url":"https:\/\/mhf.ro\/mm\/author\/mihai\/"}]}},"_links":{"self":[{"href":"https:\/\/mhf.ro\/mm\/wp-json\/wp\/v2\/posts\/3858","targetHints":{"allow":["GET"]}}],"collection":[{"href":"https:\/\/mhf.ro\/mm\/wp-json\/wp\/v2\/posts"}],"about":[{"href":"https:\/\/mhf.ro\/mm\/wp-json\/wp\/v2\/types\/post"}],"author":[{"embeddable":true,"href":"https:\/\/mhf.ro\/mm\/wp-json\/wp\/v2\/users\/1"}],"replies":[{"embeddable":true,"href":"https:\/\/mhf.ro\/mm\/wp-json\/wp\/v2\/comments?post=3858"}],"version-history":[{"count":1,"href":"https:\/\/mhf.ro\/mm\/wp-json\/wp\/v2\/posts\/3858\/revisions"}],"predecessor-version":[{"id":3860,"href":"https:\/\/mhf.ro\/mm\/wp-json\/wp\/v2\/posts\/3858\/revisions\/3860"}],"wp:featuredmedia":[{"embeddable":true,"href":"https:\/\/mhf.ro\/mm\/wp-json\/wp\/v2\/media\/3859"}],"wp:attachment":[{"href":"https:\/\/mhf.ro\/mm\/wp-json\/wp\/v2\/media?parent=3858"}],"wp:term":[{"taxonomy":"category","embeddable":true,"href":"https:\/\/mhf.ro\/mm\/wp-json\/wp\/v2\/categories?post=3858"},{"taxonomy":"post_tag","embeddable":true,"href":"https:\/\/mhf.ro\/mm\/wp-json\/wp\/v2\/tags?post=3858"}],"curies":[{"name":"wp","href":"https:\/\/api.w.org\/{rel}","templated":true}]}}