{"id":3869,"date":"2021-02-08T09:05:54","date_gmt":"2021-02-08T07:05:54","guid":{"rendered":"https:\/\/mhf.ro\/mm\/?p=3869"},"modified":"2021-02-08T15:09:26","modified_gmt":"2021-02-08T13:09:26","slug":"presedintele-ideal","status":"publish","type":"post","link":"https:\/\/mhf.ro\/mm\/presedintele-ideal\/","title":{"rendered":"PRE\u0218EDINTELE IDEAL"},"content":{"rendered":"<div class=\"entry-content clearfix\">\n<div class=\"elementor elementor-3869\" data-elementor-type=\"wp-post\" data-elementor-id=\"3869\" data-elementor-settings=\"[]\">\n<div class=\"elementor-inner\">\n<div class=\"elementor-section-wrap\">\n<section class=\"elementor-section elementor-top-section elementor-element elementor-element-6b0649c5 elementor-section-boxed elementor-section-height-default elementor-section-height-default\" data-id=\"6b0649c5\" data-element_type=\"section\">\n<div class=\"elementor-container elementor-column-gap-default\">\n<div class=\"elementor-row\">\n<div class=\"elementor-column elementor-col-100 elementor-top-column elementor-element elementor-element-48e781a3\" data-id=\"48e781a3\" data-element_type=\"column\">\n<div class=\"elementor-column-wrap elementor-element-populated\">\n<div class=\"elementor-widget-wrap\">\n<div class=\"elementor-element elementor-element-4f83b1ba elementor-widget elementor-widget-text-editor\" data-id=\"4f83b1ba\" data-element_type=\"widget\" data-widget_type=\"text-editor.default\">\n<div class=\"elementor-widget-container\">\n<div class=\"elementor-text-editor elementor-clearfix\">\n<h4>O lec\u021bie pe care ar putea s\u0103 \u0219i-o \u00eensu\u0219easc\u0103 \u0219i pre\u0219edintele nostru, oricare ar fi el.<\/h4>\n<p>\u201eA c\u00e2\u0219tigat azi din primul tur al doilea mandat de pre\u0219edinte al Portugaliei, pentru urm\u0103torii 5 ani. Ca \u0219i data trecut\u0103, a refuzat orice fel de campanie. Nu afi\u0219e, nu pliante, nu postere, nici mici, nici mari. Nimic, niciun fel de instrument electoral. Data trecut\u0103 a str\u0103b\u0103tut \u021bara \u00eentr-un taxi am\u0103r\u00e2t pl\u0103tit din banii lui, resping\u00e2nd orice fel de subven\u021bie public\u0103. Acum nici m\u0103car at\u00e2t n-a f\u0103cut. A respins p\u00e2n\u0103 \u0219i sus\u021binerea partidului al c\u0103rui pre\u0219edinte a fost. Cine a vrut s\u0103-l sus\u021bin\u0103 l-a sus\u021binut, cine nu, nu, dar f\u0103r\u0103 agita\u021bii publice. Astea erau pentru al\u021bii. \u0218i cu toate astea, a ob\u021binut o victorie zdrobitoare. A ferit \u021bara, \u00een vremuri grele, de extremisme: mare lucru.<\/p>\n<p>E catolic, dar nu scoate nim\u0103nui ochii cu credin\u021ba lui fierbinte \u0219i deplin ecumenic\u0103, a\u0219a cum \u00eei \u0219ade bine unui credincios adev\u0103rat. Nu circul\u0103 cu g\u0103rzi de corp \u0219i \u00eel po\u021bi \u00eent\u00e2lni pe strad\u0103. Locuie\u0219te \u00een casa proprie, nu \u00een palatul preziden\u021bial. \u0218i st\u0103 la coad\u0103, ca tot omul.<\/p>\n<h4>Iese din r\u00e2nd \u00eens\u0103 cu un am\u0103nunt: e o somitate \u00een specialitatea lui, Dreptul.<\/h4>\n<p>E iubit de poporul lui \u0219i-l iube\u0219te profund, iar asta nu se poate truca (\u00eel vede\u021bi mai jos m\u00e2ng\u00e2ind o femeie lovit\u0103 de teribilele incendii din Portugalia).\u201d<\/p>\n<p><img fetchpriority=\"high\" decoding=\"async\" class=\"alignnone size-medium wp-image-3870\" src=\"https:\/\/mhf.ro\/mm\/wp-content\/uploads\/2021\/02\/146575189_915481152551668_5678553276065994035_o-225x300.jpg\" sizes=\"(max-width: 225px) 100vw, 225px\" srcset=\"https:\/\/mhf.ro\/mm\/wp-content\/uploads\/2021\/02\/146575189_915481152551668_5678553276065994035_o-225x300.jpg 225w, https:\/\/mhf.ro\/mm\/wp-content\/uploads\/2021\/02\/146575189_915481152551668_5678553276065994035_o.jpg 526w\" alt=\"\" width=\"225\" height=\"300\" \/><\/p>\n<p>IAT\u0102 OMUL! Marcel, cum i se spune. 24 ianuarie 2020<\/p>\n<p>Vasile Popovici \u2013 scriitor, critic literar \u0219i profesor universitar la Universitatea de Vest, din Timi\u0219oara, fost ambasador al Rom\u00e2niei \u00een Portugalia)<\/p>\n<\/div>\n<\/div>\n<\/div>\n<\/div>\n<\/div>\n<\/div>\n<\/div>\n<\/div>\n<\/section>\n<\/div>\n<\/div>\n<\/div>\n<\/div>\n","protected":false},"excerpt":{"rendered":"<p>O lec\u021bie pe care ar putea s\u0103 \u0219i-o \u00eensu\u0219easc\u0103 \u0219i pre\u0219edintele nostru, oricare ar fi el. \u201eA c\u00e2\u0219tigat azi din<\/p>\n","protected":false},"author":10,"featured_media":3881,"comment_status":"open","ping_status":"open","sticky":false,"template":"","format":"standard","meta":{"colormag_page_container_layout":"default_layout","colormag_page_sidebar_layout":"default_layout","footnotes":""},"categories":[5],"tags":[],"class_list":["post-3869","post","type-post","status-publish","format-standard","has-post-thumbnail","hentry","category-locale"],"yoast_head":"<!-- This site is optimized with the Yoast SEO plugin v27.0 - https:\/\/yoast.com\/product\/yoast-seo-wordpress\/ -->\n<title>PRE\u0218EDINTELE IDEAL - MHF Photography<\/title>\n<meta name=\"robots\" content=\"index, follow, max-snippet:-1, max-image-preview:large, max-video-preview:-1\" \/>\n<link rel=\"canonical\" href=\"https:\/\/mhf.ro\/mm\/presedintele-ideal\/\" \/>\n<meta property=\"og:locale\" content=\"ro_RO\" \/>\n<meta property=\"og:type\" content=\"article\" \/>\n<meta property=\"og:title\" content=\"PRE\u0218EDINTELE IDEAL - MHF Photography\" \/>\n<meta property=\"og:description\" content=\"O lec\u021bie pe care ar putea s\u0103 \u0219i-o \u00eensu\u0219easc\u0103 \u0219i pre\u0219edintele nostru, oricare ar fi el. \u201eA c\u00e2\u0219tigat azi din\" \/>\n<meta property=\"og:url\" content=\"https:\/\/mhf.ro\/mm\/presedintele-ideal\/\" \/>\n<meta property=\"og:site_name\" content=\"MHF Photography\" \/>\n<meta property=\"article:published_time\" content=\"2021-02-08T07:05:54+00:00\" \/>\n<meta property=\"article:modified_time\" content=\"2021-02-08T13:09:26+00:00\" \/>\n<meta property=\"og:image\" content=\"https:\/\/mhf.ro\/mm\/wp-content\/uploads\/2021\/02\/urna-de-vot.jpg\" \/>\n\t<meta property=\"og:image:width\" content=\"1280\" \/>\n\t<meta property=\"og:image:height\" content=\"853\" \/>\n\t<meta property=\"og:image:type\" content=\"image\/jpeg\" \/>\n<meta name=\"author\" content=\"Mitu Ion\" \/>\n<meta name=\"twitter:card\" content=\"summary_large_image\" \/>\n<meta name=\"twitter:label1\" content=\"Scris de\" \/>\n\t<meta name=\"twitter:data1\" content=\"Mitu Ion\" \/>\n\t<meta name=\"twitter:label2\" content=\"Timp estimat pentru citire\" \/>\n\t<meta name=\"twitter:data2\" content=\"2 minute\" \/>\n<script type=\"application\/ld+json\" class=\"yoast-schema-graph\">{\"@context\":\"https:\/\/schema.org\",\"@graph\":[{\"@type\":\"Article\",\"@id\":\"https:\/\/mhf.ro\/mm\/presedintele-ideal\/#article\",\"isPartOf\":{\"@id\":\"https:\/\/mhf.ro\/mm\/presedintele-ideal\/\"},\"author\":{\"name\":\"Mitu Ion\",\"@id\":\"https:\/\/mhf.ro\/mm\/#\/schema\/person\/ecde2c4d3c2298573c280821ab6d9965\"},\"headline\":\"PRE\u0218EDINTELE IDEAL\",\"datePublished\":\"2021-02-08T07:05:54+00:00\",\"dateModified\":\"2021-02-08T13:09:26+00:00\",\"mainEntityOfPage\":{\"@id\":\"https:\/\/mhf.ro\/mm\/presedintele-ideal\/\"},\"wordCount\":296,\"commentCount\":0,\"publisher\":{\"@id\":\"https:\/\/mhf.ro\/mm\/#\/schema\/person\/a3bebf7bdb4bf12f698aff73c7e46c21\"},\"image\":{\"@id\":\"https:\/\/mhf.ro\/mm\/presedintele-ideal\/#primaryimage\"},\"thumbnailUrl\":\"https:\/\/mhf.ro\/mm\/wp-content\/uploads\/2021\/02\/urna-de-vot.jpg\",\"articleSection\":[\"Locale\"],\"inLanguage\":\"ro-RO\",\"potentialAction\":[{\"@type\":\"CommentAction\",\"name\":\"Comment\",\"target\":[\"https:\/\/mhf.ro\/mm\/presedintele-ideal\/#respond\"]}]},{\"@type\":\"WebPage\",\"@id\":\"https:\/\/mhf.ro\/mm\/presedintele-ideal\/\",\"url\":\"https:\/\/mhf.ro\/mm\/presedintele-ideal\/\",\"name\":\"PRE\u0218EDINTELE IDEAL - MHF Photography\",\"isPartOf\":{\"@id\":\"https:\/\/mhf.ro\/mm\/#website\"},\"primaryImageOfPage\":{\"@id\":\"https:\/\/mhf.ro\/mm\/presedintele-ideal\/#primaryimage\"},\"image\":{\"@id\":\"https:\/\/mhf.ro\/mm\/presedintele-ideal\/#primaryimage\"},\"thumbnailUrl\":\"https:\/\/mhf.ro\/mm\/wp-content\/uploads\/2021\/02\/urna-de-vot.jpg\",\"datePublished\":\"2021-02-08T07:05:54+00:00\",\"dateModified\":\"2021-02-08T13:09:26+00:00\",\"breadcrumb\":{\"@id\":\"https:\/\/mhf.ro\/mm\/presedintele-ideal\/#breadcrumb\"},\"inLanguage\":\"ro-RO\",\"potentialAction\":[{\"@type\":\"ReadAction\",\"target\":[\"https:\/\/mhf.ro\/mm\/presedintele-ideal\/\"]}]},{\"@type\":\"ImageObject\",\"inLanguage\":\"ro-RO\",\"@id\":\"https:\/\/mhf.ro\/mm\/presedintele-ideal\/#primaryimage\",\"url\":\"https:\/\/mhf.ro\/mm\/wp-content\/uploads\/2021\/02\/urna-de-vot.jpg\",\"contentUrl\":\"https:\/\/mhf.ro\/mm\/wp-content\/uploads\/2021\/02\/urna-de-vot.jpg\",\"width\":1280,\"height\":853},{\"@type\":\"BreadcrumbList\",\"@id\":\"https:\/\/mhf.ro\/mm\/presedintele-ideal\/#breadcrumb\",\"itemListElement\":[{\"@type\":\"ListItem\",\"position\":1,\"name\":\"Prima pagin\u0103\",\"item\":\"https:\/\/mhf.ro\/mm\/\"},{\"@type\":\"ListItem\",\"position\":2,\"name\":\"PRE\u0218EDINTELE IDEAL\"}]},{\"@type\":\"WebSite\",\"@id\":\"https:\/\/mhf.ro\/mm\/#website\",\"url\":\"https:\/\/mhf.ro\/mm\/\",\"name\":\"MHF Photography \u2013 Blog de fotografie, natur\u0103 \u0219i tehnic\u0103 divers\u0103\",\"description\":\"Aventur\u0103 \u00een fiecare cadru.\",\"publisher\":{\"@id\":\"https:\/\/mhf.ro\/mm\/#\/schema\/person\/a3bebf7bdb4bf12f698aff73c7e46c21\"},\"potentialAction\":[{\"@type\":\"SearchAction\",\"target\":{\"@type\":\"EntryPoint\",\"urlTemplate\":\"https:\/\/mhf.ro\/mm\/?s={search_term_string}\"},\"query-input\":{\"@type\":\"PropertyValueSpecification\",\"valueRequired\":true,\"valueName\":\"search_term_string\"}}],\"inLanguage\":\"ro-RO\"},{\"@type\":[\"Person\",\"Organization\"],\"@id\":\"https:\/\/mhf.ro\/mm\/#\/schema\/person\/a3bebf7bdb4bf12f698aff73c7e46c21\",\"name\":\"Marius Marcu\",\"image\":{\"@type\":\"ImageObject\",\"inLanguage\":\"ro-RO\",\"@id\":\"https:\/\/mhf.ro\/mm\/#\/schema\/person\/image\/\",\"url\":\"https:\/\/mhf.ro\/mm\/wp-content\/uploads\/2025\/12\/cropped-logo_mhf_2.png\",\"contentUrl\":\"https:\/\/mhf.ro\/mm\/wp-content\/uploads\/2025\/12\/cropped-logo_mhf_2.png\",\"width\":1096,\"height\":457,\"caption\":\"Marius Marcu\"},\"logo\":{\"@id\":\"https:\/\/mhf.ro\/mm\/#\/schema\/person\/image\/\"},\"sameAs\":[\"https:\/\/mhf.ro\/mm\"]},{\"@type\":\"Person\",\"@id\":\"https:\/\/mhf.ro\/mm\/#\/schema\/person\/ecde2c4d3c2298573c280821ab6d9965\",\"name\":\"Mitu Ion\",\"image\":{\"@type\":\"ImageObject\",\"inLanguage\":\"ro-RO\",\"@id\":\"https:\/\/mhf.ro\/mm\/#\/schema\/person\/image\/\",\"url\":\"https:\/\/secure.gravatar.com\/avatar\/fb0a4d707f287178aadfb359603e2d946f49db0cd52072b1b6748bc111739ee5?s=96&d=monsterid&r=g\",\"contentUrl\":\"https:\/\/secure.gravatar.com\/avatar\/fb0a4d707f287178aadfb359603e2d946f49db0cd52072b1b6748bc111739ee5?s=96&d=monsterid&r=g\",\"caption\":\"Mitu Ion\"},\"sameAs\":[\"https:\/\/mhf.ro\/mm\"],\"url\":\"https:\/\/mhf.ro\/mm\/author\/mitu\/\"}]}<\/script>\n<!-- \/ Yoast SEO plugin. -->","yoast_head_json":{"title":"PRE\u0218EDINTELE IDEAL - MHF Photography","robots":{"index":"index","follow":"follow","max-snippet":"max-snippet:-1","max-image-preview":"max-image-preview:large","max-video-preview":"max-video-preview:-1"},"canonical":"https:\/\/mhf.ro\/mm\/presedintele-ideal\/","og_locale":"ro_RO","og_type":"article","og_title":"PRE\u0218EDINTELE IDEAL - MHF Photography","og_description":"O lec\u021bie pe care ar putea s\u0103 \u0219i-o \u00eensu\u0219easc\u0103 \u0219i pre\u0219edintele nostru, oricare ar fi el. \u201eA c\u00e2\u0219tigat azi din","og_url":"https:\/\/mhf.ro\/mm\/presedintele-ideal\/","og_site_name":"MHF Photography","article_published_time":"2021-02-08T07:05:54+00:00","article_modified_time":"2021-02-08T13:09:26+00:00","og_image":[{"width":1280,"height":853,"url":"https:\/\/mhf.ro\/mm\/wp-content\/uploads\/2021\/02\/urna-de-vot.jpg","type":"image\/jpeg"}],"author":"Mitu Ion","twitter_card":"summary_large_image","twitter_misc":{"Scris de":"Mitu Ion","Timp estimat pentru citire":"2 minute"},"schema":{"@context":"https:\/\/schema.org","@graph":[{"@type":"Article","@id":"https:\/\/mhf.ro\/mm\/presedintele-ideal\/#article","isPartOf":{"@id":"https:\/\/mhf.ro\/mm\/presedintele-ideal\/"},"author":{"name":"Mitu Ion","@id":"https:\/\/mhf.ro\/mm\/#\/schema\/person\/ecde2c4d3c2298573c280821ab6d9965"},"headline":"PRE\u0218EDINTELE IDEAL","datePublished":"2021-02-08T07:05:54+00:00","dateModified":"2021-02-08T13:09:26+00:00","mainEntityOfPage":{"@id":"https:\/\/mhf.ro\/mm\/presedintele-ideal\/"},"wordCount":296,"commentCount":0,"publisher":{"@id":"https:\/\/mhf.ro\/mm\/#\/schema\/person\/a3bebf7bdb4bf12f698aff73c7e46c21"},"image":{"@id":"https:\/\/mhf.ro\/mm\/presedintele-ideal\/#primaryimage"},"thumbnailUrl":"https:\/\/mhf.ro\/mm\/wp-content\/uploads\/2021\/02\/urna-de-vot.jpg","articleSection":["Locale"],"inLanguage":"ro-RO","potentialAction":[{"@type":"CommentAction","name":"Comment","target":["https:\/\/mhf.ro\/mm\/presedintele-ideal\/#respond"]}]},{"@type":"WebPage","@id":"https:\/\/mhf.ro\/mm\/presedintele-ideal\/","url":"https:\/\/mhf.ro\/mm\/presedintele-ideal\/","name":"PRE\u0218EDINTELE IDEAL - MHF Photography","isPartOf":{"@id":"https:\/\/mhf.ro\/mm\/#website"},"primaryImageOfPage":{"@id":"https:\/\/mhf.ro\/mm\/presedintele-ideal\/#primaryimage"},"image":{"@id":"https:\/\/mhf.ro\/mm\/presedintele-ideal\/#primaryimage"},"thumbnailUrl":"https:\/\/mhf.ro\/mm\/wp-content\/uploads\/2021\/02\/urna-de-vot.jpg","datePublished":"2021-02-08T07:05:54+00:00","dateModified":"2021-02-08T13:09:26+00:00","breadcrumb":{"@id":"https:\/\/mhf.ro\/mm\/presedintele-ideal\/#breadcrumb"},"inLanguage":"ro-RO","potentialAction":[{"@type":"ReadAction","target":["https:\/\/mhf.ro\/mm\/presedintele-ideal\/"]}]},{"@type":"ImageObject","inLanguage":"ro-RO","@id":"https:\/\/mhf.ro\/mm\/presedintele-ideal\/#primaryimage","url":"https:\/\/mhf.ro\/mm\/wp-content\/uploads\/2021\/02\/urna-de-vot.jpg","contentUrl":"https:\/\/mhf.ro\/mm\/wp-content\/uploads\/2021\/02\/urna-de-vot.jpg","width":1280,"height":853},{"@type":"BreadcrumbList","@id":"https:\/\/mhf.ro\/mm\/presedintele-ideal\/#breadcrumb","itemListElement":[{"@type":"ListItem","position":1,"name":"Prima pagin\u0103","item":"https:\/\/mhf.ro\/mm\/"},{"@type":"ListItem","position":2,"name":"PRE\u0218EDINTELE IDEAL"}]},{"@type":"WebSite","@id":"https:\/\/mhf.ro\/mm\/#website","url":"https:\/\/mhf.ro\/mm\/","name":"MHF Photography \u2013 Blog de fotografie, natur\u0103 \u0219i tehnic\u0103 divers\u0103","description":"Aventur\u0103 \u00een fiecare cadru.","publisher":{"@id":"https:\/\/mhf.ro\/mm\/#\/schema\/person\/a3bebf7bdb4bf12f698aff73c7e46c21"},"potentialAction":[{"@type":"SearchAction","target":{"@type":"EntryPoint","urlTemplate":"https:\/\/mhf.ro\/mm\/?s={search_term_string}"},"query-input":{"@type":"PropertyValueSpecification","valueRequired":true,"valueName":"search_term_string"}}],"inLanguage":"ro-RO"},{"@type":["Person","Organization"],"@id":"https:\/\/mhf.ro\/mm\/#\/schema\/person\/a3bebf7bdb4bf12f698aff73c7e46c21","name":"Marius Marcu","image":{"@type":"ImageObject","inLanguage":"ro-RO","@id":"https:\/\/mhf.ro\/mm\/#\/schema\/person\/image\/","url":"https:\/\/mhf.ro\/mm\/wp-content\/uploads\/2025\/12\/cropped-logo_mhf_2.png","contentUrl":"https:\/\/mhf.ro\/mm\/wp-content\/uploads\/2025\/12\/cropped-logo_mhf_2.png","width":1096,"height":457,"caption":"Marius Marcu"},"logo":{"@id":"https:\/\/mhf.ro\/mm\/#\/schema\/person\/image\/"},"sameAs":["https:\/\/mhf.ro\/mm"]},{"@type":"Person","@id":"https:\/\/mhf.ro\/mm\/#\/schema\/person\/ecde2c4d3c2298573c280821ab6d9965","name":"Mitu Ion","image":{"@type":"ImageObject","inLanguage":"ro-RO","@id":"https:\/\/mhf.ro\/mm\/#\/schema\/person\/image\/","url":"https:\/\/secure.gravatar.com\/avatar\/fb0a4d707f287178aadfb359603e2d946f49db0cd52072b1b6748bc111739ee5?s=96&d=monsterid&r=g","contentUrl":"https:\/\/secure.gravatar.com\/avatar\/fb0a4d707f287178aadfb359603e2d946f49db0cd52072b1b6748bc111739ee5?s=96&d=monsterid&r=g","caption":"Mitu Ion"},"sameAs":["https:\/\/mhf.ro\/mm"],"url":"https:\/\/mhf.ro\/mm\/author\/mitu\/"}]}},"_links":{"self":[{"href":"https:\/\/mhf.ro\/mm\/wp-json\/wp\/v2\/posts\/3869","targetHints":{"allow":["GET"]}}],"collection":[{"href":"https:\/\/mhf.ro\/mm\/wp-json\/wp\/v2\/posts"}],"about":[{"href":"https:\/\/mhf.ro\/mm\/wp-json\/wp\/v2\/types\/post"}],"author":[{"embeddable":true,"href":"https:\/\/mhf.ro\/mm\/wp-json\/wp\/v2\/users\/10"}],"replies":[{"embeddable":true,"href":"https:\/\/mhf.ro\/mm\/wp-json\/wp\/v2\/comments?post=3869"}],"version-history":[{"count":10,"href":"https:\/\/mhf.ro\/mm\/wp-json\/wp\/v2\/posts\/3869\/revisions"}],"predecessor-version":[{"id":3887,"href":"https:\/\/mhf.ro\/mm\/wp-json\/wp\/v2\/posts\/3869\/revisions\/3887"}],"wp:featuredmedia":[{"embeddable":true,"href":"https:\/\/mhf.ro\/mm\/wp-json\/wp\/v2\/media\/3881"}],"wp:attachment":[{"href":"https:\/\/mhf.ro\/mm\/wp-json\/wp\/v2\/media?parent=3869"}],"wp:term":[{"taxonomy":"category","embeddable":true,"href":"https:\/\/mhf.ro\/mm\/wp-json\/wp\/v2\/categories?post=3869"},{"taxonomy":"post_tag","embeddable":true,"href":"https:\/\/mhf.ro\/mm\/wp-json\/wp\/v2\/tags?post=3869"}],"curies":[{"name":"wp","href":"https:\/\/api.w.org\/{rel}","templated":true}]}}