{"id":3889,"date":"2021-02-08T15:38:12","date_gmt":"2021-02-08T13:38:12","guid":{"rendered":"https:\/\/mhf.ro\/mm\/?p=3889"},"modified":"2021-02-08T15:38:12","modified_gmt":"2021-02-08T13:38:12","slug":"premierul-citu-taie-din-subventiile-partidelor","status":"publish","type":"post","link":"https:\/\/mhf.ro\/mm\/premierul-citu-taie-din-subventiile-partidelor\/","title":{"rendered":"Premierul C\u00ee\u021bu taie din subven\u021biile partidelor"},"content":{"rendered":"<p><span lang=\"ro-RO\">Premierul Florin C\u00ee\u0163u a anun\u021bat, luni, c\u0103 Legea bugetului de stat este finalizat\u0103, \u00eens\u0103 mai sunt c\u00e2teva aspecte de clarificat \u00een r\u00e2ndul coali\u0163iei de guvernare. <\/span><span lang=\"ro-RO\">\u00cen acela\u0219i context, premierul a precizat c\u0103<\/span><span lang=\"ro-RO\"> c\u0103 subven\u021biile pentru partidele politice vor fi reduse.\u00a0<\/span><\/p>\n<p><span lang=\"ro-RO\">C\u00ee\u021bu nu a precizat cu c\u00e2t sc\u0103dea subve<\/span><span lang=\"ro-RO\">n\u021biile pentru partide, dar amintim c\u0103 acestea nu sunt deloc neglijabile.<\/span><\/p>\n<p>Doar \u00een prima lun\u0103 a acestui an, partidele au \u00eencasat de la stat 19,84 de milioane de lei.<\/p>\n<p>PSD \u2013 7,640,197.89<br \/>\nPNL \u2013 6,476,964.07<br \/>\nUSR \u2013 2,056,942.91<br \/>\nAUR \u2013 1,546,315.98<br \/>\nPMP \u2013 399,741.50<br \/>\nPLUS \u2013 1,434,651.36<br \/>\nPro Rom\u00e2nia \u2013 288,821.10<\/p>\n<p style=\"text-align: right;\">(conf. jurnalist.ro)<\/p>\n","protected":false},"excerpt":{"rendered":"<p>Premierul Florin C\u00ee\u0163u a anun\u021bat, luni, c\u0103 Legea bugetului de stat este finalizat\u0103, \u00eens\u0103 mai sunt c\u00e2teva aspecte de clarificat<\/p>\n","protected":false},"author":1,"featured_media":3890,"comment_status":"open","ping_status":"open","sticky":false,"template":"","format":"standard","meta":{"colormag_page_container_layout":"default_layout","colormag_page_sidebar_layout":"default_layout","footnotes":""},"categories":[8],"tags":[],"class_list":["post-3889","post","type-post","status-publish","format-standard","has-post-thumbnail","hentry","category-div"],"yoast_head":"<!-- This site is optimized with the Yoast SEO plugin v27.0 - https:\/\/yoast.com\/product\/yoast-seo-wordpress\/ -->\n<title>Premierul C\u00ee\u021bu taie din subven\u021biile partidelor - MHF Photography<\/title>\n<meta name=\"robots\" content=\"index, follow, max-snippet:-1, max-image-preview:large, max-video-preview:-1\" \/>\n<link rel=\"canonical\" href=\"https:\/\/mhf.ro\/mm\/premierul-citu-taie-din-subventiile-partidelor\/\" \/>\n<meta property=\"og:locale\" content=\"ro_RO\" \/>\n<meta property=\"og:type\" content=\"article\" \/>\n<meta property=\"og:title\" content=\"Premierul C\u00ee\u021bu taie din subven\u021biile partidelor - MHF Photography\" \/>\n<meta property=\"og:description\" content=\"Premierul Florin C\u00ee\u0163u a anun\u021bat, luni, c\u0103 Legea bugetului de stat este finalizat\u0103, \u00eens\u0103 mai sunt c\u00e2teva aspecte de clarificat\" \/>\n<meta property=\"og:url\" content=\"https:\/\/mhf.ro\/mm\/premierul-citu-taie-din-subventiile-partidelor\/\" \/>\n<meta property=\"og:site_name\" content=\"MHF Photography\" \/>\n<meta property=\"article:published_time\" content=\"2021-02-08T13:38:12+00:00\" \/>\n<meta property=\"og:image\" content=\"https:\/\/mhf.ro\/mm\/wp-content\/uploads\/2021\/02\/subventii-partide.jpg\" \/>\n\t<meta property=\"og:image:width\" content=\"1029\" \/>\n\t<meta property=\"og:image:height\" content=\"445\" \/>\n\t<meta property=\"og:image:type\" content=\"image\/jpeg\" \/>\n<meta name=\"author\" content=\"Marius Marcu\" \/>\n<meta name=\"twitter:card\" content=\"summary_large_image\" \/>\n<meta name=\"twitter:label1\" content=\"Scris de\" \/>\n\t<meta name=\"twitter:data1\" content=\"Marius Marcu\" \/>\n\t<meta name=\"twitter:label2\" content=\"Timp estimat pentru citire\" \/>\n\t<meta name=\"twitter:data2\" content=\"1 minut\" \/>\n<script type=\"application\/ld+json\" class=\"yoast-schema-graph\">{\"@context\":\"https:\/\/schema.org\",\"@graph\":[{\"@type\":\"Article\",\"@id\":\"https:\/\/mhf.ro\/mm\/premierul-citu-taie-din-subventiile-partidelor\/#article\",\"isPartOf\":{\"@id\":\"https:\/\/mhf.ro\/mm\/premierul-citu-taie-din-subventiile-partidelor\/\"},\"author\":{\"name\":\"Marius Marcu\",\"@id\":\"https:\/\/mhf.ro\/mm\/#\/schema\/person\/a3bebf7bdb4bf12f698aff73c7e46c21\"},\"headline\":\"Premierul C\u00ee\u021bu taie din subven\u021biile partidelor\",\"datePublished\":\"2021-02-08T13:38:12+00:00\",\"mainEntityOfPage\":{\"@id\":\"https:\/\/mhf.ro\/mm\/premierul-citu-taie-din-subventiile-partidelor\/\"},\"wordCount\":107,\"commentCount\":0,\"publisher\":{\"@id\":\"https:\/\/mhf.ro\/mm\/#\/schema\/person\/a3bebf7bdb4bf12f698aff73c7e46c21\"},\"image\":{\"@id\":\"https:\/\/mhf.ro\/mm\/premierul-citu-taie-din-subventiile-partidelor\/#primaryimage\"},\"thumbnailUrl\":\"https:\/\/mhf.ro\/mm\/wp-content\/uploads\/2021\/02\/subventii-partide.jpg\",\"articleSection\":[\"Diverse\"],\"inLanguage\":\"ro-RO\",\"potentialAction\":[{\"@type\":\"CommentAction\",\"name\":\"Comment\",\"target\":[\"https:\/\/mhf.ro\/mm\/premierul-citu-taie-din-subventiile-partidelor\/#respond\"]}]},{\"@type\":\"WebPage\",\"@id\":\"https:\/\/mhf.ro\/mm\/premierul-citu-taie-din-subventiile-partidelor\/\",\"url\":\"https:\/\/mhf.ro\/mm\/premierul-citu-taie-din-subventiile-partidelor\/\",\"name\":\"Premierul C\u00ee\u021bu taie din subven\u021biile partidelor - MHF Photography\",\"isPartOf\":{\"@id\":\"https:\/\/mhf.ro\/mm\/#website\"},\"primaryImageOfPage\":{\"@id\":\"https:\/\/mhf.ro\/mm\/premierul-citu-taie-din-subventiile-partidelor\/#primaryimage\"},\"image\":{\"@id\":\"https:\/\/mhf.ro\/mm\/premierul-citu-taie-din-subventiile-partidelor\/#primaryimage\"},\"thumbnailUrl\":\"https:\/\/mhf.ro\/mm\/wp-content\/uploads\/2021\/02\/subventii-partide.jpg\",\"datePublished\":\"2021-02-08T13:38:12+00:00\",\"breadcrumb\":{\"@id\":\"https:\/\/mhf.ro\/mm\/premierul-citu-taie-din-subventiile-partidelor\/#breadcrumb\"},\"inLanguage\":\"ro-RO\",\"potentialAction\":[{\"@type\":\"ReadAction\",\"target\":[\"https:\/\/mhf.ro\/mm\/premierul-citu-taie-din-subventiile-partidelor\/\"]}]},{\"@type\":\"ImageObject\",\"inLanguage\":\"ro-RO\",\"@id\":\"https:\/\/mhf.ro\/mm\/premierul-citu-taie-din-subventiile-partidelor\/#primaryimage\",\"url\":\"https:\/\/mhf.ro\/mm\/wp-content\/uploads\/2021\/02\/subventii-partide.jpg\",\"contentUrl\":\"https:\/\/mhf.ro\/mm\/wp-content\/uploads\/2021\/02\/subventii-partide.jpg\",\"width\":1029,\"height\":445},{\"@type\":\"BreadcrumbList\",\"@id\":\"https:\/\/mhf.ro\/mm\/premierul-citu-taie-din-subventiile-partidelor\/#breadcrumb\",\"itemListElement\":[{\"@type\":\"ListItem\",\"position\":1,\"name\":\"Prima pagin\u0103\",\"item\":\"https:\/\/mhf.ro\/mm\/\"},{\"@type\":\"ListItem\",\"position\":2,\"name\":\"Premierul C\u00ee\u021bu taie din subven\u021biile partidelor\"}]},{\"@type\":\"WebSite\",\"@id\":\"https:\/\/mhf.ro\/mm\/#website\",\"url\":\"https:\/\/mhf.ro\/mm\/\",\"name\":\"MHF Photography \u2013 Blog de fotografie, natur\u0103 \u0219i tehnic\u0103 divers\u0103\",\"description\":\"Aventur\u0103 \u00een fiecare cadru.\",\"publisher\":{\"@id\":\"https:\/\/mhf.ro\/mm\/#\/schema\/person\/a3bebf7bdb4bf12f698aff73c7e46c21\"},\"potentialAction\":[{\"@type\":\"SearchAction\",\"target\":{\"@type\":\"EntryPoint\",\"urlTemplate\":\"https:\/\/mhf.ro\/mm\/?s={search_term_string}\"},\"query-input\":{\"@type\":\"PropertyValueSpecification\",\"valueRequired\":true,\"valueName\":\"search_term_string\"}}],\"inLanguage\":\"ro-RO\"},{\"@type\":[\"Person\",\"Organization\"],\"@id\":\"https:\/\/mhf.ro\/mm\/#\/schema\/person\/a3bebf7bdb4bf12f698aff73c7e46c21\",\"name\":\"Marius Marcu\",\"image\":{\"@type\":\"ImageObject\",\"inLanguage\":\"ro-RO\",\"@id\":\"https:\/\/mhf.ro\/mm\/#\/schema\/person\/image\/\",\"url\":\"https:\/\/mhf.ro\/mm\/wp-content\/uploads\/2025\/12\/cropped-logo_mhf_2.png\",\"contentUrl\":\"https:\/\/mhf.ro\/mm\/wp-content\/uploads\/2025\/12\/cropped-logo_mhf_2.png\",\"width\":1096,\"height\":457,\"caption\":\"Marius Marcu\"},\"logo\":{\"@id\":\"https:\/\/mhf.ro\/mm\/#\/schema\/person\/image\/\"},\"sameAs\":[\"https:\/\/mhf.ro\/mm\"],\"url\":\"https:\/\/mhf.ro\/mm\/author\/mihai\/\"}]}<\/script>\n<!-- \/ Yoast SEO plugin. -->","yoast_head_json":{"title":"Premierul C\u00ee\u021bu taie din subven\u021biile partidelor - MHF Photography","robots":{"index":"index","follow":"follow","max-snippet":"max-snippet:-1","max-image-preview":"max-image-preview:large","max-video-preview":"max-video-preview:-1"},"canonical":"https:\/\/mhf.ro\/mm\/premierul-citu-taie-din-subventiile-partidelor\/","og_locale":"ro_RO","og_type":"article","og_title":"Premierul C\u00ee\u021bu taie din subven\u021biile partidelor - MHF Photography","og_description":"Premierul Florin C\u00ee\u0163u a anun\u021bat, luni, c\u0103 Legea bugetului de stat este finalizat\u0103, \u00eens\u0103 mai sunt c\u00e2teva aspecte de clarificat","og_url":"https:\/\/mhf.ro\/mm\/premierul-citu-taie-din-subventiile-partidelor\/","og_site_name":"MHF Photography","article_published_time":"2021-02-08T13:38:12+00:00","og_image":[{"width":1029,"height":445,"url":"https:\/\/mhf.ro\/mm\/wp-content\/uploads\/2021\/02\/subventii-partide.jpg","type":"image\/jpeg"}],"author":"Marius Marcu","twitter_card":"summary_large_image","twitter_misc":{"Scris de":"Marius Marcu","Timp estimat pentru citire":"1 minut"},"schema":{"@context":"https:\/\/schema.org","@graph":[{"@type":"Article","@id":"https:\/\/mhf.ro\/mm\/premierul-citu-taie-din-subventiile-partidelor\/#article","isPartOf":{"@id":"https:\/\/mhf.ro\/mm\/premierul-citu-taie-din-subventiile-partidelor\/"},"author":{"name":"Marius Marcu","@id":"https:\/\/mhf.ro\/mm\/#\/schema\/person\/a3bebf7bdb4bf12f698aff73c7e46c21"},"headline":"Premierul C\u00ee\u021bu taie din subven\u021biile partidelor","datePublished":"2021-02-08T13:38:12+00:00","mainEntityOfPage":{"@id":"https:\/\/mhf.ro\/mm\/premierul-citu-taie-din-subventiile-partidelor\/"},"wordCount":107,"commentCount":0,"publisher":{"@id":"https:\/\/mhf.ro\/mm\/#\/schema\/person\/a3bebf7bdb4bf12f698aff73c7e46c21"},"image":{"@id":"https:\/\/mhf.ro\/mm\/premierul-citu-taie-din-subventiile-partidelor\/#primaryimage"},"thumbnailUrl":"https:\/\/mhf.ro\/mm\/wp-content\/uploads\/2021\/02\/subventii-partide.jpg","articleSection":["Diverse"],"inLanguage":"ro-RO","potentialAction":[{"@type":"CommentAction","name":"Comment","target":["https:\/\/mhf.ro\/mm\/premierul-citu-taie-din-subventiile-partidelor\/#respond"]}]},{"@type":"WebPage","@id":"https:\/\/mhf.ro\/mm\/premierul-citu-taie-din-subventiile-partidelor\/","url":"https:\/\/mhf.ro\/mm\/premierul-citu-taie-din-subventiile-partidelor\/","name":"Premierul C\u00ee\u021bu taie din subven\u021biile partidelor - MHF Photography","isPartOf":{"@id":"https:\/\/mhf.ro\/mm\/#website"},"primaryImageOfPage":{"@id":"https:\/\/mhf.ro\/mm\/premierul-citu-taie-din-subventiile-partidelor\/#primaryimage"},"image":{"@id":"https:\/\/mhf.ro\/mm\/premierul-citu-taie-din-subventiile-partidelor\/#primaryimage"},"thumbnailUrl":"https:\/\/mhf.ro\/mm\/wp-content\/uploads\/2021\/02\/subventii-partide.jpg","datePublished":"2021-02-08T13:38:12+00:00","breadcrumb":{"@id":"https:\/\/mhf.ro\/mm\/premierul-citu-taie-din-subventiile-partidelor\/#breadcrumb"},"inLanguage":"ro-RO","potentialAction":[{"@type":"ReadAction","target":["https:\/\/mhf.ro\/mm\/premierul-citu-taie-din-subventiile-partidelor\/"]}]},{"@type":"ImageObject","inLanguage":"ro-RO","@id":"https:\/\/mhf.ro\/mm\/premierul-citu-taie-din-subventiile-partidelor\/#primaryimage","url":"https:\/\/mhf.ro\/mm\/wp-content\/uploads\/2021\/02\/subventii-partide.jpg","contentUrl":"https:\/\/mhf.ro\/mm\/wp-content\/uploads\/2021\/02\/subventii-partide.jpg","width":1029,"height":445},{"@type":"BreadcrumbList","@id":"https:\/\/mhf.ro\/mm\/premierul-citu-taie-din-subventiile-partidelor\/#breadcrumb","itemListElement":[{"@type":"ListItem","position":1,"name":"Prima pagin\u0103","item":"https:\/\/mhf.ro\/mm\/"},{"@type":"ListItem","position":2,"name":"Premierul C\u00ee\u021bu taie din subven\u021biile partidelor"}]},{"@type":"WebSite","@id":"https:\/\/mhf.ro\/mm\/#website","url":"https:\/\/mhf.ro\/mm\/","name":"MHF Photography \u2013 Blog de fotografie, natur\u0103 \u0219i tehnic\u0103 divers\u0103","description":"Aventur\u0103 \u00een fiecare cadru.","publisher":{"@id":"https:\/\/mhf.ro\/mm\/#\/schema\/person\/a3bebf7bdb4bf12f698aff73c7e46c21"},"potentialAction":[{"@type":"SearchAction","target":{"@type":"EntryPoint","urlTemplate":"https:\/\/mhf.ro\/mm\/?s={search_term_string}"},"query-input":{"@type":"PropertyValueSpecification","valueRequired":true,"valueName":"search_term_string"}}],"inLanguage":"ro-RO"},{"@type":["Person","Organization"],"@id":"https:\/\/mhf.ro\/mm\/#\/schema\/person\/a3bebf7bdb4bf12f698aff73c7e46c21","name":"Marius Marcu","image":{"@type":"ImageObject","inLanguage":"ro-RO","@id":"https:\/\/mhf.ro\/mm\/#\/schema\/person\/image\/","url":"https:\/\/mhf.ro\/mm\/wp-content\/uploads\/2025\/12\/cropped-logo_mhf_2.png","contentUrl":"https:\/\/mhf.ro\/mm\/wp-content\/uploads\/2025\/12\/cropped-logo_mhf_2.png","width":1096,"height":457,"caption":"Marius Marcu"},"logo":{"@id":"https:\/\/mhf.ro\/mm\/#\/schema\/person\/image\/"},"sameAs":["https:\/\/mhf.ro\/mm"],"url":"https:\/\/mhf.ro\/mm\/author\/mihai\/"}]}},"_links":{"self":[{"href":"https:\/\/mhf.ro\/mm\/wp-json\/wp\/v2\/posts\/3889","targetHints":{"allow":["GET"]}}],"collection":[{"href":"https:\/\/mhf.ro\/mm\/wp-json\/wp\/v2\/posts"}],"about":[{"href":"https:\/\/mhf.ro\/mm\/wp-json\/wp\/v2\/types\/post"}],"author":[{"embeddable":true,"href":"https:\/\/mhf.ro\/mm\/wp-json\/wp\/v2\/users\/1"}],"replies":[{"embeddable":true,"href":"https:\/\/mhf.ro\/mm\/wp-json\/wp\/v2\/comments?post=3889"}],"version-history":[{"count":1,"href":"https:\/\/mhf.ro\/mm\/wp-json\/wp\/v2\/posts\/3889\/revisions"}],"predecessor-version":[{"id":3891,"href":"https:\/\/mhf.ro\/mm\/wp-json\/wp\/v2\/posts\/3889\/revisions\/3891"}],"wp:featuredmedia":[{"embeddable":true,"href":"https:\/\/mhf.ro\/mm\/wp-json\/wp\/v2\/media\/3890"}],"wp:attachment":[{"href":"https:\/\/mhf.ro\/mm\/wp-json\/wp\/v2\/media?parent=3889"}],"wp:term":[{"taxonomy":"category","embeddable":true,"href":"https:\/\/mhf.ro\/mm\/wp-json\/wp\/v2\/categories?post=3889"},{"taxonomy":"post_tag","embeddable":true,"href":"https:\/\/mhf.ro\/mm\/wp-json\/wp\/v2\/tags?post=3889"}],"curies":[{"name":"wp","href":"https:\/\/api.w.org\/{rel}","templated":true}]}}