{"id":3892,"date":"2021-02-08T15:41:03","date_gmt":"2021-02-08T13:41:03","guid":{"rendered":"https:\/\/mhf.ro\/mm\/?p=3892"},"modified":"2021-02-08T15:41:03","modified_gmt":"2021-02-08T13:41:03","slug":"pensiile-cresc-in-2022-fara-vouchere-de-vacanta-in-2021","status":"publish","type":"post","link":"https:\/\/mhf.ro\/mm\/pensiile-cresc-in-2022-fara-vouchere-de-vacanta-in-2021\/","title":{"rendered":"Pensiile cresc \u00een 2022\/F\u0103r\u0103 vouchere de vacan\u021b\u0103 \u00een 2021"},"content":{"rendered":"<p><span lang=\"ro-RO\">Criza \u00ee\u0219i face sim\u021bit\u0103 tot mai acut prezen\u021ba. Majorarea punctului de pensie mai a\u0219teapt\u0103. De asemenea, voucherele de vacan\u021b\u0103 nu vor mai fi emise anul acesta.<\/span><\/p>\n<p><span lang=\"ro-RO\">Anun\u021bul a fost f\u0103cut de <\/span><span lang=\"ro-RO\">p<\/span><span lang=\"ro-RO\">re\u0219edintele PNL, Ludovic Orban.<\/span><\/p>\n<p><span lang=\"ro-RO\">\u201ePunctul de pensie va cre\u0219te de la 1 ianuarie 2022\u201d, a spus Orban, la Parlament, dup\u0103 \u0219edin\u021ba coali\u021biei de guvernare.\u00a0<\/span><\/p>\n<p><span lang=\"ro-RO\">Totodat\u0103, acesta a precizat c\u0103 <\/span><span lang=\"ro-RO\">s-au discutat liniile mari ale construc\u021biei bugetare pentru acest an \u015fi anumite m\u0103suri pentru restr\u00e2ngerea cheltuielilor, preciz\u00e2nd c\u0103 voucherele de vacan\u021b\u0103 nu vor mai fi emise \u00een 2021.<\/span><\/p>\n<p>\u201eNu se emit noi vouchere\u201d, a spus Orban.<\/p>\n<p><span lang=\"ro-RO\">O alt\u0103 m\u0103sur\u0103 ar fi gratuitatea studen\u021bilor la CFR. Orban a spus c\u0103 nu s-a luat \u00eenc\u0103 o decizie, dar studen\u021bii amenin\u021b\u0103 deja cu greva, de\u0219i e pandemie \u0219i, teoretic, drumurile <\/span><span lang=\"ro-RO\">sunt limitate. Mai exact, s-ar reveni la \u00a0la sistemul din 2016, c\u00e2nd era doar un anumit num\u0103r de c\u0103l\u0103torii suportat de stat.<\/span><\/p>\n<p><span lang=\"ro-RO\">Pre\u0219edintele Alian\u021bei Na\u021bionale a Organiza\u021biilor Studen\u021be\u0219ti din Rom\u00e2nia a declarat pentru HotNews.ro c\u0103 m\u0103sura nu este justificat\u0103 \u0219i ca \u00eendeamn\u0103 to\u021bi studen\u021bi s\u0103 trimit\u0103 mail-uri c\u0103tre premier \u00een care s\u0103 \u00ee\u0219i exprime opozi\u021bia.<\/span><\/p>\n<p><span lang=\"ro-RO\">De asemenea, <\/span><span lang=\"ro-RO\">indemniz<\/span><span lang=\"ro-RO\">a\u021bia<\/span><span lang=\"ro-RO\"> de hran\u0103 pentru bugetari <\/span><span lang=\"ro-RO\">ar putea fi t\u0103iat\u0103.<\/span><\/p>\n<p>(conf.jurnalist.ro)<\/p>\n","protected":false},"excerpt":{"rendered":"<p>Criza \u00ee\u0219i face sim\u021bit\u0103 tot mai acut prezen\u021ba. Majorarea punctului de pensie mai a\u0219teapt\u0103. De asemenea, voucherele de vacan\u021b\u0103 nu<\/p>\n","protected":false},"author":1,"featured_media":3893,"comment_status":"open","ping_status":"open","sticky":false,"template":"","format":"standard","meta":{"colormag_page_container_layout":"default_layout","colormag_page_sidebar_layout":"default_layout","footnotes":""},"categories":[5],"tags":[],"class_list":["post-3892","post","type-post","status-publish","format-standard","has-post-thumbnail","hentry","category-locale"],"yoast_head":"<!-- This site is optimized with the Yoast SEO plugin v27.0 - https:\/\/yoast.com\/product\/yoast-seo-wordpress\/ -->\n<title>Pensiile cresc \u00een 2022\/F\u0103r\u0103 vouchere de vacan\u021b\u0103 \u00een 2021 - MHF Photography<\/title>\n<meta name=\"robots\" content=\"index, follow, max-snippet:-1, max-image-preview:large, max-video-preview:-1\" \/>\n<link rel=\"canonical\" href=\"https:\/\/mhf.ro\/mm\/pensiile-cresc-in-2022-fara-vouchere-de-vacanta-in-2021\/\" \/>\n<meta property=\"og:locale\" content=\"ro_RO\" \/>\n<meta property=\"og:type\" content=\"article\" \/>\n<meta property=\"og:title\" content=\"Pensiile cresc \u00een 2022\/F\u0103r\u0103 vouchere de vacan\u021b\u0103 \u00een 2021 - MHF Photography\" \/>\n<meta property=\"og:description\" content=\"Criza \u00ee\u0219i face sim\u021bit\u0103 tot mai acut prezen\u021ba. Majorarea punctului de pensie mai a\u0219teapt\u0103. De asemenea, voucherele de vacan\u021b\u0103 nu\" \/>\n<meta property=\"og:url\" content=\"https:\/\/mhf.ro\/mm\/pensiile-cresc-in-2022-fara-vouchere-de-vacanta-in-2021\/\" \/>\n<meta property=\"og:site_name\" content=\"MHF Photography\" \/>\n<meta property=\"article:published_time\" content=\"2021-02-08T13:41:03+00:00\" \/>\n<meta property=\"og:image\" content=\"https:\/\/mhf.ro\/mm\/wp-content\/uploads\/2021\/02\/vacanta-pens.jpg\" \/>\n\t<meta property=\"og:image:width\" content=\"763\" \/>\n\t<meta property=\"og:image:height\" content=\"445\" \/>\n\t<meta property=\"og:image:type\" content=\"image\/jpeg\" \/>\n<meta name=\"author\" content=\"Marius Marcu\" \/>\n<meta name=\"twitter:card\" content=\"summary_large_image\" \/>\n<meta name=\"twitter:label1\" content=\"Scris de\" \/>\n\t<meta name=\"twitter:data1\" content=\"Marius Marcu\" \/>\n\t<meta name=\"twitter:label2\" content=\"Timp estimat pentru citire\" \/>\n\t<meta name=\"twitter:data2\" content=\"1 minut\" \/>\n<script type=\"application\/ld+json\" class=\"yoast-schema-graph\">{\"@context\":\"https:\/\/schema.org\",\"@graph\":[{\"@type\":\"Article\",\"@id\":\"https:\/\/mhf.ro\/mm\/pensiile-cresc-in-2022-fara-vouchere-de-vacanta-in-2021\/#article\",\"isPartOf\":{\"@id\":\"https:\/\/mhf.ro\/mm\/pensiile-cresc-in-2022-fara-vouchere-de-vacanta-in-2021\/\"},\"author\":{\"name\":\"Marius Marcu\",\"@id\":\"https:\/\/mhf.ro\/mm\/#\/schema\/person\/a3bebf7bdb4bf12f698aff73c7e46c21\"},\"headline\":\"Pensiile cresc \u00een 2022\/F\u0103r\u0103 vouchere de vacan\u021b\u0103 \u00een 2021\",\"datePublished\":\"2021-02-08T13:41:03+00:00\",\"mainEntityOfPage\":{\"@id\":\"https:\/\/mhf.ro\/mm\/pensiile-cresc-in-2022-fara-vouchere-de-vacanta-in-2021\/\"},\"wordCount\":239,\"commentCount\":0,\"publisher\":{\"@id\":\"https:\/\/mhf.ro\/mm\/#\/schema\/person\/a3bebf7bdb4bf12f698aff73c7e46c21\"},\"image\":{\"@id\":\"https:\/\/mhf.ro\/mm\/pensiile-cresc-in-2022-fara-vouchere-de-vacanta-in-2021\/#primaryimage\"},\"thumbnailUrl\":\"https:\/\/mhf.ro\/mm\/wp-content\/uploads\/2021\/02\/vacanta-pens.jpg\",\"articleSection\":[\"Locale\"],\"inLanguage\":\"ro-RO\",\"potentialAction\":[{\"@type\":\"CommentAction\",\"name\":\"Comment\",\"target\":[\"https:\/\/mhf.ro\/mm\/pensiile-cresc-in-2022-fara-vouchere-de-vacanta-in-2021\/#respond\"]}]},{\"@type\":\"WebPage\",\"@id\":\"https:\/\/mhf.ro\/mm\/pensiile-cresc-in-2022-fara-vouchere-de-vacanta-in-2021\/\",\"url\":\"https:\/\/mhf.ro\/mm\/pensiile-cresc-in-2022-fara-vouchere-de-vacanta-in-2021\/\",\"name\":\"Pensiile cresc \u00een 2022\/F\u0103r\u0103 vouchere de vacan\u021b\u0103 \u00een 2021 - MHF Photography\",\"isPartOf\":{\"@id\":\"https:\/\/mhf.ro\/mm\/#website\"},\"primaryImageOfPage\":{\"@id\":\"https:\/\/mhf.ro\/mm\/pensiile-cresc-in-2022-fara-vouchere-de-vacanta-in-2021\/#primaryimage\"},\"image\":{\"@id\":\"https:\/\/mhf.ro\/mm\/pensiile-cresc-in-2022-fara-vouchere-de-vacanta-in-2021\/#primaryimage\"},\"thumbnailUrl\":\"https:\/\/mhf.ro\/mm\/wp-content\/uploads\/2021\/02\/vacanta-pens.jpg\",\"datePublished\":\"2021-02-08T13:41:03+00:00\",\"breadcrumb\":{\"@id\":\"https:\/\/mhf.ro\/mm\/pensiile-cresc-in-2022-fara-vouchere-de-vacanta-in-2021\/#breadcrumb\"},\"inLanguage\":\"ro-RO\",\"potentialAction\":[{\"@type\":\"ReadAction\",\"target\":[\"https:\/\/mhf.ro\/mm\/pensiile-cresc-in-2022-fara-vouchere-de-vacanta-in-2021\/\"]}]},{\"@type\":\"ImageObject\",\"inLanguage\":\"ro-RO\",\"@id\":\"https:\/\/mhf.ro\/mm\/pensiile-cresc-in-2022-fara-vouchere-de-vacanta-in-2021\/#primaryimage\",\"url\":\"https:\/\/mhf.ro\/mm\/wp-content\/uploads\/2021\/02\/vacanta-pens.jpg\",\"contentUrl\":\"https:\/\/mhf.ro\/mm\/wp-content\/uploads\/2021\/02\/vacanta-pens.jpg\",\"width\":763,\"height\":445},{\"@type\":\"BreadcrumbList\",\"@id\":\"https:\/\/mhf.ro\/mm\/pensiile-cresc-in-2022-fara-vouchere-de-vacanta-in-2021\/#breadcrumb\",\"itemListElement\":[{\"@type\":\"ListItem\",\"position\":1,\"name\":\"Prima pagin\u0103\",\"item\":\"https:\/\/mhf.ro\/mm\/\"},{\"@type\":\"ListItem\",\"position\":2,\"name\":\"Pensiile cresc \u00een 2022\/F\u0103r\u0103 vouchere de vacan\u021b\u0103 \u00een 2021\"}]},{\"@type\":\"WebSite\",\"@id\":\"https:\/\/mhf.ro\/mm\/#website\",\"url\":\"https:\/\/mhf.ro\/mm\/\",\"name\":\"MHF Photography \u2013 Blog de fotografie, natur\u0103 \u0219i tehnic\u0103 divers\u0103\",\"description\":\"Aventur\u0103 \u00een fiecare cadru.\",\"publisher\":{\"@id\":\"https:\/\/mhf.ro\/mm\/#\/schema\/person\/a3bebf7bdb4bf12f698aff73c7e46c21\"},\"potentialAction\":[{\"@type\":\"SearchAction\",\"target\":{\"@type\":\"EntryPoint\",\"urlTemplate\":\"https:\/\/mhf.ro\/mm\/?s={search_term_string}\"},\"query-input\":{\"@type\":\"PropertyValueSpecification\",\"valueRequired\":true,\"valueName\":\"search_term_string\"}}],\"inLanguage\":\"ro-RO\"},{\"@type\":[\"Person\",\"Organization\"],\"@id\":\"https:\/\/mhf.ro\/mm\/#\/schema\/person\/a3bebf7bdb4bf12f698aff73c7e46c21\",\"name\":\"Marius Marcu\",\"image\":{\"@type\":\"ImageObject\",\"inLanguage\":\"ro-RO\",\"@id\":\"https:\/\/mhf.ro\/mm\/#\/schema\/person\/image\/\",\"url\":\"https:\/\/mhf.ro\/mm\/wp-content\/uploads\/2025\/12\/cropped-logo_mhf_2.png\",\"contentUrl\":\"https:\/\/mhf.ro\/mm\/wp-content\/uploads\/2025\/12\/cropped-logo_mhf_2.png\",\"width\":1096,\"height\":457,\"caption\":\"Marius Marcu\"},\"logo\":{\"@id\":\"https:\/\/mhf.ro\/mm\/#\/schema\/person\/image\/\"},\"sameAs\":[\"https:\/\/mhf.ro\/mm\"],\"url\":\"https:\/\/mhf.ro\/mm\/author\/mihai\/\"}]}<\/script>\n<!-- \/ Yoast SEO plugin. -->","yoast_head_json":{"title":"Pensiile cresc \u00een 2022\/F\u0103r\u0103 vouchere de vacan\u021b\u0103 \u00een 2021 - MHF Photography","robots":{"index":"index","follow":"follow","max-snippet":"max-snippet:-1","max-image-preview":"max-image-preview:large","max-video-preview":"max-video-preview:-1"},"canonical":"https:\/\/mhf.ro\/mm\/pensiile-cresc-in-2022-fara-vouchere-de-vacanta-in-2021\/","og_locale":"ro_RO","og_type":"article","og_title":"Pensiile cresc \u00een 2022\/F\u0103r\u0103 vouchere de vacan\u021b\u0103 \u00een 2021 - MHF Photography","og_description":"Criza \u00ee\u0219i face sim\u021bit\u0103 tot mai acut prezen\u021ba. Majorarea punctului de pensie mai a\u0219teapt\u0103. De asemenea, voucherele de vacan\u021b\u0103 nu","og_url":"https:\/\/mhf.ro\/mm\/pensiile-cresc-in-2022-fara-vouchere-de-vacanta-in-2021\/","og_site_name":"MHF Photography","article_published_time":"2021-02-08T13:41:03+00:00","og_image":[{"width":763,"height":445,"url":"https:\/\/mhf.ro\/mm\/wp-content\/uploads\/2021\/02\/vacanta-pens.jpg","type":"image\/jpeg"}],"author":"Marius Marcu","twitter_card":"summary_large_image","twitter_misc":{"Scris de":"Marius Marcu","Timp estimat pentru citire":"1 minut"},"schema":{"@context":"https:\/\/schema.org","@graph":[{"@type":"Article","@id":"https:\/\/mhf.ro\/mm\/pensiile-cresc-in-2022-fara-vouchere-de-vacanta-in-2021\/#article","isPartOf":{"@id":"https:\/\/mhf.ro\/mm\/pensiile-cresc-in-2022-fara-vouchere-de-vacanta-in-2021\/"},"author":{"name":"Marius Marcu","@id":"https:\/\/mhf.ro\/mm\/#\/schema\/person\/a3bebf7bdb4bf12f698aff73c7e46c21"},"headline":"Pensiile cresc \u00een 2022\/F\u0103r\u0103 vouchere de vacan\u021b\u0103 \u00een 2021","datePublished":"2021-02-08T13:41:03+00:00","mainEntityOfPage":{"@id":"https:\/\/mhf.ro\/mm\/pensiile-cresc-in-2022-fara-vouchere-de-vacanta-in-2021\/"},"wordCount":239,"commentCount":0,"publisher":{"@id":"https:\/\/mhf.ro\/mm\/#\/schema\/person\/a3bebf7bdb4bf12f698aff73c7e46c21"},"image":{"@id":"https:\/\/mhf.ro\/mm\/pensiile-cresc-in-2022-fara-vouchere-de-vacanta-in-2021\/#primaryimage"},"thumbnailUrl":"https:\/\/mhf.ro\/mm\/wp-content\/uploads\/2021\/02\/vacanta-pens.jpg","articleSection":["Locale"],"inLanguage":"ro-RO","potentialAction":[{"@type":"CommentAction","name":"Comment","target":["https:\/\/mhf.ro\/mm\/pensiile-cresc-in-2022-fara-vouchere-de-vacanta-in-2021\/#respond"]}]},{"@type":"WebPage","@id":"https:\/\/mhf.ro\/mm\/pensiile-cresc-in-2022-fara-vouchere-de-vacanta-in-2021\/","url":"https:\/\/mhf.ro\/mm\/pensiile-cresc-in-2022-fara-vouchere-de-vacanta-in-2021\/","name":"Pensiile cresc \u00een 2022\/F\u0103r\u0103 vouchere de vacan\u021b\u0103 \u00een 2021 - MHF Photography","isPartOf":{"@id":"https:\/\/mhf.ro\/mm\/#website"},"primaryImageOfPage":{"@id":"https:\/\/mhf.ro\/mm\/pensiile-cresc-in-2022-fara-vouchere-de-vacanta-in-2021\/#primaryimage"},"image":{"@id":"https:\/\/mhf.ro\/mm\/pensiile-cresc-in-2022-fara-vouchere-de-vacanta-in-2021\/#primaryimage"},"thumbnailUrl":"https:\/\/mhf.ro\/mm\/wp-content\/uploads\/2021\/02\/vacanta-pens.jpg","datePublished":"2021-02-08T13:41:03+00:00","breadcrumb":{"@id":"https:\/\/mhf.ro\/mm\/pensiile-cresc-in-2022-fara-vouchere-de-vacanta-in-2021\/#breadcrumb"},"inLanguage":"ro-RO","potentialAction":[{"@type":"ReadAction","target":["https:\/\/mhf.ro\/mm\/pensiile-cresc-in-2022-fara-vouchere-de-vacanta-in-2021\/"]}]},{"@type":"ImageObject","inLanguage":"ro-RO","@id":"https:\/\/mhf.ro\/mm\/pensiile-cresc-in-2022-fara-vouchere-de-vacanta-in-2021\/#primaryimage","url":"https:\/\/mhf.ro\/mm\/wp-content\/uploads\/2021\/02\/vacanta-pens.jpg","contentUrl":"https:\/\/mhf.ro\/mm\/wp-content\/uploads\/2021\/02\/vacanta-pens.jpg","width":763,"height":445},{"@type":"BreadcrumbList","@id":"https:\/\/mhf.ro\/mm\/pensiile-cresc-in-2022-fara-vouchere-de-vacanta-in-2021\/#breadcrumb","itemListElement":[{"@type":"ListItem","position":1,"name":"Prima pagin\u0103","item":"https:\/\/mhf.ro\/mm\/"},{"@type":"ListItem","position":2,"name":"Pensiile cresc \u00een 2022\/F\u0103r\u0103 vouchere de vacan\u021b\u0103 \u00een 2021"}]},{"@type":"WebSite","@id":"https:\/\/mhf.ro\/mm\/#website","url":"https:\/\/mhf.ro\/mm\/","name":"MHF Photography \u2013 Blog de fotografie, natur\u0103 \u0219i tehnic\u0103 divers\u0103","description":"Aventur\u0103 \u00een fiecare cadru.","publisher":{"@id":"https:\/\/mhf.ro\/mm\/#\/schema\/person\/a3bebf7bdb4bf12f698aff73c7e46c21"},"potentialAction":[{"@type":"SearchAction","target":{"@type":"EntryPoint","urlTemplate":"https:\/\/mhf.ro\/mm\/?s={search_term_string}"},"query-input":{"@type":"PropertyValueSpecification","valueRequired":true,"valueName":"search_term_string"}}],"inLanguage":"ro-RO"},{"@type":["Person","Organization"],"@id":"https:\/\/mhf.ro\/mm\/#\/schema\/person\/a3bebf7bdb4bf12f698aff73c7e46c21","name":"Marius Marcu","image":{"@type":"ImageObject","inLanguage":"ro-RO","@id":"https:\/\/mhf.ro\/mm\/#\/schema\/person\/image\/","url":"https:\/\/mhf.ro\/mm\/wp-content\/uploads\/2025\/12\/cropped-logo_mhf_2.png","contentUrl":"https:\/\/mhf.ro\/mm\/wp-content\/uploads\/2025\/12\/cropped-logo_mhf_2.png","width":1096,"height":457,"caption":"Marius Marcu"},"logo":{"@id":"https:\/\/mhf.ro\/mm\/#\/schema\/person\/image\/"},"sameAs":["https:\/\/mhf.ro\/mm"],"url":"https:\/\/mhf.ro\/mm\/author\/mihai\/"}]}},"_links":{"self":[{"href":"https:\/\/mhf.ro\/mm\/wp-json\/wp\/v2\/posts\/3892","targetHints":{"allow":["GET"]}}],"collection":[{"href":"https:\/\/mhf.ro\/mm\/wp-json\/wp\/v2\/posts"}],"about":[{"href":"https:\/\/mhf.ro\/mm\/wp-json\/wp\/v2\/types\/post"}],"author":[{"embeddable":true,"href":"https:\/\/mhf.ro\/mm\/wp-json\/wp\/v2\/users\/1"}],"replies":[{"embeddable":true,"href":"https:\/\/mhf.ro\/mm\/wp-json\/wp\/v2\/comments?post=3892"}],"version-history":[{"count":1,"href":"https:\/\/mhf.ro\/mm\/wp-json\/wp\/v2\/posts\/3892\/revisions"}],"predecessor-version":[{"id":3894,"href":"https:\/\/mhf.ro\/mm\/wp-json\/wp\/v2\/posts\/3892\/revisions\/3894"}],"wp:featuredmedia":[{"embeddable":true,"href":"https:\/\/mhf.ro\/mm\/wp-json\/wp\/v2\/media\/3893"}],"wp:attachment":[{"href":"https:\/\/mhf.ro\/mm\/wp-json\/wp\/v2\/media?parent=3892"}],"wp:term":[{"taxonomy":"category","embeddable":true,"href":"https:\/\/mhf.ro\/mm\/wp-json\/wp\/v2\/categories?post=3892"},{"taxonomy":"post_tag","embeddable":true,"href":"https:\/\/mhf.ro\/mm\/wp-json\/wp\/v2\/tags?post=3892"}],"curies":[{"name":"wp","href":"https:\/\/api.w.org\/{rel}","templated":true}]}}