{"id":3898,"date":"2021-02-09T08:18:22","date_gmt":"2021-02-09T06:18:22","guid":{"rendered":"https:\/\/mhf.ro\/mm\/?p=3898"},"modified":"2021-02-09T08:18:22","modified_gmt":"2021-02-09T06:18:22","slug":"spital-modular-de-13-milioane-euro-inchis","status":"publish","type":"post","link":"https:\/\/mhf.ro\/mm\/spital-modular-de-13-milioane-euro-inchis\/","title":{"rendered":"Spital modular de 13 milioane euro, \u00eenchis"},"content":{"rendered":"<p>Spitalul modular Le\u021bcani din Ia\u0219i a fost \u00eenchis. \u00cen urma unui control demarat de Ministerul S\u0103n\u0103t\u0103\u021bii, la spitalul pentru care s-au cheltuit 13 milioane de euro au fost g\u0103site mai multe nereguli. Raportul controlului scoate la iveal\u0103 faptul c\u0103 eliberarea autoriza\u021biilor sanitare de func\u021bionare s-a realizat \u00een mod ilegal, f\u0103r\u0103 evaluarea\/verificarea corespunz\u0103toare a tuturor condi\u021biilor care trebuiau \u00eendeplinite, f\u0103r\u0103 consemnarea disfunc\u021bionalit\u0103\u021bilor \u0219i f\u0103r\u0103 emiterea unui program de conformare.<\/p>\n<p>\u00cen contextul tragediilor de la Piatra Neam\u021b \u0219i Matei Bal\u0219, s-a luat decizia ca spitalul Le\u021bcani s\u0103 fie \u00eenchis momentan, transmite pre\u0219edintele CJ, Costel Alexe.<\/p>\n<p>\u201eNu ne putem permite s\u0103 facem \u00een anul 2021 medicin\u0103 cu improviza\u021bii. Avem, din p\u0103cate, prea multe exemple recente c\u00e2nd pre\u021bul pl\u0103tit pentru folosirea improviza\u021biilor au fost vie\u021bile omene\u0219ti. Nu vreau s\u0103 risc\u0103m nicio clip\u0103 s\u0103 punem \u00een pericol pacien\u021bii \u0219i medicii din cauza \u201epoliticii c\u00e2rpelilor\u201d pe care vechea administra\u021bie a abordat-o cu spitalul de Le\u021bcani\u201d, a declarat, potrivit comunicatului, Costel Alexe.<\/p>\n<p>Acesta a precizat c\u0103 va solicita Corpului de Control al primului-ministru s\u0103 demareze un proces de verificare complet\u0103 a legalit\u0103\u021bii achizi\u021biei spitalului modular.<\/p>\n<p>Spitalul modular de la Le\u021bcani a fost achizi\u021bionat cu fonduri de la consiliile jude\u021bene din Ia\u0219i \u0219i Neam\u021b. CJ Ia\u0219i a finan\u021bat investi\u021bia cu 10 milioane de euro, iar CJ Neam\u021b a contribuit cu 3 milioane de euro, potrivit Agerpres.<\/p>\n<p>\u00cen urma controlului au fost dispuse 31 de m\u0103suri pentru remedierea aspectelor disfunc\u021bionale, m\u0103suri care cad \u00een sarcina Spitalului de Boli Infec\u021bioase, a Asocia\u021biei Euronest \u0219i a Direc\u021biei de S\u0103n\u0103tate Public\u0103 Ia\u0219i.<\/p>\n<p style=\"text-align: right;\">(conf. jurnalist.ro)<\/p>\n","protected":false},"excerpt":{"rendered":"<p>Spitalul modular Le\u021bcani din Ia\u0219i a fost \u00eenchis. \u00cen urma unui control demarat de Ministerul S\u0103n\u0103t\u0103\u021bii, la spitalul pentru care<\/p>\n","protected":false},"author":1,"featured_media":3899,"comment_status":"open","ping_status":"open","sticky":false,"template":"","format":"standard","meta":{"colormag_page_container_layout":"default_layout","colormag_page_sidebar_layout":"default_layout","footnotes":""},"categories":[8],"tags":[],"class_list":["post-3898","post","type-post","status-publish","format-standard","has-post-thumbnail","hentry","category-div"],"yoast_head":"<!-- This site is optimized with the Yoast SEO plugin v27.0 - https:\/\/yoast.com\/product\/yoast-seo-wordpress\/ -->\n<title>Spital modular de 13 milioane euro, \u00eenchis - MHF Photography<\/title>\n<meta name=\"robots\" content=\"index, follow, max-snippet:-1, max-image-preview:large, max-video-preview:-1\" \/>\n<link rel=\"canonical\" href=\"https:\/\/mhf.ro\/mm\/spital-modular-de-13-milioane-euro-inchis\/\" \/>\n<meta property=\"og:locale\" content=\"ro_RO\" \/>\n<meta property=\"og:type\" content=\"article\" \/>\n<meta property=\"og:title\" content=\"Spital modular de 13 milioane euro, \u00eenchis - MHF Photography\" \/>\n<meta property=\"og:description\" content=\"Spitalul modular Le\u021bcani din Ia\u0219i a fost \u00eenchis. \u00cen urma unui control demarat de Ministerul S\u0103n\u0103t\u0103\u021bii, la spitalul pentru care\" \/>\n<meta property=\"og:url\" content=\"https:\/\/mhf.ro\/mm\/spital-modular-de-13-milioane-euro-inchis\/\" \/>\n<meta property=\"og:site_name\" content=\"MHF Photography\" \/>\n<meta property=\"article:published_time\" content=\"2021-02-09T06:18:22+00:00\" \/>\n<meta property=\"og:image\" content=\"https:\/\/mhf.ro\/mm\/wp-content\/uploads\/2021\/02\/spital_mobil_letcani_iasi-7.jpeg\" \/>\n\t<meta property=\"og:image:width\" content=\"791\" \/>\n\t<meta property=\"og:image:height\" content=\"445\" \/>\n\t<meta property=\"og:image:type\" content=\"image\/jpeg\" \/>\n<meta name=\"author\" content=\"Marius Marcu\" \/>\n<meta name=\"twitter:card\" content=\"summary_large_image\" \/>\n<meta name=\"twitter:label1\" content=\"Scris de\" \/>\n\t<meta name=\"twitter:data1\" content=\"Marius Marcu\" \/>\n\t<meta name=\"twitter:label2\" content=\"Timp estimat pentru citire\" \/>\n\t<meta name=\"twitter:data2\" content=\"2 minute\" \/>\n<script type=\"application\/ld+json\" class=\"yoast-schema-graph\">{\"@context\":\"https:\/\/schema.org\",\"@graph\":[{\"@type\":\"Article\",\"@id\":\"https:\/\/mhf.ro\/mm\/spital-modular-de-13-milioane-euro-inchis\/#article\",\"isPartOf\":{\"@id\":\"https:\/\/mhf.ro\/mm\/spital-modular-de-13-milioane-euro-inchis\/\"},\"author\":{\"name\":\"Marius Marcu\",\"@id\":\"https:\/\/mhf.ro\/mm\/#\/schema\/person\/a3bebf7bdb4bf12f698aff73c7e46c21\"},\"headline\":\"Spital modular de 13 milioane euro, \u00eenchis\",\"datePublished\":\"2021-02-09T06:18:22+00:00\",\"mainEntityOfPage\":{\"@id\":\"https:\/\/mhf.ro\/mm\/spital-modular-de-13-milioane-euro-inchis\/\"},\"wordCount\":303,\"commentCount\":0,\"publisher\":{\"@id\":\"https:\/\/mhf.ro\/mm\/#\/schema\/person\/a3bebf7bdb4bf12f698aff73c7e46c21\"},\"image\":{\"@id\":\"https:\/\/mhf.ro\/mm\/spital-modular-de-13-milioane-euro-inchis\/#primaryimage\"},\"thumbnailUrl\":\"https:\/\/mhf.ro\/mm\/wp-content\/uploads\/2021\/02\/spital_mobil_letcani_iasi-7.jpeg\",\"articleSection\":[\"Diverse\"],\"inLanguage\":\"ro-RO\",\"potentialAction\":[{\"@type\":\"CommentAction\",\"name\":\"Comment\",\"target\":[\"https:\/\/mhf.ro\/mm\/spital-modular-de-13-milioane-euro-inchis\/#respond\"]}]},{\"@type\":\"WebPage\",\"@id\":\"https:\/\/mhf.ro\/mm\/spital-modular-de-13-milioane-euro-inchis\/\",\"url\":\"https:\/\/mhf.ro\/mm\/spital-modular-de-13-milioane-euro-inchis\/\",\"name\":\"Spital modular de 13 milioane euro, \u00eenchis - MHF Photography\",\"isPartOf\":{\"@id\":\"https:\/\/mhf.ro\/mm\/#website\"},\"primaryImageOfPage\":{\"@id\":\"https:\/\/mhf.ro\/mm\/spital-modular-de-13-milioane-euro-inchis\/#primaryimage\"},\"image\":{\"@id\":\"https:\/\/mhf.ro\/mm\/spital-modular-de-13-milioane-euro-inchis\/#primaryimage\"},\"thumbnailUrl\":\"https:\/\/mhf.ro\/mm\/wp-content\/uploads\/2021\/02\/spital_mobil_letcani_iasi-7.jpeg\",\"datePublished\":\"2021-02-09T06:18:22+00:00\",\"breadcrumb\":{\"@id\":\"https:\/\/mhf.ro\/mm\/spital-modular-de-13-milioane-euro-inchis\/#breadcrumb\"},\"inLanguage\":\"ro-RO\",\"potentialAction\":[{\"@type\":\"ReadAction\",\"target\":[\"https:\/\/mhf.ro\/mm\/spital-modular-de-13-milioane-euro-inchis\/\"]}]},{\"@type\":\"ImageObject\",\"inLanguage\":\"ro-RO\",\"@id\":\"https:\/\/mhf.ro\/mm\/spital-modular-de-13-milioane-euro-inchis\/#primaryimage\",\"url\":\"https:\/\/mhf.ro\/mm\/wp-content\/uploads\/2021\/02\/spital_mobil_letcani_iasi-7.jpeg\",\"contentUrl\":\"https:\/\/mhf.ro\/mm\/wp-content\/uploads\/2021\/02\/spital_mobil_letcani_iasi-7.jpeg\",\"width\":791,\"height\":445},{\"@type\":\"BreadcrumbList\",\"@id\":\"https:\/\/mhf.ro\/mm\/spital-modular-de-13-milioane-euro-inchis\/#breadcrumb\",\"itemListElement\":[{\"@type\":\"ListItem\",\"position\":1,\"name\":\"Prima pagin\u0103\",\"item\":\"https:\/\/mhf.ro\/mm\/\"},{\"@type\":\"ListItem\",\"position\":2,\"name\":\"Spital modular de 13 milioane euro, \u00eenchis\"}]},{\"@type\":\"WebSite\",\"@id\":\"https:\/\/mhf.ro\/mm\/#website\",\"url\":\"https:\/\/mhf.ro\/mm\/\",\"name\":\"MHF Photography \u2013 Blog de fotografie, natur\u0103 \u0219i tehnic\u0103 divers\u0103\",\"description\":\"Aventur\u0103 \u00een fiecare cadru.\",\"publisher\":{\"@id\":\"https:\/\/mhf.ro\/mm\/#\/schema\/person\/a3bebf7bdb4bf12f698aff73c7e46c21\"},\"potentialAction\":[{\"@type\":\"SearchAction\",\"target\":{\"@type\":\"EntryPoint\",\"urlTemplate\":\"https:\/\/mhf.ro\/mm\/?s={search_term_string}\"},\"query-input\":{\"@type\":\"PropertyValueSpecification\",\"valueRequired\":true,\"valueName\":\"search_term_string\"}}],\"inLanguage\":\"ro-RO\"},{\"@type\":[\"Person\",\"Organization\"],\"@id\":\"https:\/\/mhf.ro\/mm\/#\/schema\/person\/a3bebf7bdb4bf12f698aff73c7e46c21\",\"name\":\"Marius Marcu\",\"image\":{\"@type\":\"ImageObject\",\"inLanguage\":\"ro-RO\",\"@id\":\"https:\/\/mhf.ro\/mm\/#\/schema\/person\/image\/\",\"url\":\"https:\/\/mhf.ro\/mm\/wp-content\/uploads\/2025\/12\/cropped-logo_mhf_2.png\",\"contentUrl\":\"https:\/\/mhf.ro\/mm\/wp-content\/uploads\/2025\/12\/cropped-logo_mhf_2.png\",\"width\":1096,\"height\":457,\"caption\":\"Marius Marcu\"},\"logo\":{\"@id\":\"https:\/\/mhf.ro\/mm\/#\/schema\/person\/image\/\"},\"sameAs\":[\"https:\/\/mhf.ro\/mm\"],\"url\":\"https:\/\/mhf.ro\/mm\/author\/mihai\/\"}]}<\/script>\n<!-- \/ Yoast SEO plugin. -->","yoast_head_json":{"title":"Spital modular de 13 milioane euro, \u00eenchis - MHF Photography","robots":{"index":"index","follow":"follow","max-snippet":"max-snippet:-1","max-image-preview":"max-image-preview:large","max-video-preview":"max-video-preview:-1"},"canonical":"https:\/\/mhf.ro\/mm\/spital-modular-de-13-milioane-euro-inchis\/","og_locale":"ro_RO","og_type":"article","og_title":"Spital modular de 13 milioane euro, \u00eenchis - MHF Photography","og_description":"Spitalul modular Le\u021bcani din Ia\u0219i a fost \u00eenchis. \u00cen urma unui control demarat de Ministerul S\u0103n\u0103t\u0103\u021bii, la spitalul pentru care","og_url":"https:\/\/mhf.ro\/mm\/spital-modular-de-13-milioane-euro-inchis\/","og_site_name":"MHF Photography","article_published_time":"2021-02-09T06:18:22+00:00","og_image":[{"width":791,"height":445,"url":"https:\/\/mhf.ro\/mm\/wp-content\/uploads\/2021\/02\/spital_mobil_letcani_iasi-7.jpeg","type":"image\/jpeg"}],"author":"Marius Marcu","twitter_card":"summary_large_image","twitter_misc":{"Scris de":"Marius Marcu","Timp estimat pentru citire":"2 minute"},"schema":{"@context":"https:\/\/schema.org","@graph":[{"@type":"Article","@id":"https:\/\/mhf.ro\/mm\/spital-modular-de-13-milioane-euro-inchis\/#article","isPartOf":{"@id":"https:\/\/mhf.ro\/mm\/spital-modular-de-13-milioane-euro-inchis\/"},"author":{"name":"Marius Marcu","@id":"https:\/\/mhf.ro\/mm\/#\/schema\/person\/a3bebf7bdb4bf12f698aff73c7e46c21"},"headline":"Spital modular de 13 milioane euro, \u00eenchis","datePublished":"2021-02-09T06:18:22+00:00","mainEntityOfPage":{"@id":"https:\/\/mhf.ro\/mm\/spital-modular-de-13-milioane-euro-inchis\/"},"wordCount":303,"commentCount":0,"publisher":{"@id":"https:\/\/mhf.ro\/mm\/#\/schema\/person\/a3bebf7bdb4bf12f698aff73c7e46c21"},"image":{"@id":"https:\/\/mhf.ro\/mm\/spital-modular-de-13-milioane-euro-inchis\/#primaryimage"},"thumbnailUrl":"https:\/\/mhf.ro\/mm\/wp-content\/uploads\/2021\/02\/spital_mobil_letcani_iasi-7.jpeg","articleSection":["Diverse"],"inLanguage":"ro-RO","potentialAction":[{"@type":"CommentAction","name":"Comment","target":["https:\/\/mhf.ro\/mm\/spital-modular-de-13-milioane-euro-inchis\/#respond"]}]},{"@type":"WebPage","@id":"https:\/\/mhf.ro\/mm\/spital-modular-de-13-milioane-euro-inchis\/","url":"https:\/\/mhf.ro\/mm\/spital-modular-de-13-milioane-euro-inchis\/","name":"Spital modular de 13 milioane euro, \u00eenchis - MHF Photography","isPartOf":{"@id":"https:\/\/mhf.ro\/mm\/#website"},"primaryImageOfPage":{"@id":"https:\/\/mhf.ro\/mm\/spital-modular-de-13-milioane-euro-inchis\/#primaryimage"},"image":{"@id":"https:\/\/mhf.ro\/mm\/spital-modular-de-13-milioane-euro-inchis\/#primaryimage"},"thumbnailUrl":"https:\/\/mhf.ro\/mm\/wp-content\/uploads\/2021\/02\/spital_mobil_letcani_iasi-7.jpeg","datePublished":"2021-02-09T06:18:22+00:00","breadcrumb":{"@id":"https:\/\/mhf.ro\/mm\/spital-modular-de-13-milioane-euro-inchis\/#breadcrumb"},"inLanguage":"ro-RO","potentialAction":[{"@type":"ReadAction","target":["https:\/\/mhf.ro\/mm\/spital-modular-de-13-milioane-euro-inchis\/"]}]},{"@type":"ImageObject","inLanguage":"ro-RO","@id":"https:\/\/mhf.ro\/mm\/spital-modular-de-13-milioane-euro-inchis\/#primaryimage","url":"https:\/\/mhf.ro\/mm\/wp-content\/uploads\/2021\/02\/spital_mobil_letcani_iasi-7.jpeg","contentUrl":"https:\/\/mhf.ro\/mm\/wp-content\/uploads\/2021\/02\/spital_mobil_letcani_iasi-7.jpeg","width":791,"height":445},{"@type":"BreadcrumbList","@id":"https:\/\/mhf.ro\/mm\/spital-modular-de-13-milioane-euro-inchis\/#breadcrumb","itemListElement":[{"@type":"ListItem","position":1,"name":"Prima pagin\u0103","item":"https:\/\/mhf.ro\/mm\/"},{"@type":"ListItem","position":2,"name":"Spital modular de 13 milioane euro, \u00eenchis"}]},{"@type":"WebSite","@id":"https:\/\/mhf.ro\/mm\/#website","url":"https:\/\/mhf.ro\/mm\/","name":"MHF Photography \u2013 Blog de fotografie, natur\u0103 \u0219i tehnic\u0103 divers\u0103","description":"Aventur\u0103 \u00een fiecare cadru.","publisher":{"@id":"https:\/\/mhf.ro\/mm\/#\/schema\/person\/a3bebf7bdb4bf12f698aff73c7e46c21"},"potentialAction":[{"@type":"SearchAction","target":{"@type":"EntryPoint","urlTemplate":"https:\/\/mhf.ro\/mm\/?s={search_term_string}"},"query-input":{"@type":"PropertyValueSpecification","valueRequired":true,"valueName":"search_term_string"}}],"inLanguage":"ro-RO"},{"@type":["Person","Organization"],"@id":"https:\/\/mhf.ro\/mm\/#\/schema\/person\/a3bebf7bdb4bf12f698aff73c7e46c21","name":"Marius Marcu","image":{"@type":"ImageObject","inLanguage":"ro-RO","@id":"https:\/\/mhf.ro\/mm\/#\/schema\/person\/image\/","url":"https:\/\/mhf.ro\/mm\/wp-content\/uploads\/2025\/12\/cropped-logo_mhf_2.png","contentUrl":"https:\/\/mhf.ro\/mm\/wp-content\/uploads\/2025\/12\/cropped-logo_mhf_2.png","width":1096,"height":457,"caption":"Marius Marcu"},"logo":{"@id":"https:\/\/mhf.ro\/mm\/#\/schema\/person\/image\/"},"sameAs":["https:\/\/mhf.ro\/mm"],"url":"https:\/\/mhf.ro\/mm\/author\/mihai\/"}]}},"_links":{"self":[{"href":"https:\/\/mhf.ro\/mm\/wp-json\/wp\/v2\/posts\/3898","targetHints":{"allow":["GET"]}}],"collection":[{"href":"https:\/\/mhf.ro\/mm\/wp-json\/wp\/v2\/posts"}],"about":[{"href":"https:\/\/mhf.ro\/mm\/wp-json\/wp\/v2\/types\/post"}],"author":[{"embeddable":true,"href":"https:\/\/mhf.ro\/mm\/wp-json\/wp\/v2\/users\/1"}],"replies":[{"embeddable":true,"href":"https:\/\/mhf.ro\/mm\/wp-json\/wp\/v2\/comments?post=3898"}],"version-history":[{"count":1,"href":"https:\/\/mhf.ro\/mm\/wp-json\/wp\/v2\/posts\/3898\/revisions"}],"predecessor-version":[{"id":3900,"href":"https:\/\/mhf.ro\/mm\/wp-json\/wp\/v2\/posts\/3898\/revisions\/3900"}],"wp:featuredmedia":[{"embeddable":true,"href":"https:\/\/mhf.ro\/mm\/wp-json\/wp\/v2\/media\/3899"}],"wp:attachment":[{"href":"https:\/\/mhf.ro\/mm\/wp-json\/wp\/v2\/media?parent=3898"}],"wp:term":[{"taxonomy":"category","embeddable":true,"href":"https:\/\/mhf.ro\/mm\/wp-json\/wp\/v2\/categories?post=3898"},{"taxonomy":"post_tag","embeddable":true,"href":"https:\/\/mhf.ro\/mm\/wp-json\/wp\/v2\/tags?post=3898"}],"curies":[{"name":"wp","href":"https:\/\/api.w.org\/{rel}","templated":true}]}}