{"id":3941,"date":"2021-02-09T16:47:48","date_gmt":"2021-02-09T14:47:48","guid":{"rendered":"https:\/\/mhf.ro\/mm\/?p=3941"},"modified":"2021-02-09T16:58:33","modified_gmt":"2021-02-09T14:58:33","slug":"3941-2","status":"publish","type":"post","link":"https:\/\/mhf.ro\/mm\/3941-2\/","title":{"rendered":"Tratament cu ceai de mu\u0219e\u021bel &#8211; remediu natural"},"content":{"rendered":"<p><b>Mu\u0219e\u021belul<\/b> (<i>Matricaria recutita<\/i>, denumit \u0219i <b>romani\u021b\u0103<\/b>, <b>m\u0103trice<\/b>, <b>m\u0103tricea<\/b>, <b>morun\u0103<\/b>, <b>roman<\/b>, <b>romonel<\/b> sau prin Transilvania <b>rom\u00e2nic\u0103<\/b>) este o plant\u0103 erbacee anual\u0103, medicinal\u0103, din familia Asteraceae, cu frunze divizate \u0219i cu flori grupate \u00een capitule terminale. Urm\u0103toarele denumiri sunt sinonime pentru mu\u0219e\u021bel: <i>Chamomilla chamomilla<\/i>, <i>Chamomilla recutita<\/i> (nume acceptate \u00een conformitate cu Flora Europei), <i>Matricaria chamomilla<\/i>, \u0219i <i>Matricaria suaveolens<\/i>.<\/p>\n<p><a href=\"https:\/\/mhf.ro\/mm\/wp-content\/uploads\/2021\/02\/Matricaria_recutita_-_Kohler\u2013s_Medizinal-Pflanzen-091.jpg\"><img fetchpriority=\"high\" decoding=\"async\" class=\"wp-image-3942 aligncenter\" src=\"https:\/\/mhf.ro\/mm\/wp-content\/uploads\/2021\/02\/Matricaria_recutita_-_Kohler\u2013s_Medizinal-Pflanzen-091-150x150.jpg\" alt=\"\" width=\"200\" height=\"265\" srcset=\"https:\/\/mhf.ro\/mm\/wp-content\/uploads\/2021\/02\/Matricaria_recutita_-_Kohler\u2013s_Medizinal-Pflanzen-091-226x300.jpg 226w, https:\/\/mhf.ro\/mm\/wp-content\/uploads\/2021\/02\/Matricaria_recutita_-_Kohler\u2013s_Medizinal-Pflanzen-091-773x1024.jpg 773w, https:\/\/mhf.ro\/mm\/wp-content\/uploads\/2021\/02\/Matricaria_recutita_-_Kohler\u2013s_Medizinal-Pflanzen-091-768x1018.jpg 768w, https:\/\/mhf.ro\/mm\/wp-content\/uploads\/2021\/02\/Matricaria_recutita_-_Kohler\u2013s_Medizinal-Pflanzen-091.jpg 800w\" sizes=\"(max-width: 200px) 100vw, 200px\" \/><\/a><\/p>\n<p>Mu\u0219e\u021belul este o plant\u0103 erbacee, anual\u0103, spontan\u0103, ating\u00e2nd o \u00een\u0103l\u021bime \u00eentre 20 \u0219i 60 cm. \u0219i mult ramificat\u0103, cu flori grupate \u00een capitule terminale. Marginea fiec\u0103rui capitul este ocupat\u0103 de flori albe, iar \u00een regiunea lui central\u0103 se g\u0103sesc numeroase flori tubuloase, galben-aurii. Receptaculul capitulului, plan la \u00eenceputul \u00eenfloririi devine conic \u0219i gol la interior, ceea ce permite deosebirea florilor de mu\u0219e\u021bel adev\u0103rat de florile recoltate de la specii \u00eenrudite dar care nu au propriet\u0103\u021bi terapeutice. Mu\u0219e\u021belul este o plant\u0103 originar\u0103 din sudul \u0219i sud-estul Europei, ast\u0103zi \u00eent\u00e2lnit\u0103 \u00een aproape \u00eentreaga lume. \u00cen Rom\u00e2nia, are o mare arie de r\u0103sp\u00e2ndire \u00eent\u00e2lnindu-se aproape peste tot, de la c\u00e2mpie unde apare masiv pe solurile s\u0103r\u0103turoase, p\u00e2n\u0103 \u00een toate locurile \u00eensorite \u0219i mai umede de pe l\u00e2ng\u0103 drumuri, c\u0103i ferate, paji\u0219ti, f\u00e2ne\u021be, cu predilec\u021bie pe solurile nisipoase u\u0219oare.\u00cenflore\u0219te \u00eencep\u00e2nd cu lunile aprilie-mai p\u00e2n\u0103 la sf\u00e2r\u0219itul lunii august, uneori \u00eenflore\u0219te \u0219i a doua oar\u0103 \u00een septembrie. Momentul cel mai prielnic pentru recoltare este atunci c\u00e2nd majoritatea inflorescen\u021belor au petalele marginale dispuse orizontal (<i>Flores Chamomillae<\/i>), \u00een aceast\u0103 faz\u0103 de \u00eenflorire, florile au cel mai mare con\u021binut \u00een ulei esen\u021bial. Recoltarea se face numai dup\u0103 ce s-a ridicat roua \u0219i numai pe timp \u00eensorit, de obicei o singur\u0103 dat\u0103 pe an, \u00een lunile mai-iulie.<\/p>\n<p>Planta are propriet\u0103\u021bi:<\/p>\n<ul>\n<li>antiinflamatoare<\/li>\n<li>antiseptice<\/li>\n<li>analgezice<\/li>\n<li>antihistaminice<\/li>\n<li>cicatrizante \u0219i gastrice<\/li>\n<li>ac\u021biune antiseptic\u0103 \u0219i decongestiv\u0103 anorectal<\/li>\n<li>tonic capilar<\/li>\n<\/ul>\n<p style=\"text-align: right;\">(sursa ro.wikipedia.org)<\/p>\n","protected":false},"excerpt":{"rendered":"<p>Mu\u0219e\u021belul (Matricaria recutita, denumit \u0219i romani\u021b\u0103, m\u0103trice, m\u0103tricea, morun\u0103, roman, romonel sau prin Transilvania rom\u00e2nic\u0103) este o plant\u0103 erbacee anual\u0103,<\/p>\n","protected":false},"author":1,"featured_media":3943,"comment_status":"open","ping_status":"open","sticky":false,"template":"","format":"standard","meta":{"colormag_page_container_layout":"default_layout","colormag_page_sidebar_layout":"default_layout","footnotes":""},"categories":[7],"tags":[],"class_list":["post-3941","post","type-post","status-publish","format-standard","has-post-thumbnail","hentry","category-nat"],"yoast_head":"<!-- This site is optimized with the Yoast SEO plugin v27.0 - https:\/\/yoast.com\/product\/yoast-seo-wordpress\/ -->\n<title>Tratament cu ceai de mu\u0219e\u021bel - remediu natural - MHF Photography<\/title>\n<meta name=\"description\" content=\"Mu\u0219e\u021belul este o plant\u0103 erbacee, anual\u0103, spontan\u0103, ating\u00e2nd o \u00een\u0103l\u021bime \u00eentre 20 \u0219i 60 cm. \u0219i mult ramificat\u0103, cu flori grupate \u00een capitule\" \/>\n<meta name=\"robots\" content=\"index, follow, max-snippet:-1, max-image-preview:large, max-video-preview:-1\" \/>\n<link rel=\"canonical\" href=\"https:\/\/mhf.ro\/mm\/3941-2\/\" \/>\n<meta property=\"og:locale\" content=\"ro_RO\" \/>\n<meta property=\"og:type\" content=\"article\" \/>\n<meta property=\"og:title\" content=\"Tratament cu ceai de mu\u0219e\u021bel - remediu natural - MHF Photography\" \/>\n<meta property=\"og:description\" content=\"Mu\u0219e\u021belul este o plant\u0103 erbacee, anual\u0103, spontan\u0103, ating\u00e2nd o \u00een\u0103l\u021bime \u00eentre 20 \u0219i 60 cm. \u0219i mult ramificat\u0103, cu flori grupate \u00een capitule\" \/>\n<meta property=\"og:url\" content=\"https:\/\/mhf.ro\/mm\/3941-2\/\" \/>\n<meta property=\"og:site_name\" content=\"MHF Photography\" \/>\n<meta property=\"article:published_time\" content=\"2021-02-09T14:47:48+00:00\" \/>\n<meta property=\"article:modified_time\" content=\"2021-02-09T14:58:33+00:00\" \/>\n<meta property=\"og:image\" content=\"https:\/\/mhf.ro\/mm\/wp-content\/uploads\/2021\/02\/Musetel_ceai.jpg\" \/>\n\t<meta property=\"og:image:width\" content=\"1280\" \/>\n\t<meta property=\"og:image:height\" content=\"856\" \/>\n\t<meta property=\"og:image:type\" content=\"image\/jpeg\" \/>\n<meta name=\"author\" content=\"Marius Marcu\" \/>\n<meta name=\"twitter:card\" content=\"summary_large_image\" \/>\n<meta name=\"twitter:label1\" content=\"Scris de\" \/>\n\t<meta name=\"twitter:data1\" content=\"Marius Marcu\" \/>\n\t<meta name=\"twitter:label2\" content=\"Timp estimat pentru citire\" \/>\n\t<meta name=\"twitter:data2\" content=\"2 minute\" \/>\n<script type=\"application\/ld+json\" class=\"yoast-schema-graph\">{\"@context\":\"https:\/\/schema.org\",\"@graph\":[{\"@type\":\"Article\",\"@id\":\"https:\/\/mhf.ro\/mm\/3941-2\/#article\",\"isPartOf\":{\"@id\":\"https:\/\/mhf.ro\/mm\/3941-2\/\"},\"author\":{\"name\":\"Marius Marcu\",\"@id\":\"https:\/\/mhf.ro\/mm\/#\/schema\/person\/a3bebf7bdb4bf12f698aff73c7e46c21\"},\"headline\":\"Tratament cu ceai de mu\u0219e\u021bel &#8211; remediu natural\",\"datePublished\":\"2021-02-09T14:47:48+00:00\",\"dateModified\":\"2021-02-09T14:58:33+00:00\",\"mainEntityOfPage\":{\"@id\":\"https:\/\/mhf.ro\/mm\/3941-2\/\"},\"wordCount\":344,\"commentCount\":0,\"publisher\":{\"@id\":\"https:\/\/mhf.ro\/mm\/#\/schema\/person\/a3bebf7bdb4bf12f698aff73c7e46c21\"},\"image\":{\"@id\":\"https:\/\/mhf.ro\/mm\/3941-2\/#primaryimage\"},\"thumbnailUrl\":\"https:\/\/mhf.ro\/mm\/wp-content\/uploads\/2021\/02\/Musetel_ceai.jpg\",\"articleSection\":[\"Natura\"],\"inLanguage\":\"ro-RO\",\"potentialAction\":[{\"@type\":\"CommentAction\",\"name\":\"Comment\",\"target\":[\"https:\/\/mhf.ro\/mm\/3941-2\/#respond\"]}]},{\"@type\":\"WebPage\",\"@id\":\"https:\/\/mhf.ro\/mm\/3941-2\/\",\"url\":\"https:\/\/mhf.ro\/mm\/3941-2\/\",\"name\":\"Tratament cu ceai de mu\u0219e\u021bel - remediu natural - MHF Photography\",\"isPartOf\":{\"@id\":\"https:\/\/mhf.ro\/mm\/#website\"},\"primaryImageOfPage\":{\"@id\":\"https:\/\/mhf.ro\/mm\/3941-2\/#primaryimage\"},\"image\":{\"@id\":\"https:\/\/mhf.ro\/mm\/3941-2\/#primaryimage\"},\"thumbnailUrl\":\"https:\/\/mhf.ro\/mm\/wp-content\/uploads\/2021\/02\/Musetel_ceai.jpg\",\"datePublished\":\"2021-02-09T14:47:48+00:00\",\"dateModified\":\"2021-02-09T14:58:33+00:00\",\"description\":\"Mu\u0219e\u021belul este o plant\u0103 erbacee, anual\u0103, spontan\u0103, ating\u00e2nd o \u00een\u0103l\u021bime \u00eentre 20 \u0219i 60 cm. \u0219i mult ramificat\u0103, cu flori grupate \u00een capitule\",\"breadcrumb\":{\"@id\":\"https:\/\/mhf.ro\/mm\/3941-2\/#breadcrumb\"},\"inLanguage\":\"ro-RO\",\"potentialAction\":[{\"@type\":\"ReadAction\",\"target\":[\"https:\/\/mhf.ro\/mm\/3941-2\/\"]}]},{\"@type\":\"ImageObject\",\"inLanguage\":\"ro-RO\",\"@id\":\"https:\/\/mhf.ro\/mm\/3941-2\/#primaryimage\",\"url\":\"https:\/\/mhf.ro\/mm\/wp-content\/uploads\/2021\/02\/Musetel_ceai.jpg\",\"contentUrl\":\"https:\/\/mhf.ro\/mm\/wp-content\/uploads\/2021\/02\/Musetel_ceai.jpg\",\"width\":1280,\"height\":856},{\"@type\":\"BreadcrumbList\",\"@id\":\"https:\/\/mhf.ro\/mm\/3941-2\/#breadcrumb\",\"itemListElement\":[{\"@type\":\"ListItem\",\"position\":1,\"name\":\"Prima pagin\u0103\",\"item\":\"https:\/\/mhf.ro\/mm\/\"},{\"@type\":\"ListItem\",\"position\":2,\"name\":\"Tratament cu ceai de mu\u0219e\u021bel &#8211; remediu natural\"}]},{\"@type\":\"WebSite\",\"@id\":\"https:\/\/mhf.ro\/mm\/#website\",\"url\":\"https:\/\/mhf.ro\/mm\/\",\"name\":\"MHF Photography \u2013 Blog de fotografie, natur\u0103 \u0219i tehnic\u0103 divers\u0103\",\"description\":\"Aventur\u0103 \u00een fiecare cadru.\",\"publisher\":{\"@id\":\"https:\/\/mhf.ro\/mm\/#\/schema\/person\/a3bebf7bdb4bf12f698aff73c7e46c21\"},\"potentialAction\":[{\"@type\":\"SearchAction\",\"target\":{\"@type\":\"EntryPoint\",\"urlTemplate\":\"https:\/\/mhf.ro\/mm\/?s={search_term_string}\"},\"query-input\":{\"@type\":\"PropertyValueSpecification\",\"valueRequired\":true,\"valueName\":\"search_term_string\"}}],\"inLanguage\":\"ro-RO\"},{\"@type\":[\"Person\",\"Organization\"],\"@id\":\"https:\/\/mhf.ro\/mm\/#\/schema\/person\/a3bebf7bdb4bf12f698aff73c7e46c21\",\"name\":\"Marius Marcu\",\"image\":{\"@type\":\"ImageObject\",\"inLanguage\":\"ro-RO\",\"@id\":\"https:\/\/mhf.ro\/mm\/#\/schema\/person\/image\/\",\"url\":\"https:\/\/mhf.ro\/mm\/wp-content\/uploads\/2025\/12\/cropped-logo_mhf_2.png\",\"contentUrl\":\"https:\/\/mhf.ro\/mm\/wp-content\/uploads\/2025\/12\/cropped-logo_mhf_2.png\",\"width\":1096,\"height\":457,\"caption\":\"Marius Marcu\"},\"logo\":{\"@id\":\"https:\/\/mhf.ro\/mm\/#\/schema\/person\/image\/\"},\"sameAs\":[\"https:\/\/mhf.ro\/mm\"],\"url\":\"https:\/\/mhf.ro\/mm\/author\/mihai\/\"}]}<\/script>\n<!-- \/ Yoast SEO plugin. -->","yoast_head_json":{"title":"Tratament cu ceai de mu\u0219e\u021bel - remediu natural - MHF Photography","description":"Mu\u0219e\u021belul este o plant\u0103 erbacee, anual\u0103, spontan\u0103, ating\u00e2nd o \u00een\u0103l\u021bime \u00eentre 20 \u0219i 60 cm. \u0219i mult ramificat\u0103, cu flori grupate \u00een capitule","robots":{"index":"index","follow":"follow","max-snippet":"max-snippet:-1","max-image-preview":"max-image-preview:large","max-video-preview":"max-video-preview:-1"},"canonical":"https:\/\/mhf.ro\/mm\/3941-2\/","og_locale":"ro_RO","og_type":"article","og_title":"Tratament cu ceai de mu\u0219e\u021bel - remediu natural - MHF Photography","og_description":"Mu\u0219e\u021belul este o plant\u0103 erbacee, anual\u0103, spontan\u0103, ating\u00e2nd o \u00een\u0103l\u021bime \u00eentre 20 \u0219i 60 cm. \u0219i mult ramificat\u0103, cu flori grupate \u00een capitule","og_url":"https:\/\/mhf.ro\/mm\/3941-2\/","og_site_name":"MHF Photography","article_published_time":"2021-02-09T14:47:48+00:00","article_modified_time":"2021-02-09T14:58:33+00:00","og_image":[{"width":1280,"height":856,"url":"https:\/\/mhf.ro\/mm\/wp-content\/uploads\/2021\/02\/Musetel_ceai.jpg","type":"image\/jpeg"}],"author":"Marius Marcu","twitter_card":"summary_large_image","twitter_misc":{"Scris de":"Marius Marcu","Timp estimat pentru citire":"2 minute"},"schema":{"@context":"https:\/\/schema.org","@graph":[{"@type":"Article","@id":"https:\/\/mhf.ro\/mm\/3941-2\/#article","isPartOf":{"@id":"https:\/\/mhf.ro\/mm\/3941-2\/"},"author":{"name":"Marius Marcu","@id":"https:\/\/mhf.ro\/mm\/#\/schema\/person\/a3bebf7bdb4bf12f698aff73c7e46c21"},"headline":"Tratament cu ceai de mu\u0219e\u021bel &#8211; remediu natural","datePublished":"2021-02-09T14:47:48+00:00","dateModified":"2021-02-09T14:58:33+00:00","mainEntityOfPage":{"@id":"https:\/\/mhf.ro\/mm\/3941-2\/"},"wordCount":344,"commentCount":0,"publisher":{"@id":"https:\/\/mhf.ro\/mm\/#\/schema\/person\/a3bebf7bdb4bf12f698aff73c7e46c21"},"image":{"@id":"https:\/\/mhf.ro\/mm\/3941-2\/#primaryimage"},"thumbnailUrl":"https:\/\/mhf.ro\/mm\/wp-content\/uploads\/2021\/02\/Musetel_ceai.jpg","articleSection":["Natura"],"inLanguage":"ro-RO","potentialAction":[{"@type":"CommentAction","name":"Comment","target":["https:\/\/mhf.ro\/mm\/3941-2\/#respond"]}]},{"@type":"WebPage","@id":"https:\/\/mhf.ro\/mm\/3941-2\/","url":"https:\/\/mhf.ro\/mm\/3941-2\/","name":"Tratament cu ceai de mu\u0219e\u021bel - remediu natural - MHF Photography","isPartOf":{"@id":"https:\/\/mhf.ro\/mm\/#website"},"primaryImageOfPage":{"@id":"https:\/\/mhf.ro\/mm\/3941-2\/#primaryimage"},"image":{"@id":"https:\/\/mhf.ro\/mm\/3941-2\/#primaryimage"},"thumbnailUrl":"https:\/\/mhf.ro\/mm\/wp-content\/uploads\/2021\/02\/Musetel_ceai.jpg","datePublished":"2021-02-09T14:47:48+00:00","dateModified":"2021-02-09T14:58:33+00:00","description":"Mu\u0219e\u021belul este o plant\u0103 erbacee, anual\u0103, spontan\u0103, ating\u00e2nd o \u00een\u0103l\u021bime \u00eentre 20 \u0219i 60 cm. \u0219i mult ramificat\u0103, cu flori grupate \u00een capitule","breadcrumb":{"@id":"https:\/\/mhf.ro\/mm\/3941-2\/#breadcrumb"},"inLanguage":"ro-RO","potentialAction":[{"@type":"ReadAction","target":["https:\/\/mhf.ro\/mm\/3941-2\/"]}]},{"@type":"ImageObject","inLanguage":"ro-RO","@id":"https:\/\/mhf.ro\/mm\/3941-2\/#primaryimage","url":"https:\/\/mhf.ro\/mm\/wp-content\/uploads\/2021\/02\/Musetel_ceai.jpg","contentUrl":"https:\/\/mhf.ro\/mm\/wp-content\/uploads\/2021\/02\/Musetel_ceai.jpg","width":1280,"height":856},{"@type":"BreadcrumbList","@id":"https:\/\/mhf.ro\/mm\/3941-2\/#breadcrumb","itemListElement":[{"@type":"ListItem","position":1,"name":"Prima pagin\u0103","item":"https:\/\/mhf.ro\/mm\/"},{"@type":"ListItem","position":2,"name":"Tratament cu ceai de mu\u0219e\u021bel &#8211; remediu natural"}]},{"@type":"WebSite","@id":"https:\/\/mhf.ro\/mm\/#website","url":"https:\/\/mhf.ro\/mm\/","name":"MHF Photography \u2013 Blog de fotografie, natur\u0103 \u0219i tehnic\u0103 divers\u0103","description":"Aventur\u0103 \u00een fiecare cadru.","publisher":{"@id":"https:\/\/mhf.ro\/mm\/#\/schema\/person\/a3bebf7bdb4bf12f698aff73c7e46c21"},"potentialAction":[{"@type":"SearchAction","target":{"@type":"EntryPoint","urlTemplate":"https:\/\/mhf.ro\/mm\/?s={search_term_string}"},"query-input":{"@type":"PropertyValueSpecification","valueRequired":true,"valueName":"search_term_string"}}],"inLanguage":"ro-RO"},{"@type":["Person","Organization"],"@id":"https:\/\/mhf.ro\/mm\/#\/schema\/person\/a3bebf7bdb4bf12f698aff73c7e46c21","name":"Marius Marcu","image":{"@type":"ImageObject","inLanguage":"ro-RO","@id":"https:\/\/mhf.ro\/mm\/#\/schema\/person\/image\/","url":"https:\/\/mhf.ro\/mm\/wp-content\/uploads\/2025\/12\/cropped-logo_mhf_2.png","contentUrl":"https:\/\/mhf.ro\/mm\/wp-content\/uploads\/2025\/12\/cropped-logo_mhf_2.png","width":1096,"height":457,"caption":"Marius Marcu"},"logo":{"@id":"https:\/\/mhf.ro\/mm\/#\/schema\/person\/image\/"},"sameAs":["https:\/\/mhf.ro\/mm"],"url":"https:\/\/mhf.ro\/mm\/author\/mihai\/"}]}},"_links":{"self":[{"href":"https:\/\/mhf.ro\/mm\/wp-json\/wp\/v2\/posts\/3941","targetHints":{"allow":["GET"]}}],"collection":[{"href":"https:\/\/mhf.ro\/mm\/wp-json\/wp\/v2\/posts"}],"about":[{"href":"https:\/\/mhf.ro\/mm\/wp-json\/wp\/v2\/types\/post"}],"author":[{"embeddable":true,"href":"https:\/\/mhf.ro\/mm\/wp-json\/wp\/v2\/users\/1"}],"replies":[{"embeddable":true,"href":"https:\/\/mhf.ro\/mm\/wp-json\/wp\/v2\/comments?post=3941"}],"version-history":[{"count":4,"href":"https:\/\/mhf.ro\/mm\/wp-json\/wp\/v2\/posts\/3941\/revisions"}],"predecessor-version":[{"id":3947,"href":"https:\/\/mhf.ro\/mm\/wp-json\/wp\/v2\/posts\/3941\/revisions\/3947"}],"wp:featuredmedia":[{"embeddable":true,"href":"https:\/\/mhf.ro\/mm\/wp-json\/wp\/v2\/media\/3943"}],"wp:attachment":[{"href":"https:\/\/mhf.ro\/mm\/wp-json\/wp\/v2\/media?parent=3941"}],"wp:term":[{"taxonomy":"category","embeddable":true,"href":"https:\/\/mhf.ro\/mm\/wp-json\/wp\/v2\/categories?post=3941"},{"taxonomy":"post_tag","embeddable":true,"href":"https:\/\/mhf.ro\/mm\/wp-json\/wp\/v2\/tags?post=3941"}],"curies":[{"name":"wp","href":"https:\/\/api.w.org\/{rel}","templated":true}]}}