{"id":3975,"date":"2021-02-10T08:29:59","date_gmt":"2021-02-10T06:29:59","guid":{"rendered":"https:\/\/mhf.ro\/mm\/?p=3975"},"modified":"2021-02-10T08:30:11","modified_gmt":"2021-02-10T06:30:11","slug":"viata-de-bugetar-in-concedii-cu-masinile-de-serviciu","status":"publish","type":"post","link":"https:\/\/mhf.ro\/mm\/viata-de-bugetar-in-concedii-cu-masinile-de-serviciu\/","title":{"rendered":"Via\u021b\u0103 de bugetar: \u00cen concedii cu ma\u0219inile de serviciu"},"content":{"rendered":"<p>\u0218efii din institu\u021biile bugetare le confund\u0103 cu propriile mo\u0219ii, iar bunurile acestora cu propriet\u0103\u021bile personale. Un exemplu concret vine din Bihor. Doi directori de la Centrul Jude\u021bean Bihor al Agen\u021biei de Pl\u0103\u021bi \u0219i Interven\u021bii \u00een Agricultur\u0103 (APIA) au plecat \u00een concediu cu ma\u0219inile din parcul auto al institu\u021biei. Unul dintre ei era \u00een izolare, acas\u0103, fiind infectat cu Covid-19, potrivit ebihoreanul.ro.<\/p>\n<p>\u201eConcret, un Duster era \u201eplecat\u201d \u00een concediu cu tot cu directorul adjunct Cristian C\u00e2mpean, iar un alt autoturism se ,,odihnea\u201d acas\u0103 la directorul executiv Ioan Grec, dup\u0103 ce acesta a fost confirmat cu Covid\u201d, scrie sursa citat\u0103.<\/p>\n<p>Centrul Jude\u021bean Bihor al Agen\u021biei de Pl\u0103\u021bi \u0219i Interven\u021bii \u00een Agricultur\u0103 are 18 ma\u0219ini.<\/p>\n<p style=\"text-align: right;\">(conf. <a href=\"https:\/\/jurnalist.ro\/viata-de-bugetar-in-concedii-cu-masinile-de-serviciu\/\">jurnalist.ro<\/a>)<\/p>\n<p style=\"text-align: right;\"><a href=\"https:\/\/riz.ro\/wp\/coloana-capitel-baza-din-polistiren\/\">Ornamente \u0219i decora\u021biuni din polistiren<\/a><\/p>\n","protected":false},"excerpt":{"rendered":"<p>\u0218efii din institu\u021biile bugetare le confund\u0103 cu propriile mo\u0219ii, iar bunurile acestora cu propriet\u0103\u021bile personale. Un exemplu concret vine din<\/p>\n","protected":false},"author":1,"featured_media":3976,"comment_status":"open","ping_status":"open","sticky":false,"template":"","format":"standard","meta":{"colormag_page_container_layout":"default_layout","colormag_page_sidebar_layout":"default_layout","footnotes":""},"categories":[8],"tags":[],"class_list":["post-3975","post","type-post","status-publish","format-standard","has-post-thumbnail","hentry","category-div"],"yoast_head":"<!-- This site is optimized with the Yoast SEO plugin v27.0 - https:\/\/yoast.com\/product\/yoast-seo-wordpress\/ -->\n<title>Via\u021b\u0103 de bugetar: \u00cen concedii cu ma\u0219inile de serviciu - MHF Photography<\/title>\n<meta name=\"description\" content=\"Doi directori de la Centrul Jude\u021bean Bihor al (APIA) au plecat \u00een concediu cu ma\u0219inile din parcul auto al institu\u021biei\" \/>\n<meta name=\"robots\" content=\"index, follow, max-snippet:-1, max-image-preview:large, max-video-preview:-1\" \/>\n<link rel=\"canonical\" href=\"https:\/\/mhf.ro\/mm\/viata-de-bugetar-in-concedii-cu-masinile-de-serviciu\/\" \/>\n<meta property=\"og:locale\" content=\"ro_RO\" \/>\n<meta property=\"og:type\" content=\"article\" \/>\n<meta property=\"og:title\" content=\"Via\u021b\u0103 de bugetar: \u00cen concedii cu ma\u0219inile de serviciu - MHF Photography\" \/>\n<meta property=\"og:description\" content=\"Doi directori de la Centrul Jude\u021bean Bihor al (APIA) au plecat \u00een concediu cu ma\u0219inile din parcul auto al institu\u021biei\" \/>\n<meta property=\"og:url\" content=\"https:\/\/mhf.ro\/mm\/viata-de-bugetar-in-concedii-cu-masinile-de-serviciu\/\" \/>\n<meta property=\"og:site_name\" content=\"MHF Photography\" \/>\n<meta property=\"article:published_time\" content=\"2021-02-10T06:29:59+00:00\" \/>\n<meta property=\"article:modified_time\" content=\"2021-02-10T06:30:11+00:00\" \/>\n<meta property=\"og:image\" content=\"https:\/\/mhf.ro\/mm\/wp-content\/uploads\/2021\/02\/apia-bihor-6.jpg\" \/>\n\t<meta property=\"og:image:width\" content=\"636\" \/>\n\t<meta property=\"og:image:height\" content=\"445\" \/>\n\t<meta property=\"og:image:type\" content=\"image\/jpeg\" \/>\n<meta name=\"author\" content=\"Marius Marcu\" \/>\n<meta name=\"twitter:card\" content=\"summary_large_image\" \/>\n<meta name=\"twitter:label1\" content=\"Scris de\" \/>\n\t<meta name=\"twitter:data1\" content=\"Marius Marcu\" \/>\n\t<meta name=\"twitter:label2\" content=\"Timp estimat pentru citire\" \/>\n\t<meta name=\"twitter:data2\" content=\"1 minut\" \/>\n<script type=\"application\/ld+json\" class=\"yoast-schema-graph\">{\"@context\":\"https:\/\/schema.org\",\"@graph\":[{\"@type\":\"Article\",\"@id\":\"https:\/\/mhf.ro\/mm\/viata-de-bugetar-in-concedii-cu-masinile-de-serviciu\/#article\",\"isPartOf\":{\"@id\":\"https:\/\/mhf.ro\/mm\/viata-de-bugetar-in-concedii-cu-masinile-de-serviciu\/\"},\"author\":{\"name\":\"Marius Marcu\",\"@id\":\"https:\/\/mhf.ro\/mm\/#\/schema\/person\/a3bebf7bdb4bf12f698aff73c7e46c21\"},\"headline\":\"Via\u021b\u0103 de bugetar: \u00cen concedii cu ma\u0219inile de serviciu\",\"datePublished\":\"2021-02-10T06:29:59+00:00\",\"dateModified\":\"2021-02-10T06:30:11+00:00\",\"mainEntityOfPage\":{\"@id\":\"https:\/\/mhf.ro\/mm\/viata-de-bugetar-in-concedii-cu-masinile-de-serviciu\/\"},\"wordCount\":146,\"commentCount\":0,\"publisher\":{\"@id\":\"https:\/\/mhf.ro\/mm\/#\/schema\/person\/a3bebf7bdb4bf12f698aff73c7e46c21\"},\"image\":{\"@id\":\"https:\/\/mhf.ro\/mm\/viata-de-bugetar-in-concedii-cu-masinile-de-serviciu\/#primaryimage\"},\"thumbnailUrl\":\"https:\/\/mhf.ro\/mm\/wp-content\/uploads\/2021\/02\/apia-bihor-6.jpg\",\"articleSection\":[\"Diverse\"],\"inLanguage\":\"ro-RO\",\"potentialAction\":[{\"@type\":\"CommentAction\",\"name\":\"Comment\",\"target\":[\"https:\/\/mhf.ro\/mm\/viata-de-bugetar-in-concedii-cu-masinile-de-serviciu\/#respond\"]}]},{\"@type\":\"WebPage\",\"@id\":\"https:\/\/mhf.ro\/mm\/viata-de-bugetar-in-concedii-cu-masinile-de-serviciu\/\",\"url\":\"https:\/\/mhf.ro\/mm\/viata-de-bugetar-in-concedii-cu-masinile-de-serviciu\/\",\"name\":\"Via\u021b\u0103 de bugetar: \u00cen concedii cu ma\u0219inile de serviciu - MHF Photography\",\"isPartOf\":{\"@id\":\"https:\/\/mhf.ro\/mm\/#website\"},\"primaryImageOfPage\":{\"@id\":\"https:\/\/mhf.ro\/mm\/viata-de-bugetar-in-concedii-cu-masinile-de-serviciu\/#primaryimage\"},\"image\":{\"@id\":\"https:\/\/mhf.ro\/mm\/viata-de-bugetar-in-concedii-cu-masinile-de-serviciu\/#primaryimage\"},\"thumbnailUrl\":\"https:\/\/mhf.ro\/mm\/wp-content\/uploads\/2021\/02\/apia-bihor-6.jpg\",\"datePublished\":\"2021-02-10T06:29:59+00:00\",\"dateModified\":\"2021-02-10T06:30:11+00:00\",\"description\":\"Doi directori de la Centrul Jude\u021bean Bihor al (APIA) au plecat \u00een concediu cu ma\u0219inile din parcul auto al institu\u021biei\",\"breadcrumb\":{\"@id\":\"https:\/\/mhf.ro\/mm\/viata-de-bugetar-in-concedii-cu-masinile-de-serviciu\/#breadcrumb\"},\"inLanguage\":\"ro-RO\",\"potentialAction\":[{\"@type\":\"ReadAction\",\"target\":[\"https:\/\/mhf.ro\/mm\/viata-de-bugetar-in-concedii-cu-masinile-de-serviciu\/\"]}]},{\"@type\":\"ImageObject\",\"inLanguage\":\"ro-RO\",\"@id\":\"https:\/\/mhf.ro\/mm\/viata-de-bugetar-in-concedii-cu-masinile-de-serviciu\/#primaryimage\",\"url\":\"https:\/\/mhf.ro\/mm\/wp-content\/uploads\/2021\/02\/apia-bihor-6.jpg\",\"contentUrl\":\"https:\/\/mhf.ro\/mm\/wp-content\/uploads\/2021\/02\/apia-bihor-6.jpg\",\"width\":636,\"height\":445},{\"@type\":\"BreadcrumbList\",\"@id\":\"https:\/\/mhf.ro\/mm\/viata-de-bugetar-in-concedii-cu-masinile-de-serviciu\/#breadcrumb\",\"itemListElement\":[{\"@type\":\"ListItem\",\"position\":1,\"name\":\"Prima pagin\u0103\",\"item\":\"https:\/\/mhf.ro\/mm\/\"},{\"@type\":\"ListItem\",\"position\":2,\"name\":\"Via\u021b\u0103 de bugetar: \u00cen concedii cu ma\u0219inile de serviciu\"}]},{\"@type\":\"WebSite\",\"@id\":\"https:\/\/mhf.ro\/mm\/#website\",\"url\":\"https:\/\/mhf.ro\/mm\/\",\"name\":\"MHF Photography \u2013 Blog de fotografie, natur\u0103 \u0219i tehnic\u0103 divers\u0103\",\"description\":\"Aventur\u0103 \u00een fiecare cadru.\",\"publisher\":{\"@id\":\"https:\/\/mhf.ro\/mm\/#\/schema\/person\/a3bebf7bdb4bf12f698aff73c7e46c21\"},\"potentialAction\":[{\"@type\":\"SearchAction\",\"target\":{\"@type\":\"EntryPoint\",\"urlTemplate\":\"https:\/\/mhf.ro\/mm\/?s={search_term_string}\"},\"query-input\":{\"@type\":\"PropertyValueSpecification\",\"valueRequired\":true,\"valueName\":\"search_term_string\"}}],\"inLanguage\":\"ro-RO\"},{\"@type\":[\"Person\",\"Organization\"],\"@id\":\"https:\/\/mhf.ro\/mm\/#\/schema\/person\/a3bebf7bdb4bf12f698aff73c7e46c21\",\"name\":\"Marius Marcu\",\"image\":{\"@type\":\"ImageObject\",\"inLanguage\":\"ro-RO\",\"@id\":\"https:\/\/mhf.ro\/mm\/#\/schema\/person\/image\/\",\"url\":\"https:\/\/mhf.ro\/mm\/wp-content\/uploads\/2025\/12\/cropped-logo_mhf_2.png\",\"contentUrl\":\"https:\/\/mhf.ro\/mm\/wp-content\/uploads\/2025\/12\/cropped-logo_mhf_2.png\",\"width\":1096,\"height\":457,\"caption\":\"Marius Marcu\"},\"logo\":{\"@id\":\"https:\/\/mhf.ro\/mm\/#\/schema\/person\/image\/\"},\"sameAs\":[\"https:\/\/mhf.ro\/mm\"],\"url\":\"https:\/\/mhf.ro\/mm\/author\/mihai\/\"}]}<\/script>\n<!-- \/ Yoast SEO plugin. -->","yoast_head_json":{"title":"Via\u021b\u0103 de bugetar: \u00cen concedii cu ma\u0219inile de serviciu - MHF Photography","description":"Doi directori de la Centrul Jude\u021bean Bihor al (APIA) au plecat \u00een concediu cu ma\u0219inile din parcul auto al institu\u021biei","robots":{"index":"index","follow":"follow","max-snippet":"max-snippet:-1","max-image-preview":"max-image-preview:large","max-video-preview":"max-video-preview:-1"},"canonical":"https:\/\/mhf.ro\/mm\/viata-de-bugetar-in-concedii-cu-masinile-de-serviciu\/","og_locale":"ro_RO","og_type":"article","og_title":"Via\u021b\u0103 de bugetar: \u00cen concedii cu ma\u0219inile de serviciu - MHF Photography","og_description":"Doi directori de la Centrul Jude\u021bean Bihor al (APIA) au plecat \u00een concediu cu ma\u0219inile din parcul auto al institu\u021biei","og_url":"https:\/\/mhf.ro\/mm\/viata-de-bugetar-in-concedii-cu-masinile-de-serviciu\/","og_site_name":"MHF Photography","article_published_time":"2021-02-10T06:29:59+00:00","article_modified_time":"2021-02-10T06:30:11+00:00","og_image":[{"width":636,"height":445,"url":"https:\/\/mhf.ro\/mm\/wp-content\/uploads\/2021\/02\/apia-bihor-6.jpg","type":"image\/jpeg"}],"author":"Marius Marcu","twitter_card":"summary_large_image","twitter_misc":{"Scris de":"Marius Marcu","Timp estimat pentru citire":"1 minut"},"schema":{"@context":"https:\/\/schema.org","@graph":[{"@type":"Article","@id":"https:\/\/mhf.ro\/mm\/viata-de-bugetar-in-concedii-cu-masinile-de-serviciu\/#article","isPartOf":{"@id":"https:\/\/mhf.ro\/mm\/viata-de-bugetar-in-concedii-cu-masinile-de-serviciu\/"},"author":{"name":"Marius Marcu","@id":"https:\/\/mhf.ro\/mm\/#\/schema\/person\/a3bebf7bdb4bf12f698aff73c7e46c21"},"headline":"Via\u021b\u0103 de bugetar: \u00cen concedii cu ma\u0219inile de serviciu","datePublished":"2021-02-10T06:29:59+00:00","dateModified":"2021-02-10T06:30:11+00:00","mainEntityOfPage":{"@id":"https:\/\/mhf.ro\/mm\/viata-de-bugetar-in-concedii-cu-masinile-de-serviciu\/"},"wordCount":146,"commentCount":0,"publisher":{"@id":"https:\/\/mhf.ro\/mm\/#\/schema\/person\/a3bebf7bdb4bf12f698aff73c7e46c21"},"image":{"@id":"https:\/\/mhf.ro\/mm\/viata-de-bugetar-in-concedii-cu-masinile-de-serviciu\/#primaryimage"},"thumbnailUrl":"https:\/\/mhf.ro\/mm\/wp-content\/uploads\/2021\/02\/apia-bihor-6.jpg","articleSection":["Diverse"],"inLanguage":"ro-RO","potentialAction":[{"@type":"CommentAction","name":"Comment","target":["https:\/\/mhf.ro\/mm\/viata-de-bugetar-in-concedii-cu-masinile-de-serviciu\/#respond"]}]},{"@type":"WebPage","@id":"https:\/\/mhf.ro\/mm\/viata-de-bugetar-in-concedii-cu-masinile-de-serviciu\/","url":"https:\/\/mhf.ro\/mm\/viata-de-bugetar-in-concedii-cu-masinile-de-serviciu\/","name":"Via\u021b\u0103 de bugetar: \u00cen concedii cu ma\u0219inile de serviciu - MHF Photography","isPartOf":{"@id":"https:\/\/mhf.ro\/mm\/#website"},"primaryImageOfPage":{"@id":"https:\/\/mhf.ro\/mm\/viata-de-bugetar-in-concedii-cu-masinile-de-serviciu\/#primaryimage"},"image":{"@id":"https:\/\/mhf.ro\/mm\/viata-de-bugetar-in-concedii-cu-masinile-de-serviciu\/#primaryimage"},"thumbnailUrl":"https:\/\/mhf.ro\/mm\/wp-content\/uploads\/2021\/02\/apia-bihor-6.jpg","datePublished":"2021-02-10T06:29:59+00:00","dateModified":"2021-02-10T06:30:11+00:00","description":"Doi directori de la Centrul Jude\u021bean Bihor al (APIA) au plecat \u00een concediu cu ma\u0219inile din parcul auto al institu\u021biei","breadcrumb":{"@id":"https:\/\/mhf.ro\/mm\/viata-de-bugetar-in-concedii-cu-masinile-de-serviciu\/#breadcrumb"},"inLanguage":"ro-RO","potentialAction":[{"@type":"ReadAction","target":["https:\/\/mhf.ro\/mm\/viata-de-bugetar-in-concedii-cu-masinile-de-serviciu\/"]}]},{"@type":"ImageObject","inLanguage":"ro-RO","@id":"https:\/\/mhf.ro\/mm\/viata-de-bugetar-in-concedii-cu-masinile-de-serviciu\/#primaryimage","url":"https:\/\/mhf.ro\/mm\/wp-content\/uploads\/2021\/02\/apia-bihor-6.jpg","contentUrl":"https:\/\/mhf.ro\/mm\/wp-content\/uploads\/2021\/02\/apia-bihor-6.jpg","width":636,"height":445},{"@type":"BreadcrumbList","@id":"https:\/\/mhf.ro\/mm\/viata-de-bugetar-in-concedii-cu-masinile-de-serviciu\/#breadcrumb","itemListElement":[{"@type":"ListItem","position":1,"name":"Prima pagin\u0103","item":"https:\/\/mhf.ro\/mm\/"},{"@type":"ListItem","position":2,"name":"Via\u021b\u0103 de bugetar: \u00cen concedii cu ma\u0219inile de serviciu"}]},{"@type":"WebSite","@id":"https:\/\/mhf.ro\/mm\/#website","url":"https:\/\/mhf.ro\/mm\/","name":"MHF Photography \u2013 Blog de fotografie, natur\u0103 \u0219i tehnic\u0103 divers\u0103","description":"Aventur\u0103 \u00een fiecare cadru.","publisher":{"@id":"https:\/\/mhf.ro\/mm\/#\/schema\/person\/a3bebf7bdb4bf12f698aff73c7e46c21"},"potentialAction":[{"@type":"SearchAction","target":{"@type":"EntryPoint","urlTemplate":"https:\/\/mhf.ro\/mm\/?s={search_term_string}"},"query-input":{"@type":"PropertyValueSpecification","valueRequired":true,"valueName":"search_term_string"}}],"inLanguage":"ro-RO"},{"@type":["Person","Organization"],"@id":"https:\/\/mhf.ro\/mm\/#\/schema\/person\/a3bebf7bdb4bf12f698aff73c7e46c21","name":"Marius Marcu","image":{"@type":"ImageObject","inLanguage":"ro-RO","@id":"https:\/\/mhf.ro\/mm\/#\/schema\/person\/image\/","url":"https:\/\/mhf.ro\/mm\/wp-content\/uploads\/2025\/12\/cropped-logo_mhf_2.png","contentUrl":"https:\/\/mhf.ro\/mm\/wp-content\/uploads\/2025\/12\/cropped-logo_mhf_2.png","width":1096,"height":457,"caption":"Marius Marcu"},"logo":{"@id":"https:\/\/mhf.ro\/mm\/#\/schema\/person\/image\/"},"sameAs":["https:\/\/mhf.ro\/mm"],"url":"https:\/\/mhf.ro\/mm\/author\/mihai\/"}]}},"_links":{"self":[{"href":"https:\/\/mhf.ro\/mm\/wp-json\/wp\/v2\/posts\/3975","targetHints":{"allow":["GET"]}}],"collection":[{"href":"https:\/\/mhf.ro\/mm\/wp-json\/wp\/v2\/posts"}],"about":[{"href":"https:\/\/mhf.ro\/mm\/wp-json\/wp\/v2\/types\/post"}],"author":[{"embeddable":true,"href":"https:\/\/mhf.ro\/mm\/wp-json\/wp\/v2\/users\/1"}],"replies":[{"embeddable":true,"href":"https:\/\/mhf.ro\/mm\/wp-json\/wp\/v2\/comments?post=3975"}],"version-history":[{"count":1,"href":"https:\/\/mhf.ro\/mm\/wp-json\/wp\/v2\/posts\/3975\/revisions"}],"predecessor-version":[{"id":3977,"href":"https:\/\/mhf.ro\/mm\/wp-json\/wp\/v2\/posts\/3975\/revisions\/3977"}],"wp:featuredmedia":[{"embeddable":true,"href":"https:\/\/mhf.ro\/mm\/wp-json\/wp\/v2\/media\/3976"}],"wp:attachment":[{"href":"https:\/\/mhf.ro\/mm\/wp-json\/wp\/v2\/media?parent=3975"}],"wp:term":[{"taxonomy":"category","embeddable":true,"href":"https:\/\/mhf.ro\/mm\/wp-json\/wp\/v2\/categories?post=3975"},{"taxonomy":"post_tag","embeddable":true,"href":"https:\/\/mhf.ro\/mm\/wp-json\/wp\/v2\/tags?post=3975"}],"curies":[{"name":"wp","href":"https:\/\/api.w.org\/{rel}","templated":true}]}}