{"id":3984,"date":"2021-02-10T10:00:11","date_gmt":"2021-02-10T08:00:11","guid":{"rendered":"https:\/\/mhf.ro\/mm\/?p=3984"},"modified":"2021-02-10T10:00:11","modified_gmt":"2021-02-10T08:00:11","slug":"gaura-mare-la-bugetul-tarii-vor-creste-taxele","status":"publish","type":"post","link":"https:\/\/mhf.ro\/mm\/gaura-mare-la-bugetul-tarii-vor-creste-taxele\/","title":{"rendered":"Gaur\u0103 mare la bugetul \u021b\u0103rii &#8211; vor creste taxele?"},"content":{"rendered":"<p>Dac\u0103 am \u00eenchis anul 2020 cu un deficit de 100 miliarde lei, adic\u0103 mai mult de 20 miliarde euro, anul acesta avem programat \u00een bugetul pe 2021, un deficit de 70 miliarde lei, adic\u0103 peste 14 miliarde euro. Statul \u00ee\u0219i propune s\u0103 \u00eemprumute 14 miliarde euro anul acesta.<\/p>\n<p>Situa\u021bia este foarte dificil\u0103. Pentru a ne \u00eencadra \u00een limita respectiv\u0103 , trebuie ca statul s\u0103 g\u0103seasc\u0103 resurse financiare noi \u0219i s\u0103 str\u00e2ng\u0103 cureaua. Cum se va realiza acest lucru? Probabil vom vedea austeritate, major\u0103ri de taxe, eventual chiar taxe noi.<\/p>\n<p>Ar mai fi o cale dar e cam dureroas\u0103 &#8211; <strong>eficientizare<\/strong>. Ar putea statul s\u0103 se eficientizeze? Acest lucru presupune disponibiliz\u0103ri, reducerea sau anularea multor sporuri, desfiin\u021barea multor companii prin care se sifoneaz\u0103 bani. Anularea pensiilor speciale \u0219i anularea multor alte privilegii.<\/p>\n<p style=\"text-align: left;\">\u00a0\u00a0 Banii europeni ar putea fi o solu\u021bie salvatoare, dar pentru accesarea fondurilor puse la dispozi\u021bia Rom\u00e2niei sunt necesare proiecte, proiecte pentru repornirea economiei. Aici ne lovim de alt zid construit \u00een decursul anilor, incompeten\u021ba! Bani europeni = proiecte viabile, iar pentru aceste proiecte e necesar\u0103 mult\u0103 competen\u021b\u0103. Cred c\u0103 b\u0103nui\u021bi care va fi rezultatul, mie mi se pare evident.<\/p>\n<p>\u00a0 \u00a0Povara r\u0103m\u00e2ne s\u0103 apese tot pe umerii celor mul\u021bi care \u0219i a\u0219a tr\u0103iesc la limit\u0103.<\/p>\n<p style=\"text-align: right;\"><a href=\"https:\/\/mhv.ro\/oc\/index.php?route=product\/category&amp;path=57_72\">Coloane decorative din XPS<\/a><\/p>\n","protected":false},"excerpt":{"rendered":"<p>Dac\u0103 am \u00eenchis anul 2020 cu un deficit de 100 miliarde lei, adic\u0103 mai mult de 20 miliarde euro, anul<\/p>\n","protected":false},"author":1,"featured_media":3987,"comment_status":"open","ping_status":"open","sticky":false,"template":"","format":"standard","meta":{"colormag_page_container_layout":"default_layout","colormag_page_sidebar_layout":"default_layout","footnotes":""},"categories":[5],"tags":[],"class_list":["post-3984","post","type-post","status-publish","format-standard","has-post-thumbnail","hentry","category-locale"],"yoast_head":"<!-- This site is optimized with the Yoast SEO plugin v27.0 - https:\/\/yoast.com\/product\/yoast-seo-wordpress\/ -->\n<title>Gaur\u0103 mare la bugetul \u021b\u0103rii - vor creste taxele? - MHF Photography<\/title>\n<meta name=\"description\" content=\"Resurse financiare noi \u0219i str\u00e2ns cureaua. Probabil vom vedea austeritate, major\u0103ri de taxe, eventual chiar taxe noi.\" \/>\n<meta name=\"robots\" content=\"index, follow, max-snippet:-1, max-image-preview:large, max-video-preview:-1\" \/>\n<link rel=\"canonical\" href=\"https:\/\/mhf.ro\/mm\/gaura-mare-la-bugetul-tarii-vor-creste-taxele\/\" \/>\n<meta property=\"og:locale\" content=\"ro_RO\" \/>\n<meta property=\"og:type\" content=\"article\" \/>\n<meta property=\"og:title\" content=\"Gaur\u0103 mare la bugetul \u021b\u0103rii - vor creste taxele? - MHF Photography\" \/>\n<meta property=\"og:description\" content=\"Resurse financiare noi \u0219i str\u00e2ns cureaua. Probabil vom vedea austeritate, major\u0103ri de taxe, eventual chiar taxe noi.\" \/>\n<meta property=\"og:url\" content=\"https:\/\/mhf.ro\/mm\/gaura-mare-la-bugetul-tarii-vor-creste-taxele\/\" \/>\n<meta property=\"og:site_name\" content=\"MHF Photography\" \/>\n<meta property=\"article:published_time\" content=\"2021-02-10T08:00:11+00:00\" \/>\n<meta property=\"og:image\" content=\"https:\/\/mhf.ro\/mm\/wp-content\/uploads\/2021\/02\/Dolari_22.jpg\" \/>\n\t<meta property=\"og:image:width\" content=\"1280\" \/>\n\t<meta property=\"og:image:height\" content=\"704\" \/>\n\t<meta property=\"og:image:type\" content=\"image\/jpeg\" \/>\n<meta name=\"author\" content=\"Marius Marcu\" \/>\n<meta name=\"twitter:card\" content=\"summary_large_image\" \/>\n<meta name=\"twitter:label1\" content=\"Scris de\" \/>\n\t<meta name=\"twitter:data1\" content=\"Marius Marcu\" \/>\n\t<meta name=\"twitter:label2\" content=\"Timp estimat pentru citire\" \/>\n\t<meta name=\"twitter:data2\" content=\"1 minut\" \/>\n<script type=\"application\/ld+json\" class=\"yoast-schema-graph\">{\"@context\":\"https:\/\/schema.org\",\"@graph\":[{\"@type\":\"Article\",\"@id\":\"https:\/\/mhf.ro\/mm\/gaura-mare-la-bugetul-tarii-vor-creste-taxele\/#article\",\"isPartOf\":{\"@id\":\"https:\/\/mhf.ro\/mm\/gaura-mare-la-bugetul-tarii-vor-creste-taxele\/\"},\"author\":{\"name\":\"Marius Marcu\",\"@id\":\"https:\/\/mhf.ro\/mm\/#\/schema\/person\/a3bebf7bdb4bf12f698aff73c7e46c21\"},\"headline\":\"Gaur\u0103 mare la bugetul \u021b\u0103rii &#8211; vor creste taxele?\",\"datePublished\":\"2021-02-10T08:00:11+00:00\",\"mainEntityOfPage\":{\"@id\":\"https:\/\/mhf.ro\/mm\/gaura-mare-la-bugetul-tarii-vor-creste-taxele\/\"},\"wordCount\":226,\"commentCount\":0,\"publisher\":{\"@id\":\"https:\/\/mhf.ro\/mm\/#\/schema\/person\/a3bebf7bdb4bf12f698aff73c7e46c21\"},\"image\":{\"@id\":\"https:\/\/mhf.ro\/mm\/gaura-mare-la-bugetul-tarii-vor-creste-taxele\/#primaryimage\"},\"thumbnailUrl\":\"https:\/\/mhf.ro\/mm\/wp-content\/uploads\/2021\/02\/Dolari_22.jpg\",\"articleSection\":[\"Locale\"],\"inLanguage\":\"ro-RO\",\"potentialAction\":[{\"@type\":\"CommentAction\",\"name\":\"Comment\",\"target\":[\"https:\/\/mhf.ro\/mm\/gaura-mare-la-bugetul-tarii-vor-creste-taxele\/#respond\"]}]},{\"@type\":\"WebPage\",\"@id\":\"https:\/\/mhf.ro\/mm\/gaura-mare-la-bugetul-tarii-vor-creste-taxele\/\",\"url\":\"https:\/\/mhf.ro\/mm\/gaura-mare-la-bugetul-tarii-vor-creste-taxele\/\",\"name\":\"Gaur\u0103 mare la bugetul \u021b\u0103rii - vor creste taxele? - MHF Photography\",\"isPartOf\":{\"@id\":\"https:\/\/mhf.ro\/mm\/#website\"},\"primaryImageOfPage\":{\"@id\":\"https:\/\/mhf.ro\/mm\/gaura-mare-la-bugetul-tarii-vor-creste-taxele\/#primaryimage\"},\"image\":{\"@id\":\"https:\/\/mhf.ro\/mm\/gaura-mare-la-bugetul-tarii-vor-creste-taxele\/#primaryimage\"},\"thumbnailUrl\":\"https:\/\/mhf.ro\/mm\/wp-content\/uploads\/2021\/02\/Dolari_22.jpg\",\"datePublished\":\"2021-02-10T08:00:11+00:00\",\"description\":\"Resurse financiare noi \u0219i str\u00e2ns cureaua. Probabil vom vedea austeritate, major\u0103ri de taxe, eventual chiar taxe noi.\",\"breadcrumb\":{\"@id\":\"https:\/\/mhf.ro\/mm\/gaura-mare-la-bugetul-tarii-vor-creste-taxele\/#breadcrumb\"},\"inLanguage\":\"ro-RO\",\"potentialAction\":[{\"@type\":\"ReadAction\",\"target\":[\"https:\/\/mhf.ro\/mm\/gaura-mare-la-bugetul-tarii-vor-creste-taxele\/\"]}]},{\"@type\":\"ImageObject\",\"inLanguage\":\"ro-RO\",\"@id\":\"https:\/\/mhf.ro\/mm\/gaura-mare-la-bugetul-tarii-vor-creste-taxele\/#primaryimage\",\"url\":\"https:\/\/mhf.ro\/mm\/wp-content\/uploads\/2021\/02\/Dolari_22.jpg\",\"contentUrl\":\"https:\/\/mhf.ro\/mm\/wp-content\/uploads\/2021\/02\/Dolari_22.jpg\",\"width\":1280,\"height\":704},{\"@type\":\"BreadcrumbList\",\"@id\":\"https:\/\/mhf.ro\/mm\/gaura-mare-la-bugetul-tarii-vor-creste-taxele\/#breadcrumb\",\"itemListElement\":[{\"@type\":\"ListItem\",\"position\":1,\"name\":\"Prima pagin\u0103\",\"item\":\"https:\/\/mhf.ro\/mm\/\"},{\"@type\":\"ListItem\",\"position\":2,\"name\":\"Gaur\u0103 mare la bugetul \u021b\u0103rii &#8211; vor creste taxele?\"}]},{\"@type\":\"WebSite\",\"@id\":\"https:\/\/mhf.ro\/mm\/#website\",\"url\":\"https:\/\/mhf.ro\/mm\/\",\"name\":\"MHF Photography \u2013 Blog de fotografie, natur\u0103 \u0219i tehnic\u0103 divers\u0103\",\"description\":\"Aventur\u0103 \u00een fiecare cadru.\",\"publisher\":{\"@id\":\"https:\/\/mhf.ro\/mm\/#\/schema\/person\/a3bebf7bdb4bf12f698aff73c7e46c21\"},\"potentialAction\":[{\"@type\":\"SearchAction\",\"target\":{\"@type\":\"EntryPoint\",\"urlTemplate\":\"https:\/\/mhf.ro\/mm\/?s={search_term_string}\"},\"query-input\":{\"@type\":\"PropertyValueSpecification\",\"valueRequired\":true,\"valueName\":\"search_term_string\"}}],\"inLanguage\":\"ro-RO\"},{\"@type\":[\"Person\",\"Organization\"],\"@id\":\"https:\/\/mhf.ro\/mm\/#\/schema\/person\/a3bebf7bdb4bf12f698aff73c7e46c21\",\"name\":\"Marius Marcu\",\"image\":{\"@type\":\"ImageObject\",\"inLanguage\":\"ro-RO\",\"@id\":\"https:\/\/mhf.ro\/mm\/#\/schema\/person\/image\/\",\"url\":\"https:\/\/mhf.ro\/mm\/wp-content\/uploads\/2025\/12\/cropped-logo_mhf_2.png\",\"contentUrl\":\"https:\/\/mhf.ro\/mm\/wp-content\/uploads\/2025\/12\/cropped-logo_mhf_2.png\",\"width\":1096,\"height\":457,\"caption\":\"Marius Marcu\"},\"logo\":{\"@id\":\"https:\/\/mhf.ro\/mm\/#\/schema\/person\/image\/\"},\"sameAs\":[\"https:\/\/mhf.ro\/mm\"],\"url\":\"https:\/\/mhf.ro\/mm\/author\/mihai\/\"}]}<\/script>\n<!-- \/ Yoast SEO plugin. -->","yoast_head_json":{"title":"Gaur\u0103 mare la bugetul \u021b\u0103rii - vor creste taxele? - MHF Photography","description":"Resurse financiare noi \u0219i str\u00e2ns cureaua. Probabil vom vedea austeritate, major\u0103ri de taxe, eventual chiar taxe noi.","robots":{"index":"index","follow":"follow","max-snippet":"max-snippet:-1","max-image-preview":"max-image-preview:large","max-video-preview":"max-video-preview:-1"},"canonical":"https:\/\/mhf.ro\/mm\/gaura-mare-la-bugetul-tarii-vor-creste-taxele\/","og_locale":"ro_RO","og_type":"article","og_title":"Gaur\u0103 mare la bugetul \u021b\u0103rii - vor creste taxele? - MHF Photography","og_description":"Resurse financiare noi \u0219i str\u00e2ns cureaua. Probabil vom vedea austeritate, major\u0103ri de taxe, eventual chiar taxe noi.","og_url":"https:\/\/mhf.ro\/mm\/gaura-mare-la-bugetul-tarii-vor-creste-taxele\/","og_site_name":"MHF Photography","article_published_time":"2021-02-10T08:00:11+00:00","og_image":[{"width":1280,"height":704,"url":"https:\/\/mhf.ro\/mm\/wp-content\/uploads\/2021\/02\/Dolari_22.jpg","type":"image\/jpeg"}],"author":"Marius Marcu","twitter_card":"summary_large_image","twitter_misc":{"Scris de":"Marius Marcu","Timp estimat pentru citire":"1 minut"},"schema":{"@context":"https:\/\/schema.org","@graph":[{"@type":"Article","@id":"https:\/\/mhf.ro\/mm\/gaura-mare-la-bugetul-tarii-vor-creste-taxele\/#article","isPartOf":{"@id":"https:\/\/mhf.ro\/mm\/gaura-mare-la-bugetul-tarii-vor-creste-taxele\/"},"author":{"name":"Marius Marcu","@id":"https:\/\/mhf.ro\/mm\/#\/schema\/person\/a3bebf7bdb4bf12f698aff73c7e46c21"},"headline":"Gaur\u0103 mare la bugetul \u021b\u0103rii &#8211; vor creste taxele?","datePublished":"2021-02-10T08:00:11+00:00","mainEntityOfPage":{"@id":"https:\/\/mhf.ro\/mm\/gaura-mare-la-bugetul-tarii-vor-creste-taxele\/"},"wordCount":226,"commentCount":0,"publisher":{"@id":"https:\/\/mhf.ro\/mm\/#\/schema\/person\/a3bebf7bdb4bf12f698aff73c7e46c21"},"image":{"@id":"https:\/\/mhf.ro\/mm\/gaura-mare-la-bugetul-tarii-vor-creste-taxele\/#primaryimage"},"thumbnailUrl":"https:\/\/mhf.ro\/mm\/wp-content\/uploads\/2021\/02\/Dolari_22.jpg","articleSection":["Locale"],"inLanguage":"ro-RO","potentialAction":[{"@type":"CommentAction","name":"Comment","target":["https:\/\/mhf.ro\/mm\/gaura-mare-la-bugetul-tarii-vor-creste-taxele\/#respond"]}]},{"@type":"WebPage","@id":"https:\/\/mhf.ro\/mm\/gaura-mare-la-bugetul-tarii-vor-creste-taxele\/","url":"https:\/\/mhf.ro\/mm\/gaura-mare-la-bugetul-tarii-vor-creste-taxele\/","name":"Gaur\u0103 mare la bugetul \u021b\u0103rii - vor creste taxele? - MHF Photography","isPartOf":{"@id":"https:\/\/mhf.ro\/mm\/#website"},"primaryImageOfPage":{"@id":"https:\/\/mhf.ro\/mm\/gaura-mare-la-bugetul-tarii-vor-creste-taxele\/#primaryimage"},"image":{"@id":"https:\/\/mhf.ro\/mm\/gaura-mare-la-bugetul-tarii-vor-creste-taxele\/#primaryimage"},"thumbnailUrl":"https:\/\/mhf.ro\/mm\/wp-content\/uploads\/2021\/02\/Dolari_22.jpg","datePublished":"2021-02-10T08:00:11+00:00","description":"Resurse financiare noi \u0219i str\u00e2ns cureaua. Probabil vom vedea austeritate, major\u0103ri de taxe, eventual chiar taxe noi.","breadcrumb":{"@id":"https:\/\/mhf.ro\/mm\/gaura-mare-la-bugetul-tarii-vor-creste-taxele\/#breadcrumb"},"inLanguage":"ro-RO","potentialAction":[{"@type":"ReadAction","target":["https:\/\/mhf.ro\/mm\/gaura-mare-la-bugetul-tarii-vor-creste-taxele\/"]}]},{"@type":"ImageObject","inLanguage":"ro-RO","@id":"https:\/\/mhf.ro\/mm\/gaura-mare-la-bugetul-tarii-vor-creste-taxele\/#primaryimage","url":"https:\/\/mhf.ro\/mm\/wp-content\/uploads\/2021\/02\/Dolari_22.jpg","contentUrl":"https:\/\/mhf.ro\/mm\/wp-content\/uploads\/2021\/02\/Dolari_22.jpg","width":1280,"height":704},{"@type":"BreadcrumbList","@id":"https:\/\/mhf.ro\/mm\/gaura-mare-la-bugetul-tarii-vor-creste-taxele\/#breadcrumb","itemListElement":[{"@type":"ListItem","position":1,"name":"Prima pagin\u0103","item":"https:\/\/mhf.ro\/mm\/"},{"@type":"ListItem","position":2,"name":"Gaur\u0103 mare la bugetul \u021b\u0103rii &#8211; vor creste taxele?"}]},{"@type":"WebSite","@id":"https:\/\/mhf.ro\/mm\/#website","url":"https:\/\/mhf.ro\/mm\/","name":"MHF Photography \u2013 Blog de fotografie, natur\u0103 \u0219i tehnic\u0103 divers\u0103","description":"Aventur\u0103 \u00een fiecare cadru.","publisher":{"@id":"https:\/\/mhf.ro\/mm\/#\/schema\/person\/a3bebf7bdb4bf12f698aff73c7e46c21"},"potentialAction":[{"@type":"SearchAction","target":{"@type":"EntryPoint","urlTemplate":"https:\/\/mhf.ro\/mm\/?s={search_term_string}"},"query-input":{"@type":"PropertyValueSpecification","valueRequired":true,"valueName":"search_term_string"}}],"inLanguage":"ro-RO"},{"@type":["Person","Organization"],"@id":"https:\/\/mhf.ro\/mm\/#\/schema\/person\/a3bebf7bdb4bf12f698aff73c7e46c21","name":"Marius Marcu","image":{"@type":"ImageObject","inLanguage":"ro-RO","@id":"https:\/\/mhf.ro\/mm\/#\/schema\/person\/image\/","url":"https:\/\/mhf.ro\/mm\/wp-content\/uploads\/2025\/12\/cropped-logo_mhf_2.png","contentUrl":"https:\/\/mhf.ro\/mm\/wp-content\/uploads\/2025\/12\/cropped-logo_mhf_2.png","width":1096,"height":457,"caption":"Marius Marcu"},"logo":{"@id":"https:\/\/mhf.ro\/mm\/#\/schema\/person\/image\/"},"sameAs":["https:\/\/mhf.ro\/mm"],"url":"https:\/\/mhf.ro\/mm\/author\/mihai\/"}]}},"_links":{"self":[{"href":"https:\/\/mhf.ro\/mm\/wp-json\/wp\/v2\/posts\/3984","targetHints":{"allow":["GET"]}}],"collection":[{"href":"https:\/\/mhf.ro\/mm\/wp-json\/wp\/v2\/posts"}],"about":[{"href":"https:\/\/mhf.ro\/mm\/wp-json\/wp\/v2\/types\/post"}],"author":[{"embeddable":true,"href":"https:\/\/mhf.ro\/mm\/wp-json\/wp\/v2\/users\/1"}],"replies":[{"embeddable":true,"href":"https:\/\/mhf.ro\/mm\/wp-json\/wp\/v2\/comments?post=3984"}],"version-history":[{"count":3,"href":"https:\/\/mhf.ro\/mm\/wp-json\/wp\/v2\/posts\/3984\/revisions"}],"predecessor-version":[{"id":3988,"href":"https:\/\/mhf.ro\/mm\/wp-json\/wp\/v2\/posts\/3984\/revisions\/3988"}],"wp:featuredmedia":[{"embeddable":true,"href":"https:\/\/mhf.ro\/mm\/wp-json\/wp\/v2\/media\/3987"}],"wp:attachment":[{"href":"https:\/\/mhf.ro\/mm\/wp-json\/wp\/v2\/media?parent=3984"}],"wp:term":[{"taxonomy":"category","embeddable":true,"href":"https:\/\/mhf.ro\/mm\/wp-json\/wp\/v2\/categories?post=3984"},{"taxonomy":"post_tag","embeddable":true,"href":"https:\/\/mhf.ro\/mm\/wp-json\/wp\/v2\/tags?post=3984"}],"curies":[{"name":"wp","href":"https:\/\/api.w.org\/{rel}","templated":true}]}}