{"id":3989,"date":"2021-02-11T08:26:10","date_gmt":"2021-02-11T06:26:10","guid":{"rendered":"https:\/\/mhf.ro\/mm\/?p=3989"},"modified":"2021-02-11T08:26:10","modified_gmt":"2021-02-11T06:26:10","slug":"citu-sa-lasam-ipocrizia-asa-nu-se-mai-poate","status":"publish","type":"post","link":"https:\/\/mhf.ro\/mm\/citu-sa-lasam-ipocrizia-asa-nu-se-mai-poate\/","title":{"rendered":"C\u00ee\u021bu: S\u0103 l\u0103s\u0103m ipocrizia. A\u0219a nu se mai poate!"},"content":{"rendered":"<p>Premierul Florin C\u00ee\u021bu trage un semnal de alarm\u0103 \u0219i spune c\u0103 este necesar\u0103 reducerea cheltuielilor bugetare. \u0219eful Guvernului de la Bucure\u0219ti a afirmat c\u0103 trebuie luate m\u0103suri, pentru c\u0103 \u201ea\u0219a nu se mai poate\u201d.<\/p>\n<p>\u201eTrebuie s\u0103 l\u0103s\u0103m ipocrizia deoparte \u0219i trebuie s\u0103 ne d\u0103m seama c\u0103 a\u0219a nu se mai poate \u0219i nu putem s\u0103 mergem mai departe. Vorbim de cheltuieli care nu pot fi sus\u021binute de aceast\u0103 economie, cheltuieli care au fost crescute din pix \u00een ultimii patru ani de zile \u0219i care nu sunt t\u0103iate, dar sunt plafonate pentru a putea merge mai departe\u201d, declarat, miercuri, Florin C\u00ee\u021bu, \u00eentr-o conferin\u021b\u0103 de pres\u0103, \u00een care a precizat c\u0103 s-a discutat prima form\u0103 a OUG care va reduce cheltuielile.<\/p>\n<p>Premierul a reiterat ideea c\u0103 pensiile vor cre\u0219te doar la 1 ianuarie 2022 \u0219i a explicat c\u0103 efortul bugetar cu pensiile este de 19 miliarde lei \u00een 2021.<\/p>\n<p>Totodat\u0103, \u0219eful Executivului a mai punctat c\u0103 \u201esuntem singura \u021bar\u0103 \u00een procedur\u0103 de deficit bugetar\u201d.<\/p>\n<p>\u201eCheltuielile de asisten\u021b\u0103 social\u0103 s-au dublat \u00een perioada PSD. E nevoie de m\u0103suri structurale. \u0219ti\u021bi bine c\u0103 evolu\u021bia economiei Rom\u00e2niei, din p\u0103cate, este sub lupa investitorilor str\u0103ini \u0219i a agen\u021biilor de rating. Din cauza m\u0103surilor luate de PSD, Rom\u00e2nia e singura \u021bar\u0103 european\u0103 care e \u00een procedur\u0103 de deficit excesiv. \u00cen 2021, majoritatea \u021b\u0103rilor UE vor reduce deficitul aproape de 6%. Un efort mult mai mare, deci \u0219i noi trebuie s\u0103 ne facem treaba\u201d, a mai declarat premierul.<br \/>\n\u00centrebat despre limitarea c\u0103l\u0103toriilor CFR pentru studen\u021bi, acesta a precizat c\u0103 gratuitatea a fost introdus\u0103 de PSD.<br \/>\n\u201dSe modific\u0103 \u0219i revine la 50%. Eu nu v\u0103d aici un cap\u0103t de \u021bar\u0103. Austria au reducere de 60%, iar dac\u0103 c\u0103l\u0103toresc \u00een grup, c\u0103l\u0103toresc gratuit. Belgia \u2013 studen\u021bii au 50% reducere, Bulgaria tot 50%, Cehia au 75% reducere. Rom\u00e2nia era \u021bara care era \u00een afara sistemului, toate celelalte \u021b\u0103ri, \u021b\u0103ri mult mai dezvoltate, nu ofereau aceast\u0103 gratuitate\u201d, a afirmat premierul.<br \/>\nC\u00ee\u021bu a mai spus c\u0103 \u201eestim\u0103m un deficit de 7,16%. Cei de la Comisia European\u0103 nu sunt foarte ferici\u021bi. Vom reveni sub 3% abia \u00een 2024\u201d.<\/p>\n<p style=\"text-align: right;\">(conf. <a href=\"https:\/\/jurnalist.ro\/citu-sa-lasam-ipocrizia-asa-nu-se-mai-poate\/\">Jurnalist.ro<\/a>)<\/p>\n","protected":false},"excerpt":{"rendered":"<p>Premierul Florin C\u00ee\u021bu trage un semnal de alarm\u0103 \u0219i spune c\u0103 este necesar\u0103 reducerea cheltuielilor bugetare. \u0219eful Guvernului de la<\/p>\n","protected":false},"author":1,"featured_media":3990,"comment_status":"open","ping_status":"open","sticky":false,"template":"","format":"standard","meta":{"colormag_page_container_layout":"default_layout","colormag_page_sidebar_layout":"default_layout","footnotes":""},"categories":[5],"tags":[],"class_list":["post-3989","post","type-post","status-publish","format-standard","has-post-thumbnail","hentry","category-locale"],"yoast_head":"<!-- This site is optimized with the Yoast SEO plugin v27.0 - https:\/\/yoast.com\/product\/yoast-seo-wordpress\/ -->\n<title>C\u00ee\u021bu: S\u0103 l\u0103s\u0103m ipocrizia. A\u0219a nu se mai poate! - MHF Photography<\/title>\n<meta name=\"description\" content=\"Trebuie s\u0103 l\u0103s\u0103m ipocrizia deoparte \u0219i trebuie s\u0103 ne d\u0103m seama c\u0103 a\u0219a nu se mai poate \u0219i nu putem s\u0103 mergem mai departe.\" \/>\n<meta name=\"robots\" content=\"index, follow, max-snippet:-1, max-image-preview:large, max-video-preview:-1\" \/>\n<link rel=\"canonical\" href=\"https:\/\/mhf.ro\/mm\/citu-sa-lasam-ipocrizia-asa-nu-se-mai-poate\/\" \/>\n<meta property=\"og:locale\" content=\"ro_RO\" \/>\n<meta property=\"og:type\" content=\"article\" \/>\n<meta property=\"og:title\" content=\"C\u00ee\u021bu: S\u0103 l\u0103s\u0103m ipocrizia. A\u0219a nu se mai poate! - MHF Photography\" \/>\n<meta property=\"og:description\" content=\"Trebuie s\u0103 l\u0103s\u0103m ipocrizia deoparte \u0219i trebuie s\u0103 ne d\u0103m seama c\u0103 a\u0219a nu se mai poate \u0219i nu putem s\u0103 mergem mai departe.\" \/>\n<meta property=\"og:url\" content=\"https:\/\/mhf.ro\/mm\/citu-sa-lasam-ipocrizia-asa-nu-se-mai-poate\/\" \/>\n<meta property=\"og:site_name\" content=\"MHF Photography\" \/>\n<meta property=\"article:published_time\" content=\"2021-02-11T06:26:10+00:00\" \/>\n<meta property=\"og:image\" content=\"https:\/\/mhf.ro\/mm\/wp-content\/uploads\/2021\/02\/citu-845x445-1.png\" \/>\n\t<meta property=\"og:image:width\" content=\"845\" \/>\n\t<meta property=\"og:image:height\" content=\"445\" \/>\n\t<meta property=\"og:image:type\" content=\"image\/png\" \/>\n<meta name=\"author\" content=\"Marius Marcu\" \/>\n<meta name=\"twitter:card\" content=\"summary_large_image\" \/>\n<meta name=\"twitter:label1\" content=\"Scris de\" \/>\n\t<meta name=\"twitter:data1\" content=\"Marius Marcu\" \/>\n\t<meta name=\"twitter:label2\" content=\"Timp estimat pentru citire\" \/>\n\t<meta name=\"twitter:data2\" content=\"2 minute\" \/>\n<script type=\"application\/ld+json\" class=\"yoast-schema-graph\">{\"@context\":\"https:\/\/schema.org\",\"@graph\":[{\"@type\":\"Article\",\"@id\":\"https:\/\/mhf.ro\/mm\/citu-sa-lasam-ipocrizia-asa-nu-se-mai-poate\/#article\",\"isPartOf\":{\"@id\":\"https:\/\/mhf.ro\/mm\/citu-sa-lasam-ipocrizia-asa-nu-se-mai-poate\/\"},\"author\":{\"name\":\"Marius Marcu\",\"@id\":\"https:\/\/mhf.ro\/mm\/#\/schema\/person\/a3bebf7bdb4bf12f698aff73c7e46c21\"},\"headline\":\"C\u00ee\u021bu: S\u0103 l\u0103s\u0103m ipocrizia. A\u0219a nu se mai poate!\",\"datePublished\":\"2021-02-11T06:26:10+00:00\",\"mainEntityOfPage\":{\"@id\":\"https:\/\/mhf.ro\/mm\/citu-sa-lasam-ipocrizia-asa-nu-se-mai-poate\/\"},\"wordCount\":380,\"commentCount\":0,\"publisher\":{\"@id\":\"https:\/\/mhf.ro\/mm\/#\/schema\/person\/a3bebf7bdb4bf12f698aff73c7e46c21\"},\"image\":{\"@id\":\"https:\/\/mhf.ro\/mm\/citu-sa-lasam-ipocrizia-asa-nu-se-mai-poate\/#primaryimage\"},\"thumbnailUrl\":\"https:\/\/mhf.ro\/mm\/wp-content\/uploads\/2021\/02\/citu-845x445-1.png\",\"articleSection\":[\"Locale\"],\"inLanguage\":\"ro-RO\",\"potentialAction\":[{\"@type\":\"CommentAction\",\"name\":\"Comment\",\"target\":[\"https:\/\/mhf.ro\/mm\/citu-sa-lasam-ipocrizia-asa-nu-se-mai-poate\/#respond\"]}]},{\"@type\":\"WebPage\",\"@id\":\"https:\/\/mhf.ro\/mm\/citu-sa-lasam-ipocrizia-asa-nu-se-mai-poate\/\",\"url\":\"https:\/\/mhf.ro\/mm\/citu-sa-lasam-ipocrizia-asa-nu-se-mai-poate\/\",\"name\":\"C\u00ee\u021bu: S\u0103 l\u0103s\u0103m ipocrizia. A\u0219a nu se mai poate! - MHF Photography\",\"isPartOf\":{\"@id\":\"https:\/\/mhf.ro\/mm\/#website\"},\"primaryImageOfPage\":{\"@id\":\"https:\/\/mhf.ro\/mm\/citu-sa-lasam-ipocrizia-asa-nu-se-mai-poate\/#primaryimage\"},\"image\":{\"@id\":\"https:\/\/mhf.ro\/mm\/citu-sa-lasam-ipocrizia-asa-nu-se-mai-poate\/#primaryimage\"},\"thumbnailUrl\":\"https:\/\/mhf.ro\/mm\/wp-content\/uploads\/2021\/02\/citu-845x445-1.png\",\"datePublished\":\"2021-02-11T06:26:10+00:00\",\"description\":\"Trebuie s\u0103 l\u0103s\u0103m ipocrizia deoparte \u0219i trebuie s\u0103 ne d\u0103m seama c\u0103 a\u0219a nu se mai poate \u0219i nu putem s\u0103 mergem mai departe.\",\"breadcrumb\":{\"@id\":\"https:\/\/mhf.ro\/mm\/citu-sa-lasam-ipocrizia-asa-nu-se-mai-poate\/#breadcrumb\"},\"inLanguage\":\"ro-RO\",\"potentialAction\":[{\"@type\":\"ReadAction\",\"target\":[\"https:\/\/mhf.ro\/mm\/citu-sa-lasam-ipocrizia-asa-nu-se-mai-poate\/\"]}]},{\"@type\":\"ImageObject\",\"inLanguage\":\"ro-RO\",\"@id\":\"https:\/\/mhf.ro\/mm\/citu-sa-lasam-ipocrizia-asa-nu-se-mai-poate\/#primaryimage\",\"url\":\"https:\/\/mhf.ro\/mm\/wp-content\/uploads\/2021\/02\/citu-845x445-1.png\",\"contentUrl\":\"https:\/\/mhf.ro\/mm\/wp-content\/uploads\/2021\/02\/citu-845x445-1.png\",\"width\":845,\"height\":445},{\"@type\":\"BreadcrumbList\",\"@id\":\"https:\/\/mhf.ro\/mm\/citu-sa-lasam-ipocrizia-asa-nu-se-mai-poate\/#breadcrumb\",\"itemListElement\":[{\"@type\":\"ListItem\",\"position\":1,\"name\":\"Prima pagin\u0103\",\"item\":\"https:\/\/mhf.ro\/mm\/\"},{\"@type\":\"ListItem\",\"position\":2,\"name\":\"C\u00ee\u021bu: S\u0103 l\u0103s\u0103m ipocrizia. A\u0219a nu se mai poate!\"}]},{\"@type\":\"WebSite\",\"@id\":\"https:\/\/mhf.ro\/mm\/#website\",\"url\":\"https:\/\/mhf.ro\/mm\/\",\"name\":\"MHF Photography \u2013 Blog de fotografie, natur\u0103 \u0219i tehnic\u0103 divers\u0103\",\"description\":\"Aventur\u0103 \u00een fiecare cadru.\",\"publisher\":{\"@id\":\"https:\/\/mhf.ro\/mm\/#\/schema\/person\/a3bebf7bdb4bf12f698aff73c7e46c21\"},\"potentialAction\":[{\"@type\":\"SearchAction\",\"target\":{\"@type\":\"EntryPoint\",\"urlTemplate\":\"https:\/\/mhf.ro\/mm\/?s={search_term_string}\"},\"query-input\":{\"@type\":\"PropertyValueSpecification\",\"valueRequired\":true,\"valueName\":\"search_term_string\"}}],\"inLanguage\":\"ro-RO\"},{\"@type\":[\"Person\",\"Organization\"],\"@id\":\"https:\/\/mhf.ro\/mm\/#\/schema\/person\/a3bebf7bdb4bf12f698aff73c7e46c21\",\"name\":\"Marius Marcu\",\"image\":{\"@type\":\"ImageObject\",\"inLanguage\":\"ro-RO\",\"@id\":\"https:\/\/mhf.ro\/mm\/#\/schema\/person\/image\/\",\"url\":\"https:\/\/mhf.ro\/mm\/wp-content\/uploads\/2025\/12\/cropped-logo_mhf_2.png\",\"contentUrl\":\"https:\/\/mhf.ro\/mm\/wp-content\/uploads\/2025\/12\/cropped-logo_mhf_2.png\",\"width\":1096,\"height\":457,\"caption\":\"Marius Marcu\"},\"logo\":{\"@id\":\"https:\/\/mhf.ro\/mm\/#\/schema\/person\/image\/\"},\"sameAs\":[\"https:\/\/mhf.ro\/mm\"],\"url\":\"https:\/\/mhf.ro\/mm\/author\/mihai\/\"}]}<\/script>\n<!-- \/ Yoast SEO plugin. -->","yoast_head_json":{"title":"C\u00ee\u021bu: S\u0103 l\u0103s\u0103m ipocrizia. A\u0219a nu se mai poate! - MHF Photography","description":"Trebuie s\u0103 l\u0103s\u0103m ipocrizia deoparte \u0219i trebuie s\u0103 ne d\u0103m seama c\u0103 a\u0219a nu se mai poate \u0219i nu putem s\u0103 mergem mai departe.","robots":{"index":"index","follow":"follow","max-snippet":"max-snippet:-1","max-image-preview":"max-image-preview:large","max-video-preview":"max-video-preview:-1"},"canonical":"https:\/\/mhf.ro\/mm\/citu-sa-lasam-ipocrizia-asa-nu-se-mai-poate\/","og_locale":"ro_RO","og_type":"article","og_title":"C\u00ee\u021bu: S\u0103 l\u0103s\u0103m ipocrizia. A\u0219a nu se mai poate! - MHF Photography","og_description":"Trebuie s\u0103 l\u0103s\u0103m ipocrizia deoparte \u0219i trebuie s\u0103 ne d\u0103m seama c\u0103 a\u0219a nu se mai poate \u0219i nu putem s\u0103 mergem mai departe.","og_url":"https:\/\/mhf.ro\/mm\/citu-sa-lasam-ipocrizia-asa-nu-se-mai-poate\/","og_site_name":"MHF Photography","article_published_time":"2021-02-11T06:26:10+00:00","og_image":[{"width":845,"height":445,"url":"https:\/\/mhf.ro\/mm\/wp-content\/uploads\/2021\/02\/citu-845x445-1.png","type":"image\/png"}],"author":"Marius Marcu","twitter_card":"summary_large_image","twitter_misc":{"Scris de":"Marius Marcu","Timp estimat pentru citire":"2 minute"},"schema":{"@context":"https:\/\/schema.org","@graph":[{"@type":"Article","@id":"https:\/\/mhf.ro\/mm\/citu-sa-lasam-ipocrizia-asa-nu-se-mai-poate\/#article","isPartOf":{"@id":"https:\/\/mhf.ro\/mm\/citu-sa-lasam-ipocrizia-asa-nu-se-mai-poate\/"},"author":{"name":"Marius Marcu","@id":"https:\/\/mhf.ro\/mm\/#\/schema\/person\/a3bebf7bdb4bf12f698aff73c7e46c21"},"headline":"C\u00ee\u021bu: S\u0103 l\u0103s\u0103m ipocrizia. A\u0219a nu se mai poate!","datePublished":"2021-02-11T06:26:10+00:00","mainEntityOfPage":{"@id":"https:\/\/mhf.ro\/mm\/citu-sa-lasam-ipocrizia-asa-nu-se-mai-poate\/"},"wordCount":380,"commentCount":0,"publisher":{"@id":"https:\/\/mhf.ro\/mm\/#\/schema\/person\/a3bebf7bdb4bf12f698aff73c7e46c21"},"image":{"@id":"https:\/\/mhf.ro\/mm\/citu-sa-lasam-ipocrizia-asa-nu-se-mai-poate\/#primaryimage"},"thumbnailUrl":"https:\/\/mhf.ro\/mm\/wp-content\/uploads\/2021\/02\/citu-845x445-1.png","articleSection":["Locale"],"inLanguage":"ro-RO","potentialAction":[{"@type":"CommentAction","name":"Comment","target":["https:\/\/mhf.ro\/mm\/citu-sa-lasam-ipocrizia-asa-nu-se-mai-poate\/#respond"]}]},{"@type":"WebPage","@id":"https:\/\/mhf.ro\/mm\/citu-sa-lasam-ipocrizia-asa-nu-se-mai-poate\/","url":"https:\/\/mhf.ro\/mm\/citu-sa-lasam-ipocrizia-asa-nu-se-mai-poate\/","name":"C\u00ee\u021bu: S\u0103 l\u0103s\u0103m ipocrizia. A\u0219a nu se mai poate! - MHF Photography","isPartOf":{"@id":"https:\/\/mhf.ro\/mm\/#website"},"primaryImageOfPage":{"@id":"https:\/\/mhf.ro\/mm\/citu-sa-lasam-ipocrizia-asa-nu-se-mai-poate\/#primaryimage"},"image":{"@id":"https:\/\/mhf.ro\/mm\/citu-sa-lasam-ipocrizia-asa-nu-se-mai-poate\/#primaryimage"},"thumbnailUrl":"https:\/\/mhf.ro\/mm\/wp-content\/uploads\/2021\/02\/citu-845x445-1.png","datePublished":"2021-02-11T06:26:10+00:00","description":"Trebuie s\u0103 l\u0103s\u0103m ipocrizia deoparte \u0219i trebuie s\u0103 ne d\u0103m seama c\u0103 a\u0219a nu se mai poate \u0219i nu putem s\u0103 mergem mai departe.","breadcrumb":{"@id":"https:\/\/mhf.ro\/mm\/citu-sa-lasam-ipocrizia-asa-nu-se-mai-poate\/#breadcrumb"},"inLanguage":"ro-RO","potentialAction":[{"@type":"ReadAction","target":["https:\/\/mhf.ro\/mm\/citu-sa-lasam-ipocrizia-asa-nu-se-mai-poate\/"]}]},{"@type":"ImageObject","inLanguage":"ro-RO","@id":"https:\/\/mhf.ro\/mm\/citu-sa-lasam-ipocrizia-asa-nu-se-mai-poate\/#primaryimage","url":"https:\/\/mhf.ro\/mm\/wp-content\/uploads\/2021\/02\/citu-845x445-1.png","contentUrl":"https:\/\/mhf.ro\/mm\/wp-content\/uploads\/2021\/02\/citu-845x445-1.png","width":845,"height":445},{"@type":"BreadcrumbList","@id":"https:\/\/mhf.ro\/mm\/citu-sa-lasam-ipocrizia-asa-nu-se-mai-poate\/#breadcrumb","itemListElement":[{"@type":"ListItem","position":1,"name":"Prima pagin\u0103","item":"https:\/\/mhf.ro\/mm\/"},{"@type":"ListItem","position":2,"name":"C\u00ee\u021bu: S\u0103 l\u0103s\u0103m ipocrizia. A\u0219a nu se mai poate!"}]},{"@type":"WebSite","@id":"https:\/\/mhf.ro\/mm\/#website","url":"https:\/\/mhf.ro\/mm\/","name":"MHF Photography \u2013 Blog de fotografie, natur\u0103 \u0219i tehnic\u0103 divers\u0103","description":"Aventur\u0103 \u00een fiecare cadru.","publisher":{"@id":"https:\/\/mhf.ro\/mm\/#\/schema\/person\/a3bebf7bdb4bf12f698aff73c7e46c21"},"potentialAction":[{"@type":"SearchAction","target":{"@type":"EntryPoint","urlTemplate":"https:\/\/mhf.ro\/mm\/?s={search_term_string}"},"query-input":{"@type":"PropertyValueSpecification","valueRequired":true,"valueName":"search_term_string"}}],"inLanguage":"ro-RO"},{"@type":["Person","Organization"],"@id":"https:\/\/mhf.ro\/mm\/#\/schema\/person\/a3bebf7bdb4bf12f698aff73c7e46c21","name":"Marius Marcu","image":{"@type":"ImageObject","inLanguage":"ro-RO","@id":"https:\/\/mhf.ro\/mm\/#\/schema\/person\/image\/","url":"https:\/\/mhf.ro\/mm\/wp-content\/uploads\/2025\/12\/cropped-logo_mhf_2.png","contentUrl":"https:\/\/mhf.ro\/mm\/wp-content\/uploads\/2025\/12\/cropped-logo_mhf_2.png","width":1096,"height":457,"caption":"Marius Marcu"},"logo":{"@id":"https:\/\/mhf.ro\/mm\/#\/schema\/person\/image\/"},"sameAs":["https:\/\/mhf.ro\/mm"],"url":"https:\/\/mhf.ro\/mm\/author\/mihai\/"}]}},"_links":{"self":[{"href":"https:\/\/mhf.ro\/mm\/wp-json\/wp\/v2\/posts\/3989","targetHints":{"allow":["GET"]}}],"collection":[{"href":"https:\/\/mhf.ro\/mm\/wp-json\/wp\/v2\/posts"}],"about":[{"href":"https:\/\/mhf.ro\/mm\/wp-json\/wp\/v2\/types\/post"}],"author":[{"embeddable":true,"href":"https:\/\/mhf.ro\/mm\/wp-json\/wp\/v2\/users\/1"}],"replies":[{"embeddable":true,"href":"https:\/\/mhf.ro\/mm\/wp-json\/wp\/v2\/comments?post=3989"}],"version-history":[{"count":1,"href":"https:\/\/mhf.ro\/mm\/wp-json\/wp\/v2\/posts\/3989\/revisions"}],"predecessor-version":[{"id":3991,"href":"https:\/\/mhf.ro\/mm\/wp-json\/wp\/v2\/posts\/3989\/revisions\/3991"}],"wp:featuredmedia":[{"embeddable":true,"href":"https:\/\/mhf.ro\/mm\/wp-json\/wp\/v2\/media\/3990"}],"wp:attachment":[{"href":"https:\/\/mhf.ro\/mm\/wp-json\/wp\/v2\/media?parent=3989"}],"wp:term":[{"taxonomy":"category","embeddable":true,"href":"https:\/\/mhf.ro\/mm\/wp-json\/wp\/v2\/categories?post=3989"},{"taxonomy":"post_tag","embeddable":true,"href":"https:\/\/mhf.ro\/mm\/wp-json\/wp\/v2\/tags?post=3989"}],"curies":[{"name":"wp","href":"https:\/\/api.w.org\/{rel}","templated":true}]}}