{"id":3995,"date":"2021-02-12T08:23:43","date_gmt":"2021-02-12T06:23:43","guid":{"rendered":"https:\/\/mhf.ro\/mm\/?p=3995"},"modified":"2021-02-12T08:23:43","modified_gmt":"2021-02-12T06:23:43","slug":"oms-vaccinul-anti-covid-un-fals-sentiment-de-siguranta","status":"publish","type":"post","link":"https:\/\/mhf.ro\/mm\/oms-vaccinul-anti-covid-un-fals-sentiment-de-siguranta\/","title":{"rendered":"OMS: vaccinul anti-COVID, \u201eun fals sentiment de siguran\u0163\u0103\u201d"},"content":{"rendered":"<p>Lumea \u00eentreag\u0103 \u0219i-a pus speran\u021bele \u00een vaccinurile anti-Covid, dar un oficial OMS vine s\u0103 spulbere visul tuturor. Directorul OMS pentru Europa Hans Kluge atrage aten\u021bia, joi, c\u0103 cifrele infect\u0103rilor sunt \u201eprea mari\u201d, subliniind c\u0103 exist\u0103 \u201eo linie sub\u021bire \u00eentre speran\u021ba unui vaccin \u0219i un fals sentiment de siguran\u021b\u0103\u201d.<\/p>\n<p>Astfel, \u00een pofida vaccin\u0103rii, acesta mai spune c\u0103 majoritatea \u021b\u0103rilor din Europa r\u0103m\u00e2n \u201dvulnerabile\u201d pe perioada pandemiei de coronavirus \u0219i avertizeaz\u0103 c\u0103 relaxarea \u201eprea rapid\u0103\u201d a restric\u021biilor risc\u0103 s\u0103 pun\u0103 \u00een pericol \u201eavansul ob\u021binut cu greu\u201d.<\/p>\n<p>\u021b\u0103rile ar trebui s\u0103 urm\u0103reasc\u0103 atent focarele de coronavirus \u0219i r\u0103sp\u00e2ndirea \u00een comunitate a tulpinilor mai transmisibile, a precizat oficialul OMS, referindu-se la tulpinile descoperite \u00een Marea Britanie \u0219i Africa de Sud, transmite Agerpres.<\/p>\n<p>Potrivit OMS, 7,8 milioane de persoane au fost imunizate cu cele dou\u0103 doze de vaccin \u00een 29 din cele 37 de \u021b\u0103ri din Europa care au \u00eenceput vaccinarea. Asta \u00eenseamn\u0103 aproximativ 1,5% din popula\u021bie.<\/p>\n<p>(conf. jurnalist.ro)<\/p>\n","protected":false},"excerpt":{"rendered":"<p>Lumea \u00eentreag\u0103 \u0219i-a pus speran\u021bele \u00een vaccinurile anti-Covid, dar un oficial OMS vine s\u0103 spulbere visul tuturor. Directorul OMS pentru<\/p>\n","protected":false},"author":1,"featured_media":3996,"comment_status":"open","ping_status":"open","sticky":false,"template":"","format":"standard","meta":{"colormag_page_container_layout":"default_layout","colormag_page_sidebar_layout":"default_layout","footnotes":""},"categories":[5],"tags":[],"class_list":["post-3995","post","type-post","status-publish","format-standard","has-post-thumbnail","hentry","category-locale"],"yoast_head":"<!-- This site is optimized with the Yoast SEO plugin v27.0 - https:\/\/yoast.com\/product\/yoast-seo-wordpress\/ -->\n<title>OMS: vaccinul anti-COVID, \u201eun fals sentiment de siguran\u0163\u0103\u201d - MHF Photography<\/title>\n<meta name=\"robots\" content=\"index, follow, max-snippet:-1, max-image-preview:large, max-video-preview:-1\" \/>\n<link rel=\"canonical\" href=\"https:\/\/mhf.ro\/mm\/oms-vaccinul-anti-covid-un-fals-sentiment-de-siguranta\/\" \/>\n<meta property=\"og:locale\" content=\"ro_RO\" \/>\n<meta property=\"og:type\" content=\"article\" \/>\n<meta property=\"og:title\" content=\"OMS: vaccinul anti-COVID, \u201eun fals sentiment de siguran\u0163\u0103\u201d - MHF Photography\" \/>\n<meta property=\"og:description\" content=\"Lumea \u00eentreag\u0103 \u0219i-a pus speran\u021bele \u00een vaccinurile anti-Covid, dar un oficial OMS vine s\u0103 spulbere visul tuturor. Directorul OMS pentru\" \/>\n<meta property=\"og:url\" content=\"https:\/\/mhf.ro\/mm\/oms-vaccinul-anti-covid-un-fals-sentiment-de-siguranta\/\" \/>\n<meta property=\"og:site_name\" content=\"MHF Photography\" \/>\n<meta property=\"article:published_time\" content=\"2021-02-12T06:23:43+00:00\" \/>\n<meta property=\"og:image\" content=\"https:\/\/mhf.ro\/mm\/wp-content\/uploads\/2021\/02\/vaccin-anti-covid-23.jpg\" \/>\n\t<meta property=\"og:image:width\" content=\"859\" \/>\n\t<meta property=\"og:image:height\" content=\"445\" \/>\n\t<meta property=\"og:image:type\" content=\"image\/jpeg\" \/>\n<meta name=\"author\" content=\"Marius Marcu\" \/>\n<meta name=\"twitter:card\" content=\"summary_large_image\" \/>\n<meta name=\"twitter:label1\" content=\"Scris de\" \/>\n\t<meta name=\"twitter:data1\" content=\"Marius Marcu\" \/>\n\t<meta name=\"twitter:label2\" content=\"Timp estimat pentru citire\" \/>\n\t<meta name=\"twitter:data2\" content=\"1 minut\" \/>\n<script type=\"application\/ld+json\" class=\"yoast-schema-graph\">{\"@context\":\"https:\/\/schema.org\",\"@graph\":[{\"@type\":\"Article\",\"@id\":\"https:\/\/mhf.ro\/mm\/oms-vaccinul-anti-covid-un-fals-sentiment-de-siguranta\/#article\",\"isPartOf\":{\"@id\":\"https:\/\/mhf.ro\/mm\/oms-vaccinul-anti-covid-un-fals-sentiment-de-siguranta\/\"},\"author\":{\"name\":\"Marius Marcu\",\"@id\":\"https:\/\/mhf.ro\/mm\/#\/schema\/person\/a3bebf7bdb4bf12f698aff73c7e46c21\"},\"headline\":\"OMS: vaccinul anti-COVID, \u201eun fals sentiment de siguran\u0163\u0103\u201d\",\"datePublished\":\"2021-02-12T06:23:43+00:00\",\"mainEntityOfPage\":{\"@id\":\"https:\/\/mhf.ro\/mm\/oms-vaccinul-anti-covid-un-fals-sentiment-de-siguranta\/\"},\"wordCount\":173,\"commentCount\":0,\"publisher\":{\"@id\":\"https:\/\/mhf.ro\/mm\/#\/schema\/person\/a3bebf7bdb4bf12f698aff73c7e46c21\"},\"image\":{\"@id\":\"https:\/\/mhf.ro\/mm\/oms-vaccinul-anti-covid-un-fals-sentiment-de-siguranta\/#primaryimage\"},\"thumbnailUrl\":\"https:\/\/mhf.ro\/mm\/wp-content\/uploads\/2021\/02\/vaccin-anti-covid-23.jpg\",\"articleSection\":[\"Locale\"],\"inLanguage\":\"ro-RO\",\"potentialAction\":[{\"@type\":\"CommentAction\",\"name\":\"Comment\",\"target\":[\"https:\/\/mhf.ro\/mm\/oms-vaccinul-anti-covid-un-fals-sentiment-de-siguranta\/#respond\"]}]},{\"@type\":\"WebPage\",\"@id\":\"https:\/\/mhf.ro\/mm\/oms-vaccinul-anti-covid-un-fals-sentiment-de-siguranta\/\",\"url\":\"https:\/\/mhf.ro\/mm\/oms-vaccinul-anti-covid-un-fals-sentiment-de-siguranta\/\",\"name\":\"OMS: vaccinul anti-COVID, \u201eun fals sentiment de siguran\u0163\u0103\u201d - MHF Photography\",\"isPartOf\":{\"@id\":\"https:\/\/mhf.ro\/mm\/#website\"},\"primaryImageOfPage\":{\"@id\":\"https:\/\/mhf.ro\/mm\/oms-vaccinul-anti-covid-un-fals-sentiment-de-siguranta\/#primaryimage\"},\"image\":{\"@id\":\"https:\/\/mhf.ro\/mm\/oms-vaccinul-anti-covid-un-fals-sentiment-de-siguranta\/#primaryimage\"},\"thumbnailUrl\":\"https:\/\/mhf.ro\/mm\/wp-content\/uploads\/2021\/02\/vaccin-anti-covid-23.jpg\",\"datePublished\":\"2021-02-12T06:23:43+00:00\",\"breadcrumb\":{\"@id\":\"https:\/\/mhf.ro\/mm\/oms-vaccinul-anti-covid-un-fals-sentiment-de-siguranta\/#breadcrumb\"},\"inLanguage\":\"ro-RO\",\"potentialAction\":[{\"@type\":\"ReadAction\",\"target\":[\"https:\/\/mhf.ro\/mm\/oms-vaccinul-anti-covid-un-fals-sentiment-de-siguranta\/\"]}]},{\"@type\":\"ImageObject\",\"inLanguage\":\"ro-RO\",\"@id\":\"https:\/\/mhf.ro\/mm\/oms-vaccinul-anti-covid-un-fals-sentiment-de-siguranta\/#primaryimage\",\"url\":\"https:\/\/mhf.ro\/mm\/wp-content\/uploads\/2021\/02\/vaccin-anti-covid-23.jpg\",\"contentUrl\":\"https:\/\/mhf.ro\/mm\/wp-content\/uploads\/2021\/02\/vaccin-anti-covid-23.jpg\",\"width\":859,\"height\":445},{\"@type\":\"BreadcrumbList\",\"@id\":\"https:\/\/mhf.ro\/mm\/oms-vaccinul-anti-covid-un-fals-sentiment-de-siguranta\/#breadcrumb\",\"itemListElement\":[{\"@type\":\"ListItem\",\"position\":1,\"name\":\"Prima pagin\u0103\",\"item\":\"https:\/\/mhf.ro\/mm\/\"},{\"@type\":\"ListItem\",\"position\":2,\"name\":\"OMS: vaccinul anti-COVID, \u201eun fals sentiment de siguran\u0163\u0103\u201d\"}]},{\"@type\":\"WebSite\",\"@id\":\"https:\/\/mhf.ro\/mm\/#website\",\"url\":\"https:\/\/mhf.ro\/mm\/\",\"name\":\"MHF Photography \u2013 Blog de fotografie, natur\u0103 \u0219i tehnic\u0103 divers\u0103\",\"description\":\"Aventur\u0103 \u00een fiecare cadru.\",\"publisher\":{\"@id\":\"https:\/\/mhf.ro\/mm\/#\/schema\/person\/a3bebf7bdb4bf12f698aff73c7e46c21\"},\"potentialAction\":[{\"@type\":\"SearchAction\",\"target\":{\"@type\":\"EntryPoint\",\"urlTemplate\":\"https:\/\/mhf.ro\/mm\/?s={search_term_string}\"},\"query-input\":{\"@type\":\"PropertyValueSpecification\",\"valueRequired\":true,\"valueName\":\"search_term_string\"}}],\"inLanguage\":\"ro-RO\"},{\"@type\":[\"Person\",\"Organization\"],\"@id\":\"https:\/\/mhf.ro\/mm\/#\/schema\/person\/a3bebf7bdb4bf12f698aff73c7e46c21\",\"name\":\"Marius Marcu\",\"image\":{\"@type\":\"ImageObject\",\"inLanguage\":\"ro-RO\",\"@id\":\"https:\/\/mhf.ro\/mm\/#\/schema\/person\/image\/\",\"url\":\"https:\/\/mhf.ro\/mm\/wp-content\/uploads\/2025\/12\/cropped-logo_mhf_2.png\",\"contentUrl\":\"https:\/\/mhf.ro\/mm\/wp-content\/uploads\/2025\/12\/cropped-logo_mhf_2.png\",\"width\":1096,\"height\":457,\"caption\":\"Marius Marcu\"},\"logo\":{\"@id\":\"https:\/\/mhf.ro\/mm\/#\/schema\/person\/image\/\"},\"sameAs\":[\"https:\/\/mhf.ro\/mm\"],\"url\":\"https:\/\/mhf.ro\/mm\/author\/mihai\/\"}]}<\/script>\n<!-- \/ Yoast SEO plugin. -->","yoast_head_json":{"title":"OMS: vaccinul anti-COVID, \u201eun fals sentiment de siguran\u0163\u0103\u201d - MHF Photography","robots":{"index":"index","follow":"follow","max-snippet":"max-snippet:-1","max-image-preview":"max-image-preview:large","max-video-preview":"max-video-preview:-1"},"canonical":"https:\/\/mhf.ro\/mm\/oms-vaccinul-anti-covid-un-fals-sentiment-de-siguranta\/","og_locale":"ro_RO","og_type":"article","og_title":"OMS: vaccinul anti-COVID, \u201eun fals sentiment de siguran\u0163\u0103\u201d - MHF Photography","og_description":"Lumea \u00eentreag\u0103 \u0219i-a pus speran\u021bele \u00een vaccinurile anti-Covid, dar un oficial OMS vine s\u0103 spulbere visul tuturor. Directorul OMS pentru","og_url":"https:\/\/mhf.ro\/mm\/oms-vaccinul-anti-covid-un-fals-sentiment-de-siguranta\/","og_site_name":"MHF Photography","article_published_time":"2021-02-12T06:23:43+00:00","og_image":[{"width":859,"height":445,"url":"https:\/\/mhf.ro\/mm\/wp-content\/uploads\/2021\/02\/vaccin-anti-covid-23.jpg","type":"image\/jpeg"}],"author":"Marius Marcu","twitter_card":"summary_large_image","twitter_misc":{"Scris de":"Marius Marcu","Timp estimat pentru citire":"1 minut"},"schema":{"@context":"https:\/\/schema.org","@graph":[{"@type":"Article","@id":"https:\/\/mhf.ro\/mm\/oms-vaccinul-anti-covid-un-fals-sentiment-de-siguranta\/#article","isPartOf":{"@id":"https:\/\/mhf.ro\/mm\/oms-vaccinul-anti-covid-un-fals-sentiment-de-siguranta\/"},"author":{"name":"Marius Marcu","@id":"https:\/\/mhf.ro\/mm\/#\/schema\/person\/a3bebf7bdb4bf12f698aff73c7e46c21"},"headline":"OMS: vaccinul anti-COVID, \u201eun fals sentiment de siguran\u0163\u0103\u201d","datePublished":"2021-02-12T06:23:43+00:00","mainEntityOfPage":{"@id":"https:\/\/mhf.ro\/mm\/oms-vaccinul-anti-covid-un-fals-sentiment-de-siguranta\/"},"wordCount":173,"commentCount":0,"publisher":{"@id":"https:\/\/mhf.ro\/mm\/#\/schema\/person\/a3bebf7bdb4bf12f698aff73c7e46c21"},"image":{"@id":"https:\/\/mhf.ro\/mm\/oms-vaccinul-anti-covid-un-fals-sentiment-de-siguranta\/#primaryimage"},"thumbnailUrl":"https:\/\/mhf.ro\/mm\/wp-content\/uploads\/2021\/02\/vaccin-anti-covid-23.jpg","articleSection":["Locale"],"inLanguage":"ro-RO","potentialAction":[{"@type":"CommentAction","name":"Comment","target":["https:\/\/mhf.ro\/mm\/oms-vaccinul-anti-covid-un-fals-sentiment-de-siguranta\/#respond"]}]},{"@type":"WebPage","@id":"https:\/\/mhf.ro\/mm\/oms-vaccinul-anti-covid-un-fals-sentiment-de-siguranta\/","url":"https:\/\/mhf.ro\/mm\/oms-vaccinul-anti-covid-un-fals-sentiment-de-siguranta\/","name":"OMS: vaccinul anti-COVID, \u201eun fals sentiment de siguran\u0163\u0103\u201d - MHF Photography","isPartOf":{"@id":"https:\/\/mhf.ro\/mm\/#website"},"primaryImageOfPage":{"@id":"https:\/\/mhf.ro\/mm\/oms-vaccinul-anti-covid-un-fals-sentiment-de-siguranta\/#primaryimage"},"image":{"@id":"https:\/\/mhf.ro\/mm\/oms-vaccinul-anti-covid-un-fals-sentiment-de-siguranta\/#primaryimage"},"thumbnailUrl":"https:\/\/mhf.ro\/mm\/wp-content\/uploads\/2021\/02\/vaccin-anti-covid-23.jpg","datePublished":"2021-02-12T06:23:43+00:00","breadcrumb":{"@id":"https:\/\/mhf.ro\/mm\/oms-vaccinul-anti-covid-un-fals-sentiment-de-siguranta\/#breadcrumb"},"inLanguage":"ro-RO","potentialAction":[{"@type":"ReadAction","target":["https:\/\/mhf.ro\/mm\/oms-vaccinul-anti-covid-un-fals-sentiment-de-siguranta\/"]}]},{"@type":"ImageObject","inLanguage":"ro-RO","@id":"https:\/\/mhf.ro\/mm\/oms-vaccinul-anti-covid-un-fals-sentiment-de-siguranta\/#primaryimage","url":"https:\/\/mhf.ro\/mm\/wp-content\/uploads\/2021\/02\/vaccin-anti-covid-23.jpg","contentUrl":"https:\/\/mhf.ro\/mm\/wp-content\/uploads\/2021\/02\/vaccin-anti-covid-23.jpg","width":859,"height":445},{"@type":"BreadcrumbList","@id":"https:\/\/mhf.ro\/mm\/oms-vaccinul-anti-covid-un-fals-sentiment-de-siguranta\/#breadcrumb","itemListElement":[{"@type":"ListItem","position":1,"name":"Prima pagin\u0103","item":"https:\/\/mhf.ro\/mm\/"},{"@type":"ListItem","position":2,"name":"OMS: vaccinul anti-COVID, \u201eun fals sentiment de siguran\u0163\u0103\u201d"}]},{"@type":"WebSite","@id":"https:\/\/mhf.ro\/mm\/#website","url":"https:\/\/mhf.ro\/mm\/","name":"MHF Photography \u2013 Blog de fotografie, natur\u0103 \u0219i tehnic\u0103 divers\u0103","description":"Aventur\u0103 \u00een fiecare cadru.","publisher":{"@id":"https:\/\/mhf.ro\/mm\/#\/schema\/person\/a3bebf7bdb4bf12f698aff73c7e46c21"},"potentialAction":[{"@type":"SearchAction","target":{"@type":"EntryPoint","urlTemplate":"https:\/\/mhf.ro\/mm\/?s={search_term_string}"},"query-input":{"@type":"PropertyValueSpecification","valueRequired":true,"valueName":"search_term_string"}}],"inLanguage":"ro-RO"},{"@type":["Person","Organization"],"@id":"https:\/\/mhf.ro\/mm\/#\/schema\/person\/a3bebf7bdb4bf12f698aff73c7e46c21","name":"Marius Marcu","image":{"@type":"ImageObject","inLanguage":"ro-RO","@id":"https:\/\/mhf.ro\/mm\/#\/schema\/person\/image\/","url":"https:\/\/mhf.ro\/mm\/wp-content\/uploads\/2025\/12\/cropped-logo_mhf_2.png","contentUrl":"https:\/\/mhf.ro\/mm\/wp-content\/uploads\/2025\/12\/cropped-logo_mhf_2.png","width":1096,"height":457,"caption":"Marius Marcu"},"logo":{"@id":"https:\/\/mhf.ro\/mm\/#\/schema\/person\/image\/"},"sameAs":["https:\/\/mhf.ro\/mm"],"url":"https:\/\/mhf.ro\/mm\/author\/mihai\/"}]}},"_links":{"self":[{"href":"https:\/\/mhf.ro\/mm\/wp-json\/wp\/v2\/posts\/3995","targetHints":{"allow":["GET"]}}],"collection":[{"href":"https:\/\/mhf.ro\/mm\/wp-json\/wp\/v2\/posts"}],"about":[{"href":"https:\/\/mhf.ro\/mm\/wp-json\/wp\/v2\/types\/post"}],"author":[{"embeddable":true,"href":"https:\/\/mhf.ro\/mm\/wp-json\/wp\/v2\/users\/1"}],"replies":[{"embeddable":true,"href":"https:\/\/mhf.ro\/mm\/wp-json\/wp\/v2\/comments?post=3995"}],"version-history":[{"count":1,"href":"https:\/\/mhf.ro\/mm\/wp-json\/wp\/v2\/posts\/3995\/revisions"}],"predecessor-version":[{"id":3997,"href":"https:\/\/mhf.ro\/mm\/wp-json\/wp\/v2\/posts\/3995\/revisions\/3997"}],"wp:featuredmedia":[{"embeddable":true,"href":"https:\/\/mhf.ro\/mm\/wp-json\/wp\/v2\/media\/3996"}],"wp:attachment":[{"href":"https:\/\/mhf.ro\/mm\/wp-json\/wp\/v2\/media?parent=3995"}],"wp:term":[{"taxonomy":"category","embeddable":true,"href":"https:\/\/mhf.ro\/mm\/wp-json\/wp\/v2\/categories?post=3995"},{"taxonomy":"post_tag","embeddable":true,"href":"https:\/\/mhf.ro\/mm\/wp-json\/wp\/v2\/tags?post=3995"}],"curies":[{"name":"wp","href":"https:\/\/api.w.org\/{rel}","templated":true}]}}