{"id":3998,"date":"2021-02-12T08:40:39","date_gmt":"2021-02-12T06:40:39","guid":{"rendered":"https:\/\/mhf.ro\/mm\/?p=3998"},"modified":"2021-02-12T08:40:39","modified_gmt":"2021-02-12T06:40:39","slug":"lista-tarilor-pentru-care-se-instituie-carantina-la-intrarea-in-romania-conform-cnsu","status":"publish","type":"post","link":"https:\/\/mhf.ro\/mm\/lista-tarilor-pentru-care-se-instituie-carantina-la-intrarea-in-romania-conform-cnsu\/","title":{"rendered":"LISTA \u021b\u0103rilor pentru care se instituie carantina la intrarea \u00een Rom\u00e2nia, conform CNSU"},"content":{"rendered":"<p>Potrivit Comitetului Na\u021bional pentru Situa\u021bii de Urgen\u021b\u0103 (CNSU), lista actualizat\u0103 va intra \u00een vigoare de luni, 15 februarie.<\/p>\n<p>\u021a\u0103rile cuprinse \u00een lista sunt:<\/p>\n<p>Portugalia, Israel, Muntenegru, Insulele Turks \u015fi Caicos, Andorra, Cehia, Monaco, Spania, San Marino, Slovenia, Gibraltar, Guernsey, Saint Lucia, Croa\u0163ia, Liban, Letonia, Estonia, Statele Unite ale Americii, Slovacia, Emiratele Arabe Unite, Saint Vincent \u015fi Grenadine, Marea Britanie, Aruba, Albania, Seychelles, Bahrain, Fran\u0163a, Sint Maarten, Malta, Suedia, Puerto Rico, Lituania, Luxemburg, Serbia, Panama, Maldive, Irlanda, Brazilia, Olanda, Insulele Falkland, Italia, Eswatini, Belgia, Chile, Peru, Columbia, Elve\u0163ia, Argentina, Kosovo, Belarus, Kuweit, Austria, Uruguay, Bolivia, Republica Moldova, Botswana, Macedonia de Nord, Cipru, Polonia, French Polynesia, Georgia, Liechtenstein, Malaezia, Germania, Ungaria, Qatar, Africa de Sud.<\/p>\n<p>Conform CNSU, la intrarea \u00een Rom\u00e2nia, pentru persoanele care sosesc din \u021b\u0103rile\/zonele\/teritoriile de risc epidemiologic ridicat \u0219i prezint\u0103 un document ce atest\u0103 rezultatul negativ al unui test<br \/>\nRT-PCR, efectuat cu cel mult 72 de ore \u00eenaintea \u00eembarc\u0103rii (pentru cei care c\u0103l\u0103toresc cu mijloace de transport \u00een comun) sau intr\u0103rii pe teritoriul na\u021bional (pentru cei care c\u0103l\u0103toresc cu mijloace<br \/>\nproprii), se instituie m\u0103sura carantinei la domiciliu sau la loca\u021bia declarat\u0103 pentru o perioad\u0103 de 10 zile.<\/p>\n<p>\u201ePentru persoanele sosite din \u021b\u0103rile\/zonele\/teritoriile prev\u0103zute la alin. (1) \u0219i care nu prezint\u0103 la intrarea \u00een tar\u0103 un document care s\u0103 ateste rezultatul negativ al unui test RT-PCR pentru<br \/>\ninfec\u021bia cu virusul SARS-CoV-2, se instituie m\u0103sura carantinei la domiciliu sau la loca\u021bia declarat\u0103 pentru o perioad\u0103 de 14 zile\u201d, se arat\u0103 \u00een hot\u0103r\u00e2re.<\/p>\n<p>De asemenea, persoanele sosite din Regatul Unit al Marii Britanii \u0219i Irlandei de Nord au obliga\u021bia prezent\u0103rii la intrarea \u00een \u021bar\u0103 a certificatului unui test RT-PCR negativ efectuat cu cel mult 72<br \/>\nde ore \u00eenainte de \u00eembarc\u0103rii (pentru cei care c\u0103l\u0103toresc cu mijloace de transport \u00een comun) sau intr\u0103rii pe teritoriul na\u021bional (pentru cei care c\u0103l\u0103toresc cu mijloace proprii) \u0219i intr\u0103 \u00een<br \/>\ncarantin\u0103 la domiciliu sau la loca\u021bia declarat\u0103<br \/>\npentru o perioad\u0103 de 14 zile.<\/p>\n<p>Sunt exceptate de la m\u0103sura carantinei mai multe categorii care nu prezint\u0103 simptome Covid, printre care \u0219oferi, pilo\u021bi, personal navigant, lucr\u0103tori transfrontalieri etc.<\/p>\n<p style=\"text-align: right;\">(conf. mediafax.ro)<\/p>\n","protected":false},"excerpt":{"rendered":"<p>Potrivit Comitetului Na\u021bional pentru Situa\u021bii de Urgen\u021b\u0103 (CNSU), lista actualizat\u0103 va intra \u00een vigoare de luni, 15 februarie. \u021a\u0103rile cuprinse<\/p>\n","protected":false},"author":1,"featured_media":3999,"comment_status":"open","ping_status":"open","sticky":false,"template":"","format":"standard","meta":{"colormag_page_container_layout":"default_layout","colormag_page_sidebar_layout":"default_layout","footnotes":""},"categories":[32,5],"tags":[],"class_list":["post-3998","post","type-post","status-publish","format-standard","has-post-thumbnail","hentry","category-comunicate","category-locale"],"yoast_head":"<!-- This site is optimized with the Yoast SEO plugin v27.0 - https:\/\/yoast.com\/product\/yoast-seo-wordpress\/ -->\n<title>LISTA \u021b\u0103rilor pentru care se instituie carantina la intrarea \u00een Rom\u00e2nia, conform CNSU - MHF Photography<\/title>\n<meta name=\"robots\" content=\"index, follow, max-snippet:-1, max-image-preview:large, max-video-preview:-1\" \/>\n<link rel=\"canonical\" href=\"https:\/\/mhf.ro\/mm\/lista-tarilor-pentru-care-se-instituie-carantina-la-intrarea-in-romania-conform-cnsu\/\" \/>\n<meta property=\"og:locale\" content=\"ro_RO\" \/>\n<meta property=\"og:type\" content=\"article\" \/>\n<meta property=\"og:title\" content=\"LISTA \u021b\u0103rilor pentru care se instituie carantina la intrarea \u00een Rom\u00e2nia, conform CNSU - MHF Photography\" \/>\n<meta property=\"og:description\" content=\"Potrivit Comitetului Na\u021bional pentru Situa\u021bii de Urgen\u021b\u0103 (CNSU), lista actualizat\u0103 va intra \u00een vigoare de luni, 15 februarie. \u021a\u0103rile cuprinse\" \/>\n<meta property=\"og:url\" content=\"https:\/\/mhf.ro\/mm\/lista-tarilor-pentru-care-se-instituie-carantina-la-intrarea-in-romania-conform-cnsu\/\" \/>\n<meta property=\"og:site_name\" content=\"MHF Photography\" \/>\n<meta property=\"article:published_time\" content=\"2021-02-12T06:40:39+00:00\" \/>\n<meta property=\"og:image\" content=\"https:\/\/mhf.ro\/mm\/wp-content\/uploads\/2021\/02\/avion_desc.jpg\" \/>\n\t<meta property=\"og:image:width\" content=\"1280\" \/>\n\t<meta property=\"og:image:height\" content=\"959\" \/>\n\t<meta property=\"og:image:type\" content=\"image\/jpeg\" \/>\n<meta name=\"author\" content=\"Marius Marcu\" \/>\n<meta name=\"twitter:card\" content=\"summary_large_image\" \/>\n<meta name=\"twitter:label1\" content=\"Scris de\" \/>\n\t<meta name=\"twitter:data1\" content=\"Marius Marcu\" \/>\n\t<meta name=\"twitter:label2\" content=\"Timp estimat pentru citire\" \/>\n\t<meta name=\"twitter:data2\" content=\"2 minute\" \/>\n<script type=\"application\/ld+json\" class=\"yoast-schema-graph\">{\"@context\":\"https:\/\/schema.org\",\"@graph\":[{\"@type\":\"Article\",\"@id\":\"https:\/\/mhf.ro\/mm\/lista-tarilor-pentru-care-se-instituie-carantina-la-intrarea-in-romania-conform-cnsu\/#article\",\"isPartOf\":{\"@id\":\"https:\/\/mhf.ro\/mm\/lista-tarilor-pentru-care-se-instituie-carantina-la-intrarea-in-romania-conform-cnsu\/\"},\"author\":{\"name\":\"Marius Marcu\",\"@id\":\"https:\/\/mhf.ro\/mm\/#\/schema\/person\/a3bebf7bdb4bf12f698aff73c7e46c21\"},\"headline\":\"LISTA \u021b\u0103rilor pentru care se instituie carantina la intrarea \u00een Rom\u00e2nia, conform CNSU\",\"datePublished\":\"2021-02-12T06:40:39+00:00\",\"mainEntityOfPage\":{\"@id\":\"https:\/\/mhf.ro\/mm\/lista-tarilor-pentru-care-se-instituie-carantina-la-intrarea-in-romania-conform-cnsu\/\"},\"wordCount\":387,\"commentCount\":0,\"publisher\":{\"@id\":\"https:\/\/mhf.ro\/mm\/#\/schema\/person\/a3bebf7bdb4bf12f698aff73c7e46c21\"},\"image\":{\"@id\":\"https:\/\/mhf.ro\/mm\/lista-tarilor-pentru-care-se-instituie-carantina-la-intrarea-in-romania-conform-cnsu\/#primaryimage\"},\"thumbnailUrl\":\"https:\/\/mhf.ro\/mm\/wp-content\/uploads\/2021\/02\/avion_desc.jpg\",\"articleSection\":[\"Comunicate\",\"Locale\"],\"inLanguage\":\"ro-RO\",\"potentialAction\":[{\"@type\":\"CommentAction\",\"name\":\"Comment\",\"target\":[\"https:\/\/mhf.ro\/mm\/lista-tarilor-pentru-care-se-instituie-carantina-la-intrarea-in-romania-conform-cnsu\/#respond\"]}]},{\"@type\":\"WebPage\",\"@id\":\"https:\/\/mhf.ro\/mm\/lista-tarilor-pentru-care-se-instituie-carantina-la-intrarea-in-romania-conform-cnsu\/\",\"url\":\"https:\/\/mhf.ro\/mm\/lista-tarilor-pentru-care-se-instituie-carantina-la-intrarea-in-romania-conform-cnsu\/\",\"name\":\"LISTA \u021b\u0103rilor pentru care se instituie carantina la intrarea \u00een Rom\u00e2nia, conform CNSU - MHF Photography\",\"isPartOf\":{\"@id\":\"https:\/\/mhf.ro\/mm\/#website\"},\"primaryImageOfPage\":{\"@id\":\"https:\/\/mhf.ro\/mm\/lista-tarilor-pentru-care-se-instituie-carantina-la-intrarea-in-romania-conform-cnsu\/#primaryimage\"},\"image\":{\"@id\":\"https:\/\/mhf.ro\/mm\/lista-tarilor-pentru-care-se-instituie-carantina-la-intrarea-in-romania-conform-cnsu\/#primaryimage\"},\"thumbnailUrl\":\"https:\/\/mhf.ro\/mm\/wp-content\/uploads\/2021\/02\/avion_desc.jpg\",\"datePublished\":\"2021-02-12T06:40:39+00:00\",\"breadcrumb\":{\"@id\":\"https:\/\/mhf.ro\/mm\/lista-tarilor-pentru-care-se-instituie-carantina-la-intrarea-in-romania-conform-cnsu\/#breadcrumb\"},\"inLanguage\":\"ro-RO\",\"potentialAction\":[{\"@type\":\"ReadAction\",\"target\":[\"https:\/\/mhf.ro\/mm\/lista-tarilor-pentru-care-se-instituie-carantina-la-intrarea-in-romania-conform-cnsu\/\"]}]},{\"@type\":\"ImageObject\",\"inLanguage\":\"ro-RO\",\"@id\":\"https:\/\/mhf.ro\/mm\/lista-tarilor-pentru-care-se-instituie-carantina-la-intrarea-in-romania-conform-cnsu\/#primaryimage\",\"url\":\"https:\/\/mhf.ro\/mm\/wp-content\/uploads\/2021\/02\/avion_desc.jpg\",\"contentUrl\":\"https:\/\/mhf.ro\/mm\/wp-content\/uploads\/2021\/02\/avion_desc.jpg\",\"width\":1280,\"height\":959},{\"@type\":\"BreadcrumbList\",\"@id\":\"https:\/\/mhf.ro\/mm\/lista-tarilor-pentru-care-se-instituie-carantina-la-intrarea-in-romania-conform-cnsu\/#breadcrumb\",\"itemListElement\":[{\"@type\":\"ListItem\",\"position\":1,\"name\":\"Prima pagin\u0103\",\"item\":\"https:\/\/mhf.ro\/mm\/\"},{\"@type\":\"ListItem\",\"position\":2,\"name\":\"LISTA \u021b\u0103rilor pentru care se instituie carantina la intrarea \u00een Rom\u00e2nia, conform CNSU\"}]},{\"@type\":\"WebSite\",\"@id\":\"https:\/\/mhf.ro\/mm\/#website\",\"url\":\"https:\/\/mhf.ro\/mm\/\",\"name\":\"MHF Photography \u2013 Blog de fotografie, natur\u0103 \u0219i tehnic\u0103 divers\u0103\",\"description\":\"Aventur\u0103 \u00een fiecare cadru.\",\"publisher\":{\"@id\":\"https:\/\/mhf.ro\/mm\/#\/schema\/person\/a3bebf7bdb4bf12f698aff73c7e46c21\"},\"potentialAction\":[{\"@type\":\"SearchAction\",\"target\":{\"@type\":\"EntryPoint\",\"urlTemplate\":\"https:\/\/mhf.ro\/mm\/?s={search_term_string}\"},\"query-input\":{\"@type\":\"PropertyValueSpecification\",\"valueRequired\":true,\"valueName\":\"search_term_string\"}}],\"inLanguage\":\"ro-RO\"},{\"@type\":[\"Person\",\"Organization\"],\"@id\":\"https:\/\/mhf.ro\/mm\/#\/schema\/person\/a3bebf7bdb4bf12f698aff73c7e46c21\",\"name\":\"Marius Marcu\",\"image\":{\"@type\":\"ImageObject\",\"inLanguage\":\"ro-RO\",\"@id\":\"https:\/\/mhf.ro\/mm\/#\/schema\/person\/image\/\",\"url\":\"https:\/\/mhf.ro\/mm\/wp-content\/uploads\/2025\/12\/cropped-logo_mhf_2.png\",\"contentUrl\":\"https:\/\/mhf.ro\/mm\/wp-content\/uploads\/2025\/12\/cropped-logo_mhf_2.png\",\"width\":1096,\"height\":457,\"caption\":\"Marius Marcu\"},\"logo\":{\"@id\":\"https:\/\/mhf.ro\/mm\/#\/schema\/person\/image\/\"},\"sameAs\":[\"https:\/\/mhf.ro\/mm\"],\"url\":\"https:\/\/mhf.ro\/mm\/author\/mihai\/\"}]}<\/script>\n<!-- \/ Yoast SEO plugin. -->","yoast_head_json":{"title":"LISTA \u021b\u0103rilor pentru care se instituie carantina la intrarea \u00een Rom\u00e2nia, conform CNSU - MHF Photography","robots":{"index":"index","follow":"follow","max-snippet":"max-snippet:-1","max-image-preview":"max-image-preview:large","max-video-preview":"max-video-preview:-1"},"canonical":"https:\/\/mhf.ro\/mm\/lista-tarilor-pentru-care-se-instituie-carantina-la-intrarea-in-romania-conform-cnsu\/","og_locale":"ro_RO","og_type":"article","og_title":"LISTA \u021b\u0103rilor pentru care se instituie carantina la intrarea \u00een Rom\u00e2nia, conform CNSU - MHF Photography","og_description":"Potrivit Comitetului Na\u021bional pentru Situa\u021bii de Urgen\u021b\u0103 (CNSU), lista actualizat\u0103 va intra \u00een vigoare de luni, 15 februarie. \u021a\u0103rile cuprinse","og_url":"https:\/\/mhf.ro\/mm\/lista-tarilor-pentru-care-se-instituie-carantina-la-intrarea-in-romania-conform-cnsu\/","og_site_name":"MHF Photography","article_published_time":"2021-02-12T06:40:39+00:00","og_image":[{"width":1280,"height":959,"url":"https:\/\/mhf.ro\/mm\/wp-content\/uploads\/2021\/02\/avion_desc.jpg","type":"image\/jpeg"}],"author":"Marius Marcu","twitter_card":"summary_large_image","twitter_misc":{"Scris de":"Marius Marcu","Timp estimat pentru citire":"2 minute"},"schema":{"@context":"https:\/\/schema.org","@graph":[{"@type":"Article","@id":"https:\/\/mhf.ro\/mm\/lista-tarilor-pentru-care-se-instituie-carantina-la-intrarea-in-romania-conform-cnsu\/#article","isPartOf":{"@id":"https:\/\/mhf.ro\/mm\/lista-tarilor-pentru-care-se-instituie-carantina-la-intrarea-in-romania-conform-cnsu\/"},"author":{"name":"Marius Marcu","@id":"https:\/\/mhf.ro\/mm\/#\/schema\/person\/a3bebf7bdb4bf12f698aff73c7e46c21"},"headline":"LISTA \u021b\u0103rilor pentru care se instituie carantina la intrarea \u00een Rom\u00e2nia, conform CNSU","datePublished":"2021-02-12T06:40:39+00:00","mainEntityOfPage":{"@id":"https:\/\/mhf.ro\/mm\/lista-tarilor-pentru-care-se-instituie-carantina-la-intrarea-in-romania-conform-cnsu\/"},"wordCount":387,"commentCount":0,"publisher":{"@id":"https:\/\/mhf.ro\/mm\/#\/schema\/person\/a3bebf7bdb4bf12f698aff73c7e46c21"},"image":{"@id":"https:\/\/mhf.ro\/mm\/lista-tarilor-pentru-care-se-instituie-carantina-la-intrarea-in-romania-conform-cnsu\/#primaryimage"},"thumbnailUrl":"https:\/\/mhf.ro\/mm\/wp-content\/uploads\/2021\/02\/avion_desc.jpg","articleSection":["Comunicate","Locale"],"inLanguage":"ro-RO","potentialAction":[{"@type":"CommentAction","name":"Comment","target":["https:\/\/mhf.ro\/mm\/lista-tarilor-pentru-care-se-instituie-carantina-la-intrarea-in-romania-conform-cnsu\/#respond"]}]},{"@type":"WebPage","@id":"https:\/\/mhf.ro\/mm\/lista-tarilor-pentru-care-se-instituie-carantina-la-intrarea-in-romania-conform-cnsu\/","url":"https:\/\/mhf.ro\/mm\/lista-tarilor-pentru-care-se-instituie-carantina-la-intrarea-in-romania-conform-cnsu\/","name":"LISTA \u021b\u0103rilor pentru care se instituie carantina la intrarea \u00een Rom\u00e2nia, conform CNSU - MHF Photography","isPartOf":{"@id":"https:\/\/mhf.ro\/mm\/#website"},"primaryImageOfPage":{"@id":"https:\/\/mhf.ro\/mm\/lista-tarilor-pentru-care-se-instituie-carantina-la-intrarea-in-romania-conform-cnsu\/#primaryimage"},"image":{"@id":"https:\/\/mhf.ro\/mm\/lista-tarilor-pentru-care-se-instituie-carantina-la-intrarea-in-romania-conform-cnsu\/#primaryimage"},"thumbnailUrl":"https:\/\/mhf.ro\/mm\/wp-content\/uploads\/2021\/02\/avion_desc.jpg","datePublished":"2021-02-12T06:40:39+00:00","breadcrumb":{"@id":"https:\/\/mhf.ro\/mm\/lista-tarilor-pentru-care-se-instituie-carantina-la-intrarea-in-romania-conform-cnsu\/#breadcrumb"},"inLanguage":"ro-RO","potentialAction":[{"@type":"ReadAction","target":["https:\/\/mhf.ro\/mm\/lista-tarilor-pentru-care-se-instituie-carantina-la-intrarea-in-romania-conform-cnsu\/"]}]},{"@type":"ImageObject","inLanguage":"ro-RO","@id":"https:\/\/mhf.ro\/mm\/lista-tarilor-pentru-care-se-instituie-carantina-la-intrarea-in-romania-conform-cnsu\/#primaryimage","url":"https:\/\/mhf.ro\/mm\/wp-content\/uploads\/2021\/02\/avion_desc.jpg","contentUrl":"https:\/\/mhf.ro\/mm\/wp-content\/uploads\/2021\/02\/avion_desc.jpg","width":1280,"height":959},{"@type":"BreadcrumbList","@id":"https:\/\/mhf.ro\/mm\/lista-tarilor-pentru-care-se-instituie-carantina-la-intrarea-in-romania-conform-cnsu\/#breadcrumb","itemListElement":[{"@type":"ListItem","position":1,"name":"Prima pagin\u0103","item":"https:\/\/mhf.ro\/mm\/"},{"@type":"ListItem","position":2,"name":"LISTA \u021b\u0103rilor pentru care se instituie carantina la intrarea \u00een Rom\u00e2nia, conform CNSU"}]},{"@type":"WebSite","@id":"https:\/\/mhf.ro\/mm\/#website","url":"https:\/\/mhf.ro\/mm\/","name":"MHF Photography \u2013 Blog de fotografie, natur\u0103 \u0219i tehnic\u0103 divers\u0103","description":"Aventur\u0103 \u00een fiecare cadru.","publisher":{"@id":"https:\/\/mhf.ro\/mm\/#\/schema\/person\/a3bebf7bdb4bf12f698aff73c7e46c21"},"potentialAction":[{"@type":"SearchAction","target":{"@type":"EntryPoint","urlTemplate":"https:\/\/mhf.ro\/mm\/?s={search_term_string}"},"query-input":{"@type":"PropertyValueSpecification","valueRequired":true,"valueName":"search_term_string"}}],"inLanguage":"ro-RO"},{"@type":["Person","Organization"],"@id":"https:\/\/mhf.ro\/mm\/#\/schema\/person\/a3bebf7bdb4bf12f698aff73c7e46c21","name":"Marius Marcu","image":{"@type":"ImageObject","inLanguage":"ro-RO","@id":"https:\/\/mhf.ro\/mm\/#\/schema\/person\/image\/","url":"https:\/\/mhf.ro\/mm\/wp-content\/uploads\/2025\/12\/cropped-logo_mhf_2.png","contentUrl":"https:\/\/mhf.ro\/mm\/wp-content\/uploads\/2025\/12\/cropped-logo_mhf_2.png","width":1096,"height":457,"caption":"Marius Marcu"},"logo":{"@id":"https:\/\/mhf.ro\/mm\/#\/schema\/person\/image\/"},"sameAs":["https:\/\/mhf.ro\/mm"],"url":"https:\/\/mhf.ro\/mm\/author\/mihai\/"}]}},"_links":{"self":[{"href":"https:\/\/mhf.ro\/mm\/wp-json\/wp\/v2\/posts\/3998","targetHints":{"allow":["GET"]}}],"collection":[{"href":"https:\/\/mhf.ro\/mm\/wp-json\/wp\/v2\/posts"}],"about":[{"href":"https:\/\/mhf.ro\/mm\/wp-json\/wp\/v2\/types\/post"}],"author":[{"embeddable":true,"href":"https:\/\/mhf.ro\/mm\/wp-json\/wp\/v2\/users\/1"}],"replies":[{"embeddable":true,"href":"https:\/\/mhf.ro\/mm\/wp-json\/wp\/v2\/comments?post=3998"}],"version-history":[{"count":1,"href":"https:\/\/mhf.ro\/mm\/wp-json\/wp\/v2\/posts\/3998\/revisions"}],"predecessor-version":[{"id":4000,"href":"https:\/\/mhf.ro\/mm\/wp-json\/wp\/v2\/posts\/3998\/revisions\/4000"}],"wp:featuredmedia":[{"embeddable":true,"href":"https:\/\/mhf.ro\/mm\/wp-json\/wp\/v2\/media\/3999"}],"wp:attachment":[{"href":"https:\/\/mhf.ro\/mm\/wp-json\/wp\/v2\/media?parent=3998"}],"wp:term":[{"taxonomy":"category","embeddable":true,"href":"https:\/\/mhf.ro\/mm\/wp-json\/wp\/v2\/categories?post=3998"},{"taxonomy":"post_tag","embeddable":true,"href":"https:\/\/mhf.ro\/mm\/wp-json\/wp\/v2\/tags?post=3998"}],"curies":[{"name":"wp","href":"https:\/\/api.w.org\/{rel}","templated":true}]}}