{"id":4001,"date":"2021-02-12T08:43:26","date_gmt":"2021-02-12T06:43:26","guid":{"rendered":"https:\/\/mhf.ro\/mm\/?p=4001"},"modified":"2021-02-12T08:43:26","modified_gmt":"2021-02-12T06:43:26","slug":"marea-epurare-pregatita-de-pnl-weber-iordache-gradea","status":"publish","type":"post","link":"https:\/\/mhf.ro\/mm\/marea-epurare-pregatita-de-pnl-weber-iordache-gradea\/","title":{"rendered":"\u201dMarea epurare\u201d preg\u0103tit\u0103 de PNL: Weber, Iordache, Gradea"},"content":{"rendered":"<p>Deputatul liberal Florin Roman a vorbit, joi, despre \u201dmarea epurare\u201d, referindu-se la \u00eenlocuirea din func\u021bie a lui Renate Weber (Avocatul Poporului), Florin Iordache (Consiliul Legislativ), Doina Gradea (TVR), dar \u015fi la eliminarea pensiilor speciale.<\/p>\n<p>Afirma\u021bia acestuia vine dup\u0103 ce pre\u0219edintele PNL, Ludovic Orban, a afirmat, luni, referitor la revocarea Renatei Weber din func\u021bia de Avocat al Poporului, c\u0103 acest lucru va fi realizat \u00een cel mai scurt timp posibil, \u00eens\u0103 depinde \u0219i de partenerii de guvernare ai PNL.<\/p>\n<p>Totodat\u0103, Orban a men\u021bionat \u0219i revocarea lui Florin Iordache, dar \u0219i schimbarea Doinei Gradea.<\/p>\n<p>\u201d\u00cen unele cazuri e nevoie de modificare legislativ\u0103, \u00een alte cazuri, cum este cazul TVR, radio, este suficient\u0103 o respingere a raportului\u201d, a mai explicat Orban.<\/p>\n<p style=\"text-align: right;\">(conf. jurnalist.ro)<\/p>\n","protected":false},"excerpt":{"rendered":"<p>Deputatul liberal Florin Roman a vorbit, joi, despre \u201dmarea epurare\u201d, referindu-se la \u00eenlocuirea din func\u021bie a lui Renate Weber (Avocatul<\/p>\n","protected":false},"author":1,"featured_media":4002,"comment_status":"open","ping_status":"open","sticky":false,"template":"","format":"standard","meta":{"colormag_page_container_layout":"default_layout","colormag_page_sidebar_layout":"default_layout","footnotes":""},"categories":[8],"tags":[],"class_list":["post-4001","post","type-post","status-publish","format-standard","has-post-thumbnail","hentry","category-div"],"yoast_head":"<!-- This site is optimized with the Yoast SEO plugin v27.0 - https:\/\/yoast.com\/product\/yoast-seo-wordpress\/ -->\n<title>\u201dMarea epurare\u201d preg\u0103tit\u0103 de PNL: Weber, Iordache, Gradea - MHF Photography<\/title>\n<meta name=\"robots\" content=\"index, follow, max-snippet:-1, max-image-preview:large, max-video-preview:-1\" \/>\n<link rel=\"canonical\" href=\"https:\/\/mhf.ro\/mm\/marea-epurare-pregatita-de-pnl-weber-iordache-gradea\/\" \/>\n<meta property=\"og:locale\" content=\"ro_RO\" \/>\n<meta property=\"og:type\" content=\"article\" \/>\n<meta property=\"og:title\" content=\"\u201dMarea epurare\u201d preg\u0103tit\u0103 de PNL: Weber, Iordache, Gradea - MHF Photography\" \/>\n<meta property=\"og:description\" content=\"Deputatul liberal Florin Roman a vorbit, joi, despre \u201dmarea epurare\u201d, referindu-se la \u00eenlocuirea din func\u021bie a lui Renate Weber (Avocatul\" \/>\n<meta property=\"og:url\" content=\"https:\/\/mhf.ro\/mm\/marea-epurare-pregatita-de-pnl-weber-iordache-gradea\/\" \/>\n<meta property=\"og:site_name\" content=\"MHF Photography\" \/>\n<meta property=\"article:published_time\" content=\"2021-02-12T06:43:26+00:00\" \/>\n<meta property=\"og:image\" content=\"https:\/\/mhf.ro\/mm\/wp-content\/uploads\/2021\/02\/florin-roman-8.jpg\" \/>\n\t<meta property=\"og:image:width\" content=\"848\" \/>\n\t<meta property=\"og:image:height\" content=\"445\" \/>\n\t<meta property=\"og:image:type\" content=\"image\/jpeg\" \/>\n<meta name=\"author\" content=\"Marius Marcu\" \/>\n<meta name=\"twitter:card\" content=\"summary_large_image\" \/>\n<meta name=\"twitter:label1\" content=\"Scris de\" \/>\n\t<meta name=\"twitter:data1\" content=\"Marius Marcu\" \/>\n\t<meta name=\"twitter:label2\" content=\"Timp estimat pentru citire\" \/>\n\t<meta name=\"twitter:data2\" content=\"1 minut\" \/>\n<script type=\"application\/ld+json\" class=\"yoast-schema-graph\">{\"@context\":\"https:\/\/schema.org\",\"@graph\":[{\"@type\":\"Article\",\"@id\":\"https:\/\/mhf.ro\/mm\/marea-epurare-pregatita-de-pnl-weber-iordache-gradea\/#article\",\"isPartOf\":{\"@id\":\"https:\/\/mhf.ro\/mm\/marea-epurare-pregatita-de-pnl-weber-iordache-gradea\/\"},\"author\":{\"name\":\"Marius Marcu\",\"@id\":\"https:\/\/mhf.ro\/mm\/#\/schema\/person\/a3bebf7bdb4bf12f698aff73c7e46c21\"},\"headline\":\"\u201dMarea epurare\u201d preg\u0103tit\u0103 de PNL: Weber, Iordache, Gradea\",\"datePublished\":\"2021-02-12T06:43:26+00:00\",\"mainEntityOfPage\":{\"@id\":\"https:\/\/mhf.ro\/mm\/marea-epurare-pregatita-de-pnl-weber-iordache-gradea\/\"},\"wordCount\":135,\"commentCount\":0,\"publisher\":{\"@id\":\"https:\/\/mhf.ro\/mm\/#\/schema\/person\/a3bebf7bdb4bf12f698aff73c7e46c21\"},\"image\":{\"@id\":\"https:\/\/mhf.ro\/mm\/marea-epurare-pregatita-de-pnl-weber-iordache-gradea\/#primaryimage\"},\"thumbnailUrl\":\"https:\/\/mhf.ro\/mm\/wp-content\/uploads\/2021\/02\/florin-roman-8.jpg\",\"articleSection\":[\"Diverse\"],\"inLanguage\":\"ro-RO\",\"potentialAction\":[{\"@type\":\"CommentAction\",\"name\":\"Comment\",\"target\":[\"https:\/\/mhf.ro\/mm\/marea-epurare-pregatita-de-pnl-weber-iordache-gradea\/#respond\"]}]},{\"@type\":\"WebPage\",\"@id\":\"https:\/\/mhf.ro\/mm\/marea-epurare-pregatita-de-pnl-weber-iordache-gradea\/\",\"url\":\"https:\/\/mhf.ro\/mm\/marea-epurare-pregatita-de-pnl-weber-iordache-gradea\/\",\"name\":\"\u201dMarea epurare\u201d preg\u0103tit\u0103 de PNL: Weber, Iordache, Gradea - MHF Photography\",\"isPartOf\":{\"@id\":\"https:\/\/mhf.ro\/mm\/#website\"},\"primaryImageOfPage\":{\"@id\":\"https:\/\/mhf.ro\/mm\/marea-epurare-pregatita-de-pnl-weber-iordache-gradea\/#primaryimage\"},\"image\":{\"@id\":\"https:\/\/mhf.ro\/mm\/marea-epurare-pregatita-de-pnl-weber-iordache-gradea\/#primaryimage\"},\"thumbnailUrl\":\"https:\/\/mhf.ro\/mm\/wp-content\/uploads\/2021\/02\/florin-roman-8.jpg\",\"datePublished\":\"2021-02-12T06:43:26+00:00\",\"breadcrumb\":{\"@id\":\"https:\/\/mhf.ro\/mm\/marea-epurare-pregatita-de-pnl-weber-iordache-gradea\/#breadcrumb\"},\"inLanguage\":\"ro-RO\",\"potentialAction\":[{\"@type\":\"ReadAction\",\"target\":[\"https:\/\/mhf.ro\/mm\/marea-epurare-pregatita-de-pnl-weber-iordache-gradea\/\"]}]},{\"@type\":\"ImageObject\",\"inLanguage\":\"ro-RO\",\"@id\":\"https:\/\/mhf.ro\/mm\/marea-epurare-pregatita-de-pnl-weber-iordache-gradea\/#primaryimage\",\"url\":\"https:\/\/mhf.ro\/mm\/wp-content\/uploads\/2021\/02\/florin-roman-8.jpg\",\"contentUrl\":\"https:\/\/mhf.ro\/mm\/wp-content\/uploads\/2021\/02\/florin-roman-8.jpg\",\"width\":848,\"height\":445},{\"@type\":\"BreadcrumbList\",\"@id\":\"https:\/\/mhf.ro\/mm\/marea-epurare-pregatita-de-pnl-weber-iordache-gradea\/#breadcrumb\",\"itemListElement\":[{\"@type\":\"ListItem\",\"position\":1,\"name\":\"Prima pagin\u0103\",\"item\":\"https:\/\/mhf.ro\/mm\/\"},{\"@type\":\"ListItem\",\"position\":2,\"name\":\"\u201dMarea epurare\u201d preg\u0103tit\u0103 de PNL: Weber, Iordache, Gradea\"}]},{\"@type\":\"WebSite\",\"@id\":\"https:\/\/mhf.ro\/mm\/#website\",\"url\":\"https:\/\/mhf.ro\/mm\/\",\"name\":\"MHF Photography \u2013 Blog de fotografie, natur\u0103 \u0219i tehnic\u0103 divers\u0103\",\"description\":\"Aventur\u0103 \u00een fiecare cadru.\",\"publisher\":{\"@id\":\"https:\/\/mhf.ro\/mm\/#\/schema\/person\/a3bebf7bdb4bf12f698aff73c7e46c21\"},\"potentialAction\":[{\"@type\":\"SearchAction\",\"target\":{\"@type\":\"EntryPoint\",\"urlTemplate\":\"https:\/\/mhf.ro\/mm\/?s={search_term_string}\"},\"query-input\":{\"@type\":\"PropertyValueSpecification\",\"valueRequired\":true,\"valueName\":\"search_term_string\"}}],\"inLanguage\":\"ro-RO\"},{\"@type\":[\"Person\",\"Organization\"],\"@id\":\"https:\/\/mhf.ro\/mm\/#\/schema\/person\/a3bebf7bdb4bf12f698aff73c7e46c21\",\"name\":\"Marius Marcu\",\"image\":{\"@type\":\"ImageObject\",\"inLanguage\":\"ro-RO\",\"@id\":\"https:\/\/mhf.ro\/mm\/#\/schema\/person\/image\/\",\"url\":\"https:\/\/mhf.ro\/mm\/wp-content\/uploads\/2025\/12\/cropped-logo_mhf_2.png\",\"contentUrl\":\"https:\/\/mhf.ro\/mm\/wp-content\/uploads\/2025\/12\/cropped-logo_mhf_2.png\",\"width\":1096,\"height\":457,\"caption\":\"Marius Marcu\"},\"logo\":{\"@id\":\"https:\/\/mhf.ro\/mm\/#\/schema\/person\/image\/\"},\"sameAs\":[\"https:\/\/mhf.ro\/mm\"],\"url\":\"https:\/\/mhf.ro\/mm\/author\/mihai\/\"}]}<\/script>\n<!-- \/ Yoast SEO plugin. -->","yoast_head_json":{"title":"\u201dMarea epurare\u201d preg\u0103tit\u0103 de PNL: Weber, Iordache, Gradea - MHF Photography","robots":{"index":"index","follow":"follow","max-snippet":"max-snippet:-1","max-image-preview":"max-image-preview:large","max-video-preview":"max-video-preview:-1"},"canonical":"https:\/\/mhf.ro\/mm\/marea-epurare-pregatita-de-pnl-weber-iordache-gradea\/","og_locale":"ro_RO","og_type":"article","og_title":"\u201dMarea epurare\u201d preg\u0103tit\u0103 de PNL: Weber, Iordache, Gradea - MHF Photography","og_description":"Deputatul liberal Florin Roman a vorbit, joi, despre \u201dmarea epurare\u201d, referindu-se la \u00eenlocuirea din func\u021bie a lui Renate Weber (Avocatul","og_url":"https:\/\/mhf.ro\/mm\/marea-epurare-pregatita-de-pnl-weber-iordache-gradea\/","og_site_name":"MHF Photography","article_published_time":"2021-02-12T06:43:26+00:00","og_image":[{"width":848,"height":445,"url":"https:\/\/mhf.ro\/mm\/wp-content\/uploads\/2021\/02\/florin-roman-8.jpg","type":"image\/jpeg"}],"author":"Marius Marcu","twitter_card":"summary_large_image","twitter_misc":{"Scris de":"Marius Marcu","Timp estimat pentru citire":"1 minut"},"schema":{"@context":"https:\/\/schema.org","@graph":[{"@type":"Article","@id":"https:\/\/mhf.ro\/mm\/marea-epurare-pregatita-de-pnl-weber-iordache-gradea\/#article","isPartOf":{"@id":"https:\/\/mhf.ro\/mm\/marea-epurare-pregatita-de-pnl-weber-iordache-gradea\/"},"author":{"name":"Marius Marcu","@id":"https:\/\/mhf.ro\/mm\/#\/schema\/person\/a3bebf7bdb4bf12f698aff73c7e46c21"},"headline":"\u201dMarea epurare\u201d preg\u0103tit\u0103 de PNL: Weber, Iordache, Gradea","datePublished":"2021-02-12T06:43:26+00:00","mainEntityOfPage":{"@id":"https:\/\/mhf.ro\/mm\/marea-epurare-pregatita-de-pnl-weber-iordache-gradea\/"},"wordCount":135,"commentCount":0,"publisher":{"@id":"https:\/\/mhf.ro\/mm\/#\/schema\/person\/a3bebf7bdb4bf12f698aff73c7e46c21"},"image":{"@id":"https:\/\/mhf.ro\/mm\/marea-epurare-pregatita-de-pnl-weber-iordache-gradea\/#primaryimage"},"thumbnailUrl":"https:\/\/mhf.ro\/mm\/wp-content\/uploads\/2021\/02\/florin-roman-8.jpg","articleSection":["Diverse"],"inLanguage":"ro-RO","potentialAction":[{"@type":"CommentAction","name":"Comment","target":["https:\/\/mhf.ro\/mm\/marea-epurare-pregatita-de-pnl-weber-iordache-gradea\/#respond"]}]},{"@type":"WebPage","@id":"https:\/\/mhf.ro\/mm\/marea-epurare-pregatita-de-pnl-weber-iordache-gradea\/","url":"https:\/\/mhf.ro\/mm\/marea-epurare-pregatita-de-pnl-weber-iordache-gradea\/","name":"\u201dMarea epurare\u201d preg\u0103tit\u0103 de PNL: Weber, Iordache, Gradea - MHF Photography","isPartOf":{"@id":"https:\/\/mhf.ro\/mm\/#website"},"primaryImageOfPage":{"@id":"https:\/\/mhf.ro\/mm\/marea-epurare-pregatita-de-pnl-weber-iordache-gradea\/#primaryimage"},"image":{"@id":"https:\/\/mhf.ro\/mm\/marea-epurare-pregatita-de-pnl-weber-iordache-gradea\/#primaryimage"},"thumbnailUrl":"https:\/\/mhf.ro\/mm\/wp-content\/uploads\/2021\/02\/florin-roman-8.jpg","datePublished":"2021-02-12T06:43:26+00:00","breadcrumb":{"@id":"https:\/\/mhf.ro\/mm\/marea-epurare-pregatita-de-pnl-weber-iordache-gradea\/#breadcrumb"},"inLanguage":"ro-RO","potentialAction":[{"@type":"ReadAction","target":["https:\/\/mhf.ro\/mm\/marea-epurare-pregatita-de-pnl-weber-iordache-gradea\/"]}]},{"@type":"ImageObject","inLanguage":"ro-RO","@id":"https:\/\/mhf.ro\/mm\/marea-epurare-pregatita-de-pnl-weber-iordache-gradea\/#primaryimage","url":"https:\/\/mhf.ro\/mm\/wp-content\/uploads\/2021\/02\/florin-roman-8.jpg","contentUrl":"https:\/\/mhf.ro\/mm\/wp-content\/uploads\/2021\/02\/florin-roman-8.jpg","width":848,"height":445},{"@type":"BreadcrumbList","@id":"https:\/\/mhf.ro\/mm\/marea-epurare-pregatita-de-pnl-weber-iordache-gradea\/#breadcrumb","itemListElement":[{"@type":"ListItem","position":1,"name":"Prima pagin\u0103","item":"https:\/\/mhf.ro\/mm\/"},{"@type":"ListItem","position":2,"name":"\u201dMarea epurare\u201d preg\u0103tit\u0103 de PNL: Weber, Iordache, Gradea"}]},{"@type":"WebSite","@id":"https:\/\/mhf.ro\/mm\/#website","url":"https:\/\/mhf.ro\/mm\/","name":"MHF Photography \u2013 Blog de fotografie, natur\u0103 \u0219i tehnic\u0103 divers\u0103","description":"Aventur\u0103 \u00een fiecare cadru.","publisher":{"@id":"https:\/\/mhf.ro\/mm\/#\/schema\/person\/a3bebf7bdb4bf12f698aff73c7e46c21"},"potentialAction":[{"@type":"SearchAction","target":{"@type":"EntryPoint","urlTemplate":"https:\/\/mhf.ro\/mm\/?s={search_term_string}"},"query-input":{"@type":"PropertyValueSpecification","valueRequired":true,"valueName":"search_term_string"}}],"inLanguage":"ro-RO"},{"@type":["Person","Organization"],"@id":"https:\/\/mhf.ro\/mm\/#\/schema\/person\/a3bebf7bdb4bf12f698aff73c7e46c21","name":"Marius Marcu","image":{"@type":"ImageObject","inLanguage":"ro-RO","@id":"https:\/\/mhf.ro\/mm\/#\/schema\/person\/image\/","url":"https:\/\/mhf.ro\/mm\/wp-content\/uploads\/2025\/12\/cropped-logo_mhf_2.png","contentUrl":"https:\/\/mhf.ro\/mm\/wp-content\/uploads\/2025\/12\/cropped-logo_mhf_2.png","width":1096,"height":457,"caption":"Marius Marcu"},"logo":{"@id":"https:\/\/mhf.ro\/mm\/#\/schema\/person\/image\/"},"sameAs":["https:\/\/mhf.ro\/mm"],"url":"https:\/\/mhf.ro\/mm\/author\/mihai\/"}]}},"_links":{"self":[{"href":"https:\/\/mhf.ro\/mm\/wp-json\/wp\/v2\/posts\/4001","targetHints":{"allow":["GET"]}}],"collection":[{"href":"https:\/\/mhf.ro\/mm\/wp-json\/wp\/v2\/posts"}],"about":[{"href":"https:\/\/mhf.ro\/mm\/wp-json\/wp\/v2\/types\/post"}],"author":[{"embeddable":true,"href":"https:\/\/mhf.ro\/mm\/wp-json\/wp\/v2\/users\/1"}],"replies":[{"embeddable":true,"href":"https:\/\/mhf.ro\/mm\/wp-json\/wp\/v2\/comments?post=4001"}],"version-history":[{"count":1,"href":"https:\/\/mhf.ro\/mm\/wp-json\/wp\/v2\/posts\/4001\/revisions"}],"predecessor-version":[{"id":4003,"href":"https:\/\/mhf.ro\/mm\/wp-json\/wp\/v2\/posts\/4001\/revisions\/4003"}],"wp:featuredmedia":[{"embeddable":true,"href":"https:\/\/mhf.ro\/mm\/wp-json\/wp\/v2\/media\/4002"}],"wp:attachment":[{"href":"https:\/\/mhf.ro\/mm\/wp-json\/wp\/v2\/media?parent=4001"}],"wp:term":[{"taxonomy":"category","embeddable":true,"href":"https:\/\/mhf.ro\/mm\/wp-json\/wp\/v2\/categories?post=4001"},{"taxonomy":"post_tag","embeddable":true,"href":"https:\/\/mhf.ro\/mm\/wp-json\/wp\/v2\/tags?post=4001"}],"curies":[{"name":"wp","href":"https:\/\/api.w.org\/{rel}","templated":true}]}}