{"id":4006,"date":"2021-02-13T10:04:33","date_gmt":"2021-02-13T08:04:33","guid":{"rendered":"https:\/\/mhf.ro\/mm\/?p=4006"},"modified":"2021-02-13T11:14:49","modified_gmt":"2021-02-13T09:14:49","slug":"se-schimba-ritualul-botezului-dupa-tragedia-de-la-suceava","status":"publish","type":"post","link":"https:\/\/mhf.ro\/mm\/se-schimba-ritualul-botezului-dupa-tragedia-de-la-suceava\/","title":{"rendered":"Se schimb\u0103 ritualul botezului, dup\u0103 tragedia de la Suceava"},"content":{"rendered":"<p>\u00cePS Calinic a anun\u021bat c\u0103 Arhiepiscopia Arge\u0219ului \u0219i Muscelului vine cu o serie de m\u0103suri \u00een ceea ce prive\u0219te schimbarea tehnicii botezului, dup\u0103 ce un bebelu\u0219 de \u0219ase s\u0103pt\u0103m\u00e2ni din Suceava a murit la scurt timp de la cre\u0219tinare.<\/p>\n<p>\u201ePentru a nu se confrunta cu situa\u021bii precum cazul de la Suceava, preo\u021bii sunt ruga\u021bi s\u0103 respecte mai multe m\u0103suri \u0219i recomand\u0103ri. M\u0103surile au intrat \u00een vigoare de luni, 8 februarie\u201d, a declarat \u00cePS Calinic, potrivit adevarul.ro.<\/p>\n<p>Arhiepiscopia a decis ca nicicun botez s\u0103 nu mai fie oficiat f\u0103r\u0103 asisten\u021ba unui preot cu experien\u021b\u0103 clerical\u0103.<\/p>\n<p>Totodat\u0103, \u00eenainte de fiecare botez, preotul va solicita familiei bebelu\u0219ului informa\u021bii despre starea de s\u0103n\u0103tate a acestuia, dac\u0103 e n\u0103scut prematur, dac\u0103 sufer\u0103 de anumite boli sau sensibilit\u0103\u021bi care i-ar pune \u00een pericol via\u021ba \u00een timpul afund\u0103rii \u00een cristelni\u021b\u0103.<\/p>\n<p>De asemenea, dac\u0103 familia solicit\u0103 ca bebelu\u0219ul s\u0103 nu fie afundat \u00een apa sfin\u021bit\u0103, preo\u021bii vor \u021bine cont de acest lucru.<\/p>\n<p>La fel, dac\u0103 bebelu\u0219ul este agitat sau pl\u00e2nge \u201es\u0103v\u00e2r\u0219irea Tainei Sf\u00e2ntului Botez se poate face prin turnarea de ap\u0103 sfin\u021bit\u0103, din cristelni\u021b\u0103, pe cre\u0219tetul copilului. Procedura va consta \u00een introducerea pruncului \u00een apa sfin\u021bit\u0103 din cristelni\u021b\u0103 p\u00e2n\u0103 \u00een zona g\u00e2tului, iar apoi preotul va turna apa sfin\u021bit\u0103, de trei ori, peste capul copilului\u201d.<\/p>\n<p style=\"text-align: right;\">(conf. jurnalist.ro)<\/p>\n","protected":false},"excerpt":{"rendered":"<p>\u00cePS Calinic a anun\u021bat c\u0103 Arhiepiscopia Arge\u0219ului \u0219i Muscelului vine cu o serie de m\u0103suri \u00een ceea ce prive\u0219te schimbarea<\/p>\n","protected":false},"author":1,"featured_media":4007,"comment_status":"open","ping_status":"open","sticky":false,"template":"","format":"standard","meta":{"colormag_page_container_layout":"default_layout","colormag_page_sidebar_layout":"default_layout","footnotes":""},"categories":[5],"tags":[],"class_list":["post-4006","post","type-post","status-publish","format-standard","has-post-thumbnail","hentry","category-locale"],"yoast_head":"<!-- This site is optimized with the Yoast SEO plugin v27.0 - https:\/\/yoast.com\/product\/yoast-seo-wordpress\/ -->\n<title>Se schimb\u0103 ritualul botezului, dup\u0103 tragedia de la Suceava - MHF Photography<\/title>\n<meta name=\"robots\" content=\"index, follow, max-snippet:-1, max-image-preview:large, max-video-preview:-1\" \/>\n<link rel=\"canonical\" href=\"https:\/\/mhf.ro\/mm\/se-schimba-ritualul-botezului-dupa-tragedia-de-la-suceava\/\" \/>\n<meta property=\"og:locale\" content=\"ro_RO\" \/>\n<meta property=\"og:type\" content=\"article\" \/>\n<meta property=\"og:title\" content=\"Se schimb\u0103 ritualul botezului, dup\u0103 tragedia de la Suceava - MHF Photography\" \/>\n<meta property=\"og:description\" content=\"\u00cePS Calinic a anun\u021bat c\u0103 Arhiepiscopia Arge\u0219ului \u0219i Muscelului vine cu o serie de m\u0103suri \u00een ceea ce prive\u0219te schimbarea\" \/>\n<meta property=\"og:url\" content=\"https:\/\/mhf.ro\/mm\/se-schimba-ritualul-botezului-dupa-tragedia-de-la-suceava\/\" \/>\n<meta property=\"og:site_name\" content=\"MHF Photography\" \/>\n<meta property=\"article:published_time\" content=\"2021-02-13T08:04:33+00:00\" \/>\n<meta property=\"article:modified_time\" content=\"2021-02-13T09:14:49+00:00\" \/>\n<meta property=\"og:image\" content=\"https:\/\/mhf.ro\/mm\/wp-content\/uploads\/2021\/02\/botez_icoana.jpg\" \/>\n\t<meta property=\"og:image:width\" content=\"1280\" \/>\n\t<meta property=\"og:image:height\" content=\"957\" \/>\n\t<meta property=\"og:image:type\" content=\"image\/jpeg\" \/>\n<meta name=\"author\" content=\"Marius Marcu\" \/>\n<meta name=\"twitter:card\" content=\"summary_large_image\" \/>\n<meta name=\"twitter:label1\" content=\"Scris de\" \/>\n\t<meta name=\"twitter:data1\" content=\"Marius Marcu\" \/>\n\t<meta name=\"twitter:label2\" content=\"Timp estimat pentru citire\" \/>\n\t<meta name=\"twitter:data2\" content=\"1 minut\" \/>\n<script type=\"application\/ld+json\" class=\"yoast-schema-graph\">{\"@context\":\"https:\/\/schema.org\",\"@graph\":[{\"@type\":\"Article\",\"@id\":\"https:\/\/mhf.ro\/mm\/se-schimba-ritualul-botezului-dupa-tragedia-de-la-suceava\/#article\",\"isPartOf\":{\"@id\":\"https:\/\/mhf.ro\/mm\/se-schimba-ritualul-botezului-dupa-tragedia-de-la-suceava\/\"},\"author\":{\"name\":\"Marius Marcu\",\"@id\":\"https:\/\/mhf.ro\/mm\/#\/schema\/person\/a3bebf7bdb4bf12f698aff73c7e46c21\"},\"headline\":\"Se schimb\u0103 ritualul botezului, dup\u0103 tragedia de la Suceava\",\"datePublished\":\"2021-02-13T08:04:33+00:00\",\"dateModified\":\"2021-02-13T09:14:49+00:00\",\"mainEntityOfPage\":{\"@id\":\"https:\/\/mhf.ro\/mm\/se-schimba-ritualul-botezului-dupa-tragedia-de-la-suceava\/\"},\"wordCount\":258,\"commentCount\":0,\"publisher\":{\"@id\":\"https:\/\/mhf.ro\/mm\/#\/schema\/person\/a3bebf7bdb4bf12f698aff73c7e46c21\"},\"image\":{\"@id\":\"https:\/\/mhf.ro\/mm\/se-schimba-ritualul-botezului-dupa-tragedia-de-la-suceava\/#primaryimage\"},\"thumbnailUrl\":\"https:\/\/mhf.ro\/mm\/wp-content\/uploads\/2021\/02\/botez_icoana.jpg\",\"articleSection\":[\"Locale\"],\"inLanguage\":\"ro-RO\",\"potentialAction\":[{\"@type\":\"CommentAction\",\"name\":\"Comment\",\"target\":[\"https:\/\/mhf.ro\/mm\/se-schimba-ritualul-botezului-dupa-tragedia-de-la-suceava\/#respond\"]}]},{\"@type\":\"WebPage\",\"@id\":\"https:\/\/mhf.ro\/mm\/se-schimba-ritualul-botezului-dupa-tragedia-de-la-suceava\/\",\"url\":\"https:\/\/mhf.ro\/mm\/se-schimba-ritualul-botezului-dupa-tragedia-de-la-suceava\/\",\"name\":\"Se schimb\u0103 ritualul botezului, dup\u0103 tragedia de la Suceava - MHF Photography\",\"isPartOf\":{\"@id\":\"https:\/\/mhf.ro\/mm\/#website\"},\"primaryImageOfPage\":{\"@id\":\"https:\/\/mhf.ro\/mm\/se-schimba-ritualul-botezului-dupa-tragedia-de-la-suceava\/#primaryimage\"},\"image\":{\"@id\":\"https:\/\/mhf.ro\/mm\/se-schimba-ritualul-botezului-dupa-tragedia-de-la-suceava\/#primaryimage\"},\"thumbnailUrl\":\"https:\/\/mhf.ro\/mm\/wp-content\/uploads\/2021\/02\/botez_icoana.jpg\",\"datePublished\":\"2021-02-13T08:04:33+00:00\",\"dateModified\":\"2021-02-13T09:14:49+00:00\",\"breadcrumb\":{\"@id\":\"https:\/\/mhf.ro\/mm\/se-schimba-ritualul-botezului-dupa-tragedia-de-la-suceava\/#breadcrumb\"},\"inLanguage\":\"ro-RO\",\"potentialAction\":[{\"@type\":\"ReadAction\",\"target\":[\"https:\/\/mhf.ro\/mm\/se-schimba-ritualul-botezului-dupa-tragedia-de-la-suceava\/\"]}]},{\"@type\":\"ImageObject\",\"inLanguage\":\"ro-RO\",\"@id\":\"https:\/\/mhf.ro\/mm\/se-schimba-ritualul-botezului-dupa-tragedia-de-la-suceava\/#primaryimage\",\"url\":\"https:\/\/mhf.ro\/mm\/wp-content\/uploads\/2021\/02\/botez_icoana.jpg\",\"contentUrl\":\"https:\/\/mhf.ro\/mm\/wp-content\/uploads\/2021\/02\/botez_icoana.jpg\",\"width\":1280,\"height\":957},{\"@type\":\"BreadcrumbList\",\"@id\":\"https:\/\/mhf.ro\/mm\/se-schimba-ritualul-botezului-dupa-tragedia-de-la-suceava\/#breadcrumb\",\"itemListElement\":[{\"@type\":\"ListItem\",\"position\":1,\"name\":\"Prima pagin\u0103\",\"item\":\"https:\/\/mhf.ro\/mm\/\"},{\"@type\":\"ListItem\",\"position\":2,\"name\":\"Se schimb\u0103 ritualul botezului, dup\u0103 tragedia de la Suceava\"}]},{\"@type\":\"WebSite\",\"@id\":\"https:\/\/mhf.ro\/mm\/#website\",\"url\":\"https:\/\/mhf.ro\/mm\/\",\"name\":\"MHF Photography \u2013 Blog de fotografie, natur\u0103 \u0219i tehnic\u0103 divers\u0103\",\"description\":\"Aventur\u0103 \u00een fiecare cadru.\",\"publisher\":{\"@id\":\"https:\/\/mhf.ro\/mm\/#\/schema\/person\/a3bebf7bdb4bf12f698aff73c7e46c21\"},\"potentialAction\":[{\"@type\":\"SearchAction\",\"target\":{\"@type\":\"EntryPoint\",\"urlTemplate\":\"https:\/\/mhf.ro\/mm\/?s={search_term_string}\"},\"query-input\":{\"@type\":\"PropertyValueSpecification\",\"valueRequired\":true,\"valueName\":\"search_term_string\"}}],\"inLanguage\":\"ro-RO\"},{\"@type\":[\"Person\",\"Organization\"],\"@id\":\"https:\/\/mhf.ro\/mm\/#\/schema\/person\/a3bebf7bdb4bf12f698aff73c7e46c21\",\"name\":\"Marius Marcu\",\"image\":{\"@type\":\"ImageObject\",\"inLanguage\":\"ro-RO\",\"@id\":\"https:\/\/mhf.ro\/mm\/#\/schema\/person\/image\/\",\"url\":\"https:\/\/mhf.ro\/mm\/wp-content\/uploads\/2025\/12\/cropped-logo_mhf_2.png\",\"contentUrl\":\"https:\/\/mhf.ro\/mm\/wp-content\/uploads\/2025\/12\/cropped-logo_mhf_2.png\",\"width\":1096,\"height\":457,\"caption\":\"Marius Marcu\"},\"logo\":{\"@id\":\"https:\/\/mhf.ro\/mm\/#\/schema\/person\/image\/\"},\"sameAs\":[\"https:\/\/mhf.ro\/mm\"],\"url\":\"https:\/\/mhf.ro\/mm\/author\/mihai\/\"}]}<\/script>\n<!-- \/ Yoast SEO plugin. -->","yoast_head_json":{"title":"Se schimb\u0103 ritualul botezului, dup\u0103 tragedia de la Suceava - MHF Photography","robots":{"index":"index","follow":"follow","max-snippet":"max-snippet:-1","max-image-preview":"max-image-preview:large","max-video-preview":"max-video-preview:-1"},"canonical":"https:\/\/mhf.ro\/mm\/se-schimba-ritualul-botezului-dupa-tragedia-de-la-suceava\/","og_locale":"ro_RO","og_type":"article","og_title":"Se schimb\u0103 ritualul botezului, dup\u0103 tragedia de la Suceava - MHF Photography","og_description":"\u00cePS Calinic a anun\u021bat c\u0103 Arhiepiscopia Arge\u0219ului \u0219i Muscelului vine cu o serie de m\u0103suri \u00een ceea ce prive\u0219te schimbarea","og_url":"https:\/\/mhf.ro\/mm\/se-schimba-ritualul-botezului-dupa-tragedia-de-la-suceava\/","og_site_name":"MHF Photography","article_published_time":"2021-02-13T08:04:33+00:00","article_modified_time":"2021-02-13T09:14:49+00:00","og_image":[{"width":1280,"height":957,"url":"https:\/\/mhf.ro\/mm\/wp-content\/uploads\/2021\/02\/botez_icoana.jpg","type":"image\/jpeg"}],"author":"Marius Marcu","twitter_card":"summary_large_image","twitter_misc":{"Scris de":"Marius Marcu","Timp estimat pentru citire":"1 minut"},"schema":{"@context":"https:\/\/schema.org","@graph":[{"@type":"Article","@id":"https:\/\/mhf.ro\/mm\/se-schimba-ritualul-botezului-dupa-tragedia-de-la-suceava\/#article","isPartOf":{"@id":"https:\/\/mhf.ro\/mm\/se-schimba-ritualul-botezului-dupa-tragedia-de-la-suceava\/"},"author":{"name":"Marius Marcu","@id":"https:\/\/mhf.ro\/mm\/#\/schema\/person\/a3bebf7bdb4bf12f698aff73c7e46c21"},"headline":"Se schimb\u0103 ritualul botezului, dup\u0103 tragedia de la Suceava","datePublished":"2021-02-13T08:04:33+00:00","dateModified":"2021-02-13T09:14:49+00:00","mainEntityOfPage":{"@id":"https:\/\/mhf.ro\/mm\/se-schimba-ritualul-botezului-dupa-tragedia-de-la-suceava\/"},"wordCount":258,"commentCount":0,"publisher":{"@id":"https:\/\/mhf.ro\/mm\/#\/schema\/person\/a3bebf7bdb4bf12f698aff73c7e46c21"},"image":{"@id":"https:\/\/mhf.ro\/mm\/se-schimba-ritualul-botezului-dupa-tragedia-de-la-suceava\/#primaryimage"},"thumbnailUrl":"https:\/\/mhf.ro\/mm\/wp-content\/uploads\/2021\/02\/botez_icoana.jpg","articleSection":["Locale"],"inLanguage":"ro-RO","potentialAction":[{"@type":"CommentAction","name":"Comment","target":["https:\/\/mhf.ro\/mm\/se-schimba-ritualul-botezului-dupa-tragedia-de-la-suceava\/#respond"]}]},{"@type":"WebPage","@id":"https:\/\/mhf.ro\/mm\/se-schimba-ritualul-botezului-dupa-tragedia-de-la-suceava\/","url":"https:\/\/mhf.ro\/mm\/se-schimba-ritualul-botezului-dupa-tragedia-de-la-suceava\/","name":"Se schimb\u0103 ritualul botezului, dup\u0103 tragedia de la Suceava - MHF Photography","isPartOf":{"@id":"https:\/\/mhf.ro\/mm\/#website"},"primaryImageOfPage":{"@id":"https:\/\/mhf.ro\/mm\/se-schimba-ritualul-botezului-dupa-tragedia-de-la-suceava\/#primaryimage"},"image":{"@id":"https:\/\/mhf.ro\/mm\/se-schimba-ritualul-botezului-dupa-tragedia-de-la-suceava\/#primaryimage"},"thumbnailUrl":"https:\/\/mhf.ro\/mm\/wp-content\/uploads\/2021\/02\/botez_icoana.jpg","datePublished":"2021-02-13T08:04:33+00:00","dateModified":"2021-02-13T09:14:49+00:00","breadcrumb":{"@id":"https:\/\/mhf.ro\/mm\/se-schimba-ritualul-botezului-dupa-tragedia-de-la-suceava\/#breadcrumb"},"inLanguage":"ro-RO","potentialAction":[{"@type":"ReadAction","target":["https:\/\/mhf.ro\/mm\/se-schimba-ritualul-botezului-dupa-tragedia-de-la-suceava\/"]}]},{"@type":"ImageObject","inLanguage":"ro-RO","@id":"https:\/\/mhf.ro\/mm\/se-schimba-ritualul-botezului-dupa-tragedia-de-la-suceava\/#primaryimage","url":"https:\/\/mhf.ro\/mm\/wp-content\/uploads\/2021\/02\/botez_icoana.jpg","contentUrl":"https:\/\/mhf.ro\/mm\/wp-content\/uploads\/2021\/02\/botez_icoana.jpg","width":1280,"height":957},{"@type":"BreadcrumbList","@id":"https:\/\/mhf.ro\/mm\/se-schimba-ritualul-botezului-dupa-tragedia-de-la-suceava\/#breadcrumb","itemListElement":[{"@type":"ListItem","position":1,"name":"Prima pagin\u0103","item":"https:\/\/mhf.ro\/mm\/"},{"@type":"ListItem","position":2,"name":"Se schimb\u0103 ritualul botezului, dup\u0103 tragedia de la Suceava"}]},{"@type":"WebSite","@id":"https:\/\/mhf.ro\/mm\/#website","url":"https:\/\/mhf.ro\/mm\/","name":"MHF Photography \u2013 Blog de fotografie, natur\u0103 \u0219i tehnic\u0103 divers\u0103","description":"Aventur\u0103 \u00een fiecare cadru.","publisher":{"@id":"https:\/\/mhf.ro\/mm\/#\/schema\/person\/a3bebf7bdb4bf12f698aff73c7e46c21"},"potentialAction":[{"@type":"SearchAction","target":{"@type":"EntryPoint","urlTemplate":"https:\/\/mhf.ro\/mm\/?s={search_term_string}"},"query-input":{"@type":"PropertyValueSpecification","valueRequired":true,"valueName":"search_term_string"}}],"inLanguage":"ro-RO"},{"@type":["Person","Organization"],"@id":"https:\/\/mhf.ro\/mm\/#\/schema\/person\/a3bebf7bdb4bf12f698aff73c7e46c21","name":"Marius Marcu","image":{"@type":"ImageObject","inLanguage":"ro-RO","@id":"https:\/\/mhf.ro\/mm\/#\/schema\/person\/image\/","url":"https:\/\/mhf.ro\/mm\/wp-content\/uploads\/2025\/12\/cropped-logo_mhf_2.png","contentUrl":"https:\/\/mhf.ro\/mm\/wp-content\/uploads\/2025\/12\/cropped-logo_mhf_2.png","width":1096,"height":457,"caption":"Marius Marcu"},"logo":{"@id":"https:\/\/mhf.ro\/mm\/#\/schema\/person\/image\/"},"sameAs":["https:\/\/mhf.ro\/mm"],"url":"https:\/\/mhf.ro\/mm\/author\/mihai\/"}]}},"_links":{"self":[{"href":"https:\/\/mhf.ro\/mm\/wp-json\/wp\/v2\/posts\/4006","targetHints":{"allow":["GET"]}}],"collection":[{"href":"https:\/\/mhf.ro\/mm\/wp-json\/wp\/v2\/posts"}],"about":[{"href":"https:\/\/mhf.ro\/mm\/wp-json\/wp\/v2\/types\/post"}],"author":[{"embeddable":true,"href":"https:\/\/mhf.ro\/mm\/wp-json\/wp\/v2\/users\/1"}],"replies":[{"embeddable":true,"href":"https:\/\/mhf.ro\/mm\/wp-json\/wp\/v2\/comments?post=4006"}],"version-history":[{"count":1,"href":"https:\/\/mhf.ro\/mm\/wp-json\/wp\/v2\/posts\/4006\/revisions"}],"predecessor-version":[{"id":4008,"href":"https:\/\/mhf.ro\/mm\/wp-json\/wp\/v2\/posts\/4006\/revisions\/4008"}],"wp:featuredmedia":[{"embeddable":true,"href":"https:\/\/mhf.ro\/mm\/wp-json\/wp\/v2\/media\/4007"}],"wp:attachment":[{"href":"https:\/\/mhf.ro\/mm\/wp-json\/wp\/v2\/media?parent=4006"}],"wp:term":[{"taxonomy":"category","embeddable":true,"href":"https:\/\/mhf.ro\/mm\/wp-json\/wp\/v2\/categories?post=4006"},{"taxonomy":"post_tag","embeddable":true,"href":"https:\/\/mhf.ro\/mm\/wp-json\/wp\/v2\/tags?post=4006"}],"curies":[{"name":"wp","href":"https:\/\/api.w.org\/{rel}","templated":true}]}}