{"id":4009,"date":"2021-02-13T10:38:33","date_gmt":"2021-02-13T08:38:33","guid":{"rendered":"https:\/\/mhf.ro\/mm\/?p=4009"},"modified":"2021-02-13T11:15:10","modified_gmt":"2021-02-13T09:15:10","slug":"sporul-de-antena-acordat-angajatilor-senatului","status":"publish","type":"post","link":"https:\/\/mhf.ro\/mm\/sporul-de-antena-acordat-angajatilor-senatului\/","title":{"rendered":"\u2018Sporul de anten\u0103\u2019 acordat angaja\u021bilor Senatului"},"content":{"rendered":"<p>\u00centre zecile de sporuri acordate bugetarilor se num\u0103r\u0103 \u0219i cel \u2018de anten\u0103\u2019. Acest spor revine tuturor celor 700 de func\u021bionari angaja\u021bi la Senat. Anun\u021bul a fost f\u0103cut, vineri, de pre\u0219edinta Senatului, Anca Dragu.<\/p>\n<p>\u201dCred c\u0103 fiecare \u00een ziua de ast\u0103zi ne desf\u0103\u0219ur\u0103m activitatea \u00een apropierea unor antene \u0219i avem un telefon mobil. Personal nu sunt adepta sporurilor, salariul trebuie s\u0103 reflecte gradul de \u00eenc\u0103rcare a muncii \u0219i condi\u021biile dificile\u201d, a declarat Dragu pentru Digi24.<\/p>\n<p>\u00cen plus, Dragu a precizat c\u0103 \u201dvreo 17 persoane au spor de doctorat\u201d.<\/p>\n<p align=\"justify\">\u201dEste un spor destul de bizar\u201d, a mai afirmat Dragu.<\/p>\n<p align=\"justify\">Pre\u0219edintele senatului a mai precizat c\u0103 trebuie analizate legile prin care sunt acordate sporurile \u0219i \u201dluat\u0103 o decizie\u201d.<\/p>\n<p style=\"text-align: right;\" align=\"justify\">(conf. jurnalist.ro)<\/p>\n","protected":false},"excerpt":{"rendered":"<p>\u00centre zecile de sporuri acordate bugetarilor se num\u0103r\u0103 \u0219i cel \u2018de anten\u0103\u2019. Acest spor revine tuturor celor 700 de func\u021bionari<\/p>\n","protected":false},"author":1,"featured_media":4010,"comment_status":"open","ping_status":"open","sticky":false,"template":"","format":"standard","meta":{"colormag_page_container_layout":"default_layout","colormag_page_sidebar_layout":"default_layout","footnotes":""},"categories":[8],"tags":[],"class_list":["post-4009","post","type-post","status-publish","format-standard","has-post-thumbnail","hentry","category-div"],"yoast_head":"<!-- This site is optimized with the Yoast SEO plugin v27.0 - https:\/\/yoast.com\/product\/yoast-seo-wordpress\/ -->\n<title>\u2018Sporul de anten\u0103\u2019 acordat angaja\u021bilor Senatului - MHF Photography<\/title>\n<meta name=\"robots\" content=\"index, follow, max-snippet:-1, max-image-preview:large, max-video-preview:-1\" \/>\n<link rel=\"canonical\" href=\"https:\/\/mhf.ro\/mm\/sporul-de-antena-acordat-angajatilor-senatului\/\" \/>\n<meta property=\"og:locale\" content=\"ro_RO\" \/>\n<meta property=\"og:type\" content=\"article\" \/>\n<meta property=\"og:title\" content=\"\u2018Sporul de anten\u0103\u2019 acordat angaja\u021bilor Senatului - MHF Photography\" \/>\n<meta property=\"og:description\" content=\"\u00centre zecile de sporuri acordate bugetarilor se num\u0103r\u0103 \u0219i cel \u2018de anten\u0103\u2019. Acest spor revine tuturor celor 700 de func\u021bionari\" \/>\n<meta property=\"og:url\" content=\"https:\/\/mhf.ro\/mm\/sporul-de-antena-acordat-angajatilor-senatului\/\" \/>\n<meta property=\"og:site_name\" content=\"MHF Photography\" \/>\n<meta property=\"article:published_time\" content=\"2021-02-13T08:38:33+00:00\" \/>\n<meta property=\"article:modified_time\" content=\"2021-02-13T09:15:10+00:00\" \/>\n<meta property=\"og:image\" content=\"https:\/\/mhf.ro\/mm\/wp-content\/uploads\/2021\/02\/senatul-romaniei.jpg\" \/>\n\t<meta property=\"og:image:width\" content=\"780\" \/>\n\t<meta property=\"og:image:height\" content=\"440\" \/>\n\t<meta property=\"og:image:type\" content=\"image\/jpeg\" \/>\n<meta name=\"author\" content=\"Marius Marcu\" \/>\n<meta name=\"twitter:card\" content=\"summary_large_image\" \/>\n<meta name=\"twitter:label1\" content=\"Scris de\" \/>\n\t<meta name=\"twitter:data1\" content=\"Marius Marcu\" \/>\n\t<meta name=\"twitter:label2\" content=\"Timp estimat pentru citire\" \/>\n\t<meta name=\"twitter:data2\" content=\"1 minut\" \/>\n<script type=\"application\/ld+json\" class=\"yoast-schema-graph\">{\"@context\":\"https:\/\/schema.org\",\"@graph\":[{\"@type\":\"Article\",\"@id\":\"https:\/\/mhf.ro\/mm\/sporul-de-antena-acordat-angajatilor-senatului\/#article\",\"isPartOf\":{\"@id\":\"https:\/\/mhf.ro\/mm\/sporul-de-antena-acordat-angajatilor-senatului\/\"},\"author\":{\"name\":\"Marius Marcu\",\"@id\":\"https:\/\/mhf.ro\/mm\/#\/schema\/person\/a3bebf7bdb4bf12f698aff73c7e46c21\"},\"headline\":\"\u2018Sporul de anten\u0103\u2019 acordat angaja\u021bilor Senatului\",\"datePublished\":\"2021-02-13T08:38:33+00:00\",\"dateModified\":\"2021-02-13T09:15:10+00:00\",\"mainEntityOfPage\":{\"@id\":\"https:\/\/mhf.ro\/mm\/sporul-de-antena-acordat-angajatilor-senatului\/\"},\"wordCount\":135,\"commentCount\":0,\"publisher\":{\"@id\":\"https:\/\/mhf.ro\/mm\/#\/schema\/person\/a3bebf7bdb4bf12f698aff73c7e46c21\"},\"image\":{\"@id\":\"https:\/\/mhf.ro\/mm\/sporul-de-antena-acordat-angajatilor-senatului\/#primaryimage\"},\"thumbnailUrl\":\"https:\/\/mhf.ro\/mm\/wp-content\/uploads\/2021\/02\/senatul-romaniei.jpg\",\"articleSection\":[\"Diverse\"],\"inLanguage\":\"ro-RO\",\"potentialAction\":[{\"@type\":\"CommentAction\",\"name\":\"Comment\",\"target\":[\"https:\/\/mhf.ro\/mm\/sporul-de-antena-acordat-angajatilor-senatului\/#respond\"]}]},{\"@type\":\"WebPage\",\"@id\":\"https:\/\/mhf.ro\/mm\/sporul-de-antena-acordat-angajatilor-senatului\/\",\"url\":\"https:\/\/mhf.ro\/mm\/sporul-de-antena-acordat-angajatilor-senatului\/\",\"name\":\"\u2018Sporul de anten\u0103\u2019 acordat angaja\u021bilor Senatului - MHF Photography\",\"isPartOf\":{\"@id\":\"https:\/\/mhf.ro\/mm\/#website\"},\"primaryImageOfPage\":{\"@id\":\"https:\/\/mhf.ro\/mm\/sporul-de-antena-acordat-angajatilor-senatului\/#primaryimage\"},\"image\":{\"@id\":\"https:\/\/mhf.ro\/mm\/sporul-de-antena-acordat-angajatilor-senatului\/#primaryimage\"},\"thumbnailUrl\":\"https:\/\/mhf.ro\/mm\/wp-content\/uploads\/2021\/02\/senatul-romaniei.jpg\",\"datePublished\":\"2021-02-13T08:38:33+00:00\",\"dateModified\":\"2021-02-13T09:15:10+00:00\",\"breadcrumb\":{\"@id\":\"https:\/\/mhf.ro\/mm\/sporul-de-antena-acordat-angajatilor-senatului\/#breadcrumb\"},\"inLanguage\":\"ro-RO\",\"potentialAction\":[{\"@type\":\"ReadAction\",\"target\":[\"https:\/\/mhf.ro\/mm\/sporul-de-antena-acordat-angajatilor-senatului\/\"]}]},{\"@type\":\"ImageObject\",\"inLanguage\":\"ro-RO\",\"@id\":\"https:\/\/mhf.ro\/mm\/sporul-de-antena-acordat-angajatilor-senatului\/#primaryimage\",\"url\":\"https:\/\/mhf.ro\/mm\/wp-content\/uploads\/2021\/02\/senatul-romaniei.jpg\",\"contentUrl\":\"https:\/\/mhf.ro\/mm\/wp-content\/uploads\/2021\/02\/senatul-romaniei.jpg\",\"width\":780,\"height\":440},{\"@type\":\"BreadcrumbList\",\"@id\":\"https:\/\/mhf.ro\/mm\/sporul-de-antena-acordat-angajatilor-senatului\/#breadcrumb\",\"itemListElement\":[{\"@type\":\"ListItem\",\"position\":1,\"name\":\"Prima pagin\u0103\",\"item\":\"https:\/\/mhf.ro\/mm\/\"},{\"@type\":\"ListItem\",\"position\":2,\"name\":\"\u2018Sporul de anten\u0103\u2019 acordat angaja\u021bilor Senatului\"}]},{\"@type\":\"WebSite\",\"@id\":\"https:\/\/mhf.ro\/mm\/#website\",\"url\":\"https:\/\/mhf.ro\/mm\/\",\"name\":\"MHF Photography \u2013 Blog de fotografie, natur\u0103 \u0219i tehnic\u0103 divers\u0103\",\"description\":\"Aventur\u0103 \u00een fiecare cadru.\",\"publisher\":{\"@id\":\"https:\/\/mhf.ro\/mm\/#\/schema\/person\/a3bebf7bdb4bf12f698aff73c7e46c21\"},\"potentialAction\":[{\"@type\":\"SearchAction\",\"target\":{\"@type\":\"EntryPoint\",\"urlTemplate\":\"https:\/\/mhf.ro\/mm\/?s={search_term_string}\"},\"query-input\":{\"@type\":\"PropertyValueSpecification\",\"valueRequired\":true,\"valueName\":\"search_term_string\"}}],\"inLanguage\":\"ro-RO\"},{\"@type\":[\"Person\",\"Organization\"],\"@id\":\"https:\/\/mhf.ro\/mm\/#\/schema\/person\/a3bebf7bdb4bf12f698aff73c7e46c21\",\"name\":\"Marius Marcu\",\"image\":{\"@type\":\"ImageObject\",\"inLanguage\":\"ro-RO\",\"@id\":\"https:\/\/mhf.ro\/mm\/#\/schema\/person\/image\/\",\"url\":\"https:\/\/mhf.ro\/mm\/wp-content\/uploads\/2025\/12\/cropped-logo_mhf_2.png\",\"contentUrl\":\"https:\/\/mhf.ro\/mm\/wp-content\/uploads\/2025\/12\/cropped-logo_mhf_2.png\",\"width\":1096,\"height\":457,\"caption\":\"Marius Marcu\"},\"logo\":{\"@id\":\"https:\/\/mhf.ro\/mm\/#\/schema\/person\/image\/\"},\"sameAs\":[\"https:\/\/mhf.ro\/mm\"],\"url\":\"https:\/\/mhf.ro\/mm\/author\/mihai\/\"}]}<\/script>\n<!-- \/ Yoast SEO plugin. -->","yoast_head_json":{"title":"\u2018Sporul de anten\u0103\u2019 acordat angaja\u021bilor Senatului - MHF Photography","robots":{"index":"index","follow":"follow","max-snippet":"max-snippet:-1","max-image-preview":"max-image-preview:large","max-video-preview":"max-video-preview:-1"},"canonical":"https:\/\/mhf.ro\/mm\/sporul-de-antena-acordat-angajatilor-senatului\/","og_locale":"ro_RO","og_type":"article","og_title":"\u2018Sporul de anten\u0103\u2019 acordat angaja\u021bilor Senatului - MHF Photography","og_description":"\u00centre zecile de sporuri acordate bugetarilor se num\u0103r\u0103 \u0219i cel \u2018de anten\u0103\u2019. Acest spor revine tuturor celor 700 de func\u021bionari","og_url":"https:\/\/mhf.ro\/mm\/sporul-de-antena-acordat-angajatilor-senatului\/","og_site_name":"MHF Photography","article_published_time":"2021-02-13T08:38:33+00:00","article_modified_time":"2021-02-13T09:15:10+00:00","og_image":[{"width":780,"height":440,"url":"https:\/\/mhf.ro\/mm\/wp-content\/uploads\/2021\/02\/senatul-romaniei.jpg","type":"image\/jpeg"}],"author":"Marius Marcu","twitter_card":"summary_large_image","twitter_misc":{"Scris de":"Marius Marcu","Timp estimat pentru citire":"1 minut"},"schema":{"@context":"https:\/\/schema.org","@graph":[{"@type":"Article","@id":"https:\/\/mhf.ro\/mm\/sporul-de-antena-acordat-angajatilor-senatului\/#article","isPartOf":{"@id":"https:\/\/mhf.ro\/mm\/sporul-de-antena-acordat-angajatilor-senatului\/"},"author":{"name":"Marius Marcu","@id":"https:\/\/mhf.ro\/mm\/#\/schema\/person\/a3bebf7bdb4bf12f698aff73c7e46c21"},"headline":"\u2018Sporul de anten\u0103\u2019 acordat angaja\u021bilor Senatului","datePublished":"2021-02-13T08:38:33+00:00","dateModified":"2021-02-13T09:15:10+00:00","mainEntityOfPage":{"@id":"https:\/\/mhf.ro\/mm\/sporul-de-antena-acordat-angajatilor-senatului\/"},"wordCount":135,"commentCount":0,"publisher":{"@id":"https:\/\/mhf.ro\/mm\/#\/schema\/person\/a3bebf7bdb4bf12f698aff73c7e46c21"},"image":{"@id":"https:\/\/mhf.ro\/mm\/sporul-de-antena-acordat-angajatilor-senatului\/#primaryimage"},"thumbnailUrl":"https:\/\/mhf.ro\/mm\/wp-content\/uploads\/2021\/02\/senatul-romaniei.jpg","articleSection":["Diverse"],"inLanguage":"ro-RO","potentialAction":[{"@type":"CommentAction","name":"Comment","target":["https:\/\/mhf.ro\/mm\/sporul-de-antena-acordat-angajatilor-senatului\/#respond"]}]},{"@type":"WebPage","@id":"https:\/\/mhf.ro\/mm\/sporul-de-antena-acordat-angajatilor-senatului\/","url":"https:\/\/mhf.ro\/mm\/sporul-de-antena-acordat-angajatilor-senatului\/","name":"\u2018Sporul de anten\u0103\u2019 acordat angaja\u021bilor Senatului - MHF Photography","isPartOf":{"@id":"https:\/\/mhf.ro\/mm\/#website"},"primaryImageOfPage":{"@id":"https:\/\/mhf.ro\/mm\/sporul-de-antena-acordat-angajatilor-senatului\/#primaryimage"},"image":{"@id":"https:\/\/mhf.ro\/mm\/sporul-de-antena-acordat-angajatilor-senatului\/#primaryimage"},"thumbnailUrl":"https:\/\/mhf.ro\/mm\/wp-content\/uploads\/2021\/02\/senatul-romaniei.jpg","datePublished":"2021-02-13T08:38:33+00:00","dateModified":"2021-02-13T09:15:10+00:00","breadcrumb":{"@id":"https:\/\/mhf.ro\/mm\/sporul-de-antena-acordat-angajatilor-senatului\/#breadcrumb"},"inLanguage":"ro-RO","potentialAction":[{"@type":"ReadAction","target":["https:\/\/mhf.ro\/mm\/sporul-de-antena-acordat-angajatilor-senatului\/"]}]},{"@type":"ImageObject","inLanguage":"ro-RO","@id":"https:\/\/mhf.ro\/mm\/sporul-de-antena-acordat-angajatilor-senatului\/#primaryimage","url":"https:\/\/mhf.ro\/mm\/wp-content\/uploads\/2021\/02\/senatul-romaniei.jpg","contentUrl":"https:\/\/mhf.ro\/mm\/wp-content\/uploads\/2021\/02\/senatul-romaniei.jpg","width":780,"height":440},{"@type":"BreadcrumbList","@id":"https:\/\/mhf.ro\/mm\/sporul-de-antena-acordat-angajatilor-senatului\/#breadcrumb","itemListElement":[{"@type":"ListItem","position":1,"name":"Prima pagin\u0103","item":"https:\/\/mhf.ro\/mm\/"},{"@type":"ListItem","position":2,"name":"\u2018Sporul de anten\u0103\u2019 acordat angaja\u021bilor Senatului"}]},{"@type":"WebSite","@id":"https:\/\/mhf.ro\/mm\/#website","url":"https:\/\/mhf.ro\/mm\/","name":"MHF Photography \u2013 Blog de fotografie, natur\u0103 \u0219i tehnic\u0103 divers\u0103","description":"Aventur\u0103 \u00een fiecare cadru.","publisher":{"@id":"https:\/\/mhf.ro\/mm\/#\/schema\/person\/a3bebf7bdb4bf12f698aff73c7e46c21"},"potentialAction":[{"@type":"SearchAction","target":{"@type":"EntryPoint","urlTemplate":"https:\/\/mhf.ro\/mm\/?s={search_term_string}"},"query-input":{"@type":"PropertyValueSpecification","valueRequired":true,"valueName":"search_term_string"}}],"inLanguage":"ro-RO"},{"@type":["Person","Organization"],"@id":"https:\/\/mhf.ro\/mm\/#\/schema\/person\/a3bebf7bdb4bf12f698aff73c7e46c21","name":"Marius Marcu","image":{"@type":"ImageObject","inLanguage":"ro-RO","@id":"https:\/\/mhf.ro\/mm\/#\/schema\/person\/image\/","url":"https:\/\/mhf.ro\/mm\/wp-content\/uploads\/2025\/12\/cropped-logo_mhf_2.png","contentUrl":"https:\/\/mhf.ro\/mm\/wp-content\/uploads\/2025\/12\/cropped-logo_mhf_2.png","width":1096,"height":457,"caption":"Marius Marcu"},"logo":{"@id":"https:\/\/mhf.ro\/mm\/#\/schema\/person\/image\/"},"sameAs":["https:\/\/mhf.ro\/mm"],"url":"https:\/\/mhf.ro\/mm\/author\/mihai\/"}]}},"_links":{"self":[{"href":"https:\/\/mhf.ro\/mm\/wp-json\/wp\/v2\/posts\/4009","targetHints":{"allow":["GET"]}}],"collection":[{"href":"https:\/\/mhf.ro\/mm\/wp-json\/wp\/v2\/posts"}],"about":[{"href":"https:\/\/mhf.ro\/mm\/wp-json\/wp\/v2\/types\/post"}],"author":[{"embeddable":true,"href":"https:\/\/mhf.ro\/mm\/wp-json\/wp\/v2\/users\/1"}],"replies":[{"embeddable":true,"href":"https:\/\/mhf.ro\/mm\/wp-json\/wp\/v2\/comments?post=4009"}],"version-history":[{"count":1,"href":"https:\/\/mhf.ro\/mm\/wp-json\/wp\/v2\/posts\/4009\/revisions"}],"predecessor-version":[{"id":4011,"href":"https:\/\/mhf.ro\/mm\/wp-json\/wp\/v2\/posts\/4009\/revisions\/4011"}],"wp:featuredmedia":[{"embeddable":true,"href":"https:\/\/mhf.ro\/mm\/wp-json\/wp\/v2\/media\/4010"}],"wp:attachment":[{"href":"https:\/\/mhf.ro\/mm\/wp-json\/wp\/v2\/media?parent=4009"}],"wp:term":[{"taxonomy":"category","embeddable":true,"href":"https:\/\/mhf.ro\/mm\/wp-json\/wp\/v2\/categories?post=4009"},{"taxonomy":"post_tag","embeddable":true,"href":"https:\/\/mhf.ro\/mm\/wp-json\/wp\/v2\/tags?post=4009"}],"curies":[{"name":"wp","href":"https:\/\/api.w.org\/{rel}","templated":true}]}}