{"id":4012,"date":"2021-02-13T11:12:39","date_gmt":"2021-02-13T09:12:39","guid":{"rendered":"https:\/\/mhf.ro\/mm\/?p=4012"},"modified":"2021-02-13T11:12:39","modified_gmt":"2021-02-13T09:12:39","slug":"spitalele-covid-din-capitala-pe-jumatate-goale","status":"publish","type":"post","link":"https:\/\/mhf.ro\/mm\/spitalele-covid-din-capitala-pe-jumatate-goale\/","title":{"rendered":"Spitalele Covid din Capital\u0103, pe jum\u0103tate goale"},"content":{"rendered":"<p>Num\u0103rul cazurilor noi de infectare cu coronavirus raportate \u00een ultimele zile este \u00een sc\u0103dere. Grupul de Comunicare Strategic\u0103 a anun\u021bat, vineri, 2.550 de cazuri noi de COVID-19 \u0219i 77 de decese, iar la ATI se afl\u0103 973 de rom\u00e2ni.<\/p>\n<p>\u00cen acest context, unele spitale COVID din Capital\u0103 sunt aproape goale, iar managerii vor s\u0103 revin\u0103 la activitatea normal\u0103.<\/p>\n<p>Spitalul Colentina este mai mult de jum\u0103tate gol \u2013 are 116 pacien\u021bi din 300 de paturi total<\/p>\n<p>Spitalul \u201eVictor Babe\u0219\u201d este jum\u0103tate gol \u2013 are 235 pacien\u021bi \u0219i un total de 600 de paturi<\/p>\n<p>Spitalul Sf. Ioan are numai 55 de pacien\u021bi din 200 de paturi \u00een total<\/p>\n<p>Maternitatea Bucur are un singur pacient din 17 paturi COVID<\/p>\n<p>Spitalul Witting este jum\u0103tate gol \u2013 21 de pacien\u021bi din 40 de paturi<\/p>\n<p>Spitalul \u201eMarius Nasta\u201d are 50 de pacien\u021bi din 89 de paturi.<\/p>\n<p>Medicul Beatrice Mahler, managerul Institutului \u201eMarius Nasta\u201d, a declarat la Digi24 c\u0103 aceasta este ea mai bun\u0103 situa\u021bie din vara lui 2020 \u00eencoace.<\/p>\n<p>\u201eA sc\u0103zut num\u0103rul intern\u0103rilor, pacien\u021bii care ajung au majoritatea forme moderate de afectare, astfel c\u0103 propor\u021bia cazurilor moderate reprezint\u0103 jum\u0103tate din total. Este un lucru bun.<\/p>\n<p>\u00cen ultimele dou\u0103 s\u0103pt\u0103m\u00e2ni avem locuri \u00een ATI Covid. Aceast\u0103 situa\u021bie am mai avut-o \u00een Nasta doar la \u00eenceputul verii lui 2020\u2033, a spus Beatrice Mahler.<\/p>\n<p>\u00cen timp ce spitalele Covid sunt goale, al\u021bi pacien\u021bi mor pe capete din cauza unor boli grave, pe care nu mai au unde s\u0103 le trateze.<\/p>\n<p>\u00cen acest context sociologul Mircea Kivu aduce \u00een aten\u021bia public\u0103 raporul INS care arat\u0103 c\u0103 \u00een trimestrul IV \u2013 2020 s-au \u00eenregistrat \u00een total 98.372 decese; \u00een perioada 2014-2019, media deceselor \u00eenregistrate \u00een trim. IV a fost de 67.652. Cu alte cuvinte, \u00een 2020 am avut, \u00een trim.IV, cu 45% mai multe decese dec\u00e2t media anilor preceden\u021bi.<br \/>\n\u201eDin diferen\u021ba de 30.724 decese, 11.261 au avut drept cauz\u0103 COVID-19. R\u0103m\u00e2ne de g\u0103sit cauza a aproape 20.000 decese cu alte cauze dec\u00e2t COVID-19, \u00een plus fa\u021b\u0103 media anilor anteriori. (Din p\u0103cate, de regul\u0103 INS public\u0103 statistica pe cauze de deces dup\u0103 mai mult de un an.)\u201d, scrie Kivu pe Facebook.<\/p>\n<p style=\"text-align: right;\">(conf. jurnalist.ro)<\/p>\n","protected":false},"excerpt":{"rendered":"<p>Num\u0103rul cazurilor noi de infectare cu coronavirus raportate \u00een ultimele zile este \u00een sc\u0103dere. Grupul de Comunicare Strategic\u0103 a anun\u021bat,<\/p>\n","protected":false},"author":1,"featured_media":4013,"comment_status":"open","ping_status":"open","sticky":false,"template":"","format":"standard","meta":{"colormag_page_container_layout":"default_layout","colormag_page_sidebar_layout":"default_layout","footnotes":""},"categories":[5],"tags":[],"class_list":["post-4012","post","type-post","status-publish","format-standard","has-post-thumbnail","hentry","category-locale"],"yoast_head":"<!-- This site is optimized with the Yoast SEO plugin v27.0 - https:\/\/yoast.com\/product\/yoast-seo-wordpress\/ -->\n<title>Spitalele Covid din Capital\u0103, pe jum\u0103tate goale - MHF Photography<\/title>\n<meta name=\"robots\" content=\"index, follow, max-snippet:-1, max-image-preview:large, max-video-preview:-1\" \/>\n<link rel=\"canonical\" href=\"https:\/\/mhf.ro\/mm\/spitalele-covid-din-capitala-pe-jumatate-goale\/\" \/>\n<meta property=\"og:locale\" content=\"ro_RO\" \/>\n<meta property=\"og:type\" content=\"article\" \/>\n<meta property=\"og:title\" content=\"Spitalele Covid din Capital\u0103, pe jum\u0103tate goale - MHF Photography\" \/>\n<meta property=\"og:description\" content=\"Num\u0103rul cazurilor noi de infectare cu coronavirus raportate \u00een ultimele zile este \u00een sc\u0103dere. Grupul de Comunicare Strategic\u0103 a anun\u021bat,\" \/>\n<meta property=\"og:url\" content=\"https:\/\/mhf.ro\/mm\/spitalele-covid-din-capitala-pe-jumatate-goale\/\" \/>\n<meta property=\"og:site_name\" content=\"MHF Photography\" \/>\n<meta property=\"article:published_time\" content=\"2021-02-13T09:12:39+00:00\" \/>\n<meta property=\"og:image\" content=\"https:\/\/mhf.ro\/mm\/wp-content\/uploads\/2021\/02\/coronavirus-tratam.jpg\" \/>\n\t<meta property=\"og:image:width\" content=\"1280\" \/>\n\t<meta property=\"og:image:height\" content=\"853\" \/>\n\t<meta property=\"og:image:type\" content=\"image\/jpeg\" \/>\n<meta name=\"author\" content=\"Marius Marcu\" \/>\n<meta name=\"twitter:card\" content=\"summary_large_image\" \/>\n<meta name=\"twitter:label1\" content=\"Scris de\" \/>\n\t<meta name=\"twitter:data1\" content=\"Marius Marcu\" \/>\n\t<meta name=\"twitter:label2\" content=\"Timp estimat pentru citire\" \/>\n\t<meta name=\"twitter:data2\" content=\"2 minute\" \/>\n<script type=\"application\/ld+json\" class=\"yoast-schema-graph\">{\"@context\":\"https:\/\/schema.org\",\"@graph\":[{\"@type\":\"Article\",\"@id\":\"https:\/\/mhf.ro\/mm\/spitalele-covid-din-capitala-pe-jumatate-goale\/#article\",\"isPartOf\":{\"@id\":\"https:\/\/mhf.ro\/mm\/spitalele-covid-din-capitala-pe-jumatate-goale\/\"},\"author\":{\"name\":\"Marius Marcu\",\"@id\":\"https:\/\/mhf.ro\/mm\/#\/schema\/person\/a3bebf7bdb4bf12f698aff73c7e46c21\"},\"headline\":\"Spitalele Covid din Capital\u0103, pe jum\u0103tate goale\",\"datePublished\":\"2021-02-13T09:12:39+00:00\",\"mainEntityOfPage\":{\"@id\":\"https:\/\/mhf.ro\/mm\/spitalele-covid-din-capitala-pe-jumatate-goale\/\"},\"wordCount\":367,\"commentCount\":0,\"publisher\":{\"@id\":\"https:\/\/mhf.ro\/mm\/#\/schema\/person\/a3bebf7bdb4bf12f698aff73c7e46c21\"},\"image\":{\"@id\":\"https:\/\/mhf.ro\/mm\/spitalele-covid-din-capitala-pe-jumatate-goale\/#primaryimage\"},\"thumbnailUrl\":\"https:\/\/mhf.ro\/mm\/wp-content\/uploads\/2021\/02\/coronavirus-tratam.jpg\",\"articleSection\":[\"Locale\"],\"inLanguage\":\"ro-RO\",\"potentialAction\":[{\"@type\":\"CommentAction\",\"name\":\"Comment\",\"target\":[\"https:\/\/mhf.ro\/mm\/spitalele-covid-din-capitala-pe-jumatate-goale\/#respond\"]}]},{\"@type\":\"WebPage\",\"@id\":\"https:\/\/mhf.ro\/mm\/spitalele-covid-din-capitala-pe-jumatate-goale\/\",\"url\":\"https:\/\/mhf.ro\/mm\/spitalele-covid-din-capitala-pe-jumatate-goale\/\",\"name\":\"Spitalele Covid din Capital\u0103, pe jum\u0103tate goale - MHF Photography\",\"isPartOf\":{\"@id\":\"https:\/\/mhf.ro\/mm\/#website\"},\"primaryImageOfPage\":{\"@id\":\"https:\/\/mhf.ro\/mm\/spitalele-covid-din-capitala-pe-jumatate-goale\/#primaryimage\"},\"image\":{\"@id\":\"https:\/\/mhf.ro\/mm\/spitalele-covid-din-capitala-pe-jumatate-goale\/#primaryimage\"},\"thumbnailUrl\":\"https:\/\/mhf.ro\/mm\/wp-content\/uploads\/2021\/02\/coronavirus-tratam.jpg\",\"datePublished\":\"2021-02-13T09:12:39+00:00\",\"breadcrumb\":{\"@id\":\"https:\/\/mhf.ro\/mm\/spitalele-covid-din-capitala-pe-jumatate-goale\/#breadcrumb\"},\"inLanguage\":\"ro-RO\",\"potentialAction\":[{\"@type\":\"ReadAction\",\"target\":[\"https:\/\/mhf.ro\/mm\/spitalele-covid-din-capitala-pe-jumatate-goale\/\"]}]},{\"@type\":\"ImageObject\",\"inLanguage\":\"ro-RO\",\"@id\":\"https:\/\/mhf.ro\/mm\/spitalele-covid-din-capitala-pe-jumatate-goale\/#primaryimage\",\"url\":\"https:\/\/mhf.ro\/mm\/wp-content\/uploads\/2021\/02\/coronavirus-tratam.jpg\",\"contentUrl\":\"https:\/\/mhf.ro\/mm\/wp-content\/uploads\/2021\/02\/coronavirus-tratam.jpg\",\"width\":1280,\"height\":853},{\"@type\":\"BreadcrumbList\",\"@id\":\"https:\/\/mhf.ro\/mm\/spitalele-covid-din-capitala-pe-jumatate-goale\/#breadcrumb\",\"itemListElement\":[{\"@type\":\"ListItem\",\"position\":1,\"name\":\"Prima pagin\u0103\",\"item\":\"https:\/\/mhf.ro\/mm\/\"},{\"@type\":\"ListItem\",\"position\":2,\"name\":\"Spitalele Covid din Capital\u0103, pe jum\u0103tate goale\"}]},{\"@type\":\"WebSite\",\"@id\":\"https:\/\/mhf.ro\/mm\/#website\",\"url\":\"https:\/\/mhf.ro\/mm\/\",\"name\":\"MHF Photography \u2013 Blog de fotografie, natur\u0103 \u0219i tehnic\u0103 divers\u0103\",\"description\":\"Aventur\u0103 \u00een fiecare cadru.\",\"publisher\":{\"@id\":\"https:\/\/mhf.ro\/mm\/#\/schema\/person\/a3bebf7bdb4bf12f698aff73c7e46c21\"},\"potentialAction\":[{\"@type\":\"SearchAction\",\"target\":{\"@type\":\"EntryPoint\",\"urlTemplate\":\"https:\/\/mhf.ro\/mm\/?s={search_term_string}\"},\"query-input\":{\"@type\":\"PropertyValueSpecification\",\"valueRequired\":true,\"valueName\":\"search_term_string\"}}],\"inLanguage\":\"ro-RO\"},{\"@type\":[\"Person\",\"Organization\"],\"@id\":\"https:\/\/mhf.ro\/mm\/#\/schema\/person\/a3bebf7bdb4bf12f698aff73c7e46c21\",\"name\":\"Marius Marcu\",\"image\":{\"@type\":\"ImageObject\",\"inLanguage\":\"ro-RO\",\"@id\":\"https:\/\/mhf.ro\/mm\/#\/schema\/person\/image\/\",\"url\":\"https:\/\/mhf.ro\/mm\/wp-content\/uploads\/2025\/12\/cropped-logo_mhf_2.png\",\"contentUrl\":\"https:\/\/mhf.ro\/mm\/wp-content\/uploads\/2025\/12\/cropped-logo_mhf_2.png\",\"width\":1096,\"height\":457,\"caption\":\"Marius Marcu\"},\"logo\":{\"@id\":\"https:\/\/mhf.ro\/mm\/#\/schema\/person\/image\/\"},\"sameAs\":[\"https:\/\/mhf.ro\/mm\"],\"url\":\"https:\/\/mhf.ro\/mm\/author\/mihai\/\"}]}<\/script>\n<!-- \/ Yoast SEO plugin. -->","yoast_head_json":{"title":"Spitalele Covid din Capital\u0103, pe jum\u0103tate goale - MHF Photography","robots":{"index":"index","follow":"follow","max-snippet":"max-snippet:-1","max-image-preview":"max-image-preview:large","max-video-preview":"max-video-preview:-1"},"canonical":"https:\/\/mhf.ro\/mm\/spitalele-covid-din-capitala-pe-jumatate-goale\/","og_locale":"ro_RO","og_type":"article","og_title":"Spitalele Covid din Capital\u0103, pe jum\u0103tate goale - MHF Photography","og_description":"Num\u0103rul cazurilor noi de infectare cu coronavirus raportate \u00een ultimele zile este \u00een sc\u0103dere. Grupul de Comunicare Strategic\u0103 a anun\u021bat,","og_url":"https:\/\/mhf.ro\/mm\/spitalele-covid-din-capitala-pe-jumatate-goale\/","og_site_name":"MHF Photography","article_published_time":"2021-02-13T09:12:39+00:00","og_image":[{"width":1280,"height":853,"url":"https:\/\/mhf.ro\/mm\/wp-content\/uploads\/2021\/02\/coronavirus-tratam.jpg","type":"image\/jpeg"}],"author":"Marius Marcu","twitter_card":"summary_large_image","twitter_misc":{"Scris de":"Marius Marcu","Timp estimat pentru citire":"2 minute"},"schema":{"@context":"https:\/\/schema.org","@graph":[{"@type":"Article","@id":"https:\/\/mhf.ro\/mm\/spitalele-covid-din-capitala-pe-jumatate-goale\/#article","isPartOf":{"@id":"https:\/\/mhf.ro\/mm\/spitalele-covid-din-capitala-pe-jumatate-goale\/"},"author":{"name":"Marius Marcu","@id":"https:\/\/mhf.ro\/mm\/#\/schema\/person\/a3bebf7bdb4bf12f698aff73c7e46c21"},"headline":"Spitalele Covid din Capital\u0103, pe jum\u0103tate goale","datePublished":"2021-02-13T09:12:39+00:00","mainEntityOfPage":{"@id":"https:\/\/mhf.ro\/mm\/spitalele-covid-din-capitala-pe-jumatate-goale\/"},"wordCount":367,"commentCount":0,"publisher":{"@id":"https:\/\/mhf.ro\/mm\/#\/schema\/person\/a3bebf7bdb4bf12f698aff73c7e46c21"},"image":{"@id":"https:\/\/mhf.ro\/mm\/spitalele-covid-din-capitala-pe-jumatate-goale\/#primaryimage"},"thumbnailUrl":"https:\/\/mhf.ro\/mm\/wp-content\/uploads\/2021\/02\/coronavirus-tratam.jpg","articleSection":["Locale"],"inLanguage":"ro-RO","potentialAction":[{"@type":"CommentAction","name":"Comment","target":["https:\/\/mhf.ro\/mm\/spitalele-covid-din-capitala-pe-jumatate-goale\/#respond"]}]},{"@type":"WebPage","@id":"https:\/\/mhf.ro\/mm\/spitalele-covid-din-capitala-pe-jumatate-goale\/","url":"https:\/\/mhf.ro\/mm\/spitalele-covid-din-capitala-pe-jumatate-goale\/","name":"Spitalele Covid din Capital\u0103, pe jum\u0103tate goale - MHF Photography","isPartOf":{"@id":"https:\/\/mhf.ro\/mm\/#website"},"primaryImageOfPage":{"@id":"https:\/\/mhf.ro\/mm\/spitalele-covid-din-capitala-pe-jumatate-goale\/#primaryimage"},"image":{"@id":"https:\/\/mhf.ro\/mm\/spitalele-covid-din-capitala-pe-jumatate-goale\/#primaryimage"},"thumbnailUrl":"https:\/\/mhf.ro\/mm\/wp-content\/uploads\/2021\/02\/coronavirus-tratam.jpg","datePublished":"2021-02-13T09:12:39+00:00","breadcrumb":{"@id":"https:\/\/mhf.ro\/mm\/spitalele-covid-din-capitala-pe-jumatate-goale\/#breadcrumb"},"inLanguage":"ro-RO","potentialAction":[{"@type":"ReadAction","target":["https:\/\/mhf.ro\/mm\/spitalele-covid-din-capitala-pe-jumatate-goale\/"]}]},{"@type":"ImageObject","inLanguage":"ro-RO","@id":"https:\/\/mhf.ro\/mm\/spitalele-covid-din-capitala-pe-jumatate-goale\/#primaryimage","url":"https:\/\/mhf.ro\/mm\/wp-content\/uploads\/2021\/02\/coronavirus-tratam.jpg","contentUrl":"https:\/\/mhf.ro\/mm\/wp-content\/uploads\/2021\/02\/coronavirus-tratam.jpg","width":1280,"height":853},{"@type":"BreadcrumbList","@id":"https:\/\/mhf.ro\/mm\/spitalele-covid-din-capitala-pe-jumatate-goale\/#breadcrumb","itemListElement":[{"@type":"ListItem","position":1,"name":"Prima pagin\u0103","item":"https:\/\/mhf.ro\/mm\/"},{"@type":"ListItem","position":2,"name":"Spitalele Covid din Capital\u0103, pe jum\u0103tate goale"}]},{"@type":"WebSite","@id":"https:\/\/mhf.ro\/mm\/#website","url":"https:\/\/mhf.ro\/mm\/","name":"MHF Photography \u2013 Blog de fotografie, natur\u0103 \u0219i tehnic\u0103 divers\u0103","description":"Aventur\u0103 \u00een fiecare cadru.","publisher":{"@id":"https:\/\/mhf.ro\/mm\/#\/schema\/person\/a3bebf7bdb4bf12f698aff73c7e46c21"},"potentialAction":[{"@type":"SearchAction","target":{"@type":"EntryPoint","urlTemplate":"https:\/\/mhf.ro\/mm\/?s={search_term_string}"},"query-input":{"@type":"PropertyValueSpecification","valueRequired":true,"valueName":"search_term_string"}}],"inLanguage":"ro-RO"},{"@type":["Person","Organization"],"@id":"https:\/\/mhf.ro\/mm\/#\/schema\/person\/a3bebf7bdb4bf12f698aff73c7e46c21","name":"Marius Marcu","image":{"@type":"ImageObject","inLanguage":"ro-RO","@id":"https:\/\/mhf.ro\/mm\/#\/schema\/person\/image\/","url":"https:\/\/mhf.ro\/mm\/wp-content\/uploads\/2025\/12\/cropped-logo_mhf_2.png","contentUrl":"https:\/\/mhf.ro\/mm\/wp-content\/uploads\/2025\/12\/cropped-logo_mhf_2.png","width":1096,"height":457,"caption":"Marius Marcu"},"logo":{"@id":"https:\/\/mhf.ro\/mm\/#\/schema\/person\/image\/"},"sameAs":["https:\/\/mhf.ro\/mm"],"url":"https:\/\/mhf.ro\/mm\/author\/mihai\/"}]}},"_links":{"self":[{"href":"https:\/\/mhf.ro\/mm\/wp-json\/wp\/v2\/posts\/4012","targetHints":{"allow":["GET"]}}],"collection":[{"href":"https:\/\/mhf.ro\/mm\/wp-json\/wp\/v2\/posts"}],"about":[{"href":"https:\/\/mhf.ro\/mm\/wp-json\/wp\/v2\/types\/post"}],"author":[{"embeddable":true,"href":"https:\/\/mhf.ro\/mm\/wp-json\/wp\/v2\/users\/1"}],"replies":[{"embeddable":true,"href":"https:\/\/mhf.ro\/mm\/wp-json\/wp\/v2\/comments?post=4012"}],"version-history":[{"count":1,"href":"https:\/\/mhf.ro\/mm\/wp-json\/wp\/v2\/posts\/4012\/revisions"}],"predecessor-version":[{"id":4014,"href":"https:\/\/mhf.ro\/mm\/wp-json\/wp\/v2\/posts\/4012\/revisions\/4014"}],"wp:featuredmedia":[{"embeddable":true,"href":"https:\/\/mhf.ro\/mm\/wp-json\/wp\/v2\/media\/4013"}],"wp:attachment":[{"href":"https:\/\/mhf.ro\/mm\/wp-json\/wp\/v2\/media?parent=4012"}],"wp:term":[{"taxonomy":"category","embeddable":true,"href":"https:\/\/mhf.ro\/mm\/wp-json\/wp\/v2\/categories?post=4012"},{"taxonomy":"post_tag","embeddable":true,"href":"https:\/\/mhf.ro\/mm\/wp-json\/wp\/v2\/tags?post=4012"}],"curies":[{"name":"wp","href":"https:\/\/api.w.org\/{rel}","templated":true}]}}