{"id":4023,"date":"2021-02-14T07:50:02","date_gmt":"2021-02-14T05:50:02","guid":{"rendered":"https:\/\/mhf.ro\/mm\/?p=4023"},"modified":"2025-12-26T13:31:15","modified_gmt":"2025-12-26T11:31:15","slug":"formatiune-carstica-din-huda-lui-papara","status":"publish","type":"post","link":"https:\/\/mhf.ro\/mm\/formatiune-carstica-din-huda-lui-papara\/","title":{"rendered":"Forma\u021biune carstic\u0103 din Huda lui Papara"},"content":{"rendered":"<h4>Pe\u0219tera Huda lui Papar\u0103<\/h4>\n<p>Este situat\u0103 \u00een Mun\u021bii Trasc\u0103ului, o pe\u0219ter\u0103 cu mai multe nivele, cu acces relativ dificil, de-a lungul unui curs subteran al p\u00e2r\u00e2ului Valea Morilor.\u00a0 Pe\u0219tera cu cea mai mare colonie de lilieci din Europa. Pe\u0219tera se afl\u0103 \u00een jude\u021bul Alba, comuna S\u0103lciua, satul Sub Piatr\u0103, \u00een nord-vestul Mun\u021bilor Trasc\u0103ului, la altitudinea de 567 m.<\/p>\n<p>Este cea mai lung\u0103 pe\u0219ter\u0103 din Mun\u021bii Trasc\u0103ului. Am selectat pentru dumneavoastr\u0103 c\u00e2teva imagini din pe\u0219tera Huda lui Papara.<\/p>\n<p><code id=\"envira_shortcode_id_4026\"><div id=\"envira-gallery-wrap-4026\" class=\"envira-gallery-wrap envira-gallery-theme-base envira-lightbox-theme-base\" itemscope itemtype=\"https:\/\/schema.org\/ImageGallery\"><div data-row-height=\"150\" data-gallery-theme=\"normal\" id=\"envira-gallery-4026\" class=\"envira-gallery-public envira-gallery-justified-public envira-gallery-0-columns envira-clear enviratope envira-gallery-css-animations\" data-envira-columns=\"0\"><div id=\"envira-gallery-item-4033\" class=\"envira-gallery-item enviratope-item envira-gallery-item-1 envira-lazy-load\" style=\"padding-left: 5px; padding-bottom: 10px; padding-right: 5px;\"  itemscope itemtype=\"https:\/\/schema.org\/ImageObject\"><div class=\"envira-gallery-item-inner\"><div class=\"envira-gallery-position-overlay  envira-gallery-top-left\"><\/div><div class=\"envira-gallery-position-overlay  envira-gallery-top-right\"><\/div><div class=\"envira-gallery-position-overlay  envira-gallery-bottom-left\"><\/div><div class=\"envira-gallery-position-overlay  envira-gallery-bottom-right\"><\/div><a href=\"https:\/\/mhf.ro\/mm\/wp-content\/uploads\/2021\/02\/23.jpg\" class=\"envira-gallery-4026 envira-gallery-link\" rel=\"enviragallery4026\" title=\"23\" data-envira-caption=\"23\" data-envira-retina=\"\" data-thumbnail=\"\"  itemprop=\"contentUrl\"><img decoding=\"async\" id=\"envira-gallery-image-4033\" class=\"envira-gallery-image envira-gallery-image-1 envira-normal envira-lazy\" data-envira-index=\"1\" src=\"https:\/\/mhf.ro\/mm\/wp-content\/uploads\/2021\/02\/23-1024x768-640x480.jpg\" data-envira-src=\"https:\/\/mhf.ro\/mm\/wp-content\/uploads\/2021\/02\/23-1024x768-640x480.jpg\" data-envira-gallery-id=\"4026\" data-envira-item-id=\"4033\" data-envira-caption=\"23\" alt=\"\" title=\"23\"  itemprop=\"thumbnailUrl\" data-envira-srcset=\"https:\/\/mhf.ro\/mm\/wp-content\/uploads\/2021\/02\/23-1024x768-640x480.jpg 400w,https:\/\/mhf.ro\/mm\/wp-content\/uploads\/2021\/02\/23-1024x768-640x480.jpg 2x\" data-envira-width=\"300\" data-envira-height=\"225\" srcset=\"data:image\/gif;base64,R0lGODlhAQABAIAAAP\/\/\/\/\/\/\/yH5BAEKAAEALAAAAAABAAEAAAICTAEAOw==\" data-safe-src=\"data:image\/gif;base64,R0lGODlhAQABAIAAAP\/\/\/\/\/\/\/yH5BAEKAAEALAAAAAABAAEAAAICTAEAOw==\" \/><\/a><\/div><\/div><div id=\"envira-gallery-item-4027\" class=\"envira-gallery-item enviratope-item envira-gallery-item-2 envira-lazy-load\" style=\"padding-left: 5px; padding-bottom: 10px; padding-right: 5px;\"  itemscope itemtype=\"https:\/\/schema.org\/ImageObject\"><div class=\"envira-gallery-item-inner\"><div class=\"envira-gallery-position-overlay  envira-gallery-top-left\"><\/div><div class=\"envira-gallery-position-overlay  envira-gallery-top-right\"><\/div><div class=\"envira-gallery-position-overlay  envira-gallery-bottom-left\"><\/div><div class=\"envira-gallery-position-overlay  envira-gallery-bottom-right\"><\/div><a href=\"https:\/\/mhf.ro\/mm\/wp-content\/uploads\/2021\/02\/28-1.jpg\" class=\"envira-gallery-4026 envira-gallery-link\" rel=\"enviragallery4026\" title=\"28\" data-envira-caption=\"28\" data-envira-retina=\"\" data-thumbnail=\"\"  itemprop=\"contentUrl\"><img decoding=\"async\" id=\"envira-gallery-image-4027\" class=\"envira-gallery-image envira-gallery-image-2 envira-normal envira-lazy\" data-envira-index=\"2\" src=\"https:\/\/mhf.ro\/mm\/wp-content\/uploads\/2021\/02\/28-1-1024x768-640x480.jpg\" data-envira-src=\"https:\/\/mhf.ro\/mm\/wp-content\/uploads\/2021\/02\/28-1-1024x768-640x480.jpg\" data-envira-gallery-id=\"4026\" data-envira-item-id=\"4027\" data-envira-caption=\"28\" alt=\"\" title=\"28\"  itemprop=\"thumbnailUrl\" data-envira-srcset=\"https:\/\/mhf.ro\/mm\/wp-content\/uploads\/2021\/02\/28-1-1024x768-640x480.jpg 400w,https:\/\/mhf.ro\/mm\/wp-content\/uploads\/2021\/02\/28-1-1024x768-640x480.jpg 2x\" data-envira-width=\"300\" data-envira-height=\"225\" srcset=\"data:image\/gif;base64,R0lGODlhAQABAIAAAP\/\/\/\/\/\/\/yH5BAEKAAEALAAAAAABAAEAAAICTAEAOw==\" data-safe-src=\"data:image\/gif;base64,R0lGODlhAQABAIAAAP\/\/\/\/\/\/\/yH5BAEKAAEALAAAAAABAAEAAAICTAEAOw==\" \/><\/a><\/div><\/div><div id=\"envira-gallery-item-4028\" class=\"envira-gallery-item enviratope-item envira-gallery-item-3 envira-lazy-load\" style=\"padding-left: 5px; padding-bottom: 10px; padding-right: 5px;\"  itemscope itemtype=\"https:\/\/schema.org\/ImageObject\"><div class=\"envira-gallery-item-inner\"><div class=\"envira-gallery-position-overlay  envira-gallery-top-left\"><\/div><div class=\"envira-gallery-position-overlay  envira-gallery-top-right\"><\/div><div class=\"envira-gallery-position-overlay  envira-gallery-bottom-left\"><\/div><div class=\"envira-gallery-position-overlay  envira-gallery-bottom-right\"><\/div><a href=\"https:\/\/mhf.ro\/mm\/wp-content\/uploads\/2021\/02\/21.jpg\" class=\"envira-gallery-4026 envira-gallery-link\" rel=\"enviragallery4026\" title=\"21\" data-envira-caption=\"21\" data-envira-retina=\"\" data-thumbnail=\"\"  itemprop=\"contentUrl\"><img decoding=\"async\" id=\"envira-gallery-image-4028\" class=\"envira-gallery-image envira-gallery-image-3 envira-normal envira-lazy\" data-envira-index=\"3\" src=\"https:\/\/mhf.ro\/mm\/wp-content\/uploads\/2021\/02\/21-768x1024-640x480.jpg\" data-envira-src=\"https:\/\/mhf.ro\/mm\/wp-content\/uploads\/2021\/02\/21-768x1024-640x480.jpg\" data-envira-gallery-id=\"4026\" data-envira-item-id=\"4028\" data-envira-caption=\"21\" alt=\"\" title=\"21\"  itemprop=\"thumbnailUrl\" data-envira-srcset=\"https:\/\/mhf.ro\/mm\/wp-content\/uploads\/2021\/02\/21-768x1024-640x480.jpg 400w,https:\/\/mhf.ro\/mm\/wp-content\/uploads\/2021\/02\/21-768x1024-640x480.jpg 2x\" data-envira-width=\"225\" data-envira-height=\"300\" srcset=\"data:image\/gif;base64,R0lGODlhAQABAIAAAP\/\/\/\/\/\/\/yH5BAEKAAEALAAAAAABAAEAAAICTAEAOw==\" data-safe-src=\"data:image\/gif;base64,R0lGODlhAQABAIAAAP\/\/\/\/\/\/\/yH5BAEKAAEALAAAAAABAAEAAAICTAEAOw==\" \/><\/a><\/div><\/div><div id=\"envira-gallery-item-4029\" class=\"envira-gallery-item enviratope-item envira-gallery-item-4 envira-lazy-load\" style=\"padding-left: 5px; padding-bottom: 10px; padding-right: 5px;\"  itemscope itemtype=\"https:\/\/schema.org\/ImageObject\"><div class=\"envira-gallery-item-inner\"><div class=\"envira-gallery-position-overlay  envira-gallery-top-left\"><\/div><div class=\"envira-gallery-position-overlay  envira-gallery-top-right\"><\/div><div class=\"envira-gallery-position-overlay  envira-gallery-bottom-left\"><\/div><div class=\"envira-gallery-position-overlay  envira-gallery-bottom-right\"><\/div><a href=\"https:\/\/mhf.ro\/mm\/wp-content\/uploads\/2021\/02\/22.jpg\" class=\"envira-gallery-4026 envira-gallery-link\" rel=\"enviragallery4026\" title=\"22\" data-envira-caption=\"22\" data-envira-retina=\"\" data-thumbnail=\"\"  itemprop=\"contentUrl\"><img decoding=\"async\" id=\"envira-gallery-image-4029\" class=\"envira-gallery-image envira-gallery-image-4 envira-normal envira-lazy\" data-envira-index=\"4\" src=\"https:\/\/mhf.ro\/mm\/wp-content\/uploads\/2021\/02\/22-1024x768-640x480.jpg\" data-envira-src=\"https:\/\/mhf.ro\/mm\/wp-content\/uploads\/2021\/02\/22-1024x768-640x480.jpg\" data-envira-gallery-id=\"4026\" data-envira-item-id=\"4029\" data-envira-caption=\"22\" alt=\"\" title=\"22\"  itemprop=\"thumbnailUrl\" data-envira-srcset=\"https:\/\/mhf.ro\/mm\/wp-content\/uploads\/2021\/02\/22-1024x768-640x480.jpg 400w,https:\/\/mhf.ro\/mm\/wp-content\/uploads\/2021\/02\/22-1024x768-640x480.jpg 2x\" data-envira-width=\"300\" data-envira-height=\"225\" srcset=\"data:image\/gif;base64,R0lGODlhAQABAIAAAP\/\/\/\/\/\/\/yH5BAEKAAEALAAAAAABAAEAAAICTAEAOw==\" data-safe-src=\"data:image\/gif;base64,R0lGODlhAQABAIAAAP\/\/\/\/\/\/\/yH5BAEKAAEALAAAAAABAAEAAAICTAEAOw==\" \/><\/a><\/div><\/div><\/div><\/div><noscript><img decoding=\"async\" src=\"https:\/\/mhf.ro\/mm\/wp-content\/uploads\/2021\/02\/23.jpg\" alt=\"\" \/><img decoding=\"async\" src=\"https:\/\/mhf.ro\/mm\/wp-content\/uploads\/2021\/02\/28-1.jpg\" alt=\"\" \/><img decoding=\"async\" src=\"https:\/\/mhf.ro\/mm\/wp-content\/uploads\/2021\/02\/21.jpg\" alt=\"\" \/><img decoding=\"async\" src=\"https:\/\/mhf.ro\/mm\/wp-content\/uploads\/2021\/02\/22.jpg\" alt=\"\" \/><\/noscript><\/code><\/p>\n<p>Aceste poze au fost f\u0103cute \u00een\u00a0 sala Sultanului.<\/p>\n<p style=\"text-align: right;\">Radio Blaj Online<\/p>\n<p>&nbsp;<\/p>\n<p>&nbsp;<\/p>\n","protected":false},"excerpt":{"rendered":"<p>Pe\u0219tera Huda lui Papar\u0103 Este situat\u0103 \u00een Mun\u021bii Trasc\u0103ului, o pe\u0219ter\u0103 cu mai multe nivele, cu acces relativ dificil, de-a<\/p>\n","protected":false},"author":1,"featured_media":4024,"comment_status":"open","ping_status":"open","sticky":false,"template":"","format":"standard","meta":{"colormag_page_container_layout":"default_layout","colormag_page_sidebar_layout":"default_layout","footnotes":""},"categories":[7],"tags":[],"class_list":["post-4023","post","type-post","status-publish","format-standard","has-post-thumbnail","hentry","category-nat"],"yoast_head":"<!-- This site is optimized with the Yoast SEO plugin v27.0 - https:\/\/yoast.com\/product\/yoast-seo-wordpress\/ -->\n<title>Forma\u021biune carstic\u0103 din Huda lui Papara - MHF Photography<\/title>\n<meta name=\"description\" content=\"Pe\u0219tera cu cea mai mare colonie de lilieci din Europa. Pe\u0219tera se afl\u0103 \u00een jude\u021bul Alba, comuna S\u0103lciua, satul Sub Piatr\u0103\" \/>\n<meta name=\"robots\" content=\"index, follow, max-snippet:-1, max-image-preview:large, max-video-preview:-1\" \/>\n<link rel=\"canonical\" href=\"https:\/\/mhf.ro\/mm\/formatiune-carstica-din-huda-lui-papara\/\" \/>\n<meta property=\"og:locale\" content=\"ro_RO\" \/>\n<meta property=\"og:type\" content=\"article\" \/>\n<meta property=\"og:title\" content=\"Forma\u021biune carstic\u0103 din Huda lui Papara - MHF Photography\" \/>\n<meta property=\"og:description\" content=\"Pe\u0219tera cu cea mai mare colonie de lilieci din Europa. Pe\u0219tera se afl\u0103 \u00een jude\u021bul Alba, comuna S\u0103lciua, satul Sub Piatr\u0103\" \/>\n<meta property=\"og:url\" content=\"https:\/\/mhf.ro\/mm\/formatiune-carstica-din-huda-lui-papara\/\" \/>\n<meta property=\"og:site_name\" content=\"MHF Photography\" \/>\n<meta property=\"article:published_time\" content=\"2021-02-14T05:50:02+00:00\" \/>\n<meta property=\"article:modified_time\" content=\"2025-12-26T11:31:15+00:00\" \/>\n<meta property=\"og:image\" content=\"https:\/\/mhf.ro\/mm\/wp-content\/uploads\/2021\/02\/28.jpg\" \/>\n\t<meta property=\"og:image:width\" content=\"2560\" \/>\n\t<meta property=\"og:image:height\" content=\"1920\" \/>\n\t<meta property=\"og:image:type\" content=\"image\/jpeg\" \/>\n<meta name=\"author\" content=\"Marius Marcu\" \/>\n<meta name=\"twitter:card\" content=\"summary_large_image\" \/>\n<meta name=\"twitter:label1\" content=\"Scris de\" \/>\n\t<meta name=\"twitter:data1\" content=\"Marius Marcu\" \/>\n\t<meta name=\"twitter:label2\" content=\"Timp estimat pentru citire\" \/>\n\t<meta name=\"twitter:data2\" content=\"1 minut\" \/>\n<script type=\"application\/ld+json\" class=\"yoast-schema-graph\">{\"@context\":\"https:\/\/schema.org\",\"@graph\":[{\"@type\":\"Article\",\"@id\":\"https:\/\/mhf.ro\/mm\/formatiune-carstica-din-huda-lui-papara\/#article\",\"isPartOf\":{\"@id\":\"https:\/\/mhf.ro\/mm\/formatiune-carstica-din-huda-lui-papara\/\"},\"author\":{\"name\":\"Marius Marcu\",\"@id\":\"https:\/\/mhf.ro\/mm\/#\/schema\/person\/a3bebf7bdb4bf12f698aff73c7e46c21\"},\"headline\":\"Forma\u021biune carstic\u0103 din Huda lui Papara\",\"datePublished\":\"2021-02-14T05:50:02+00:00\",\"dateModified\":\"2025-12-26T11:31:15+00:00\",\"mainEntityOfPage\":{\"@id\":\"https:\/\/mhf.ro\/mm\/formatiune-carstica-din-huda-lui-papara\/\"},\"wordCount\":114,\"commentCount\":0,\"publisher\":{\"@id\":\"https:\/\/mhf.ro\/mm\/#\/schema\/person\/a3bebf7bdb4bf12f698aff73c7e46c21\"},\"image\":{\"@id\":\"https:\/\/mhf.ro\/mm\/formatiune-carstica-din-huda-lui-papara\/#primaryimage\"},\"thumbnailUrl\":\"https:\/\/mhf.ro\/mm\/wp-content\/uploads\/2021\/02\/28.jpg\",\"articleSection\":[\"Natura\"],\"inLanguage\":\"ro-RO\",\"potentialAction\":[{\"@type\":\"CommentAction\",\"name\":\"Comment\",\"target\":[\"https:\/\/mhf.ro\/mm\/formatiune-carstica-din-huda-lui-papara\/#respond\"]}]},{\"@type\":\"WebPage\",\"@id\":\"https:\/\/mhf.ro\/mm\/formatiune-carstica-din-huda-lui-papara\/\",\"url\":\"https:\/\/mhf.ro\/mm\/formatiune-carstica-din-huda-lui-papara\/\",\"name\":\"Forma\u021biune carstic\u0103 din Huda lui Papara - MHF Photography\",\"isPartOf\":{\"@id\":\"https:\/\/mhf.ro\/mm\/#website\"},\"primaryImageOfPage\":{\"@id\":\"https:\/\/mhf.ro\/mm\/formatiune-carstica-din-huda-lui-papara\/#primaryimage\"},\"image\":{\"@id\":\"https:\/\/mhf.ro\/mm\/formatiune-carstica-din-huda-lui-papara\/#primaryimage\"},\"thumbnailUrl\":\"https:\/\/mhf.ro\/mm\/wp-content\/uploads\/2021\/02\/28.jpg\",\"datePublished\":\"2021-02-14T05:50:02+00:00\",\"dateModified\":\"2025-12-26T11:31:15+00:00\",\"description\":\"Pe\u0219tera cu cea mai mare colonie de lilieci din Europa. Pe\u0219tera se afl\u0103 \u00een jude\u021bul Alba, comuna S\u0103lciua, satul Sub Piatr\u0103\",\"breadcrumb\":{\"@id\":\"https:\/\/mhf.ro\/mm\/formatiune-carstica-din-huda-lui-papara\/#breadcrumb\"},\"inLanguage\":\"ro-RO\",\"potentialAction\":[{\"@type\":\"ReadAction\",\"target\":[\"https:\/\/mhf.ro\/mm\/formatiune-carstica-din-huda-lui-papara\/\"]}]},{\"@type\":\"ImageObject\",\"inLanguage\":\"ro-RO\",\"@id\":\"https:\/\/mhf.ro\/mm\/formatiune-carstica-din-huda-lui-papara\/#primaryimage\",\"url\":\"https:\/\/mhf.ro\/mm\/wp-content\/uploads\/2021\/02\/28.jpg\",\"contentUrl\":\"https:\/\/mhf.ro\/mm\/wp-content\/uploads\/2021\/02\/28.jpg\",\"width\":2560,\"height\":1920,\"caption\":\"Huda lui Papar\u0103\"},{\"@type\":\"BreadcrumbList\",\"@id\":\"https:\/\/mhf.ro\/mm\/formatiune-carstica-din-huda-lui-papara\/#breadcrumb\",\"itemListElement\":[{\"@type\":\"ListItem\",\"position\":1,\"name\":\"Prima pagin\u0103\",\"item\":\"https:\/\/mhf.ro\/mm\/\"},{\"@type\":\"ListItem\",\"position\":2,\"name\":\"Forma\u021biune carstic\u0103 din Huda lui Papara\"}]},{\"@type\":\"WebSite\",\"@id\":\"https:\/\/mhf.ro\/mm\/#website\",\"url\":\"https:\/\/mhf.ro\/mm\/\",\"name\":\"MHF Photography \u2013 Blog de fotografie, natur\u0103 \u0219i tehnic\u0103 divers\u0103\",\"description\":\"Aventur\u0103 \u00een fiecare cadru.\",\"publisher\":{\"@id\":\"https:\/\/mhf.ro\/mm\/#\/schema\/person\/a3bebf7bdb4bf12f698aff73c7e46c21\"},\"potentialAction\":[{\"@type\":\"SearchAction\",\"target\":{\"@type\":\"EntryPoint\",\"urlTemplate\":\"https:\/\/mhf.ro\/mm\/?s={search_term_string}\"},\"query-input\":{\"@type\":\"PropertyValueSpecification\",\"valueRequired\":true,\"valueName\":\"search_term_string\"}}],\"inLanguage\":\"ro-RO\"},{\"@type\":[\"Person\",\"Organization\"],\"@id\":\"https:\/\/mhf.ro\/mm\/#\/schema\/person\/a3bebf7bdb4bf12f698aff73c7e46c21\",\"name\":\"Marius Marcu\",\"image\":{\"@type\":\"ImageObject\",\"inLanguage\":\"ro-RO\",\"@id\":\"https:\/\/mhf.ro\/mm\/#\/schema\/person\/image\/\",\"url\":\"https:\/\/mhf.ro\/mm\/wp-content\/uploads\/2025\/12\/cropped-logo_mhf_2.png\",\"contentUrl\":\"https:\/\/mhf.ro\/mm\/wp-content\/uploads\/2025\/12\/cropped-logo_mhf_2.png\",\"width\":1096,\"height\":457,\"caption\":\"Marius Marcu\"},\"logo\":{\"@id\":\"https:\/\/mhf.ro\/mm\/#\/schema\/person\/image\/\"},\"sameAs\":[\"https:\/\/mhf.ro\/mm\"],\"url\":\"https:\/\/mhf.ro\/mm\/author\/mihai\/\"}]}<\/script>\n<!-- \/ Yoast SEO plugin. -->","yoast_head_json":{"title":"Forma\u021biune carstic\u0103 din Huda lui Papara - MHF Photography","description":"Pe\u0219tera cu cea mai mare colonie de lilieci din Europa. Pe\u0219tera se afl\u0103 \u00een jude\u021bul Alba, comuna S\u0103lciua, satul Sub Piatr\u0103","robots":{"index":"index","follow":"follow","max-snippet":"max-snippet:-1","max-image-preview":"max-image-preview:large","max-video-preview":"max-video-preview:-1"},"canonical":"https:\/\/mhf.ro\/mm\/formatiune-carstica-din-huda-lui-papara\/","og_locale":"ro_RO","og_type":"article","og_title":"Forma\u021biune carstic\u0103 din Huda lui Papara - MHF Photography","og_description":"Pe\u0219tera cu cea mai mare colonie de lilieci din Europa. Pe\u0219tera se afl\u0103 \u00een jude\u021bul Alba, comuna S\u0103lciua, satul Sub Piatr\u0103","og_url":"https:\/\/mhf.ro\/mm\/formatiune-carstica-din-huda-lui-papara\/","og_site_name":"MHF Photography","article_published_time":"2021-02-14T05:50:02+00:00","article_modified_time":"2025-12-26T11:31:15+00:00","og_image":[{"width":2560,"height":1920,"url":"https:\/\/mhf.ro\/mm\/wp-content\/uploads\/2021\/02\/28.jpg","type":"image\/jpeg"}],"author":"Marius Marcu","twitter_card":"summary_large_image","twitter_misc":{"Scris de":"Marius Marcu","Timp estimat pentru citire":"1 minut"},"schema":{"@context":"https:\/\/schema.org","@graph":[{"@type":"Article","@id":"https:\/\/mhf.ro\/mm\/formatiune-carstica-din-huda-lui-papara\/#article","isPartOf":{"@id":"https:\/\/mhf.ro\/mm\/formatiune-carstica-din-huda-lui-papara\/"},"author":{"name":"Marius Marcu","@id":"https:\/\/mhf.ro\/mm\/#\/schema\/person\/a3bebf7bdb4bf12f698aff73c7e46c21"},"headline":"Forma\u021biune carstic\u0103 din Huda lui Papara","datePublished":"2021-02-14T05:50:02+00:00","dateModified":"2025-12-26T11:31:15+00:00","mainEntityOfPage":{"@id":"https:\/\/mhf.ro\/mm\/formatiune-carstica-din-huda-lui-papara\/"},"wordCount":114,"commentCount":0,"publisher":{"@id":"https:\/\/mhf.ro\/mm\/#\/schema\/person\/a3bebf7bdb4bf12f698aff73c7e46c21"},"image":{"@id":"https:\/\/mhf.ro\/mm\/formatiune-carstica-din-huda-lui-papara\/#primaryimage"},"thumbnailUrl":"https:\/\/mhf.ro\/mm\/wp-content\/uploads\/2021\/02\/28.jpg","articleSection":["Natura"],"inLanguage":"ro-RO","potentialAction":[{"@type":"CommentAction","name":"Comment","target":["https:\/\/mhf.ro\/mm\/formatiune-carstica-din-huda-lui-papara\/#respond"]}]},{"@type":"WebPage","@id":"https:\/\/mhf.ro\/mm\/formatiune-carstica-din-huda-lui-papara\/","url":"https:\/\/mhf.ro\/mm\/formatiune-carstica-din-huda-lui-papara\/","name":"Forma\u021biune carstic\u0103 din Huda lui Papara - MHF Photography","isPartOf":{"@id":"https:\/\/mhf.ro\/mm\/#website"},"primaryImageOfPage":{"@id":"https:\/\/mhf.ro\/mm\/formatiune-carstica-din-huda-lui-papara\/#primaryimage"},"image":{"@id":"https:\/\/mhf.ro\/mm\/formatiune-carstica-din-huda-lui-papara\/#primaryimage"},"thumbnailUrl":"https:\/\/mhf.ro\/mm\/wp-content\/uploads\/2021\/02\/28.jpg","datePublished":"2021-02-14T05:50:02+00:00","dateModified":"2025-12-26T11:31:15+00:00","description":"Pe\u0219tera cu cea mai mare colonie de lilieci din Europa. Pe\u0219tera se afl\u0103 \u00een jude\u021bul Alba, comuna S\u0103lciua, satul Sub Piatr\u0103","breadcrumb":{"@id":"https:\/\/mhf.ro\/mm\/formatiune-carstica-din-huda-lui-papara\/#breadcrumb"},"inLanguage":"ro-RO","potentialAction":[{"@type":"ReadAction","target":["https:\/\/mhf.ro\/mm\/formatiune-carstica-din-huda-lui-papara\/"]}]},{"@type":"ImageObject","inLanguage":"ro-RO","@id":"https:\/\/mhf.ro\/mm\/formatiune-carstica-din-huda-lui-papara\/#primaryimage","url":"https:\/\/mhf.ro\/mm\/wp-content\/uploads\/2021\/02\/28.jpg","contentUrl":"https:\/\/mhf.ro\/mm\/wp-content\/uploads\/2021\/02\/28.jpg","width":2560,"height":1920,"caption":"Huda lui Papar\u0103"},{"@type":"BreadcrumbList","@id":"https:\/\/mhf.ro\/mm\/formatiune-carstica-din-huda-lui-papara\/#breadcrumb","itemListElement":[{"@type":"ListItem","position":1,"name":"Prima pagin\u0103","item":"https:\/\/mhf.ro\/mm\/"},{"@type":"ListItem","position":2,"name":"Forma\u021biune carstic\u0103 din Huda lui Papara"}]},{"@type":"WebSite","@id":"https:\/\/mhf.ro\/mm\/#website","url":"https:\/\/mhf.ro\/mm\/","name":"MHF Photography \u2013 Blog de fotografie, natur\u0103 \u0219i tehnic\u0103 divers\u0103","description":"Aventur\u0103 \u00een fiecare cadru.","publisher":{"@id":"https:\/\/mhf.ro\/mm\/#\/schema\/person\/a3bebf7bdb4bf12f698aff73c7e46c21"},"potentialAction":[{"@type":"SearchAction","target":{"@type":"EntryPoint","urlTemplate":"https:\/\/mhf.ro\/mm\/?s={search_term_string}"},"query-input":{"@type":"PropertyValueSpecification","valueRequired":true,"valueName":"search_term_string"}}],"inLanguage":"ro-RO"},{"@type":["Person","Organization"],"@id":"https:\/\/mhf.ro\/mm\/#\/schema\/person\/a3bebf7bdb4bf12f698aff73c7e46c21","name":"Marius Marcu","image":{"@type":"ImageObject","inLanguage":"ro-RO","@id":"https:\/\/mhf.ro\/mm\/#\/schema\/person\/image\/","url":"https:\/\/mhf.ro\/mm\/wp-content\/uploads\/2025\/12\/cropped-logo_mhf_2.png","contentUrl":"https:\/\/mhf.ro\/mm\/wp-content\/uploads\/2025\/12\/cropped-logo_mhf_2.png","width":1096,"height":457,"caption":"Marius Marcu"},"logo":{"@id":"https:\/\/mhf.ro\/mm\/#\/schema\/person\/image\/"},"sameAs":["https:\/\/mhf.ro\/mm"],"url":"https:\/\/mhf.ro\/mm\/author\/mihai\/"}]}},"_links":{"self":[{"href":"https:\/\/mhf.ro\/mm\/wp-json\/wp\/v2\/posts\/4023","targetHints":{"allow":["GET"]}}],"collection":[{"href":"https:\/\/mhf.ro\/mm\/wp-json\/wp\/v2\/posts"}],"about":[{"href":"https:\/\/mhf.ro\/mm\/wp-json\/wp\/v2\/types\/post"}],"author":[{"embeddable":true,"href":"https:\/\/mhf.ro\/mm\/wp-json\/wp\/v2\/users\/1"}],"replies":[{"embeddable":true,"href":"https:\/\/mhf.ro\/mm\/wp-json\/wp\/v2\/comments?post=4023"}],"version-history":[{"count":6,"href":"https:\/\/mhf.ro\/mm\/wp-json\/wp\/v2\/posts\/4023\/revisions"}],"predecessor-version":[{"id":10117,"href":"https:\/\/mhf.ro\/mm\/wp-json\/wp\/v2\/posts\/4023\/revisions\/10117"}],"wp:featuredmedia":[{"embeddable":true,"href":"https:\/\/mhf.ro\/mm\/wp-json\/wp\/v2\/media\/4024"}],"wp:attachment":[{"href":"https:\/\/mhf.ro\/mm\/wp-json\/wp\/v2\/media?parent=4023"}],"wp:term":[{"taxonomy":"category","embeddable":true,"href":"https:\/\/mhf.ro\/mm\/wp-json\/wp\/v2\/categories?post=4023"},{"taxonomy":"post_tag","embeddable":true,"href":"https:\/\/mhf.ro\/mm\/wp-json\/wp\/v2\/tags?post=4023"}],"curies":[{"name":"wp","href":"https:\/\/api.w.org\/{rel}","templated":true}]}}