{"id":4061,"date":"2021-02-14T08:40:37","date_gmt":"2021-02-14T06:40:37","guid":{"rendered":"https:\/\/mhf.ro\/mm\/?p=4061"},"modified":"2025-12-26T13:30:34","modified_gmt":"2025-12-26T11:30:34","slug":"radio-live-blaj","status":"publish","type":"post","link":"https:\/\/mhf.ro\/mm\/radio-live-blaj\/","title":{"rendered":"S-a deschis post de radio online la Blaj &#8211; Radio Vocea Blajului"},"content":{"rendered":"<h2>Nou la Blaj\u00a0 Transmisiuni Live direct din Biserica Sfin\u021bii Apostoli Petru \u0219i Pavel.<\/h2>\n<h3>Radio Live Blaj \u00a0Blaj Radio Online<\/h3>\n<p>\u00cencep\u00e2nd de duminic\u0103, 3 mai 2020, Biserica Sfin\u021bii Apostoli Petru \u0219i Pavel, transmite live slujbele religioase. Slujba religioas\u0103 de duminica \u0219i s\u0103rb\u0103tori se transmite \u00een direct \u00eencep\u00e2nd cu ora 8:50.<\/p>\n<p>Poate fi ascultat\u0103 foarte u\u0219or, cu orice calculator sau cu un telefon mobil, conectat la internet. Nu este nevoie s\u0103 desc\u0103rca\u021bi niciun program. Adresa la care se poate asculta este www.RadioVoceaBlajului.ro . Se poate asculta \u0219i cu un simplu clic de pe pagina Radio VB\u00a0. Pagina radioului este pe site www.VoceaBlajului.ro<\/p>\n<h3><a href=\"https:\/\/mhf.ro\/mm\/wp-content\/uploads\/2021\/02\/studio-radio-3.jpg\"><img fetchpriority=\"high\" decoding=\"async\" class=\"alignnone wp-image-4064 size-medium\" src=\"https:\/\/mhf.ro\/mm\/wp-content\/uploads\/2021\/02\/studio-radio-3-300x199.jpg\" alt=\"\" width=\"300\" height=\"199\" srcset=\"https:\/\/mhf.ro\/mm\/wp-content\/uploads\/2021\/02\/studio-radio-3-300x199.jpg 300w, https:\/\/mhf.ro\/mm\/wp-content\/uploads\/2021\/02\/studio-radio-3-1024x681.jpg 1024w, https:\/\/mhf.ro\/mm\/wp-content\/uploads\/2021\/02\/studio-radio-3-768x511.jpg 768w, https:\/\/mhf.ro\/mm\/wp-content\/uploads\/2021\/02\/studio-radio-3.jpg 1280w\" sizes=\"(max-width: 300px) 100vw, 300px\" \/><\/a><\/h3>\n<h3>Programe diverse.<\/h3>\n<h3>Emisiuni Live la Radio Blaj &#8211; Vocea Blajului<\/h3>\n<h3>Telefonul ascult\u0103torului. Apel \u00een direct.<\/h3>\n<h3>Program dedica\u021bii muzicale.<\/h3>\n<h5 style=\"text-align: right;\">(sponsor <a href=\"https:\/\/riz.ro\/\">SC Profile Riz SRL<\/a>)<\/h5>\n","protected":false},"excerpt":{"rendered":"<p>Nou la Blaj\u00a0 Transmisiuni Live direct din Biserica Sfin\u021bii Apostoli Petru \u0219i Pavel. Radio Live Blaj \u00a0Blaj Radio Online \u00cencep\u00e2nd<\/p>\n","protected":false},"author":1,"featured_media":4063,"comment_status":"open","ping_status":"open","sticky":false,"template":"","format":"standard","meta":{"colormag_page_container_layout":"default_layout","colormag_page_sidebar_layout":"default_layout","footnotes":""},"categories":[32,5],"tags":[],"class_list":["post-4061","post","type-post","status-publish","format-standard","has-post-thumbnail","hentry","category-comunicate","category-locale"],"yoast_head":"<!-- This site is optimized with the Yoast SEO plugin v27.0 - https:\/\/yoast.com\/product\/yoast-seo-wordpress\/ -->\n<title>S-a deschis post de radio online la Blaj - Radio Vocea Blajului - MHF Photography<\/title>\n<meta name=\"description\" content=\"Biserica Sfin\u021bii Apostoli Petru \u0219i Pavel, transmite live slujbele religioase la postul de radio online din Blaj. Slujba religioas\u0103 online.\" \/>\n<meta name=\"robots\" content=\"index, follow, max-snippet:-1, max-image-preview:large, max-video-preview:-1\" \/>\n<link rel=\"canonical\" href=\"https:\/\/mhf.ro\/mm\/radio-live-blaj\/\" \/>\n<meta property=\"og:locale\" content=\"ro_RO\" \/>\n<meta property=\"og:type\" content=\"article\" \/>\n<meta property=\"og:title\" content=\"S-a deschis post de radio online la Blaj - Radio Vocea Blajului - MHF Photography\" \/>\n<meta property=\"og:description\" content=\"Biserica Sfin\u021bii Apostoli Petru \u0219i Pavel, transmite live slujbele religioase la postul de radio online din Blaj. Slujba religioas\u0103 online.\" \/>\n<meta property=\"og:url\" content=\"https:\/\/mhf.ro\/mm\/radio-live-blaj\/\" \/>\n<meta property=\"og:site_name\" content=\"MHF Photography\" \/>\n<meta property=\"article:published_time\" content=\"2021-02-14T06:40:37+00:00\" \/>\n<meta property=\"article:modified_time\" content=\"2025-12-26T11:30:34+00:00\" \/>\n<meta property=\"og:image\" content=\"https:\/\/mhf.ro\/mm\/wp-content\/uploads\/2021\/02\/studio-radio-1.jpg\" \/>\n\t<meta property=\"og:image:width\" content=\"1280\" \/>\n\t<meta property=\"og:image:height\" content=\"853\" \/>\n\t<meta property=\"og:image:type\" content=\"image\/jpeg\" \/>\n<meta name=\"author\" content=\"Marius Marcu\" \/>\n<meta name=\"twitter:card\" content=\"summary_large_image\" \/>\n<meta name=\"twitter:label1\" content=\"Scris de\" \/>\n\t<meta name=\"twitter:data1\" content=\"Marius Marcu\" \/>\n\t<meta name=\"twitter:label2\" content=\"Timp estimat pentru citire\" \/>\n\t<meta name=\"twitter:data2\" content=\"2 minute\" \/>\n<script type=\"application\/ld+json\" class=\"yoast-schema-graph\">{\"@context\":\"https:\/\/schema.org\",\"@graph\":[{\"@type\":\"Article\",\"@id\":\"https:\/\/mhf.ro\/mm\/radio-live-blaj\/#article\",\"isPartOf\":{\"@id\":\"https:\/\/mhf.ro\/mm\/radio-live-blaj\/\"},\"author\":{\"name\":\"Marius Marcu\",\"@id\":\"https:\/\/mhf.ro\/mm\/#\/schema\/person\/a3bebf7bdb4bf12f698aff73c7e46c21\"},\"headline\":\"S-a deschis post de radio online la Blaj &#8211; Radio Vocea Blajului\",\"datePublished\":\"2021-02-14T06:40:37+00:00\",\"dateModified\":\"2025-12-26T11:30:34+00:00\",\"mainEntityOfPage\":{\"@id\":\"https:\/\/mhf.ro\/mm\/radio-live-blaj\/\"},\"wordCount\":146,\"commentCount\":0,\"publisher\":{\"@id\":\"https:\/\/mhf.ro\/mm\/#\/schema\/person\/a3bebf7bdb4bf12f698aff73c7e46c21\"},\"image\":{\"@id\":\"https:\/\/mhf.ro\/mm\/radio-live-blaj\/#primaryimage\"},\"thumbnailUrl\":\"https:\/\/mhf.ro\/mm\/wp-content\/uploads\/2021\/02\/studio-radio-1.jpg\",\"articleSection\":[\"Comunicate\",\"Locale\"],\"inLanguage\":\"ro-RO\",\"potentialAction\":[{\"@type\":\"CommentAction\",\"name\":\"Comment\",\"target\":[\"https:\/\/mhf.ro\/mm\/radio-live-blaj\/#respond\"]}]},{\"@type\":\"WebPage\",\"@id\":\"https:\/\/mhf.ro\/mm\/radio-live-blaj\/\",\"url\":\"https:\/\/mhf.ro\/mm\/radio-live-blaj\/\",\"name\":\"S-a deschis post de radio online la Blaj - Radio Vocea Blajului - MHF Photography\",\"isPartOf\":{\"@id\":\"https:\/\/mhf.ro\/mm\/#website\"},\"primaryImageOfPage\":{\"@id\":\"https:\/\/mhf.ro\/mm\/radio-live-blaj\/#primaryimage\"},\"image\":{\"@id\":\"https:\/\/mhf.ro\/mm\/radio-live-blaj\/#primaryimage\"},\"thumbnailUrl\":\"https:\/\/mhf.ro\/mm\/wp-content\/uploads\/2021\/02\/studio-radio-1.jpg\",\"datePublished\":\"2021-02-14T06:40:37+00:00\",\"dateModified\":\"2025-12-26T11:30:34+00:00\",\"description\":\"Biserica Sfin\u021bii Apostoli Petru \u0219i Pavel, transmite live slujbele religioase la postul de radio online din Blaj. Slujba religioas\u0103 online.\",\"breadcrumb\":{\"@id\":\"https:\/\/mhf.ro\/mm\/radio-live-blaj\/#breadcrumb\"},\"inLanguage\":\"ro-RO\",\"potentialAction\":[{\"@type\":\"ReadAction\",\"target\":[\"https:\/\/mhf.ro\/mm\/radio-live-blaj\/\"]}]},{\"@type\":\"ImageObject\",\"inLanguage\":\"ro-RO\",\"@id\":\"https:\/\/mhf.ro\/mm\/radio-live-blaj\/#primaryimage\",\"url\":\"https:\/\/mhf.ro\/mm\/wp-content\/uploads\/2021\/02\/studio-radio-1.jpg\",\"contentUrl\":\"https:\/\/mhf.ro\/mm\/wp-content\/uploads\/2021\/02\/studio-radio-1.jpg\",\"width\":1280,\"height\":853,\"caption\":\"Radio Live Blaj\"},{\"@type\":\"BreadcrumbList\",\"@id\":\"https:\/\/mhf.ro\/mm\/radio-live-blaj\/#breadcrumb\",\"itemListElement\":[{\"@type\":\"ListItem\",\"position\":1,\"name\":\"Prima pagin\u0103\",\"item\":\"https:\/\/mhf.ro\/mm\/\"},{\"@type\":\"ListItem\",\"position\":2,\"name\":\"S-a deschis post de radio online la Blaj &#8211; Radio Vocea Blajului\"}]},{\"@type\":\"WebSite\",\"@id\":\"https:\/\/mhf.ro\/mm\/#website\",\"url\":\"https:\/\/mhf.ro\/mm\/\",\"name\":\"MHF Photography \u2013 Blog de fotografie, natur\u0103 \u0219i tehnic\u0103 divers\u0103\",\"description\":\"Aventur\u0103 \u00een fiecare cadru.\",\"publisher\":{\"@id\":\"https:\/\/mhf.ro\/mm\/#\/schema\/person\/a3bebf7bdb4bf12f698aff73c7e46c21\"},\"potentialAction\":[{\"@type\":\"SearchAction\",\"target\":{\"@type\":\"EntryPoint\",\"urlTemplate\":\"https:\/\/mhf.ro\/mm\/?s={search_term_string}\"},\"query-input\":{\"@type\":\"PropertyValueSpecification\",\"valueRequired\":true,\"valueName\":\"search_term_string\"}}],\"inLanguage\":\"ro-RO\"},{\"@type\":[\"Person\",\"Organization\"],\"@id\":\"https:\/\/mhf.ro\/mm\/#\/schema\/person\/a3bebf7bdb4bf12f698aff73c7e46c21\",\"name\":\"Marius Marcu\",\"image\":{\"@type\":\"ImageObject\",\"inLanguage\":\"ro-RO\",\"@id\":\"https:\/\/mhf.ro\/mm\/#\/schema\/person\/image\/\",\"url\":\"https:\/\/mhf.ro\/mm\/wp-content\/uploads\/2025\/12\/cropped-logo_mhf_2.png\",\"contentUrl\":\"https:\/\/mhf.ro\/mm\/wp-content\/uploads\/2025\/12\/cropped-logo_mhf_2.png\",\"width\":1096,\"height\":457,\"caption\":\"Marius Marcu\"},\"logo\":{\"@id\":\"https:\/\/mhf.ro\/mm\/#\/schema\/person\/image\/\"},\"sameAs\":[\"https:\/\/mhf.ro\/mm\"],\"url\":\"https:\/\/mhf.ro\/mm\/author\/mihai\/\"}]}<\/script>\n<!-- \/ Yoast SEO plugin. -->","yoast_head_json":{"title":"S-a deschis post de radio online la Blaj - Radio Vocea Blajului - MHF Photography","description":"Biserica Sfin\u021bii Apostoli Petru \u0219i Pavel, transmite live slujbele religioase la postul de radio online din Blaj. Slujba religioas\u0103 online.","robots":{"index":"index","follow":"follow","max-snippet":"max-snippet:-1","max-image-preview":"max-image-preview:large","max-video-preview":"max-video-preview:-1"},"canonical":"https:\/\/mhf.ro\/mm\/radio-live-blaj\/","og_locale":"ro_RO","og_type":"article","og_title":"S-a deschis post de radio online la Blaj - Radio Vocea Blajului - MHF Photography","og_description":"Biserica Sfin\u021bii Apostoli Petru \u0219i Pavel, transmite live slujbele religioase la postul de radio online din Blaj. Slujba religioas\u0103 online.","og_url":"https:\/\/mhf.ro\/mm\/radio-live-blaj\/","og_site_name":"MHF Photography","article_published_time":"2021-02-14T06:40:37+00:00","article_modified_time":"2025-12-26T11:30:34+00:00","og_image":[{"width":1280,"height":853,"url":"https:\/\/mhf.ro\/mm\/wp-content\/uploads\/2021\/02\/studio-radio-1.jpg","type":"image\/jpeg"}],"author":"Marius Marcu","twitter_card":"summary_large_image","twitter_misc":{"Scris de":"Marius Marcu","Timp estimat pentru citire":"2 minute"},"schema":{"@context":"https:\/\/schema.org","@graph":[{"@type":"Article","@id":"https:\/\/mhf.ro\/mm\/radio-live-blaj\/#article","isPartOf":{"@id":"https:\/\/mhf.ro\/mm\/radio-live-blaj\/"},"author":{"name":"Marius Marcu","@id":"https:\/\/mhf.ro\/mm\/#\/schema\/person\/a3bebf7bdb4bf12f698aff73c7e46c21"},"headline":"S-a deschis post de radio online la Blaj &#8211; Radio Vocea Blajului","datePublished":"2021-02-14T06:40:37+00:00","dateModified":"2025-12-26T11:30:34+00:00","mainEntityOfPage":{"@id":"https:\/\/mhf.ro\/mm\/radio-live-blaj\/"},"wordCount":146,"commentCount":0,"publisher":{"@id":"https:\/\/mhf.ro\/mm\/#\/schema\/person\/a3bebf7bdb4bf12f698aff73c7e46c21"},"image":{"@id":"https:\/\/mhf.ro\/mm\/radio-live-blaj\/#primaryimage"},"thumbnailUrl":"https:\/\/mhf.ro\/mm\/wp-content\/uploads\/2021\/02\/studio-radio-1.jpg","articleSection":["Comunicate","Locale"],"inLanguage":"ro-RO","potentialAction":[{"@type":"CommentAction","name":"Comment","target":["https:\/\/mhf.ro\/mm\/radio-live-blaj\/#respond"]}]},{"@type":"WebPage","@id":"https:\/\/mhf.ro\/mm\/radio-live-blaj\/","url":"https:\/\/mhf.ro\/mm\/radio-live-blaj\/","name":"S-a deschis post de radio online la Blaj - Radio Vocea Blajului - MHF Photography","isPartOf":{"@id":"https:\/\/mhf.ro\/mm\/#website"},"primaryImageOfPage":{"@id":"https:\/\/mhf.ro\/mm\/radio-live-blaj\/#primaryimage"},"image":{"@id":"https:\/\/mhf.ro\/mm\/radio-live-blaj\/#primaryimage"},"thumbnailUrl":"https:\/\/mhf.ro\/mm\/wp-content\/uploads\/2021\/02\/studio-radio-1.jpg","datePublished":"2021-02-14T06:40:37+00:00","dateModified":"2025-12-26T11:30:34+00:00","description":"Biserica Sfin\u021bii Apostoli Petru \u0219i Pavel, transmite live slujbele religioase la postul de radio online din Blaj. Slujba religioas\u0103 online.","breadcrumb":{"@id":"https:\/\/mhf.ro\/mm\/radio-live-blaj\/#breadcrumb"},"inLanguage":"ro-RO","potentialAction":[{"@type":"ReadAction","target":["https:\/\/mhf.ro\/mm\/radio-live-blaj\/"]}]},{"@type":"ImageObject","inLanguage":"ro-RO","@id":"https:\/\/mhf.ro\/mm\/radio-live-blaj\/#primaryimage","url":"https:\/\/mhf.ro\/mm\/wp-content\/uploads\/2021\/02\/studio-radio-1.jpg","contentUrl":"https:\/\/mhf.ro\/mm\/wp-content\/uploads\/2021\/02\/studio-radio-1.jpg","width":1280,"height":853,"caption":"Radio Live Blaj"},{"@type":"BreadcrumbList","@id":"https:\/\/mhf.ro\/mm\/radio-live-blaj\/#breadcrumb","itemListElement":[{"@type":"ListItem","position":1,"name":"Prima pagin\u0103","item":"https:\/\/mhf.ro\/mm\/"},{"@type":"ListItem","position":2,"name":"S-a deschis post de radio online la Blaj &#8211; Radio Vocea Blajului"}]},{"@type":"WebSite","@id":"https:\/\/mhf.ro\/mm\/#website","url":"https:\/\/mhf.ro\/mm\/","name":"MHF Photography \u2013 Blog de fotografie, natur\u0103 \u0219i tehnic\u0103 divers\u0103","description":"Aventur\u0103 \u00een fiecare cadru.","publisher":{"@id":"https:\/\/mhf.ro\/mm\/#\/schema\/person\/a3bebf7bdb4bf12f698aff73c7e46c21"},"potentialAction":[{"@type":"SearchAction","target":{"@type":"EntryPoint","urlTemplate":"https:\/\/mhf.ro\/mm\/?s={search_term_string}"},"query-input":{"@type":"PropertyValueSpecification","valueRequired":true,"valueName":"search_term_string"}}],"inLanguage":"ro-RO"},{"@type":["Person","Organization"],"@id":"https:\/\/mhf.ro\/mm\/#\/schema\/person\/a3bebf7bdb4bf12f698aff73c7e46c21","name":"Marius Marcu","image":{"@type":"ImageObject","inLanguage":"ro-RO","@id":"https:\/\/mhf.ro\/mm\/#\/schema\/person\/image\/","url":"https:\/\/mhf.ro\/mm\/wp-content\/uploads\/2025\/12\/cropped-logo_mhf_2.png","contentUrl":"https:\/\/mhf.ro\/mm\/wp-content\/uploads\/2025\/12\/cropped-logo_mhf_2.png","width":1096,"height":457,"caption":"Marius Marcu"},"logo":{"@id":"https:\/\/mhf.ro\/mm\/#\/schema\/person\/image\/"},"sameAs":["https:\/\/mhf.ro\/mm"],"url":"https:\/\/mhf.ro\/mm\/author\/mihai\/"}]}},"_links":{"self":[{"href":"https:\/\/mhf.ro\/mm\/wp-json\/wp\/v2\/posts\/4061","targetHints":{"allow":["GET"]}}],"collection":[{"href":"https:\/\/mhf.ro\/mm\/wp-json\/wp\/v2\/posts"}],"about":[{"href":"https:\/\/mhf.ro\/mm\/wp-json\/wp\/v2\/types\/post"}],"author":[{"embeddable":true,"href":"https:\/\/mhf.ro\/mm\/wp-json\/wp\/v2\/users\/1"}],"replies":[{"embeddable":true,"href":"https:\/\/mhf.ro\/mm\/wp-json\/wp\/v2\/comments?post=4061"}],"version-history":[{"count":8,"href":"https:\/\/mhf.ro\/mm\/wp-json\/wp\/v2\/posts\/4061\/revisions"}],"predecessor-version":[{"id":10116,"href":"https:\/\/mhf.ro\/mm\/wp-json\/wp\/v2\/posts\/4061\/revisions\/10116"}],"wp:featuredmedia":[{"embeddable":true,"href":"https:\/\/mhf.ro\/mm\/wp-json\/wp\/v2\/media\/4063"}],"wp:attachment":[{"href":"https:\/\/mhf.ro\/mm\/wp-json\/wp\/v2\/media?parent=4061"}],"wp:term":[{"taxonomy":"category","embeddable":true,"href":"https:\/\/mhf.ro\/mm\/wp-json\/wp\/v2\/categories?post=4061"},{"taxonomy":"post_tag","embeddable":true,"href":"https:\/\/mhf.ro\/mm\/wp-json\/wp\/v2\/tags?post=4061"}],"curies":[{"name":"wp","href":"https:\/\/api.w.org\/{rel}","templated":true}]}}