{"id":4075,"date":"2021-02-14T13:41:04","date_gmt":"2021-02-14T11:41:04","guid":{"rendered":"https:\/\/mhf.ro\/mm\/?p=4075"},"modified":"2021-02-14T13:41:04","modified_gmt":"2021-02-14T11:41:04","slug":"s-au-ridicat-restrictiile-de-tonaj-75-t-pe-dn-29-dn-29a-si-dn-24c","status":"publish","type":"post","link":"https:\/\/mhf.ro\/mm\/s-au-ridicat-restrictiile-de-tonaj-75-t-pe-dn-29-dn-29a-si-dn-24c\/","title":{"rendered":"S-au ridicat restric\u021biile de tonaj (7,5 t) pe DN 29, DN 29A. \u0219i DN 24C!"},"content":{"rendered":"<div class=\"field field-name-body field-type-text-with-summary field-label-hidden\">\n<div class=\"field-items\">\n<div class=\"field-item even\">\n<p><strong>Duminic\u0103 diminea\u021ba, 14.02.2021, traficul rutier s-a reluat pentru toate categoriile de autovehicule pe ultimele sectoare de drum na\u021bional restric\u021bionate din cauza viscolului puternic din jude\u021bul Boto\u0219ani,<\/strong> <strong>DN 29, DN 29A. <\/strong><strong>\u0219i DN 24C<\/strong><strong>.<\/strong><\/p>\n<p><strong>La aceast\u0103 or\u0103 nu mai exist\u0103 sectoare de drumuri na\u021bionale sau autostr\u0103zi \u00eenchise sau cu circula\u021bia restric\u021bionat\u0103 din cauza condi\u021biilor meteorologice.<\/strong><\/p>\n<p><strong>Facem apel la conduc\u0103torii auto s\u0103 circule prudent, s\u0103 adapteze viteza la condi\u021biile din trafic, s\u0103 plece la drum doar dac\u0103 au autovehiculele echipate corespunz\u0103tor pentru condi\u021bii de iarn\u0103 \u0219i s\u0103 se informeze \u00een prealabil cu privire la condi\u021biile de trafic din zonele tranzitate.<\/strong><\/p>\n<p><strong>Preciz\u0103m c\u0103 toate direc\u021biile regionale ale CNAIR sunt mobilizate \u0219i vor interveni unde este cazul pentru ca traficul rutier s\u0103 se desf\u0103\u0219oare \u00een condi\u021bii de siguran\u021b\u0103.<\/strong><\/p>\n<p><strong>Imagini de la interven\u021biile Regionalelor CNAIR pute\u021bi vedea pe pagina de facebook a companiei:\u00a0<\/strong><a href=\"https:\/\/www.facebook.com\/cnadnr\"><strong>https:\/\/www.facebook.com\/cnadnr<\/strong><\/a><strong>.<\/strong><\/p>\n<p><strong>Informa\u0163ii suplimentare privind starea re\u0163elei de drumuri na\u021bionale pot fi ob\u0163inute de la Dispeceratul Companiei Na\u0163ionale de Administrare a Infrastructurii Rutiere S.A., la numerele de telefon 021\/264.33.33; 021\/9360 \u0219i pot accesa pe prima pagina \u00een caseta din st\u00e2nga: <\/strong><a href=\"http:\/\/www.cnadnr.ro\/\"><strong>www.cnadnr.ro<\/strong><\/a><strong> &#8211; DISPECERAT &#8211; Situa\u021bia Drumurilor Na\u0163ionale, dar \u0219i pagina de FB\u00a0<\/strong><a href=\"https:\/\/www.facebook.com\/cnadnr\/\"><strong>https:\/\/www.facebook.com\/cnadnr\/<\/strong><\/a><strong> \u0219i de TWITTER, @CNADNR. (conf. cnadnr.ro)<br \/>\n<\/strong><\/p>\n<\/div>\n<\/div>\n<\/div>\n","protected":false},"excerpt":{"rendered":"<p>Duminic\u0103 diminea\u021ba, 14.02.2021, traficul rutier s-a reluat pentru toate categoriile de autovehicule pe ultimele sectoare de drum na\u021bional restric\u021bionate din<\/p>\n","protected":false},"author":11,"featured_media":4076,"comment_status":"open","ping_status":"open","sticky":false,"template":"","format":"standard","meta":{"colormag_page_container_layout":"default_layout","colormag_page_sidebar_layout":"default_layout","footnotes":""},"categories":[8],"tags":[],"class_list":["post-4075","post","type-post","status-publish","format-standard","has-post-thumbnail","hentry","category-div"],"yoast_head":"<!-- This site is optimized with the Yoast SEO plugin v27.0 - https:\/\/yoast.com\/product\/yoast-seo-wordpress\/ -->\n<title>S-au ridicat restric\u021biile de tonaj (7,5 t) pe DN 29, DN 29A. \u0219i DN 24C! - MHF Photography<\/title>\n<meta name=\"robots\" content=\"index, follow, max-snippet:-1, max-image-preview:large, max-video-preview:-1\" \/>\n<link rel=\"canonical\" href=\"https:\/\/mhf.ro\/mm\/s-au-ridicat-restrictiile-de-tonaj-75-t-pe-dn-29-dn-29a-si-dn-24c\/\" \/>\n<meta property=\"og:locale\" content=\"ro_RO\" \/>\n<meta property=\"og:type\" content=\"article\" \/>\n<meta property=\"og:title\" content=\"S-au ridicat restric\u021biile de tonaj (7,5 t) pe DN 29, DN 29A. \u0219i DN 24C! - MHF Photography\" \/>\n<meta property=\"og:description\" content=\"Duminic\u0103 diminea\u021ba, 14.02.2021, traficul rutier s-a reluat pentru toate categoriile de autovehicule pe ultimele sectoare de drum na\u021bional restric\u021bionate din\" \/>\n<meta property=\"og:url\" content=\"https:\/\/mhf.ro\/mm\/s-au-ridicat-restrictiile-de-tonaj-75-t-pe-dn-29-dn-29a-si-dn-24c\/\" \/>\n<meta property=\"og:site_name\" content=\"MHF Photography\" \/>\n<meta property=\"article:published_time\" content=\"2021-02-14T11:41:04+00:00\" \/>\n<meta property=\"og:image\" content=\"https:\/\/mhf.ro\/mm\/wp-content\/uploads\/2021\/02\/Camioane-zapada.jpg\" \/>\n\t<meta property=\"og:image:width\" content=\"1280\" \/>\n\t<meta property=\"og:image:height\" content=\"720\" \/>\n\t<meta property=\"og:image:type\" content=\"image\/jpeg\" \/>\n<meta name=\"author\" content=\"Fodrea Iuliana Reve\" \/>\n<meta name=\"twitter:card\" content=\"summary_large_image\" \/>\n<meta name=\"twitter:label1\" content=\"Scris de\" \/>\n\t<meta name=\"twitter:data1\" content=\"Fodrea Iuliana Reve\" \/>\n\t<meta name=\"twitter:label2\" content=\"Timp estimat pentru citire\" \/>\n\t<meta name=\"twitter:data2\" content=\"1 minut\" \/>\n<script type=\"application\/ld+json\" class=\"yoast-schema-graph\">{\"@context\":\"https:\/\/schema.org\",\"@graph\":[{\"@type\":\"Article\",\"@id\":\"https:\/\/mhf.ro\/mm\/s-au-ridicat-restrictiile-de-tonaj-75-t-pe-dn-29-dn-29a-si-dn-24c\/#article\",\"isPartOf\":{\"@id\":\"https:\/\/mhf.ro\/mm\/s-au-ridicat-restrictiile-de-tonaj-75-t-pe-dn-29-dn-29a-si-dn-24c\/\"},\"author\":{\"name\":\"Fodrea Iuliana Reve\",\"@id\":\"https:\/\/mhf.ro\/mm\/#\/schema\/person\/17f3fed455503130cb08cdc1421f8001\"},\"headline\":\"S-au ridicat restric\u021biile de tonaj (7,5 t) pe DN 29, DN 29A. \u0219i DN 24C!\",\"datePublished\":\"2021-02-14T11:41:04+00:00\",\"mainEntityOfPage\":{\"@id\":\"https:\/\/mhf.ro\/mm\/s-au-ridicat-restrictiile-de-tonaj-75-t-pe-dn-29-dn-29a-si-dn-24c\/\"},\"wordCount\":247,\"commentCount\":0,\"publisher\":{\"@id\":\"https:\/\/mhf.ro\/mm\/#\/schema\/person\/a3bebf7bdb4bf12f698aff73c7e46c21\"},\"image\":{\"@id\":\"https:\/\/mhf.ro\/mm\/s-au-ridicat-restrictiile-de-tonaj-75-t-pe-dn-29-dn-29a-si-dn-24c\/#primaryimage\"},\"thumbnailUrl\":\"https:\/\/mhf.ro\/mm\/wp-content\/uploads\/2021\/02\/Camioane-zapada.jpg\",\"articleSection\":[\"Diverse\"],\"inLanguage\":\"ro-RO\",\"potentialAction\":[{\"@type\":\"CommentAction\",\"name\":\"Comment\",\"target\":[\"https:\/\/mhf.ro\/mm\/s-au-ridicat-restrictiile-de-tonaj-75-t-pe-dn-29-dn-29a-si-dn-24c\/#respond\"]}]},{\"@type\":\"WebPage\",\"@id\":\"https:\/\/mhf.ro\/mm\/s-au-ridicat-restrictiile-de-tonaj-75-t-pe-dn-29-dn-29a-si-dn-24c\/\",\"url\":\"https:\/\/mhf.ro\/mm\/s-au-ridicat-restrictiile-de-tonaj-75-t-pe-dn-29-dn-29a-si-dn-24c\/\",\"name\":\"S-au ridicat restric\u021biile de tonaj (7,5 t) pe DN 29, DN 29A. \u0219i DN 24C! - MHF Photography\",\"isPartOf\":{\"@id\":\"https:\/\/mhf.ro\/mm\/#website\"},\"primaryImageOfPage\":{\"@id\":\"https:\/\/mhf.ro\/mm\/s-au-ridicat-restrictiile-de-tonaj-75-t-pe-dn-29-dn-29a-si-dn-24c\/#primaryimage\"},\"image\":{\"@id\":\"https:\/\/mhf.ro\/mm\/s-au-ridicat-restrictiile-de-tonaj-75-t-pe-dn-29-dn-29a-si-dn-24c\/#primaryimage\"},\"thumbnailUrl\":\"https:\/\/mhf.ro\/mm\/wp-content\/uploads\/2021\/02\/Camioane-zapada.jpg\",\"datePublished\":\"2021-02-14T11:41:04+00:00\",\"breadcrumb\":{\"@id\":\"https:\/\/mhf.ro\/mm\/s-au-ridicat-restrictiile-de-tonaj-75-t-pe-dn-29-dn-29a-si-dn-24c\/#breadcrumb\"},\"inLanguage\":\"ro-RO\",\"potentialAction\":[{\"@type\":\"ReadAction\",\"target\":[\"https:\/\/mhf.ro\/mm\/s-au-ridicat-restrictiile-de-tonaj-75-t-pe-dn-29-dn-29a-si-dn-24c\/\"]}]},{\"@type\":\"ImageObject\",\"inLanguage\":\"ro-RO\",\"@id\":\"https:\/\/mhf.ro\/mm\/s-au-ridicat-restrictiile-de-tonaj-75-t-pe-dn-29-dn-29a-si-dn-24c\/#primaryimage\",\"url\":\"https:\/\/mhf.ro\/mm\/wp-content\/uploads\/2021\/02\/Camioane-zapada.jpg\",\"contentUrl\":\"https:\/\/mhf.ro\/mm\/wp-content\/uploads\/2021\/02\/Camioane-zapada.jpg\",\"width\":1280,\"height\":720},{\"@type\":\"BreadcrumbList\",\"@id\":\"https:\/\/mhf.ro\/mm\/s-au-ridicat-restrictiile-de-tonaj-75-t-pe-dn-29-dn-29a-si-dn-24c\/#breadcrumb\",\"itemListElement\":[{\"@type\":\"ListItem\",\"position\":1,\"name\":\"Prima pagin\u0103\",\"item\":\"https:\/\/mhf.ro\/mm\/\"},{\"@type\":\"ListItem\",\"position\":2,\"name\":\"S-au ridicat restric\u021biile de tonaj (7,5 t) pe DN 29, DN 29A. \u0219i DN 24C!\"}]},{\"@type\":\"WebSite\",\"@id\":\"https:\/\/mhf.ro\/mm\/#website\",\"url\":\"https:\/\/mhf.ro\/mm\/\",\"name\":\"MHF Photography \u2013 Blog de fotografie, natur\u0103 \u0219i tehnic\u0103 divers\u0103\",\"description\":\"Aventur\u0103 \u00een fiecare cadru.\",\"publisher\":{\"@id\":\"https:\/\/mhf.ro\/mm\/#\/schema\/person\/a3bebf7bdb4bf12f698aff73c7e46c21\"},\"potentialAction\":[{\"@type\":\"SearchAction\",\"target\":{\"@type\":\"EntryPoint\",\"urlTemplate\":\"https:\/\/mhf.ro\/mm\/?s={search_term_string}\"},\"query-input\":{\"@type\":\"PropertyValueSpecification\",\"valueRequired\":true,\"valueName\":\"search_term_string\"}}],\"inLanguage\":\"ro-RO\"},{\"@type\":[\"Person\",\"Organization\"],\"@id\":\"https:\/\/mhf.ro\/mm\/#\/schema\/person\/a3bebf7bdb4bf12f698aff73c7e46c21\",\"name\":\"Marius Marcu\",\"image\":{\"@type\":\"ImageObject\",\"inLanguage\":\"ro-RO\",\"@id\":\"https:\/\/mhf.ro\/mm\/#\/schema\/person\/image\/\",\"url\":\"https:\/\/mhf.ro\/mm\/wp-content\/uploads\/2025\/12\/cropped-logo_mhf_2.png\",\"contentUrl\":\"https:\/\/mhf.ro\/mm\/wp-content\/uploads\/2025\/12\/cropped-logo_mhf_2.png\",\"width\":1096,\"height\":457,\"caption\":\"Marius Marcu\"},\"logo\":{\"@id\":\"https:\/\/mhf.ro\/mm\/#\/schema\/person\/image\/\"},\"sameAs\":[\"https:\/\/mhf.ro\/mm\"]},{\"@type\":\"Person\",\"@id\":\"https:\/\/mhf.ro\/mm\/#\/schema\/person\/17f3fed455503130cb08cdc1421f8001\",\"name\":\"Fodrea Iuliana Reve\",\"image\":{\"@type\":\"ImageObject\",\"inLanguage\":\"ro-RO\",\"@id\":\"https:\/\/mhf.ro\/mm\/#\/schema\/person\/image\/\",\"url\":\"https:\/\/secure.gravatar.com\/avatar\/f6a66b0b93f1a25e8049c1c4e66e60a1a6809ab11ad60f8dcc2eaafeb7ca1580?s=96&d=monsterid&r=g\",\"contentUrl\":\"https:\/\/secure.gravatar.com\/avatar\/f6a66b0b93f1a25e8049c1c4e66e60a1a6809ab11ad60f8dcc2eaafeb7ca1580?s=96&d=monsterid&r=g\",\"caption\":\"Fodrea Iuliana Reve\"},\"sameAs\":[\"https:\/\/mhf.ro\/mm\"],\"url\":\"https:\/\/mhf.ro\/mm\/author\/iuliana\/\"}]}<\/script>\n<!-- \/ Yoast SEO plugin. -->","yoast_head_json":{"title":"S-au ridicat restric\u021biile de tonaj (7,5 t) pe DN 29, DN 29A. \u0219i DN 24C! - MHF Photography","robots":{"index":"index","follow":"follow","max-snippet":"max-snippet:-1","max-image-preview":"max-image-preview:large","max-video-preview":"max-video-preview:-1"},"canonical":"https:\/\/mhf.ro\/mm\/s-au-ridicat-restrictiile-de-tonaj-75-t-pe-dn-29-dn-29a-si-dn-24c\/","og_locale":"ro_RO","og_type":"article","og_title":"S-au ridicat restric\u021biile de tonaj (7,5 t) pe DN 29, DN 29A. \u0219i DN 24C! - MHF Photography","og_description":"Duminic\u0103 diminea\u021ba, 14.02.2021, traficul rutier s-a reluat pentru toate categoriile de autovehicule pe ultimele sectoare de drum na\u021bional restric\u021bionate din","og_url":"https:\/\/mhf.ro\/mm\/s-au-ridicat-restrictiile-de-tonaj-75-t-pe-dn-29-dn-29a-si-dn-24c\/","og_site_name":"MHF Photography","article_published_time":"2021-02-14T11:41:04+00:00","og_image":[{"width":1280,"height":720,"url":"https:\/\/mhf.ro\/mm\/wp-content\/uploads\/2021\/02\/Camioane-zapada.jpg","type":"image\/jpeg"}],"author":"Fodrea Iuliana Reve","twitter_card":"summary_large_image","twitter_misc":{"Scris de":"Fodrea Iuliana Reve","Timp estimat pentru citire":"1 minut"},"schema":{"@context":"https:\/\/schema.org","@graph":[{"@type":"Article","@id":"https:\/\/mhf.ro\/mm\/s-au-ridicat-restrictiile-de-tonaj-75-t-pe-dn-29-dn-29a-si-dn-24c\/#article","isPartOf":{"@id":"https:\/\/mhf.ro\/mm\/s-au-ridicat-restrictiile-de-tonaj-75-t-pe-dn-29-dn-29a-si-dn-24c\/"},"author":{"name":"Fodrea Iuliana Reve","@id":"https:\/\/mhf.ro\/mm\/#\/schema\/person\/17f3fed455503130cb08cdc1421f8001"},"headline":"S-au ridicat restric\u021biile de tonaj (7,5 t) pe DN 29, DN 29A. \u0219i DN 24C!","datePublished":"2021-02-14T11:41:04+00:00","mainEntityOfPage":{"@id":"https:\/\/mhf.ro\/mm\/s-au-ridicat-restrictiile-de-tonaj-75-t-pe-dn-29-dn-29a-si-dn-24c\/"},"wordCount":247,"commentCount":0,"publisher":{"@id":"https:\/\/mhf.ro\/mm\/#\/schema\/person\/a3bebf7bdb4bf12f698aff73c7e46c21"},"image":{"@id":"https:\/\/mhf.ro\/mm\/s-au-ridicat-restrictiile-de-tonaj-75-t-pe-dn-29-dn-29a-si-dn-24c\/#primaryimage"},"thumbnailUrl":"https:\/\/mhf.ro\/mm\/wp-content\/uploads\/2021\/02\/Camioane-zapada.jpg","articleSection":["Diverse"],"inLanguage":"ro-RO","potentialAction":[{"@type":"CommentAction","name":"Comment","target":["https:\/\/mhf.ro\/mm\/s-au-ridicat-restrictiile-de-tonaj-75-t-pe-dn-29-dn-29a-si-dn-24c\/#respond"]}]},{"@type":"WebPage","@id":"https:\/\/mhf.ro\/mm\/s-au-ridicat-restrictiile-de-tonaj-75-t-pe-dn-29-dn-29a-si-dn-24c\/","url":"https:\/\/mhf.ro\/mm\/s-au-ridicat-restrictiile-de-tonaj-75-t-pe-dn-29-dn-29a-si-dn-24c\/","name":"S-au ridicat restric\u021biile de tonaj (7,5 t) pe DN 29, DN 29A. \u0219i DN 24C! - MHF Photography","isPartOf":{"@id":"https:\/\/mhf.ro\/mm\/#website"},"primaryImageOfPage":{"@id":"https:\/\/mhf.ro\/mm\/s-au-ridicat-restrictiile-de-tonaj-75-t-pe-dn-29-dn-29a-si-dn-24c\/#primaryimage"},"image":{"@id":"https:\/\/mhf.ro\/mm\/s-au-ridicat-restrictiile-de-tonaj-75-t-pe-dn-29-dn-29a-si-dn-24c\/#primaryimage"},"thumbnailUrl":"https:\/\/mhf.ro\/mm\/wp-content\/uploads\/2021\/02\/Camioane-zapada.jpg","datePublished":"2021-02-14T11:41:04+00:00","breadcrumb":{"@id":"https:\/\/mhf.ro\/mm\/s-au-ridicat-restrictiile-de-tonaj-75-t-pe-dn-29-dn-29a-si-dn-24c\/#breadcrumb"},"inLanguage":"ro-RO","potentialAction":[{"@type":"ReadAction","target":["https:\/\/mhf.ro\/mm\/s-au-ridicat-restrictiile-de-tonaj-75-t-pe-dn-29-dn-29a-si-dn-24c\/"]}]},{"@type":"ImageObject","inLanguage":"ro-RO","@id":"https:\/\/mhf.ro\/mm\/s-au-ridicat-restrictiile-de-tonaj-75-t-pe-dn-29-dn-29a-si-dn-24c\/#primaryimage","url":"https:\/\/mhf.ro\/mm\/wp-content\/uploads\/2021\/02\/Camioane-zapada.jpg","contentUrl":"https:\/\/mhf.ro\/mm\/wp-content\/uploads\/2021\/02\/Camioane-zapada.jpg","width":1280,"height":720},{"@type":"BreadcrumbList","@id":"https:\/\/mhf.ro\/mm\/s-au-ridicat-restrictiile-de-tonaj-75-t-pe-dn-29-dn-29a-si-dn-24c\/#breadcrumb","itemListElement":[{"@type":"ListItem","position":1,"name":"Prima pagin\u0103","item":"https:\/\/mhf.ro\/mm\/"},{"@type":"ListItem","position":2,"name":"S-au ridicat restric\u021biile de tonaj (7,5 t) pe DN 29, DN 29A. \u0219i DN 24C!"}]},{"@type":"WebSite","@id":"https:\/\/mhf.ro\/mm\/#website","url":"https:\/\/mhf.ro\/mm\/","name":"MHF Photography \u2013 Blog de fotografie, natur\u0103 \u0219i tehnic\u0103 divers\u0103","description":"Aventur\u0103 \u00een fiecare cadru.","publisher":{"@id":"https:\/\/mhf.ro\/mm\/#\/schema\/person\/a3bebf7bdb4bf12f698aff73c7e46c21"},"potentialAction":[{"@type":"SearchAction","target":{"@type":"EntryPoint","urlTemplate":"https:\/\/mhf.ro\/mm\/?s={search_term_string}"},"query-input":{"@type":"PropertyValueSpecification","valueRequired":true,"valueName":"search_term_string"}}],"inLanguage":"ro-RO"},{"@type":["Person","Organization"],"@id":"https:\/\/mhf.ro\/mm\/#\/schema\/person\/a3bebf7bdb4bf12f698aff73c7e46c21","name":"Marius Marcu","image":{"@type":"ImageObject","inLanguage":"ro-RO","@id":"https:\/\/mhf.ro\/mm\/#\/schema\/person\/image\/","url":"https:\/\/mhf.ro\/mm\/wp-content\/uploads\/2025\/12\/cropped-logo_mhf_2.png","contentUrl":"https:\/\/mhf.ro\/mm\/wp-content\/uploads\/2025\/12\/cropped-logo_mhf_2.png","width":1096,"height":457,"caption":"Marius Marcu"},"logo":{"@id":"https:\/\/mhf.ro\/mm\/#\/schema\/person\/image\/"},"sameAs":["https:\/\/mhf.ro\/mm"]},{"@type":"Person","@id":"https:\/\/mhf.ro\/mm\/#\/schema\/person\/17f3fed455503130cb08cdc1421f8001","name":"Fodrea Iuliana Reve","image":{"@type":"ImageObject","inLanguage":"ro-RO","@id":"https:\/\/mhf.ro\/mm\/#\/schema\/person\/image\/","url":"https:\/\/secure.gravatar.com\/avatar\/f6a66b0b93f1a25e8049c1c4e66e60a1a6809ab11ad60f8dcc2eaafeb7ca1580?s=96&d=monsterid&r=g","contentUrl":"https:\/\/secure.gravatar.com\/avatar\/f6a66b0b93f1a25e8049c1c4e66e60a1a6809ab11ad60f8dcc2eaafeb7ca1580?s=96&d=monsterid&r=g","caption":"Fodrea Iuliana Reve"},"sameAs":["https:\/\/mhf.ro\/mm"],"url":"https:\/\/mhf.ro\/mm\/author\/iuliana\/"}]}},"_links":{"self":[{"href":"https:\/\/mhf.ro\/mm\/wp-json\/wp\/v2\/posts\/4075","targetHints":{"allow":["GET"]}}],"collection":[{"href":"https:\/\/mhf.ro\/mm\/wp-json\/wp\/v2\/posts"}],"about":[{"href":"https:\/\/mhf.ro\/mm\/wp-json\/wp\/v2\/types\/post"}],"author":[{"embeddable":true,"href":"https:\/\/mhf.ro\/mm\/wp-json\/wp\/v2\/users\/11"}],"replies":[{"embeddable":true,"href":"https:\/\/mhf.ro\/mm\/wp-json\/wp\/v2\/comments?post=4075"}],"version-history":[{"count":1,"href":"https:\/\/mhf.ro\/mm\/wp-json\/wp\/v2\/posts\/4075\/revisions"}],"predecessor-version":[{"id":4077,"href":"https:\/\/mhf.ro\/mm\/wp-json\/wp\/v2\/posts\/4075\/revisions\/4077"}],"wp:featuredmedia":[{"embeddable":true,"href":"https:\/\/mhf.ro\/mm\/wp-json\/wp\/v2\/media\/4076"}],"wp:attachment":[{"href":"https:\/\/mhf.ro\/mm\/wp-json\/wp\/v2\/media?parent=4075"}],"wp:term":[{"taxonomy":"category","embeddable":true,"href":"https:\/\/mhf.ro\/mm\/wp-json\/wp\/v2\/categories?post=4075"},{"taxonomy":"post_tag","embeddable":true,"href":"https:\/\/mhf.ro\/mm\/wp-json\/wp\/v2\/tags?post=4075"}],"curies":[{"name":"wp","href":"https:\/\/api.w.org\/{rel}","templated":true}]}}