{"id":4118,"date":"2021-02-15T07:23:46","date_gmt":"2021-02-15T05:23:46","guid":{"rendered":"https:\/\/mhf.ro\/mm\/?p=4118"},"modified":"2021-02-15T07:23:46","modified_gmt":"2021-02-15T05:23:46","slug":"2021-a-debutat-cu-scumpiri-in-lant-pentru-romani","status":"publish","type":"post","link":"https:\/\/mhf.ro\/mm\/2021-a-debutat-cu-scumpiri-in-lant-pentru-romani\/","title":{"rendered":"2021 a debutat cu scumpiri \u00een lan\u021b pentru rom\u00e2ni"},"content":{"rendered":"<p>2021 debuteaz\u0103 cu un val de scumpiri pentru rom\u00e2ni. Energia electric\u0103, transportul aerian \u0219i uleiul comestibil s-au scumpit cel mai mult.<\/p>\n<p>Conform INS, energia electric\u0103 s-a scumpit cu 18,38% \u00een ianuarie fa\u021b\u0103 de luna anterioar\u0103 \u0219i cu 17,40% fa\u021b\u0103 de aceea\u0219i lun\u0103 a a anului trecut \u00een timp ce pre\u021bul uleiului comestibil a urcat cu 2,66% comparativ cu luna anterioar\u0103 \u0219i cu 10,10% raportat la ianuarie 2020.<\/p>\n<p>Pe segmentul m\u0103rfurilor nealimentare, \u00een ianuarie fa\u021b\u0103 de luna decembrie nu exist\u0103 ieftiniri. Comparativ cu aceea\u0219i lun\u0103 a anului trecut, \u00een ianuarie s-au ieftinit combustibilii cu 2,98%, gazele cu 2,18%, precum \u0219i energia termic\u0103, cu 0,2%. Tutunul \u0219i \u021big\u0103rile s-au scumpit cu 7,07% \u00een ianuarie 2021 fa\u021b\u0103 de aceea\u0219i lun\u0103 a anului trecut.<\/p>\n<p>De asemenea, pre\u021burile serviciilor de transport aerian au urcat 6,47% \u00een ianuarie 2021 comparativ cu luna anterioar\u0103.<\/p>\n<p>De altfel, \u00een prima lun\u0103 a acestui an nu exist\u0103 ieftiniri ale serviciilor fa\u021b\u0103 de luna anterioar\u0103. Singura sc\u0103dere de pre\u021b, de 22,09%, este \u00eenregistrat\u0103 tot de serviciile de transport aerian, dar fa\u021b\u0103 de aceea\u0219i lun\u0103 a anului trecut.<\/p>\n<p>Rata anual\u0103 a infla\u021biei a urcat la 2,99% \u00een luna ianuarie a acestui an, de la 2,1% \u00een decembrie, \u00een condi\u021biile \u00een care m\u0103rfurile nealimentare s-au scumpit cu 3,25%, m\u0103rfurile alimentare cu 2,88% iar serviciile cu 2,51%.<\/p>\n<p>\u201ePre\u021burile de consum \u00een luna ianuarie 2021 comparativ cu luna decembrie 2020 au crescut cu 1,3%. Rata medie a pre\u021burilor de consum \u00een ultimele 12 luni (februarie 2020 \u2013 ianuarie 2021) fa\u021b\u0103 de precedentele 12 luni (februarie 2019 \u2013 ianuarie 2020), calculat\u0103 pe baza IPC, este 2,6%\u201d, se arat\u0103 \u00een comunicatul INS.<\/p>\n<p>BNR estimeaz\u0103 o infla\u021bie de 2% la sf\u00e2r\u0219itul primului trimestru din acest an, de 2,2% la finalul trimestrului II \u0219i de 2,4% la sf\u00e2r\u0219itul trimestrului III. La finalul anului se estimeaz\u0103 o infla\u021bie de 2,5%.(conf. Jurnalist.ro)<\/p>\n","protected":false},"excerpt":{"rendered":"<p>2021 debuteaz\u0103 cu un val de scumpiri pentru rom\u00e2ni. Energia electric\u0103, transportul aerian \u0219i uleiul comestibil s-au scumpit cel mai<\/p>\n","protected":false},"author":1,"featured_media":4119,"comment_status":"open","ping_status":"open","sticky":false,"template":"","format":"standard","meta":{"colormag_page_container_layout":"default_layout","colormag_page_sidebar_layout":"default_layout","footnotes":""},"categories":[5],"tags":[],"class_list":["post-4118","post","type-post","status-publish","format-standard","has-post-thumbnail","hentry","category-locale"],"yoast_head":"<!-- This site is optimized with the Yoast SEO plugin v27.0 - https:\/\/yoast.com\/product\/yoast-seo-wordpress\/ -->\n<title>2021 a debutat cu scumpiri \u00een lan\u021b pentru rom\u00e2ni - MHF Photography<\/title>\n<meta name=\"description\" content=\"2021 debuteaz\u0103 cu un val de scumpiri pentru rom\u00e2ni. Energia electric\u0103, transportul aerian \u0219i uleiul comestibil s-au scumpit cel mai mult.\" \/>\n<meta name=\"robots\" content=\"index, follow, max-snippet:-1, max-image-preview:large, max-video-preview:-1\" \/>\n<link rel=\"canonical\" href=\"https:\/\/mhf.ro\/mm\/2021-a-debutat-cu-scumpiri-in-lant-pentru-romani\/\" \/>\n<meta property=\"og:locale\" content=\"ro_RO\" \/>\n<meta property=\"og:type\" content=\"article\" \/>\n<meta property=\"og:title\" content=\"2021 a debutat cu scumpiri \u00een lan\u021b pentru rom\u00e2ni - MHF Photography\" \/>\n<meta property=\"og:description\" content=\"2021 debuteaz\u0103 cu un val de scumpiri pentru rom\u00e2ni. Energia electric\u0103, transportul aerian \u0219i uleiul comestibil s-au scumpit cel mai mult.\" \/>\n<meta property=\"og:url\" content=\"https:\/\/mhf.ro\/mm\/2021-a-debutat-cu-scumpiri-in-lant-pentru-romani\/\" \/>\n<meta property=\"og:site_name\" content=\"MHF Photography\" \/>\n<meta property=\"article:published_time\" content=\"2021-02-15T05:23:46+00:00\" \/>\n<meta property=\"og:image\" content=\"https:\/\/mhf.ro\/mm\/wp-content\/uploads\/2021\/02\/portofel_gol_2.jpg\" \/>\n\t<meta property=\"og:image:width\" content=\"1280\" \/>\n\t<meta property=\"og:image:height\" content=\"853\" \/>\n\t<meta property=\"og:image:type\" content=\"image\/jpeg\" \/>\n<meta name=\"author\" content=\"Marius Marcu\" \/>\n<meta name=\"twitter:card\" content=\"summary_large_image\" \/>\n<meta name=\"twitter:label1\" content=\"Scris de\" \/>\n\t<meta name=\"twitter:data1\" content=\"Marius Marcu\" \/>\n\t<meta name=\"twitter:label2\" content=\"Timp estimat pentru citire\" \/>\n\t<meta name=\"twitter:data2\" content=\"2 minute\" \/>\n<script type=\"application\/ld+json\" class=\"yoast-schema-graph\">{\"@context\":\"https:\/\/schema.org\",\"@graph\":[{\"@type\":\"Article\",\"@id\":\"https:\/\/mhf.ro\/mm\/2021-a-debutat-cu-scumpiri-in-lant-pentru-romani\/#article\",\"isPartOf\":{\"@id\":\"https:\/\/mhf.ro\/mm\/2021-a-debutat-cu-scumpiri-in-lant-pentru-romani\/\"},\"author\":{\"name\":\"Marius Marcu\",\"@id\":\"https:\/\/mhf.ro\/mm\/#\/schema\/person\/a3bebf7bdb4bf12f698aff73c7e46c21\"},\"headline\":\"2021 a debutat cu scumpiri \u00een lan\u021b pentru rom\u00e2ni\",\"datePublished\":\"2021-02-15T05:23:46+00:00\",\"mainEntityOfPage\":{\"@id\":\"https:\/\/mhf.ro\/mm\/2021-a-debutat-cu-scumpiri-in-lant-pentru-romani\/\"},\"wordCount\":299,\"commentCount\":0,\"publisher\":{\"@id\":\"https:\/\/mhf.ro\/mm\/#\/schema\/person\/a3bebf7bdb4bf12f698aff73c7e46c21\"},\"image\":{\"@id\":\"https:\/\/mhf.ro\/mm\/2021-a-debutat-cu-scumpiri-in-lant-pentru-romani\/#primaryimage\"},\"thumbnailUrl\":\"https:\/\/mhf.ro\/mm\/wp-content\/uploads\/2021\/02\/portofel_gol_2.jpg\",\"articleSection\":[\"Locale\"],\"inLanguage\":\"ro-RO\",\"potentialAction\":[{\"@type\":\"CommentAction\",\"name\":\"Comment\",\"target\":[\"https:\/\/mhf.ro\/mm\/2021-a-debutat-cu-scumpiri-in-lant-pentru-romani\/#respond\"]}]},{\"@type\":\"WebPage\",\"@id\":\"https:\/\/mhf.ro\/mm\/2021-a-debutat-cu-scumpiri-in-lant-pentru-romani\/\",\"url\":\"https:\/\/mhf.ro\/mm\/2021-a-debutat-cu-scumpiri-in-lant-pentru-romani\/\",\"name\":\"2021 a debutat cu scumpiri \u00een lan\u021b pentru rom\u00e2ni - MHF Photography\",\"isPartOf\":{\"@id\":\"https:\/\/mhf.ro\/mm\/#website\"},\"primaryImageOfPage\":{\"@id\":\"https:\/\/mhf.ro\/mm\/2021-a-debutat-cu-scumpiri-in-lant-pentru-romani\/#primaryimage\"},\"image\":{\"@id\":\"https:\/\/mhf.ro\/mm\/2021-a-debutat-cu-scumpiri-in-lant-pentru-romani\/#primaryimage\"},\"thumbnailUrl\":\"https:\/\/mhf.ro\/mm\/wp-content\/uploads\/2021\/02\/portofel_gol_2.jpg\",\"datePublished\":\"2021-02-15T05:23:46+00:00\",\"description\":\"2021 debuteaz\u0103 cu un val de scumpiri pentru rom\u00e2ni. Energia electric\u0103, transportul aerian \u0219i uleiul comestibil s-au scumpit cel mai mult.\",\"breadcrumb\":{\"@id\":\"https:\/\/mhf.ro\/mm\/2021-a-debutat-cu-scumpiri-in-lant-pentru-romani\/#breadcrumb\"},\"inLanguage\":\"ro-RO\",\"potentialAction\":[{\"@type\":\"ReadAction\",\"target\":[\"https:\/\/mhf.ro\/mm\/2021-a-debutat-cu-scumpiri-in-lant-pentru-romani\/\"]}]},{\"@type\":\"ImageObject\",\"inLanguage\":\"ro-RO\",\"@id\":\"https:\/\/mhf.ro\/mm\/2021-a-debutat-cu-scumpiri-in-lant-pentru-romani\/#primaryimage\",\"url\":\"https:\/\/mhf.ro\/mm\/wp-content\/uploads\/2021\/02\/portofel_gol_2.jpg\",\"contentUrl\":\"https:\/\/mhf.ro\/mm\/wp-content\/uploads\/2021\/02\/portofel_gol_2.jpg\",\"width\":1280,\"height\":853},{\"@type\":\"BreadcrumbList\",\"@id\":\"https:\/\/mhf.ro\/mm\/2021-a-debutat-cu-scumpiri-in-lant-pentru-romani\/#breadcrumb\",\"itemListElement\":[{\"@type\":\"ListItem\",\"position\":1,\"name\":\"Prima pagin\u0103\",\"item\":\"https:\/\/mhf.ro\/mm\/\"},{\"@type\":\"ListItem\",\"position\":2,\"name\":\"2021 a debutat cu scumpiri \u00een lan\u021b pentru rom\u00e2ni\"}]},{\"@type\":\"WebSite\",\"@id\":\"https:\/\/mhf.ro\/mm\/#website\",\"url\":\"https:\/\/mhf.ro\/mm\/\",\"name\":\"MHF Photography \u2013 Blog de fotografie, natur\u0103 \u0219i tehnic\u0103 divers\u0103\",\"description\":\"Aventur\u0103 \u00een fiecare cadru.\",\"publisher\":{\"@id\":\"https:\/\/mhf.ro\/mm\/#\/schema\/person\/a3bebf7bdb4bf12f698aff73c7e46c21\"},\"potentialAction\":[{\"@type\":\"SearchAction\",\"target\":{\"@type\":\"EntryPoint\",\"urlTemplate\":\"https:\/\/mhf.ro\/mm\/?s={search_term_string}\"},\"query-input\":{\"@type\":\"PropertyValueSpecification\",\"valueRequired\":true,\"valueName\":\"search_term_string\"}}],\"inLanguage\":\"ro-RO\"},{\"@type\":[\"Person\",\"Organization\"],\"@id\":\"https:\/\/mhf.ro\/mm\/#\/schema\/person\/a3bebf7bdb4bf12f698aff73c7e46c21\",\"name\":\"Marius Marcu\",\"image\":{\"@type\":\"ImageObject\",\"inLanguage\":\"ro-RO\",\"@id\":\"https:\/\/mhf.ro\/mm\/#\/schema\/person\/image\/\",\"url\":\"https:\/\/mhf.ro\/mm\/wp-content\/uploads\/2025\/12\/cropped-logo_mhf_2.png\",\"contentUrl\":\"https:\/\/mhf.ro\/mm\/wp-content\/uploads\/2025\/12\/cropped-logo_mhf_2.png\",\"width\":1096,\"height\":457,\"caption\":\"Marius Marcu\"},\"logo\":{\"@id\":\"https:\/\/mhf.ro\/mm\/#\/schema\/person\/image\/\"},\"sameAs\":[\"https:\/\/mhf.ro\/mm\"],\"url\":\"https:\/\/mhf.ro\/mm\/author\/mihai\/\"}]}<\/script>\n<!-- \/ Yoast SEO plugin. -->","yoast_head_json":{"title":"2021 a debutat cu scumpiri \u00een lan\u021b pentru rom\u00e2ni - MHF Photography","description":"2021 debuteaz\u0103 cu un val de scumpiri pentru rom\u00e2ni. Energia electric\u0103, transportul aerian \u0219i uleiul comestibil s-au scumpit cel mai mult.","robots":{"index":"index","follow":"follow","max-snippet":"max-snippet:-1","max-image-preview":"max-image-preview:large","max-video-preview":"max-video-preview:-1"},"canonical":"https:\/\/mhf.ro\/mm\/2021-a-debutat-cu-scumpiri-in-lant-pentru-romani\/","og_locale":"ro_RO","og_type":"article","og_title":"2021 a debutat cu scumpiri \u00een lan\u021b pentru rom\u00e2ni - MHF Photography","og_description":"2021 debuteaz\u0103 cu un val de scumpiri pentru rom\u00e2ni. Energia electric\u0103, transportul aerian \u0219i uleiul comestibil s-au scumpit cel mai mult.","og_url":"https:\/\/mhf.ro\/mm\/2021-a-debutat-cu-scumpiri-in-lant-pentru-romani\/","og_site_name":"MHF Photography","article_published_time":"2021-02-15T05:23:46+00:00","og_image":[{"width":1280,"height":853,"url":"https:\/\/mhf.ro\/mm\/wp-content\/uploads\/2021\/02\/portofel_gol_2.jpg","type":"image\/jpeg"}],"author":"Marius Marcu","twitter_card":"summary_large_image","twitter_misc":{"Scris de":"Marius Marcu","Timp estimat pentru citire":"2 minute"},"schema":{"@context":"https:\/\/schema.org","@graph":[{"@type":"Article","@id":"https:\/\/mhf.ro\/mm\/2021-a-debutat-cu-scumpiri-in-lant-pentru-romani\/#article","isPartOf":{"@id":"https:\/\/mhf.ro\/mm\/2021-a-debutat-cu-scumpiri-in-lant-pentru-romani\/"},"author":{"name":"Marius Marcu","@id":"https:\/\/mhf.ro\/mm\/#\/schema\/person\/a3bebf7bdb4bf12f698aff73c7e46c21"},"headline":"2021 a debutat cu scumpiri \u00een lan\u021b pentru rom\u00e2ni","datePublished":"2021-02-15T05:23:46+00:00","mainEntityOfPage":{"@id":"https:\/\/mhf.ro\/mm\/2021-a-debutat-cu-scumpiri-in-lant-pentru-romani\/"},"wordCount":299,"commentCount":0,"publisher":{"@id":"https:\/\/mhf.ro\/mm\/#\/schema\/person\/a3bebf7bdb4bf12f698aff73c7e46c21"},"image":{"@id":"https:\/\/mhf.ro\/mm\/2021-a-debutat-cu-scumpiri-in-lant-pentru-romani\/#primaryimage"},"thumbnailUrl":"https:\/\/mhf.ro\/mm\/wp-content\/uploads\/2021\/02\/portofel_gol_2.jpg","articleSection":["Locale"],"inLanguage":"ro-RO","potentialAction":[{"@type":"CommentAction","name":"Comment","target":["https:\/\/mhf.ro\/mm\/2021-a-debutat-cu-scumpiri-in-lant-pentru-romani\/#respond"]}]},{"@type":"WebPage","@id":"https:\/\/mhf.ro\/mm\/2021-a-debutat-cu-scumpiri-in-lant-pentru-romani\/","url":"https:\/\/mhf.ro\/mm\/2021-a-debutat-cu-scumpiri-in-lant-pentru-romani\/","name":"2021 a debutat cu scumpiri \u00een lan\u021b pentru rom\u00e2ni - MHF Photography","isPartOf":{"@id":"https:\/\/mhf.ro\/mm\/#website"},"primaryImageOfPage":{"@id":"https:\/\/mhf.ro\/mm\/2021-a-debutat-cu-scumpiri-in-lant-pentru-romani\/#primaryimage"},"image":{"@id":"https:\/\/mhf.ro\/mm\/2021-a-debutat-cu-scumpiri-in-lant-pentru-romani\/#primaryimage"},"thumbnailUrl":"https:\/\/mhf.ro\/mm\/wp-content\/uploads\/2021\/02\/portofel_gol_2.jpg","datePublished":"2021-02-15T05:23:46+00:00","description":"2021 debuteaz\u0103 cu un val de scumpiri pentru rom\u00e2ni. Energia electric\u0103, transportul aerian \u0219i uleiul comestibil s-au scumpit cel mai mult.","breadcrumb":{"@id":"https:\/\/mhf.ro\/mm\/2021-a-debutat-cu-scumpiri-in-lant-pentru-romani\/#breadcrumb"},"inLanguage":"ro-RO","potentialAction":[{"@type":"ReadAction","target":["https:\/\/mhf.ro\/mm\/2021-a-debutat-cu-scumpiri-in-lant-pentru-romani\/"]}]},{"@type":"ImageObject","inLanguage":"ro-RO","@id":"https:\/\/mhf.ro\/mm\/2021-a-debutat-cu-scumpiri-in-lant-pentru-romani\/#primaryimage","url":"https:\/\/mhf.ro\/mm\/wp-content\/uploads\/2021\/02\/portofel_gol_2.jpg","contentUrl":"https:\/\/mhf.ro\/mm\/wp-content\/uploads\/2021\/02\/portofel_gol_2.jpg","width":1280,"height":853},{"@type":"BreadcrumbList","@id":"https:\/\/mhf.ro\/mm\/2021-a-debutat-cu-scumpiri-in-lant-pentru-romani\/#breadcrumb","itemListElement":[{"@type":"ListItem","position":1,"name":"Prima pagin\u0103","item":"https:\/\/mhf.ro\/mm\/"},{"@type":"ListItem","position":2,"name":"2021 a debutat cu scumpiri \u00een lan\u021b pentru rom\u00e2ni"}]},{"@type":"WebSite","@id":"https:\/\/mhf.ro\/mm\/#website","url":"https:\/\/mhf.ro\/mm\/","name":"MHF Photography \u2013 Blog de fotografie, natur\u0103 \u0219i tehnic\u0103 divers\u0103","description":"Aventur\u0103 \u00een fiecare cadru.","publisher":{"@id":"https:\/\/mhf.ro\/mm\/#\/schema\/person\/a3bebf7bdb4bf12f698aff73c7e46c21"},"potentialAction":[{"@type":"SearchAction","target":{"@type":"EntryPoint","urlTemplate":"https:\/\/mhf.ro\/mm\/?s={search_term_string}"},"query-input":{"@type":"PropertyValueSpecification","valueRequired":true,"valueName":"search_term_string"}}],"inLanguage":"ro-RO"},{"@type":["Person","Organization"],"@id":"https:\/\/mhf.ro\/mm\/#\/schema\/person\/a3bebf7bdb4bf12f698aff73c7e46c21","name":"Marius Marcu","image":{"@type":"ImageObject","inLanguage":"ro-RO","@id":"https:\/\/mhf.ro\/mm\/#\/schema\/person\/image\/","url":"https:\/\/mhf.ro\/mm\/wp-content\/uploads\/2025\/12\/cropped-logo_mhf_2.png","contentUrl":"https:\/\/mhf.ro\/mm\/wp-content\/uploads\/2025\/12\/cropped-logo_mhf_2.png","width":1096,"height":457,"caption":"Marius Marcu"},"logo":{"@id":"https:\/\/mhf.ro\/mm\/#\/schema\/person\/image\/"},"sameAs":["https:\/\/mhf.ro\/mm"],"url":"https:\/\/mhf.ro\/mm\/author\/mihai\/"}]}},"_links":{"self":[{"href":"https:\/\/mhf.ro\/mm\/wp-json\/wp\/v2\/posts\/4118","targetHints":{"allow":["GET"]}}],"collection":[{"href":"https:\/\/mhf.ro\/mm\/wp-json\/wp\/v2\/posts"}],"about":[{"href":"https:\/\/mhf.ro\/mm\/wp-json\/wp\/v2\/types\/post"}],"author":[{"embeddable":true,"href":"https:\/\/mhf.ro\/mm\/wp-json\/wp\/v2\/users\/1"}],"replies":[{"embeddable":true,"href":"https:\/\/mhf.ro\/mm\/wp-json\/wp\/v2\/comments?post=4118"}],"version-history":[{"count":1,"href":"https:\/\/mhf.ro\/mm\/wp-json\/wp\/v2\/posts\/4118\/revisions"}],"predecessor-version":[{"id":4120,"href":"https:\/\/mhf.ro\/mm\/wp-json\/wp\/v2\/posts\/4118\/revisions\/4120"}],"wp:featuredmedia":[{"embeddable":true,"href":"https:\/\/mhf.ro\/mm\/wp-json\/wp\/v2\/media\/4119"}],"wp:attachment":[{"href":"https:\/\/mhf.ro\/mm\/wp-json\/wp\/v2\/media?parent=4118"}],"wp:term":[{"taxonomy":"category","embeddable":true,"href":"https:\/\/mhf.ro\/mm\/wp-json\/wp\/v2\/categories?post=4118"},{"taxonomy":"post_tag","embeddable":true,"href":"https:\/\/mhf.ro\/mm\/wp-json\/wp\/v2\/tags?post=4118"}],"curies":[{"name":"wp","href":"https:\/\/api.w.org\/{rel}","templated":true}]}}