{"id":4121,"date":"2021-02-15T07:35:18","date_gmt":"2021-02-15T05:35:18","guid":{"rendered":"https:\/\/mhf.ro\/mm\/?p=4121"},"modified":"2025-12-26T13:29:31","modified_gmt":"2025-12-26T11:29:31","slug":"incepe-vaccinarea-cu-astrazeneca-in-romania","status":"publish","type":"post","link":"https:\/\/mhf.ro\/mm\/incepe-vaccinarea-cu-astrazeneca-in-romania\/","title":{"rendered":"\u00cencepe vaccinarea cu AstraZeneca \u00een Rom\u00e2nia"},"content":{"rendered":"<p>Unde au r\u0103mas locuri libere: peste 100.000 de oameni s-au programat.<\/p>\n<p>De luni \u00eencepe \u00een Rom\u00e2nia administrarea vaccinului AstraZeneca.<\/p>\n<p>Se vor vaccina cu AstraZeneca cei care sunt inclu\u0219i \u00een etapa a doua a campaniei, dar care nu au mai mult de 55 de ani. Adic\u0103 bolnavi cronic \u0219i personal esen\u021bial. Organizatorii campaniei au introdus<br \/>\n\u00een platforma de programare 220.000 de locuri pentru urm\u0103toarele 20 de zile. S-au programat deja mai mult de 140.000 de oameni.<\/p>\n<p>Vaccin anti COVID-19 AstraZeneca. Unde mai sunt locuri la vaccinare<\/p>\n<p>\u00cen Timi\u0219 mai sunt disponibile peste 8.000 de locuri. \u00cen Ia\u0219i mai sunt aproape 7.500, iar \u00een Suceava mai mult de 5.000. \u00cen jude\u021bele din Moldova sunt cele mai multe locuri r\u0103mase libere.<\/p>\n<p>Cele mai pu\u021bine sunt \u00een jude\u021bele din Sud \u0219i Sud-Est, Ialomi\u021ba, C\u0103l\u0103ra\u0219i, Constan\u021ba sau Br\u0103ila. Nici Bucure\u0219tiul nu st\u0103 mai bine, mai sunt doar 1.500 locuri libere.(sursa mediafax.ro)<\/p>\n<p style=\"text-align: center;\">Radio Online Blaj<\/p>\n","protected":false},"excerpt":{"rendered":"<p>Unde au r\u0103mas locuri libere: peste 100.000 de oameni s-au programat. De luni \u00eencepe \u00een Rom\u00e2nia administrarea vaccinului AstraZeneca. Se<\/p>\n","protected":false},"author":1,"featured_media":4122,"comment_status":"open","ping_status":"open","sticky":false,"template":"","format":"standard","meta":{"colormag_page_container_layout":"default_layout","colormag_page_sidebar_layout":"default_layout","footnotes":""},"categories":[5],"tags":[],"class_list":["post-4121","post","type-post","status-publish","format-standard","has-post-thumbnail","hentry","category-locale"],"yoast_head":"<!-- This site is optimized with the Yoast SEO plugin v27.0 - https:\/\/yoast.com\/product\/yoast-seo-wordpress\/ -->\n<title>\u00cencepe vaccinarea cu AstraZeneca \u00een Rom\u00e2nia - MHF Photography<\/title>\n<meta name=\"description\" content=\"De luni \u00eencepe \u00een Rom\u00e2nia administrarea vaccinului AstraZeneca. Se vor vaccina cu AstraZeneca cei care sunt inclu\u0219i \u00een etapa a doua\" \/>\n<meta name=\"robots\" content=\"index, follow, max-snippet:-1, max-image-preview:large, max-video-preview:-1\" \/>\n<link rel=\"canonical\" href=\"https:\/\/mhf.ro\/mm\/incepe-vaccinarea-cu-astrazeneca-in-romania\/\" \/>\n<meta property=\"og:locale\" content=\"ro_RO\" \/>\n<meta property=\"og:type\" content=\"article\" \/>\n<meta property=\"og:title\" content=\"\u00cencepe vaccinarea cu AstraZeneca \u00een Rom\u00e2nia - MHF Photography\" \/>\n<meta property=\"og:description\" content=\"De luni \u00eencepe \u00een Rom\u00e2nia administrarea vaccinului AstraZeneca. Se vor vaccina cu AstraZeneca cei care sunt inclu\u0219i \u00een etapa a doua\" \/>\n<meta property=\"og:url\" content=\"https:\/\/mhf.ro\/mm\/incepe-vaccinarea-cu-astrazeneca-in-romania\/\" \/>\n<meta property=\"og:site_name\" content=\"MHF Photography\" \/>\n<meta property=\"article:published_time\" content=\"2021-02-15T05:35:18+00:00\" \/>\n<meta property=\"article:modified_time\" content=\"2025-12-26T11:29:31+00:00\" \/>\n<meta property=\"og:image\" content=\"https:\/\/mhf.ro\/mm\/wp-content\/uploads\/2021\/02\/injectie_vaccin.jpg\" \/>\n\t<meta property=\"og:image:width\" content=\"1280\" \/>\n\t<meta property=\"og:image:height\" content=\"854\" \/>\n\t<meta property=\"og:image:type\" content=\"image\/jpeg\" \/>\n<meta name=\"author\" content=\"Marius Marcu\" \/>\n<meta name=\"twitter:card\" content=\"summary_large_image\" \/>\n<meta name=\"twitter:label1\" content=\"Scris de\" \/>\n\t<meta name=\"twitter:data1\" content=\"Marius Marcu\" \/>\n\t<meta name=\"twitter:label2\" content=\"Timp estimat pentru citire\" \/>\n\t<meta name=\"twitter:data2\" content=\"2 minute\" \/>\n<script type=\"application\/ld+json\" class=\"yoast-schema-graph\">{\"@context\":\"https:\/\/schema.org\",\"@graph\":[{\"@type\":\"Article\",\"@id\":\"https:\/\/mhf.ro\/mm\/incepe-vaccinarea-cu-astrazeneca-in-romania\/#article\",\"isPartOf\":{\"@id\":\"https:\/\/mhf.ro\/mm\/incepe-vaccinarea-cu-astrazeneca-in-romania\/\"},\"author\":{\"name\":\"Marius Marcu\",\"@id\":\"https:\/\/mhf.ro\/mm\/#\/schema\/person\/a3bebf7bdb4bf12f698aff73c7e46c21\"},\"headline\":\"\u00cencepe vaccinarea cu AstraZeneca \u00een Rom\u00e2nia\",\"datePublished\":\"2021-02-15T05:35:18+00:00\",\"dateModified\":\"2025-12-26T11:29:31+00:00\",\"mainEntityOfPage\":{\"@id\":\"https:\/\/mhf.ro\/mm\/incepe-vaccinarea-cu-astrazeneca-in-romania\/\"},\"wordCount\":166,\"commentCount\":0,\"publisher\":{\"@id\":\"https:\/\/mhf.ro\/mm\/#\/schema\/person\/a3bebf7bdb4bf12f698aff73c7e46c21\"},\"image\":{\"@id\":\"https:\/\/mhf.ro\/mm\/incepe-vaccinarea-cu-astrazeneca-in-romania\/#primaryimage\"},\"thumbnailUrl\":\"https:\/\/mhf.ro\/mm\/wp-content\/uploads\/2021\/02\/injectie_vaccin.jpg\",\"articleSection\":[\"Locale\"],\"inLanguage\":\"ro-RO\",\"potentialAction\":[{\"@type\":\"CommentAction\",\"name\":\"Comment\",\"target\":[\"https:\/\/mhf.ro\/mm\/incepe-vaccinarea-cu-astrazeneca-in-romania\/#respond\"]}]},{\"@type\":\"WebPage\",\"@id\":\"https:\/\/mhf.ro\/mm\/incepe-vaccinarea-cu-astrazeneca-in-romania\/\",\"url\":\"https:\/\/mhf.ro\/mm\/incepe-vaccinarea-cu-astrazeneca-in-romania\/\",\"name\":\"\u00cencepe vaccinarea cu AstraZeneca \u00een Rom\u00e2nia - MHF Photography\",\"isPartOf\":{\"@id\":\"https:\/\/mhf.ro\/mm\/#website\"},\"primaryImageOfPage\":{\"@id\":\"https:\/\/mhf.ro\/mm\/incepe-vaccinarea-cu-astrazeneca-in-romania\/#primaryimage\"},\"image\":{\"@id\":\"https:\/\/mhf.ro\/mm\/incepe-vaccinarea-cu-astrazeneca-in-romania\/#primaryimage\"},\"thumbnailUrl\":\"https:\/\/mhf.ro\/mm\/wp-content\/uploads\/2021\/02\/injectie_vaccin.jpg\",\"datePublished\":\"2021-02-15T05:35:18+00:00\",\"dateModified\":\"2025-12-26T11:29:31+00:00\",\"description\":\"De luni \u00eencepe \u00een Rom\u00e2nia administrarea vaccinului AstraZeneca. Se vor vaccina cu AstraZeneca cei care sunt inclu\u0219i \u00een etapa a doua\",\"breadcrumb\":{\"@id\":\"https:\/\/mhf.ro\/mm\/incepe-vaccinarea-cu-astrazeneca-in-romania\/#breadcrumb\"},\"inLanguage\":\"ro-RO\",\"potentialAction\":[{\"@type\":\"ReadAction\",\"target\":[\"https:\/\/mhf.ro\/mm\/incepe-vaccinarea-cu-astrazeneca-in-romania\/\"]}]},{\"@type\":\"ImageObject\",\"inLanguage\":\"ro-RO\",\"@id\":\"https:\/\/mhf.ro\/mm\/incepe-vaccinarea-cu-astrazeneca-in-romania\/#primaryimage\",\"url\":\"https:\/\/mhf.ro\/mm\/wp-content\/uploads\/2021\/02\/injectie_vaccin.jpg\",\"contentUrl\":\"https:\/\/mhf.ro\/mm\/wp-content\/uploads\/2021\/02\/injectie_vaccin.jpg\",\"width\":1280,\"height\":854},{\"@type\":\"BreadcrumbList\",\"@id\":\"https:\/\/mhf.ro\/mm\/incepe-vaccinarea-cu-astrazeneca-in-romania\/#breadcrumb\",\"itemListElement\":[{\"@type\":\"ListItem\",\"position\":1,\"name\":\"Prima pagin\u0103\",\"item\":\"https:\/\/mhf.ro\/mm\/\"},{\"@type\":\"ListItem\",\"position\":2,\"name\":\"\u00cencepe vaccinarea cu AstraZeneca \u00een Rom\u00e2nia\"}]},{\"@type\":\"WebSite\",\"@id\":\"https:\/\/mhf.ro\/mm\/#website\",\"url\":\"https:\/\/mhf.ro\/mm\/\",\"name\":\"MHF Photography \u2013 Blog de fotografie, natur\u0103 \u0219i tehnic\u0103 divers\u0103\",\"description\":\"Aventur\u0103 \u00een fiecare cadru.\",\"publisher\":{\"@id\":\"https:\/\/mhf.ro\/mm\/#\/schema\/person\/a3bebf7bdb4bf12f698aff73c7e46c21\"},\"potentialAction\":[{\"@type\":\"SearchAction\",\"target\":{\"@type\":\"EntryPoint\",\"urlTemplate\":\"https:\/\/mhf.ro\/mm\/?s={search_term_string}\"},\"query-input\":{\"@type\":\"PropertyValueSpecification\",\"valueRequired\":true,\"valueName\":\"search_term_string\"}}],\"inLanguage\":\"ro-RO\"},{\"@type\":[\"Person\",\"Organization\"],\"@id\":\"https:\/\/mhf.ro\/mm\/#\/schema\/person\/a3bebf7bdb4bf12f698aff73c7e46c21\",\"name\":\"Marius Marcu\",\"image\":{\"@type\":\"ImageObject\",\"inLanguage\":\"ro-RO\",\"@id\":\"https:\/\/mhf.ro\/mm\/#\/schema\/person\/image\/\",\"url\":\"https:\/\/mhf.ro\/mm\/wp-content\/uploads\/2025\/12\/cropped-logo_mhf_2.png\",\"contentUrl\":\"https:\/\/mhf.ro\/mm\/wp-content\/uploads\/2025\/12\/cropped-logo_mhf_2.png\",\"width\":1096,\"height\":457,\"caption\":\"Marius Marcu\"},\"logo\":{\"@id\":\"https:\/\/mhf.ro\/mm\/#\/schema\/person\/image\/\"},\"sameAs\":[\"https:\/\/mhf.ro\/mm\"],\"url\":\"https:\/\/mhf.ro\/mm\/author\/mihai\/\"}]}<\/script>\n<!-- \/ Yoast SEO plugin. -->","yoast_head_json":{"title":"\u00cencepe vaccinarea cu AstraZeneca \u00een Rom\u00e2nia - MHF Photography","description":"De luni \u00eencepe \u00een Rom\u00e2nia administrarea vaccinului AstraZeneca. Se vor vaccina cu AstraZeneca cei care sunt inclu\u0219i \u00een etapa a doua","robots":{"index":"index","follow":"follow","max-snippet":"max-snippet:-1","max-image-preview":"max-image-preview:large","max-video-preview":"max-video-preview:-1"},"canonical":"https:\/\/mhf.ro\/mm\/incepe-vaccinarea-cu-astrazeneca-in-romania\/","og_locale":"ro_RO","og_type":"article","og_title":"\u00cencepe vaccinarea cu AstraZeneca \u00een Rom\u00e2nia - MHF Photography","og_description":"De luni \u00eencepe \u00een Rom\u00e2nia administrarea vaccinului AstraZeneca. Se vor vaccina cu AstraZeneca cei care sunt inclu\u0219i \u00een etapa a doua","og_url":"https:\/\/mhf.ro\/mm\/incepe-vaccinarea-cu-astrazeneca-in-romania\/","og_site_name":"MHF Photography","article_published_time":"2021-02-15T05:35:18+00:00","article_modified_time":"2025-12-26T11:29:31+00:00","og_image":[{"width":1280,"height":854,"url":"https:\/\/mhf.ro\/mm\/wp-content\/uploads\/2021\/02\/injectie_vaccin.jpg","type":"image\/jpeg"}],"author":"Marius Marcu","twitter_card":"summary_large_image","twitter_misc":{"Scris de":"Marius Marcu","Timp estimat pentru citire":"2 minute"},"schema":{"@context":"https:\/\/schema.org","@graph":[{"@type":"Article","@id":"https:\/\/mhf.ro\/mm\/incepe-vaccinarea-cu-astrazeneca-in-romania\/#article","isPartOf":{"@id":"https:\/\/mhf.ro\/mm\/incepe-vaccinarea-cu-astrazeneca-in-romania\/"},"author":{"name":"Marius Marcu","@id":"https:\/\/mhf.ro\/mm\/#\/schema\/person\/a3bebf7bdb4bf12f698aff73c7e46c21"},"headline":"\u00cencepe vaccinarea cu AstraZeneca \u00een Rom\u00e2nia","datePublished":"2021-02-15T05:35:18+00:00","dateModified":"2025-12-26T11:29:31+00:00","mainEntityOfPage":{"@id":"https:\/\/mhf.ro\/mm\/incepe-vaccinarea-cu-astrazeneca-in-romania\/"},"wordCount":166,"commentCount":0,"publisher":{"@id":"https:\/\/mhf.ro\/mm\/#\/schema\/person\/a3bebf7bdb4bf12f698aff73c7e46c21"},"image":{"@id":"https:\/\/mhf.ro\/mm\/incepe-vaccinarea-cu-astrazeneca-in-romania\/#primaryimage"},"thumbnailUrl":"https:\/\/mhf.ro\/mm\/wp-content\/uploads\/2021\/02\/injectie_vaccin.jpg","articleSection":["Locale"],"inLanguage":"ro-RO","potentialAction":[{"@type":"CommentAction","name":"Comment","target":["https:\/\/mhf.ro\/mm\/incepe-vaccinarea-cu-astrazeneca-in-romania\/#respond"]}]},{"@type":"WebPage","@id":"https:\/\/mhf.ro\/mm\/incepe-vaccinarea-cu-astrazeneca-in-romania\/","url":"https:\/\/mhf.ro\/mm\/incepe-vaccinarea-cu-astrazeneca-in-romania\/","name":"\u00cencepe vaccinarea cu AstraZeneca \u00een Rom\u00e2nia - MHF Photography","isPartOf":{"@id":"https:\/\/mhf.ro\/mm\/#website"},"primaryImageOfPage":{"@id":"https:\/\/mhf.ro\/mm\/incepe-vaccinarea-cu-astrazeneca-in-romania\/#primaryimage"},"image":{"@id":"https:\/\/mhf.ro\/mm\/incepe-vaccinarea-cu-astrazeneca-in-romania\/#primaryimage"},"thumbnailUrl":"https:\/\/mhf.ro\/mm\/wp-content\/uploads\/2021\/02\/injectie_vaccin.jpg","datePublished":"2021-02-15T05:35:18+00:00","dateModified":"2025-12-26T11:29:31+00:00","description":"De luni \u00eencepe \u00een Rom\u00e2nia administrarea vaccinului AstraZeneca. Se vor vaccina cu AstraZeneca cei care sunt inclu\u0219i \u00een etapa a doua","breadcrumb":{"@id":"https:\/\/mhf.ro\/mm\/incepe-vaccinarea-cu-astrazeneca-in-romania\/#breadcrumb"},"inLanguage":"ro-RO","potentialAction":[{"@type":"ReadAction","target":["https:\/\/mhf.ro\/mm\/incepe-vaccinarea-cu-astrazeneca-in-romania\/"]}]},{"@type":"ImageObject","inLanguage":"ro-RO","@id":"https:\/\/mhf.ro\/mm\/incepe-vaccinarea-cu-astrazeneca-in-romania\/#primaryimage","url":"https:\/\/mhf.ro\/mm\/wp-content\/uploads\/2021\/02\/injectie_vaccin.jpg","contentUrl":"https:\/\/mhf.ro\/mm\/wp-content\/uploads\/2021\/02\/injectie_vaccin.jpg","width":1280,"height":854},{"@type":"BreadcrumbList","@id":"https:\/\/mhf.ro\/mm\/incepe-vaccinarea-cu-astrazeneca-in-romania\/#breadcrumb","itemListElement":[{"@type":"ListItem","position":1,"name":"Prima pagin\u0103","item":"https:\/\/mhf.ro\/mm\/"},{"@type":"ListItem","position":2,"name":"\u00cencepe vaccinarea cu AstraZeneca \u00een Rom\u00e2nia"}]},{"@type":"WebSite","@id":"https:\/\/mhf.ro\/mm\/#website","url":"https:\/\/mhf.ro\/mm\/","name":"MHF Photography \u2013 Blog de fotografie, natur\u0103 \u0219i tehnic\u0103 divers\u0103","description":"Aventur\u0103 \u00een fiecare cadru.","publisher":{"@id":"https:\/\/mhf.ro\/mm\/#\/schema\/person\/a3bebf7bdb4bf12f698aff73c7e46c21"},"potentialAction":[{"@type":"SearchAction","target":{"@type":"EntryPoint","urlTemplate":"https:\/\/mhf.ro\/mm\/?s={search_term_string}"},"query-input":{"@type":"PropertyValueSpecification","valueRequired":true,"valueName":"search_term_string"}}],"inLanguage":"ro-RO"},{"@type":["Person","Organization"],"@id":"https:\/\/mhf.ro\/mm\/#\/schema\/person\/a3bebf7bdb4bf12f698aff73c7e46c21","name":"Marius Marcu","image":{"@type":"ImageObject","inLanguage":"ro-RO","@id":"https:\/\/mhf.ro\/mm\/#\/schema\/person\/image\/","url":"https:\/\/mhf.ro\/mm\/wp-content\/uploads\/2025\/12\/cropped-logo_mhf_2.png","contentUrl":"https:\/\/mhf.ro\/mm\/wp-content\/uploads\/2025\/12\/cropped-logo_mhf_2.png","width":1096,"height":457,"caption":"Marius Marcu"},"logo":{"@id":"https:\/\/mhf.ro\/mm\/#\/schema\/person\/image\/"},"sameAs":["https:\/\/mhf.ro\/mm"],"url":"https:\/\/mhf.ro\/mm\/author\/mihai\/"}]}},"_links":{"self":[{"href":"https:\/\/mhf.ro\/mm\/wp-json\/wp\/v2\/posts\/4121","targetHints":{"allow":["GET"]}}],"collection":[{"href":"https:\/\/mhf.ro\/mm\/wp-json\/wp\/v2\/posts"}],"about":[{"href":"https:\/\/mhf.ro\/mm\/wp-json\/wp\/v2\/types\/post"}],"author":[{"embeddable":true,"href":"https:\/\/mhf.ro\/mm\/wp-json\/wp\/v2\/users\/1"}],"replies":[{"embeddable":true,"href":"https:\/\/mhf.ro\/mm\/wp-json\/wp\/v2\/comments?post=4121"}],"version-history":[{"count":2,"href":"https:\/\/mhf.ro\/mm\/wp-json\/wp\/v2\/posts\/4121\/revisions"}],"predecessor-version":[{"id":10114,"href":"https:\/\/mhf.ro\/mm\/wp-json\/wp\/v2\/posts\/4121\/revisions\/10114"}],"wp:featuredmedia":[{"embeddable":true,"href":"https:\/\/mhf.ro\/mm\/wp-json\/wp\/v2\/media\/4122"}],"wp:attachment":[{"href":"https:\/\/mhf.ro\/mm\/wp-json\/wp\/v2\/media?parent=4121"}],"wp:term":[{"taxonomy":"category","embeddable":true,"href":"https:\/\/mhf.ro\/mm\/wp-json\/wp\/v2\/categories?post=4121"},{"taxonomy":"post_tag","embeddable":true,"href":"https:\/\/mhf.ro\/mm\/wp-json\/wp\/v2\/tags?post=4121"}],"curies":[{"name":"wp","href":"https:\/\/api.w.org\/{rel}","templated":true}]}}