{"id":4125,"date":"2021-02-15T12:38:26","date_gmt":"2021-02-15T10:38:26","guid":{"rendered":"https:\/\/mhf.ro\/mm\/?p=4125"},"modified":"2021-02-15T12:38:26","modified_gmt":"2021-02-15T10:38:26","slug":"citu-raman-doar-sporurile-legate-de-performanta","status":"publish","type":"post","link":"https:\/\/mhf.ro\/mm\/citu-raman-doar-sporurile-legate-de-performanta\/","title":{"rendered":"C\u00ee\u021bu: R\u0103m\u00e2n doar sporurile legate de performan\u021b\u0103"},"content":{"rendered":"<p>Florin C\u00ee\u021bu insist\u0103 asupra elimin\u0103rii sporurilor bugetarilor. Premierul a declarat, luni, \u00eenainte de \u0219edin\u021ba PNL, c\u0103 \u00ee\u0219i dore\u0219te s\u0103 r\u0103m\u00e2n\u0103 doar sporurile legate de performan\u021b\u0103, men\u021bion\u00e2nd c\u0103 \u00een ultimii doi ani, cheltuielile cu salariile s-au dublat, dar el nu crede c\u0103 performan\u021ba s-a dublat.<\/p>\n<p>\u201e<em>Eu am spus c\u0103 \u00een continuare cred c\u0103 este nevoie de o reanalizare a Legii salariz\u0103rii \u00een Rom\u00e2nia. Sporurile, ast\u0103zi, din acel 109 miliarde de lei, reprezint\u0103 aproape 26 de miliarde, deci e vorba de 25%. Din anvelopa salarial\u0103 pl\u0103tim acest spor anual. Problema este c\u0103 a\u0219 vrea ca aceste sporuri \u0219i salarizarea s\u0103 fie legate de performan\u021be. Am spus de fiecare dat\u0103, \u00een ultimii doi ani de zile am v\u0103zut c\u0103 cheltuielile cu salariile s-au dublat, au crescut de la 56 de miliarde la 109 miliarde, iar nu cred c\u0103 performan\u021ba \u00een sectorul public s-a dublat. A\u0219 vrea, de-acum \u00eencolo, s\u0103 avem o leg\u0103tur\u0103 direct\u0103, clar\u0103, transparent\u0103, pentru cet\u0103\u021beni, pentru rom\u00e2nii care pl\u0103tesc taxe, care muncesc de diminea\u021b\u0103 p\u00e2n\u0103 seara s\u0103 pl\u0103teasc\u0103 taxe, s\u0103 fie leg\u0103tur\u0103 direct\u0103 cu performan\u021ba acelui sector public veniturile celor din sectorul public. \u0218i acest lucru \u00eel vom face anul acesta<\/em>\u201d, a afirmat C\u00e2\u021bu.<\/p>\n<p>Totodat\u0103, oficialul a precizat c\u0103 liderii coali\u021biei \u0219i-au asumat un deficit bugetar de 7.16, iar banii pentru autorit\u0103\u021bile locale vin din taxe \u0219i impozite.<\/p>\n<p><em>\u201e<\/em><em>Da, am discutat cu to\u021bi \u0219i cu liderii coali\u021biei, discut\u0103m \u0219i ast\u0103zi, nu exist\u0103 discu\u021bii. Liderii coali\u021biei \u0219i-au asumat un deficit bugetar de 7.16. Am prezentat acest buget public, am f\u0103cut aloc\u0103rile, vedem \u00een acest\u0103 dezbatere.(\u2026<\/em><em>) <\/em><em>\u00a0<\/em><em>Bugetelor autorit\u0103\u021bilor locale le revin 100% din veniturile pe care le \u00eencaseaz\u0103. Deci aici nu este nicio problem\u0103. Anul acesta, estim\u0103m c\u0103 vor \u00eencasa 2 miliarde de lei. (\u2026) \u00a0\u00cen acest an, sus\u021binem de la buget toate cheltuielile, \u00een special pe cele pentru centre pentru persoanele cu handicap \u0219i persoanele cu \u00eenso\u021bitor. 90% din buget vine de la bugetul de stat.\u00cen plus, sus\u021binem 100% bursa minim\u0103 de 100 de lei pentru elevi. Deci este un fake news s\u0103 spui s\u0103 bugetul autorit\u0103\u021bilor locale este mai mic\u201d, a mai spus C\u00ee\u021bu.(conf. jurnalist.ro)<br \/>\n<\/em><\/p>\n","protected":false},"excerpt":{"rendered":"<p>Florin C\u00ee\u021bu insist\u0103 asupra elimin\u0103rii sporurilor bugetarilor. Premierul a declarat, luni, \u00eenainte de \u0219edin\u021ba PNL, c\u0103 \u00ee\u0219i dore\u0219te s\u0103 r\u0103m\u00e2n\u0103<\/p>\n","protected":false},"author":1,"featured_media":4126,"comment_status":"open","ping_status":"open","sticky":false,"template":"","format":"standard","meta":{"colormag_page_container_layout":"default_layout","colormag_page_sidebar_layout":"default_layout","footnotes":""},"categories":[8],"tags":[],"class_list":["post-4125","post","type-post","status-publish","format-standard","has-post-thumbnail","hentry","category-div"],"yoast_head":"<!-- This site is optimized with the Yoast SEO plugin v27.0 - https:\/\/yoast.com\/product\/yoast-seo-wordpress\/ -->\n<title>C\u00ee\u021bu: R\u0103m\u00e2n doar sporurile legate de performan\u021b\u0103 - MHF Photography<\/title>\n<meta name=\"description\" content=\"Premierul a declarat, luni, \u00eenainte de \u0219edin\u021ba PNL, c\u0103 \u00ee\u0219i dore\u0219te s\u0103 r\u0103m\u00e2n\u0103 doar sporurile legate de performan\u021b\u0103\" \/>\n<meta name=\"robots\" content=\"index, follow, max-snippet:-1, max-image-preview:large, max-video-preview:-1\" \/>\n<link rel=\"canonical\" href=\"https:\/\/mhf.ro\/mm\/citu-raman-doar-sporurile-legate-de-performanta\/\" \/>\n<meta property=\"og:locale\" content=\"ro_RO\" \/>\n<meta property=\"og:type\" content=\"article\" \/>\n<meta property=\"og:title\" content=\"C\u00ee\u021bu: R\u0103m\u00e2n doar sporurile legate de performan\u021b\u0103 - MHF Photography\" \/>\n<meta property=\"og:description\" content=\"Premierul a declarat, luni, \u00eenainte de \u0219edin\u021ba PNL, c\u0103 \u00ee\u0219i dore\u0219te s\u0103 r\u0103m\u00e2n\u0103 doar sporurile legate de performan\u021b\u0103\" \/>\n<meta property=\"og:url\" content=\"https:\/\/mhf.ro\/mm\/citu-raman-doar-sporurile-legate-de-performanta\/\" \/>\n<meta property=\"og:site_name\" content=\"MHF Photography\" \/>\n<meta property=\"article:published_time\" content=\"2021-02-15T10:38:26+00:00\" \/>\n<meta property=\"og:image\" content=\"https:\/\/mhf.ro\/mm\/wp-content\/uploads\/2021\/02\/florin-citu-6.jpg\" \/>\n\t<meta property=\"og:image:width\" content=\"667\" \/>\n\t<meta property=\"og:image:height\" content=\"445\" \/>\n\t<meta property=\"og:image:type\" content=\"image\/jpeg\" \/>\n<meta name=\"author\" content=\"Marius Marcu\" \/>\n<meta name=\"twitter:card\" content=\"summary_large_image\" \/>\n<meta name=\"twitter:label1\" content=\"Scris de\" \/>\n\t<meta name=\"twitter:data1\" content=\"Marius Marcu\" \/>\n\t<meta name=\"twitter:label2\" content=\"Timp estimat pentru citire\" \/>\n\t<meta name=\"twitter:data2\" content=\"2 minute\" \/>\n<script type=\"application\/ld+json\" class=\"yoast-schema-graph\">{\"@context\":\"https:\/\/schema.org\",\"@graph\":[{\"@type\":\"Article\",\"@id\":\"https:\/\/mhf.ro\/mm\/citu-raman-doar-sporurile-legate-de-performanta\/#article\",\"isPartOf\":{\"@id\":\"https:\/\/mhf.ro\/mm\/citu-raman-doar-sporurile-legate-de-performanta\/\"},\"author\":{\"name\":\"Marius Marcu\",\"@id\":\"https:\/\/mhf.ro\/mm\/#\/schema\/person\/a3bebf7bdb4bf12f698aff73c7e46c21\"},\"headline\":\"C\u00ee\u021bu: R\u0103m\u00e2n doar sporurile legate de performan\u021b\u0103\",\"datePublished\":\"2021-02-15T10:38:26+00:00\",\"mainEntityOfPage\":{\"@id\":\"https:\/\/mhf.ro\/mm\/citu-raman-doar-sporurile-legate-de-performanta\/\"},\"wordCount\":386,\"commentCount\":0,\"publisher\":{\"@id\":\"https:\/\/mhf.ro\/mm\/#\/schema\/person\/a3bebf7bdb4bf12f698aff73c7e46c21\"},\"image\":{\"@id\":\"https:\/\/mhf.ro\/mm\/citu-raman-doar-sporurile-legate-de-performanta\/#primaryimage\"},\"thumbnailUrl\":\"https:\/\/mhf.ro\/mm\/wp-content\/uploads\/2021\/02\/florin-citu-6.jpg\",\"articleSection\":[\"Diverse\"],\"inLanguage\":\"ro-RO\",\"potentialAction\":[{\"@type\":\"CommentAction\",\"name\":\"Comment\",\"target\":[\"https:\/\/mhf.ro\/mm\/citu-raman-doar-sporurile-legate-de-performanta\/#respond\"]}]},{\"@type\":\"WebPage\",\"@id\":\"https:\/\/mhf.ro\/mm\/citu-raman-doar-sporurile-legate-de-performanta\/\",\"url\":\"https:\/\/mhf.ro\/mm\/citu-raman-doar-sporurile-legate-de-performanta\/\",\"name\":\"C\u00ee\u021bu: R\u0103m\u00e2n doar sporurile legate de performan\u021b\u0103 - MHF Photography\",\"isPartOf\":{\"@id\":\"https:\/\/mhf.ro\/mm\/#website\"},\"primaryImageOfPage\":{\"@id\":\"https:\/\/mhf.ro\/mm\/citu-raman-doar-sporurile-legate-de-performanta\/#primaryimage\"},\"image\":{\"@id\":\"https:\/\/mhf.ro\/mm\/citu-raman-doar-sporurile-legate-de-performanta\/#primaryimage\"},\"thumbnailUrl\":\"https:\/\/mhf.ro\/mm\/wp-content\/uploads\/2021\/02\/florin-citu-6.jpg\",\"datePublished\":\"2021-02-15T10:38:26+00:00\",\"description\":\"Premierul a declarat, luni, \u00eenainte de \u0219edin\u021ba PNL, c\u0103 \u00ee\u0219i dore\u0219te s\u0103 r\u0103m\u00e2n\u0103 doar sporurile legate de performan\u021b\u0103\",\"breadcrumb\":{\"@id\":\"https:\/\/mhf.ro\/mm\/citu-raman-doar-sporurile-legate-de-performanta\/#breadcrumb\"},\"inLanguage\":\"ro-RO\",\"potentialAction\":[{\"@type\":\"ReadAction\",\"target\":[\"https:\/\/mhf.ro\/mm\/citu-raman-doar-sporurile-legate-de-performanta\/\"]}]},{\"@type\":\"ImageObject\",\"inLanguage\":\"ro-RO\",\"@id\":\"https:\/\/mhf.ro\/mm\/citu-raman-doar-sporurile-legate-de-performanta\/#primaryimage\",\"url\":\"https:\/\/mhf.ro\/mm\/wp-content\/uploads\/2021\/02\/florin-citu-6.jpg\",\"contentUrl\":\"https:\/\/mhf.ro\/mm\/wp-content\/uploads\/2021\/02\/florin-citu-6.jpg\",\"width\":667,\"height\":445},{\"@type\":\"BreadcrumbList\",\"@id\":\"https:\/\/mhf.ro\/mm\/citu-raman-doar-sporurile-legate-de-performanta\/#breadcrumb\",\"itemListElement\":[{\"@type\":\"ListItem\",\"position\":1,\"name\":\"Prima pagin\u0103\",\"item\":\"https:\/\/mhf.ro\/mm\/\"},{\"@type\":\"ListItem\",\"position\":2,\"name\":\"C\u00ee\u021bu: R\u0103m\u00e2n doar sporurile legate de performan\u021b\u0103\"}]},{\"@type\":\"WebSite\",\"@id\":\"https:\/\/mhf.ro\/mm\/#website\",\"url\":\"https:\/\/mhf.ro\/mm\/\",\"name\":\"MHF Photography \u2013 Blog de fotografie, natur\u0103 \u0219i tehnic\u0103 divers\u0103\",\"description\":\"Aventur\u0103 \u00een fiecare cadru.\",\"publisher\":{\"@id\":\"https:\/\/mhf.ro\/mm\/#\/schema\/person\/a3bebf7bdb4bf12f698aff73c7e46c21\"},\"potentialAction\":[{\"@type\":\"SearchAction\",\"target\":{\"@type\":\"EntryPoint\",\"urlTemplate\":\"https:\/\/mhf.ro\/mm\/?s={search_term_string}\"},\"query-input\":{\"@type\":\"PropertyValueSpecification\",\"valueRequired\":true,\"valueName\":\"search_term_string\"}}],\"inLanguage\":\"ro-RO\"},{\"@type\":[\"Person\",\"Organization\"],\"@id\":\"https:\/\/mhf.ro\/mm\/#\/schema\/person\/a3bebf7bdb4bf12f698aff73c7e46c21\",\"name\":\"Marius Marcu\",\"image\":{\"@type\":\"ImageObject\",\"inLanguage\":\"ro-RO\",\"@id\":\"https:\/\/mhf.ro\/mm\/#\/schema\/person\/image\/\",\"url\":\"https:\/\/mhf.ro\/mm\/wp-content\/uploads\/2025\/12\/cropped-logo_mhf_2.png\",\"contentUrl\":\"https:\/\/mhf.ro\/mm\/wp-content\/uploads\/2025\/12\/cropped-logo_mhf_2.png\",\"width\":1096,\"height\":457,\"caption\":\"Marius Marcu\"},\"logo\":{\"@id\":\"https:\/\/mhf.ro\/mm\/#\/schema\/person\/image\/\"},\"sameAs\":[\"https:\/\/mhf.ro\/mm\"],\"url\":\"https:\/\/mhf.ro\/mm\/author\/mihai\/\"}]}<\/script>\n<!-- \/ Yoast SEO plugin. -->","yoast_head_json":{"title":"C\u00ee\u021bu: R\u0103m\u00e2n doar sporurile legate de performan\u021b\u0103 - MHF Photography","description":"Premierul a declarat, luni, \u00eenainte de \u0219edin\u021ba PNL, c\u0103 \u00ee\u0219i dore\u0219te s\u0103 r\u0103m\u00e2n\u0103 doar sporurile legate de performan\u021b\u0103","robots":{"index":"index","follow":"follow","max-snippet":"max-snippet:-1","max-image-preview":"max-image-preview:large","max-video-preview":"max-video-preview:-1"},"canonical":"https:\/\/mhf.ro\/mm\/citu-raman-doar-sporurile-legate-de-performanta\/","og_locale":"ro_RO","og_type":"article","og_title":"C\u00ee\u021bu: R\u0103m\u00e2n doar sporurile legate de performan\u021b\u0103 - MHF Photography","og_description":"Premierul a declarat, luni, \u00eenainte de \u0219edin\u021ba PNL, c\u0103 \u00ee\u0219i dore\u0219te s\u0103 r\u0103m\u00e2n\u0103 doar sporurile legate de performan\u021b\u0103","og_url":"https:\/\/mhf.ro\/mm\/citu-raman-doar-sporurile-legate-de-performanta\/","og_site_name":"MHF Photography","article_published_time":"2021-02-15T10:38:26+00:00","og_image":[{"width":667,"height":445,"url":"https:\/\/mhf.ro\/mm\/wp-content\/uploads\/2021\/02\/florin-citu-6.jpg","type":"image\/jpeg"}],"author":"Marius Marcu","twitter_card":"summary_large_image","twitter_misc":{"Scris de":"Marius Marcu","Timp estimat pentru citire":"2 minute"},"schema":{"@context":"https:\/\/schema.org","@graph":[{"@type":"Article","@id":"https:\/\/mhf.ro\/mm\/citu-raman-doar-sporurile-legate-de-performanta\/#article","isPartOf":{"@id":"https:\/\/mhf.ro\/mm\/citu-raman-doar-sporurile-legate-de-performanta\/"},"author":{"name":"Marius Marcu","@id":"https:\/\/mhf.ro\/mm\/#\/schema\/person\/a3bebf7bdb4bf12f698aff73c7e46c21"},"headline":"C\u00ee\u021bu: R\u0103m\u00e2n doar sporurile legate de performan\u021b\u0103","datePublished":"2021-02-15T10:38:26+00:00","mainEntityOfPage":{"@id":"https:\/\/mhf.ro\/mm\/citu-raman-doar-sporurile-legate-de-performanta\/"},"wordCount":386,"commentCount":0,"publisher":{"@id":"https:\/\/mhf.ro\/mm\/#\/schema\/person\/a3bebf7bdb4bf12f698aff73c7e46c21"},"image":{"@id":"https:\/\/mhf.ro\/mm\/citu-raman-doar-sporurile-legate-de-performanta\/#primaryimage"},"thumbnailUrl":"https:\/\/mhf.ro\/mm\/wp-content\/uploads\/2021\/02\/florin-citu-6.jpg","articleSection":["Diverse"],"inLanguage":"ro-RO","potentialAction":[{"@type":"CommentAction","name":"Comment","target":["https:\/\/mhf.ro\/mm\/citu-raman-doar-sporurile-legate-de-performanta\/#respond"]}]},{"@type":"WebPage","@id":"https:\/\/mhf.ro\/mm\/citu-raman-doar-sporurile-legate-de-performanta\/","url":"https:\/\/mhf.ro\/mm\/citu-raman-doar-sporurile-legate-de-performanta\/","name":"C\u00ee\u021bu: R\u0103m\u00e2n doar sporurile legate de performan\u021b\u0103 - MHF Photography","isPartOf":{"@id":"https:\/\/mhf.ro\/mm\/#website"},"primaryImageOfPage":{"@id":"https:\/\/mhf.ro\/mm\/citu-raman-doar-sporurile-legate-de-performanta\/#primaryimage"},"image":{"@id":"https:\/\/mhf.ro\/mm\/citu-raman-doar-sporurile-legate-de-performanta\/#primaryimage"},"thumbnailUrl":"https:\/\/mhf.ro\/mm\/wp-content\/uploads\/2021\/02\/florin-citu-6.jpg","datePublished":"2021-02-15T10:38:26+00:00","description":"Premierul a declarat, luni, \u00eenainte de \u0219edin\u021ba PNL, c\u0103 \u00ee\u0219i dore\u0219te s\u0103 r\u0103m\u00e2n\u0103 doar sporurile legate de performan\u021b\u0103","breadcrumb":{"@id":"https:\/\/mhf.ro\/mm\/citu-raman-doar-sporurile-legate-de-performanta\/#breadcrumb"},"inLanguage":"ro-RO","potentialAction":[{"@type":"ReadAction","target":["https:\/\/mhf.ro\/mm\/citu-raman-doar-sporurile-legate-de-performanta\/"]}]},{"@type":"ImageObject","inLanguage":"ro-RO","@id":"https:\/\/mhf.ro\/mm\/citu-raman-doar-sporurile-legate-de-performanta\/#primaryimage","url":"https:\/\/mhf.ro\/mm\/wp-content\/uploads\/2021\/02\/florin-citu-6.jpg","contentUrl":"https:\/\/mhf.ro\/mm\/wp-content\/uploads\/2021\/02\/florin-citu-6.jpg","width":667,"height":445},{"@type":"BreadcrumbList","@id":"https:\/\/mhf.ro\/mm\/citu-raman-doar-sporurile-legate-de-performanta\/#breadcrumb","itemListElement":[{"@type":"ListItem","position":1,"name":"Prima pagin\u0103","item":"https:\/\/mhf.ro\/mm\/"},{"@type":"ListItem","position":2,"name":"C\u00ee\u021bu: R\u0103m\u00e2n doar sporurile legate de performan\u021b\u0103"}]},{"@type":"WebSite","@id":"https:\/\/mhf.ro\/mm\/#website","url":"https:\/\/mhf.ro\/mm\/","name":"MHF Photography \u2013 Blog de fotografie, natur\u0103 \u0219i tehnic\u0103 divers\u0103","description":"Aventur\u0103 \u00een fiecare cadru.","publisher":{"@id":"https:\/\/mhf.ro\/mm\/#\/schema\/person\/a3bebf7bdb4bf12f698aff73c7e46c21"},"potentialAction":[{"@type":"SearchAction","target":{"@type":"EntryPoint","urlTemplate":"https:\/\/mhf.ro\/mm\/?s={search_term_string}"},"query-input":{"@type":"PropertyValueSpecification","valueRequired":true,"valueName":"search_term_string"}}],"inLanguage":"ro-RO"},{"@type":["Person","Organization"],"@id":"https:\/\/mhf.ro\/mm\/#\/schema\/person\/a3bebf7bdb4bf12f698aff73c7e46c21","name":"Marius Marcu","image":{"@type":"ImageObject","inLanguage":"ro-RO","@id":"https:\/\/mhf.ro\/mm\/#\/schema\/person\/image\/","url":"https:\/\/mhf.ro\/mm\/wp-content\/uploads\/2025\/12\/cropped-logo_mhf_2.png","contentUrl":"https:\/\/mhf.ro\/mm\/wp-content\/uploads\/2025\/12\/cropped-logo_mhf_2.png","width":1096,"height":457,"caption":"Marius Marcu"},"logo":{"@id":"https:\/\/mhf.ro\/mm\/#\/schema\/person\/image\/"},"sameAs":["https:\/\/mhf.ro\/mm"],"url":"https:\/\/mhf.ro\/mm\/author\/mihai\/"}]}},"_links":{"self":[{"href":"https:\/\/mhf.ro\/mm\/wp-json\/wp\/v2\/posts\/4125","targetHints":{"allow":["GET"]}}],"collection":[{"href":"https:\/\/mhf.ro\/mm\/wp-json\/wp\/v2\/posts"}],"about":[{"href":"https:\/\/mhf.ro\/mm\/wp-json\/wp\/v2\/types\/post"}],"author":[{"embeddable":true,"href":"https:\/\/mhf.ro\/mm\/wp-json\/wp\/v2\/users\/1"}],"replies":[{"embeddable":true,"href":"https:\/\/mhf.ro\/mm\/wp-json\/wp\/v2\/comments?post=4125"}],"version-history":[{"count":1,"href":"https:\/\/mhf.ro\/mm\/wp-json\/wp\/v2\/posts\/4125\/revisions"}],"predecessor-version":[{"id":4127,"href":"https:\/\/mhf.ro\/mm\/wp-json\/wp\/v2\/posts\/4125\/revisions\/4127"}],"wp:featuredmedia":[{"embeddable":true,"href":"https:\/\/mhf.ro\/mm\/wp-json\/wp\/v2\/media\/4126"}],"wp:attachment":[{"href":"https:\/\/mhf.ro\/mm\/wp-json\/wp\/v2\/media?parent=4125"}],"wp:term":[{"taxonomy":"category","embeddable":true,"href":"https:\/\/mhf.ro\/mm\/wp-json\/wp\/v2\/categories?post=4125"},{"taxonomy":"post_tag","embeddable":true,"href":"https:\/\/mhf.ro\/mm\/wp-json\/wp\/v2\/tags?post=4125"}],"curies":[{"name":"wp","href":"https:\/\/api.w.org\/{rel}","templated":true}]}}