{"id":4128,"date":"2021-02-15T17:21:04","date_gmt":"2021-02-15T15:21:04","guid":{"rendered":"https:\/\/mhf.ro\/mm\/?p=4128"},"modified":"2021-02-15T17:21:04","modified_gmt":"2021-02-15T15:21:04","slug":"rares-bogdan-catre-pnl-isti-nu-te-joci-cu-asa-ceva","status":"publish","type":"post","link":"https:\/\/mhf.ro\/mm\/rares-bogdan-catre-pnl-isti-nu-te-joci-cu-asa-ceva\/","title":{"rendered":"Rare\u0219 Bogdan, c\u0103tre PNL-i\u0219ti: Nu te joci cu a\u015fa ceva!"},"content":{"rendered":"<p>Rare\u0219 Bogdan, prim-vicepre\u0219edinte PNL, a declarat luni c\u0103 va cere excluderea din partid a oric\u0103rui parlamentar PNL care va vota mo\u021biunea simpl\u0103 \u00eempotriva lui Vlad Voiculescu, \u00eenaintat\u0103 de PSD.<\/p>\n<p>\u201eFaci parte dintr-un partid politic, e\u0219ti membru al unui grup parlamentar, nu vii s\u0103 te joci cu a\u0219a ceva\u201d a spus liberalul.<\/p>\n<p class=\"post-title\">Votul urmeaz\u0103 s\u0103 fie dat \u00een \u0219edin\u021ba plenului de miercuri.<\/p>\n<p>\u201e\u00cen calitate de prim-vicepre\u0219edinte al PNL v\u0103 spun c\u0103 dac\u0103 se va \u00eent\u00e2mpla acest lucru, voi cere excluderea acestuia din partid. Atunci c\u00e2nd func\u021bionezi \u00eentr-o coali\u021bie, nu e loc de r\u0103zboaie personale sau de sup\u0103r\u0103ri personale. Faci parte dintr-un partid politic, e\u0219ti membru al unui grup parlamentar, nu vii s\u0103 te joci cu a\u0219a ceva. Vlad Voiculescu are sus\u021binerea coali\u021biei, nu doar a USR-PLUS, deci este absolut normal ca cei din PNL \u015fi cei din UDMR s\u0103 \u00eel sus\u021bin\u0103 \u00een demersurile sale. Desigur, consider\u00e2nd c\u0103 sunt absolut corecte \u0219i nu am motive s\u0103 m\u0103 \u00eendoiesc. Dar nu v\u0103d vreun parlamentar PNL care s\u0103 voteze \u00eempotriva lui Vlad Voiculescu. Cum nu cred c\u0103 vor vota \u00eempotriva niciunul ministru al cabinetului C\u00ee\u021bu at\u00e2t timp c\u00e2t noi ne afl\u0103m \u00een aceast\u0103 coali\u021bie. (\u2026)<\/p>\n<p>Noi avem o obliga\u021bie \u00een fa\u021ba rom\u00e2nilor. Atunci c\u00e2nd am stat \u00een strad\u0103 \u00een urm\u0103 cu patru ani de zile\u00a0 pentru OUG 13, atunci c\u00e2nd am ie\u0219it pe 10 august \u00eempotriva abuzurilor, noi am f\u0103cut-o cu g\u00e2ndul c\u0103 vom veni la putere \u015fi vom schimba lucrurile \u00een bine \u015fi vom repara ce au f\u0103cut ceilal\u021bi \u0219i nu vom face gre\u0219elile lor. Ar fi culmea ca acum s\u0103 ajungem s\u0103 ne r\u0103zboim pe lucruri m\u0103runte \u0219i s\u0103 nu ne g\u00e2ndim la reformarea cu adev\u0103rat a Rom\u00e2niei. Trebuie s\u0103 avem curaj, at\u00e2t le-am spus: Nu va fie fric\u0103. Curaj\u201d a declarat Rare\u0219 Bogdan, luni, la Digi 24.(conf. jurnalist.ro)<\/p>\n","protected":false},"excerpt":{"rendered":"<p>Rare\u0219 Bogdan, prim-vicepre\u0219edinte PNL, a declarat luni c\u0103 va cere excluderea din partid a oric\u0103rui parlamentar PNL care va vota<\/p>\n","protected":false},"author":1,"featured_media":4129,"comment_status":"open","ping_status":"open","sticky":false,"template":"","format":"standard","meta":{"colormag_page_container_layout":"default_layout","colormag_page_sidebar_layout":"default_layout","footnotes":""},"categories":[5],"tags":[],"class_list":["post-4128","post","type-post","status-publish","format-standard","has-post-thumbnail","hentry","category-locale"],"yoast_head":"<!-- This site is optimized with the Yoast SEO plugin v27.0 - https:\/\/yoast.com\/product\/yoast-seo-wordpress\/ -->\n<title>Rare\u0219 Bogdan, c\u0103tre PNL-i\u0219ti: Nu te joci cu a\u015fa ceva! - MHF Photography<\/title>\n<meta name=\"description\" content=\"Rare\u0219 Bogdan, prim-vicepre\u0219edinte PNL, a declarat luni c\u0103 va cere excluderea din partid a oric\u0103rui parlamentar PNL care va vota mo\u021biunea\" \/>\n<meta name=\"robots\" content=\"index, follow, max-snippet:-1, max-image-preview:large, max-video-preview:-1\" \/>\n<link rel=\"canonical\" href=\"https:\/\/mhf.ro\/mm\/rares-bogdan-catre-pnl-isti-nu-te-joci-cu-asa-ceva\/\" \/>\n<meta property=\"og:locale\" content=\"ro_RO\" \/>\n<meta property=\"og:type\" content=\"article\" \/>\n<meta property=\"og:title\" content=\"Rare\u0219 Bogdan, c\u0103tre PNL-i\u0219ti: Nu te joci cu a\u015fa ceva! - MHF Photography\" \/>\n<meta property=\"og:description\" content=\"Rare\u0219 Bogdan, prim-vicepre\u0219edinte PNL, a declarat luni c\u0103 va cere excluderea din partid a oric\u0103rui parlamentar PNL care va vota mo\u021biunea\" \/>\n<meta property=\"og:url\" content=\"https:\/\/mhf.ro\/mm\/rares-bogdan-catre-pnl-isti-nu-te-joci-cu-asa-ceva\/\" \/>\n<meta property=\"og:site_name\" content=\"MHF Photography\" \/>\n<meta property=\"article:published_time\" content=\"2021-02-15T15:21:04+00:00\" \/>\n<meta property=\"og:image\" content=\"https:\/\/mhf.ro\/mm\/wp-content\/uploads\/2021\/02\/rares-bogdan-1.jpg\" \/>\n\t<meta property=\"og:image:width\" content=\"904\" \/>\n\t<meta property=\"og:image:height\" content=\"445\" \/>\n\t<meta property=\"og:image:type\" content=\"image\/jpeg\" \/>\n<meta name=\"author\" content=\"Marius Marcu\" \/>\n<meta name=\"twitter:card\" content=\"summary_large_image\" \/>\n<meta name=\"twitter:label1\" content=\"Scris de\" \/>\n\t<meta name=\"twitter:data1\" content=\"Marius Marcu\" \/>\n\t<meta name=\"twitter:label2\" content=\"Timp estimat pentru citire\" \/>\n\t<meta name=\"twitter:data2\" content=\"2 minute\" \/>\n<script type=\"application\/ld+json\" class=\"yoast-schema-graph\">{\"@context\":\"https:\/\/schema.org\",\"@graph\":[{\"@type\":\"Article\",\"@id\":\"https:\/\/mhf.ro\/mm\/rares-bogdan-catre-pnl-isti-nu-te-joci-cu-asa-ceva\/#article\",\"isPartOf\":{\"@id\":\"https:\/\/mhf.ro\/mm\/rares-bogdan-catre-pnl-isti-nu-te-joci-cu-asa-ceva\/\"},\"author\":{\"name\":\"Marius Marcu\",\"@id\":\"https:\/\/mhf.ro\/mm\/#\/schema\/person\/a3bebf7bdb4bf12f698aff73c7e46c21\"},\"headline\":\"Rare\u0219 Bogdan, c\u0103tre PNL-i\u0219ti: Nu te joci cu a\u015fa ceva!\",\"datePublished\":\"2021-02-15T15:21:04+00:00\",\"mainEntityOfPage\":{\"@id\":\"https:\/\/mhf.ro\/mm\/rares-bogdan-catre-pnl-isti-nu-te-joci-cu-asa-ceva\/\"},\"wordCount\":351,\"commentCount\":0,\"publisher\":{\"@id\":\"https:\/\/mhf.ro\/mm\/#\/schema\/person\/a3bebf7bdb4bf12f698aff73c7e46c21\"},\"image\":{\"@id\":\"https:\/\/mhf.ro\/mm\/rares-bogdan-catre-pnl-isti-nu-te-joci-cu-asa-ceva\/#primaryimage\"},\"thumbnailUrl\":\"https:\/\/mhf.ro\/mm\/wp-content\/uploads\/2021\/02\/rares-bogdan-1.jpg\",\"articleSection\":[\"Locale\"],\"inLanguage\":\"ro-RO\",\"potentialAction\":[{\"@type\":\"CommentAction\",\"name\":\"Comment\",\"target\":[\"https:\/\/mhf.ro\/mm\/rares-bogdan-catre-pnl-isti-nu-te-joci-cu-asa-ceva\/#respond\"]}]},{\"@type\":\"WebPage\",\"@id\":\"https:\/\/mhf.ro\/mm\/rares-bogdan-catre-pnl-isti-nu-te-joci-cu-asa-ceva\/\",\"url\":\"https:\/\/mhf.ro\/mm\/rares-bogdan-catre-pnl-isti-nu-te-joci-cu-asa-ceva\/\",\"name\":\"Rare\u0219 Bogdan, c\u0103tre PNL-i\u0219ti: Nu te joci cu a\u015fa ceva! - MHF Photography\",\"isPartOf\":{\"@id\":\"https:\/\/mhf.ro\/mm\/#website\"},\"primaryImageOfPage\":{\"@id\":\"https:\/\/mhf.ro\/mm\/rares-bogdan-catre-pnl-isti-nu-te-joci-cu-asa-ceva\/#primaryimage\"},\"image\":{\"@id\":\"https:\/\/mhf.ro\/mm\/rares-bogdan-catre-pnl-isti-nu-te-joci-cu-asa-ceva\/#primaryimage\"},\"thumbnailUrl\":\"https:\/\/mhf.ro\/mm\/wp-content\/uploads\/2021\/02\/rares-bogdan-1.jpg\",\"datePublished\":\"2021-02-15T15:21:04+00:00\",\"description\":\"Rare\u0219 Bogdan, prim-vicepre\u0219edinte PNL, a declarat luni c\u0103 va cere excluderea din partid a oric\u0103rui parlamentar PNL care va vota mo\u021biunea\",\"breadcrumb\":{\"@id\":\"https:\/\/mhf.ro\/mm\/rares-bogdan-catre-pnl-isti-nu-te-joci-cu-asa-ceva\/#breadcrumb\"},\"inLanguage\":\"ro-RO\",\"potentialAction\":[{\"@type\":\"ReadAction\",\"target\":[\"https:\/\/mhf.ro\/mm\/rares-bogdan-catre-pnl-isti-nu-te-joci-cu-asa-ceva\/\"]}]},{\"@type\":\"ImageObject\",\"inLanguage\":\"ro-RO\",\"@id\":\"https:\/\/mhf.ro\/mm\/rares-bogdan-catre-pnl-isti-nu-te-joci-cu-asa-ceva\/#primaryimage\",\"url\":\"https:\/\/mhf.ro\/mm\/wp-content\/uploads\/2021\/02\/rares-bogdan-1.jpg\",\"contentUrl\":\"https:\/\/mhf.ro\/mm\/wp-content\/uploads\/2021\/02\/rares-bogdan-1.jpg\",\"width\":904,\"height\":445},{\"@type\":\"BreadcrumbList\",\"@id\":\"https:\/\/mhf.ro\/mm\/rares-bogdan-catre-pnl-isti-nu-te-joci-cu-asa-ceva\/#breadcrumb\",\"itemListElement\":[{\"@type\":\"ListItem\",\"position\":1,\"name\":\"Prima pagin\u0103\",\"item\":\"https:\/\/mhf.ro\/mm\/\"},{\"@type\":\"ListItem\",\"position\":2,\"name\":\"Rare\u0219 Bogdan, c\u0103tre PNL-i\u0219ti: Nu te joci cu a\u015fa ceva!\"}]},{\"@type\":\"WebSite\",\"@id\":\"https:\/\/mhf.ro\/mm\/#website\",\"url\":\"https:\/\/mhf.ro\/mm\/\",\"name\":\"MHF Photography \u2013 Blog de fotografie, natur\u0103 \u0219i tehnic\u0103 divers\u0103\",\"description\":\"Aventur\u0103 \u00een fiecare cadru.\",\"publisher\":{\"@id\":\"https:\/\/mhf.ro\/mm\/#\/schema\/person\/a3bebf7bdb4bf12f698aff73c7e46c21\"},\"potentialAction\":[{\"@type\":\"SearchAction\",\"target\":{\"@type\":\"EntryPoint\",\"urlTemplate\":\"https:\/\/mhf.ro\/mm\/?s={search_term_string}\"},\"query-input\":{\"@type\":\"PropertyValueSpecification\",\"valueRequired\":true,\"valueName\":\"search_term_string\"}}],\"inLanguage\":\"ro-RO\"},{\"@type\":[\"Person\",\"Organization\"],\"@id\":\"https:\/\/mhf.ro\/mm\/#\/schema\/person\/a3bebf7bdb4bf12f698aff73c7e46c21\",\"name\":\"Marius Marcu\",\"image\":{\"@type\":\"ImageObject\",\"inLanguage\":\"ro-RO\",\"@id\":\"https:\/\/mhf.ro\/mm\/#\/schema\/person\/image\/\",\"url\":\"https:\/\/mhf.ro\/mm\/wp-content\/uploads\/2025\/12\/cropped-logo_mhf_2.png\",\"contentUrl\":\"https:\/\/mhf.ro\/mm\/wp-content\/uploads\/2025\/12\/cropped-logo_mhf_2.png\",\"width\":1096,\"height\":457,\"caption\":\"Marius Marcu\"},\"logo\":{\"@id\":\"https:\/\/mhf.ro\/mm\/#\/schema\/person\/image\/\"},\"sameAs\":[\"https:\/\/mhf.ro\/mm\"],\"url\":\"https:\/\/mhf.ro\/mm\/author\/mihai\/\"}]}<\/script>\n<!-- \/ Yoast SEO plugin. -->","yoast_head_json":{"title":"Rare\u0219 Bogdan, c\u0103tre PNL-i\u0219ti: Nu te joci cu a\u015fa ceva! - MHF Photography","description":"Rare\u0219 Bogdan, prim-vicepre\u0219edinte PNL, a declarat luni c\u0103 va cere excluderea din partid a oric\u0103rui parlamentar PNL care va vota mo\u021biunea","robots":{"index":"index","follow":"follow","max-snippet":"max-snippet:-1","max-image-preview":"max-image-preview:large","max-video-preview":"max-video-preview:-1"},"canonical":"https:\/\/mhf.ro\/mm\/rares-bogdan-catre-pnl-isti-nu-te-joci-cu-asa-ceva\/","og_locale":"ro_RO","og_type":"article","og_title":"Rare\u0219 Bogdan, c\u0103tre PNL-i\u0219ti: Nu te joci cu a\u015fa ceva! - MHF Photography","og_description":"Rare\u0219 Bogdan, prim-vicepre\u0219edinte PNL, a declarat luni c\u0103 va cere excluderea din partid a oric\u0103rui parlamentar PNL care va vota mo\u021biunea","og_url":"https:\/\/mhf.ro\/mm\/rares-bogdan-catre-pnl-isti-nu-te-joci-cu-asa-ceva\/","og_site_name":"MHF Photography","article_published_time":"2021-02-15T15:21:04+00:00","og_image":[{"width":904,"height":445,"url":"https:\/\/mhf.ro\/mm\/wp-content\/uploads\/2021\/02\/rares-bogdan-1.jpg","type":"image\/jpeg"}],"author":"Marius Marcu","twitter_card":"summary_large_image","twitter_misc":{"Scris de":"Marius Marcu","Timp estimat pentru citire":"2 minute"},"schema":{"@context":"https:\/\/schema.org","@graph":[{"@type":"Article","@id":"https:\/\/mhf.ro\/mm\/rares-bogdan-catre-pnl-isti-nu-te-joci-cu-asa-ceva\/#article","isPartOf":{"@id":"https:\/\/mhf.ro\/mm\/rares-bogdan-catre-pnl-isti-nu-te-joci-cu-asa-ceva\/"},"author":{"name":"Marius Marcu","@id":"https:\/\/mhf.ro\/mm\/#\/schema\/person\/a3bebf7bdb4bf12f698aff73c7e46c21"},"headline":"Rare\u0219 Bogdan, c\u0103tre PNL-i\u0219ti: Nu te joci cu a\u015fa ceva!","datePublished":"2021-02-15T15:21:04+00:00","mainEntityOfPage":{"@id":"https:\/\/mhf.ro\/mm\/rares-bogdan-catre-pnl-isti-nu-te-joci-cu-asa-ceva\/"},"wordCount":351,"commentCount":0,"publisher":{"@id":"https:\/\/mhf.ro\/mm\/#\/schema\/person\/a3bebf7bdb4bf12f698aff73c7e46c21"},"image":{"@id":"https:\/\/mhf.ro\/mm\/rares-bogdan-catre-pnl-isti-nu-te-joci-cu-asa-ceva\/#primaryimage"},"thumbnailUrl":"https:\/\/mhf.ro\/mm\/wp-content\/uploads\/2021\/02\/rares-bogdan-1.jpg","articleSection":["Locale"],"inLanguage":"ro-RO","potentialAction":[{"@type":"CommentAction","name":"Comment","target":["https:\/\/mhf.ro\/mm\/rares-bogdan-catre-pnl-isti-nu-te-joci-cu-asa-ceva\/#respond"]}]},{"@type":"WebPage","@id":"https:\/\/mhf.ro\/mm\/rares-bogdan-catre-pnl-isti-nu-te-joci-cu-asa-ceva\/","url":"https:\/\/mhf.ro\/mm\/rares-bogdan-catre-pnl-isti-nu-te-joci-cu-asa-ceva\/","name":"Rare\u0219 Bogdan, c\u0103tre PNL-i\u0219ti: Nu te joci cu a\u015fa ceva! - MHF Photography","isPartOf":{"@id":"https:\/\/mhf.ro\/mm\/#website"},"primaryImageOfPage":{"@id":"https:\/\/mhf.ro\/mm\/rares-bogdan-catre-pnl-isti-nu-te-joci-cu-asa-ceva\/#primaryimage"},"image":{"@id":"https:\/\/mhf.ro\/mm\/rares-bogdan-catre-pnl-isti-nu-te-joci-cu-asa-ceva\/#primaryimage"},"thumbnailUrl":"https:\/\/mhf.ro\/mm\/wp-content\/uploads\/2021\/02\/rares-bogdan-1.jpg","datePublished":"2021-02-15T15:21:04+00:00","description":"Rare\u0219 Bogdan, prim-vicepre\u0219edinte PNL, a declarat luni c\u0103 va cere excluderea din partid a oric\u0103rui parlamentar PNL care va vota mo\u021biunea","breadcrumb":{"@id":"https:\/\/mhf.ro\/mm\/rares-bogdan-catre-pnl-isti-nu-te-joci-cu-asa-ceva\/#breadcrumb"},"inLanguage":"ro-RO","potentialAction":[{"@type":"ReadAction","target":["https:\/\/mhf.ro\/mm\/rares-bogdan-catre-pnl-isti-nu-te-joci-cu-asa-ceva\/"]}]},{"@type":"ImageObject","inLanguage":"ro-RO","@id":"https:\/\/mhf.ro\/mm\/rares-bogdan-catre-pnl-isti-nu-te-joci-cu-asa-ceva\/#primaryimage","url":"https:\/\/mhf.ro\/mm\/wp-content\/uploads\/2021\/02\/rares-bogdan-1.jpg","contentUrl":"https:\/\/mhf.ro\/mm\/wp-content\/uploads\/2021\/02\/rares-bogdan-1.jpg","width":904,"height":445},{"@type":"BreadcrumbList","@id":"https:\/\/mhf.ro\/mm\/rares-bogdan-catre-pnl-isti-nu-te-joci-cu-asa-ceva\/#breadcrumb","itemListElement":[{"@type":"ListItem","position":1,"name":"Prima pagin\u0103","item":"https:\/\/mhf.ro\/mm\/"},{"@type":"ListItem","position":2,"name":"Rare\u0219 Bogdan, c\u0103tre PNL-i\u0219ti: Nu te joci cu a\u015fa ceva!"}]},{"@type":"WebSite","@id":"https:\/\/mhf.ro\/mm\/#website","url":"https:\/\/mhf.ro\/mm\/","name":"MHF Photography \u2013 Blog de fotografie, natur\u0103 \u0219i tehnic\u0103 divers\u0103","description":"Aventur\u0103 \u00een fiecare cadru.","publisher":{"@id":"https:\/\/mhf.ro\/mm\/#\/schema\/person\/a3bebf7bdb4bf12f698aff73c7e46c21"},"potentialAction":[{"@type":"SearchAction","target":{"@type":"EntryPoint","urlTemplate":"https:\/\/mhf.ro\/mm\/?s={search_term_string}"},"query-input":{"@type":"PropertyValueSpecification","valueRequired":true,"valueName":"search_term_string"}}],"inLanguage":"ro-RO"},{"@type":["Person","Organization"],"@id":"https:\/\/mhf.ro\/mm\/#\/schema\/person\/a3bebf7bdb4bf12f698aff73c7e46c21","name":"Marius Marcu","image":{"@type":"ImageObject","inLanguage":"ro-RO","@id":"https:\/\/mhf.ro\/mm\/#\/schema\/person\/image\/","url":"https:\/\/mhf.ro\/mm\/wp-content\/uploads\/2025\/12\/cropped-logo_mhf_2.png","contentUrl":"https:\/\/mhf.ro\/mm\/wp-content\/uploads\/2025\/12\/cropped-logo_mhf_2.png","width":1096,"height":457,"caption":"Marius Marcu"},"logo":{"@id":"https:\/\/mhf.ro\/mm\/#\/schema\/person\/image\/"},"sameAs":["https:\/\/mhf.ro\/mm"],"url":"https:\/\/mhf.ro\/mm\/author\/mihai\/"}]}},"_links":{"self":[{"href":"https:\/\/mhf.ro\/mm\/wp-json\/wp\/v2\/posts\/4128","targetHints":{"allow":["GET"]}}],"collection":[{"href":"https:\/\/mhf.ro\/mm\/wp-json\/wp\/v2\/posts"}],"about":[{"href":"https:\/\/mhf.ro\/mm\/wp-json\/wp\/v2\/types\/post"}],"author":[{"embeddable":true,"href":"https:\/\/mhf.ro\/mm\/wp-json\/wp\/v2\/users\/1"}],"replies":[{"embeddable":true,"href":"https:\/\/mhf.ro\/mm\/wp-json\/wp\/v2\/comments?post=4128"}],"version-history":[{"count":1,"href":"https:\/\/mhf.ro\/mm\/wp-json\/wp\/v2\/posts\/4128\/revisions"}],"predecessor-version":[{"id":4130,"href":"https:\/\/mhf.ro\/mm\/wp-json\/wp\/v2\/posts\/4128\/revisions\/4130"}],"wp:featuredmedia":[{"embeddable":true,"href":"https:\/\/mhf.ro\/mm\/wp-json\/wp\/v2\/media\/4129"}],"wp:attachment":[{"href":"https:\/\/mhf.ro\/mm\/wp-json\/wp\/v2\/media?parent=4128"}],"wp:term":[{"taxonomy":"category","embeddable":true,"href":"https:\/\/mhf.ro\/mm\/wp-json\/wp\/v2\/categories?post=4128"},{"taxonomy":"post_tag","embeddable":true,"href":"https:\/\/mhf.ro\/mm\/wp-json\/wp\/v2\/tags?post=4128"}],"curies":[{"name":"wp","href":"https:\/\/api.w.org\/{rel}","templated":true}]}}