{"id":4152,"date":"2021-02-16T08:21:06","date_gmt":"2021-02-16T06:21:06","guid":{"rendered":"https:\/\/mhf.ro\/mm\/?p=4152"},"modified":"2021-02-17T16:06:49","modified_gmt":"2021-02-17T14:06:49","slug":"tinerii-in-impas-nunti-reprogramate","status":"publish","type":"post","link":"https:\/\/mhf.ro\/mm\/tinerii-in-impas-nunti-reprogramate\/","title":{"rendered":"Tinerii \u00een impas &#8211; Nun\u021bi reprogramate"},"content":{"rendered":"<p>Prin c\u0103s\u0103torie se realizeaz\u0103 o uniune \u00eentre parteneri precum \u0219i o rela\u021bie de rudenie \u00eentre familiile persoanelor implicate. Ceremonia c\u0103s\u0103toriei este marele moment \u0219i \u00een tradi\u021bia noastr\u0103 este urmat de o mare petrecere la care particip\u0103 at\u00e2t rudele precum \u0219i prietenii mirilor. Situa\u021bia actual\u0103 generat\u0103 de pandemia de covid19 \u00eengreuneaz\u0103 sau chiar blocheaz\u0103 desf\u0103\u0219urarea acestor evenimente.<\/p>\n<p>Foarte multe nun\u021bi care erau planificate pentru anul 2020 au fost reprogramate pentru 2021, asta cu speran\u021ba c\u0103 situa\u021bia va reveni pe f\u0103ga\u0219ul normal \u0219i vom sc\u0103pa de restric\u021biile impuse datorit\u0103 pandemiei covid19.<\/p>\n<p>Speran\u021bele nu s-au \u00eendeplinit, nici anul acesta, se pare c\u0103 nu sc\u0103p\u0103m de pandemie \u0219i de restric\u021biile impuse de autorit\u0103\u021bi. Patronii s\u0103lilor de evenimente nu pot da r\u0103spunsuri \u00eencurajatoare.<br \/>\nTinerii se v\u0103d nevoi\u021bi s\u0103 reprogrameze iar\u0103\u0219i evenimentele pentru anul 2022. Deja foarte multe evenimente planificate pentru anul acesta au fost reprogramate.<\/p>\n<h3 style=\"text-align: right;\"><a href=\"https:\/\/riz.ro\/wp\/relieffrezat\/\">Ancadramente din polistiren extrudat<\/a><\/h3>\n","protected":false},"excerpt":{"rendered":"<p>Prin c\u0103s\u0103torie se realizeaz\u0103 o uniune \u00eentre parteneri precum \u0219i o rela\u021bie de rudenie \u00eentre familiile persoanelor implicate. Ceremonia c\u0103s\u0103toriei<\/p>\n","protected":false},"author":1,"featured_media":4154,"comment_status":"open","ping_status":"open","sticky":false,"template":"","format":"standard","meta":{"colormag_page_container_layout":"default_layout","colormag_page_sidebar_layout":"default_layout","footnotes":""},"categories":[8],"tags":[],"class_list":["post-4152","post","type-post","status-publish","format-standard","has-post-thumbnail","hentry","category-div"],"yoast_head":"<!-- This site is optimized with the Yoast SEO plugin v27.0 - https:\/\/yoast.com\/product\/yoast-seo-wordpress\/ -->\n<title>Tinerii \u00een impas - Nun\u021bi reprogramate - MHF Photography - Radio Blaj Online<\/title>\n<meta name=\"description\" content=\"Foarte multe nun\u021bi care erau planificate pentru anul 2020 au fost reprogramate pentru 2021, asta cu speran\u021ba c\u0103 situa\u021bia va reveni la normal\" \/>\n<meta name=\"robots\" content=\"index, follow, max-snippet:-1, max-image-preview:large, max-video-preview:-1\" \/>\n<link rel=\"canonical\" href=\"https:\/\/mhf.ro\/mm\/tinerii-in-impas-nunti-reprogramate\/\" \/>\n<meta property=\"og:locale\" content=\"ro_RO\" \/>\n<meta property=\"og:type\" content=\"article\" \/>\n<meta property=\"og:title\" content=\"Tinerii \u00een impas - Nun\u021bi reprogramate - MHF Photography - Radio Blaj Online\" \/>\n<meta property=\"og:description\" content=\"Foarte multe nun\u021bi care erau planificate pentru anul 2020 au fost reprogramate pentru 2021, asta cu speran\u021ba c\u0103 situa\u021bia va reveni la normal\" \/>\n<meta property=\"og:url\" content=\"https:\/\/mhf.ro\/mm\/tinerii-in-impas-nunti-reprogramate\/\" \/>\n<meta property=\"og:site_name\" content=\"MHF Photography\" \/>\n<meta property=\"article:published_time\" content=\"2021-02-16T06:21:06+00:00\" \/>\n<meta property=\"article:modified_time\" content=\"2021-02-17T14:06:49+00:00\" \/>\n<meta property=\"og:image\" content=\"https:\/\/mhf.ro\/mm\/wp-content\/uploads\/2021\/02\/nunta_petrecere.jpg\" \/>\n\t<meta property=\"og:image:width\" content=\"1280\" \/>\n\t<meta property=\"og:image:height\" content=\"837\" \/>\n\t<meta property=\"og:image:type\" content=\"image\/jpeg\" \/>\n<meta name=\"author\" content=\"Marius Marcu\" \/>\n<meta name=\"twitter:card\" content=\"summary_large_image\" \/>\n<meta name=\"twitter:label1\" content=\"Scris de\" \/>\n\t<meta name=\"twitter:data1\" content=\"Marius Marcu\" \/>\n\t<meta name=\"twitter:label2\" content=\"Timp estimat pentru citire\" \/>\n\t<meta name=\"twitter:data2\" content=\"1 minut\" \/>\n<script type=\"application\/ld+json\" class=\"yoast-schema-graph\">{\"@context\":\"https:\/\/schema.org\",\"@graph\":[{\"@type\":\"Article\",\"@id\":\"https:\/\/mhf.ro\/mm\/tinerii-in-impas-nunti-reprogramate\/#article\",\"isPartOf\":{\"@id\":\"https:\/\/mhf.ro\/mm\/tinerii-in-impas-nunti-reprogramate\/\"},\"author\":{\"name\":\"Marius Marcu\",\"@id\":\"https:\/\/mhf.ro\/mm\/#\/schema\/person\/a3bebf7bdb4bf12f698aff73c7e46c21\"},\"headline\":\"Tinerii \u00een impas &#8211; Nun\u021bi reprogramate\",\"datePublished\":\"2021-02-16T06:21:06+00:00\",\"dateModified\":\"2021-02-17T14:06:49+00:00\",\"mainEntityOfPage\":{\"@id\":\"https:\/\/mhf.ro\/mm\/tinerii-in-impas-nunti-reprogramate\/\"},\"wordCount\":174,\"commentCount\":0,\"publisher\":{\"@id\":\"https:\/\/mhf.ro\/mm\/#\/schema\/person\/a3bebf7bdb4bf12f698aff73c7e46c21\"},\"image\":{\"@id\":\"https:\/\/mhf.ro\/mm\/tinerii-in-impas-nunti-reprogramate\/#primaryimage\"},\"thumbnailUrl\":\"https:\/\/mhf.ro\/mm\/wp-content\/uploads\/2021\/02\/nunta_petrecere.jpg\",\"articleSection\":[\"Diverse\"],\"inLanguage\":\"ro-RO\",\"potentialAction\":[{\"@type\":\"CommentAction\",\"name\":\"Comment\",\"target\":[\"https:\/\/mhf.ro\/mm\/tinerii-in-impas-nunti-reprogramate\/#respond\"]}]},{\"@type\":\"WebPage\",\"@id\":\"https:\/\/mhf.ro\/mm\/tinerii-in-impas-nunti-reprogramate\/\",\"url\":\"https:\/\/mhf.ro\/mm\/tinerii-in-impas-nunti-reprogramate\/\",\"name\":\"Tinerii \u00een impas - Nun\u021bi reprogramate - MHF Photography - Radio Blaj Online\",\"isPartOf\":{\"@id\":\"https:\/\/mhf.ro\/mm\/#website\"},\"primaryImageOfPage\":{\"@id\":\"https:\/\/mhf.ro\/mm\/tinerii-in-impas-nunti-reprogramate\/#primaryimage\"},\"image\":{\"@id\":\"https:\/\/mhf.ro\/mm\/tinerii-in-impas-nunti-reprogramate\/#primaryimage\"},\"thumbnailUrl\":\"https:\/\/mhf.ro\/mm\/wp-content\/uploads\/2021\/02\/nunta_petrecere.jpg\",\"datePublished\":\"2021-02-16T06:21:06+00:00\",\"dateModified\":\"2021-02-17T14:06:49+00:00\",\"description\":\"Foarte multe nun\u021bi care erau planificate pentru anul 2020 au fost reprogramate pentru 2021, asta cu speran\u021ba c\u0103 situa\u021bia va reveni la normal\",\"breadcrumb\":{\"@id\":\"https:\/\/mhf.ro\/mm\/tinerii-in-impas-nunti-reprogramate\/#breadcrumb\"},\"inLanguage\":\"ro-RO\",\"potentialAction\":[{\"@type\":\"ReadAction\",\"target\":[\"https:\/\/mhf.ro\/mm\/tinerii-in-impas-nunti-reprogramate\/\"]}]},{\"@type\":\"ImageObject\",\"inLanguage\":\"ro-RO\",\"@id\":\"https:\/\/mhf.ro\/mm\/tinerii-in-impas-nunti-reprogramate\/#primaryimage\",\"url\":\"https:\/\/mhf.ro\/mm\/wp-content\/uploads\/2021\/02\/nunta_petrecere.jpg\",\"contentUrl\":\"https:\/\/mhf.ro\/mm\/wp-content\/uploads\/2021\/02\/nunta_petrecere.jpg\",\"width\":1280,\"height\":837},{\"@type\":\"BreadcrumbList\",\"@id\":\"https:\/\/mhf.ro\/mm\/tinerii-in-impas-nunti-reprogramate\/#breadcrumb\",\"itemListElement\":[{\"@type\":\"ListItem\",\"position\":1,\"name\":\"Prima pagin\u0103\",\"item\":\"https:\/\/mhf.ro\/mm\/\"},{\"@type\":\"ListItem\",\"position\":2,\"name\":\"Tinerii \u00een impas &#8211; Nun\u021bi reprogramate\"}]},{\"@type\":\"WebSite\",\"@id\":\"https:\/\/mhf.ro\/mm\/#website\",\"url\":\"https:\/\/mhf.ro\/mm\/\",\"name\":\"MHF Photography \u2013 Blog de fotografie, natur\u0103 \u0219i tehnic\u0103 divers\u0103\",\"description\":\"Aventur\u0103 \u00een fiecare cadru.\",\"publisher\":{\"@id\":\"https:\/\/mhf.ro\/mm\/#\/schema\/person\/a3bebf7bdb4bf12f698aff73c7e46c21\"},\"potentialAction\":[{\"@type\":\"SearchAction\",\"target\":{\"@type\":\"EntryPoint\",\"urlTemplate\":\"https:\/\/mhf.ro\/mm\/?s={search_term_string}\"},\"query-input\":{\"@type\":\"PropertyValueSpecification\",\"valueRequired\":true,\"valueName\":\"search_term_string\"}}],\"inLanguage\":\"ro-RO\"},{\"@type\":[\"Person\",\"Organization\"],\"@id\":\"https:\/\/mhf.ro\/mm\/#\/schema\/person\/a3bebf7bdb4bf12f698aff73c7e46c21\",\"name\":\"Marius Marcu\",\"image\":{\"@type\":\"ImageObject\",\"inLanguage\":\"ro-RO\",\"@id\":\"https:\/\/mhf.ro\/mm\/#\/schema\/person\/image\/\",\"url\":\"https:\/\/mhf.ro\/mm\/wp-content\/uploads\/2025\/12\/cropped-logo_mhf_2.png\",\"contentUrl\":\"https:\/\/mhf.ro\/mm\/wp-content\/uploads\/2025\/12\/cropped-logo_mhf_2.png\",\"width\":1096,\"height\":457,\"caption\":\"Marius Marcu\"},\"logo\":{\"@id\":\"https:\/\/mhf.ro\/mm\/#\/schema\/person\/image\/\"},\"sameAs\":[\"https:\/\/mhf.ro\/mm\"],\"url\":\"https:\/\/mhf.ro\/mm\/author\/mihai\/\"}]}<\/script>\n<!-- \/ Yoast SEO plugin. -->","yoast_head_json":{"title":"Tinerii \u00een impas - Nun\u021bi reprogramate - MHF Photography - Radio Blaj Online","description":"Foarte multe nun\u021bi care erau planificate pentru anul 2020 au fost reprogramate pentru 2021, asta cu speran\u021ba c\u0103 situa\u021bia va reveni la normal","robots":{"index":"index","follow":"follow","max-snippet":"max-snippet:-1","max-image-preview":"max-image-preview:large","max-video-preview":"max-video-preview:-1"},"canonical":"https:\/\/mhf.ro\/mm\/tinerii-in-impas-nunti-reprogramate\/","og_locale":"ro_RO","og_type":"article","og_title":"Tinerii \u00een impas - Nun\u021bi reprogramate - MHF Photography - Radio Blaj Online","og_description":"Foarte multe nun\u021bi care erau planificate pentru anul 2020 au fost reprogramate pentru 2021, asta cu speran\u021ba c\u0103 situa\u021bia va reveni la normal","og_url":"https:\/\/mhf.ro\/mm\/tinerii-in-impas-nunti-reprogramate\/","og_site_name":"MHF Photography","article_published_time":"2021-02-16T06:21:06+00:00","article_modified_time":"2021-02-17T14:06:49+00:00","og_image":[{"width":1280,"height":837,"url":"https:\/\/mhf.ro\/mm\/wp-content\/uploads\/2021\/02\/nunta_petrecere.jpg","type":"image\/jpeg"}],"author":"Marius Marcu","twitter_card":"summary_large_image","twitter_misc":{"Scris de":"Marius Marcu","Timp estimat pentru citire":"1 minut"},"schema":{"@context":"https:\/\/schema.org","@graph":[{"@type":"Article","@id":"https:\/\/mhf.ro\/mm\/tinerii-in-impas-nunti-reprogramate\/#article","isPartOf":{"@id":"https:\/\/mhf.ro\/mm\/tinerii-in-impas-nunti-reprogramate\/"},"author":{"name":"Marius Marcu","@id":"https:\/\/mhf.ro\/mm\/#\/schema\/person\/a3bebf7bdb4bf12f698aff73c7e46c21"},"headline":"Tinerii \u00een impas &#8211; Nun\u021bi reprogramate","datePublished":"2021-02-16T06:21:06+00:00","dateModified":"2021-02-17T14:06:49+00:00","mainEntityOfPage":{"@id":"https:\/\/mhf.ro\/mm\/tinerii-in-impas-nunti-reprogramate\/"},"wordCount":174,"commentCount":0,"publisher":{"@id":"https:\/\/mhf.ro\/mm\/#\/schema\/person\/a3bebf7bdb4bf12f698aff73c7e46c21"},"image":{"@id":"https:\/\/mhf.ro\/mm\/tinerii-in-impas-nunti-reprogramate\/#primaryimage"},"thumbnailUrl":"https:\/\/mhf.ro\/mm\/wp-content\/uploads\/2021\/02\/nunta_petrecere.jpg","articleSection":["Diverse"],"inLanguage":"ro-RO","potentialAction":[{"@type":"CommentAction","name":"Comment","target":["https:\/\/mhf.ro\/mm\/tinerii-in-impas-nunti-reprogramate\/#respond"]}]},{"@type":"WebPage","@id":"https:\/\/mhf.ro\/mm\/tinerii-in-impas-nunti-reprogramate\/","url":"https:\/\/mhf.ro\/mm\/tinerii-in-impas-nunti-reprogramate\/","name":"Tinerii \u00een impas - Nun\u021bi reprogramate - MHF Photography - Radio Blaj Online","isPartOf":{"@id":"https:\/\/mhf.ro\/mm\/#website"},"primaryImageOfPage":{"@id":"https:\/\/mhf.ro\/mm\/tinerii-in-impas-nunti-reprogramate\/#primaryimage"},"image":{"@id":"https:\/\/mhf.ro\/mm\/tinerii-in-impas-nunti-reprogramate\/#primaryimage"},"thumbnailUrl":"https:\/\/mhf.ro\/mm\/wp-content\/uploads\/2021\/02\/nunta_petrecere.jpg","datePublished":"2021-02-16T06:21:06+00:00","dateModified":"2021-02-17T14:06:49+00:00","description":"Foarte multe nun\u021bi care erau planificate pentru anul 2020 au fost reprogramate pentru 2021, asta cu speran\u021ba c\u0103 situa\u021bia va reveni la normal","breadcrumb":{"@id":"https:\/\/mhf.ro\/mm\/tinerii-in-impas-nunti-reprogramate\/#breadcrumb"},"inLanguage":"ro-RO","potentialAction":[{"@type":"ReadAction","target":["https:\/\/mhf.ro\/mm\/tinerii-in-impas-nunti-reprogramate\/"]}]},{"@type":"ImageObject","inLanguage":"ro-RO","@id":"https:\/\/mhf.ro\/mm\/tinerii-in-impas-nunti-reprogramate\/#primaryimage","url":"https:\/\/mhf.ro\/mm\/wp-content\/uploads\/2021\/02\/nunta_petrecere.jpg","contentUrl":"https:\/\/mhf.ro\/mm\/wp-content\/uploads\/2021\/02\/nunta_petrecere.jpg","width":1280,"height":837},{"@type":"BreadcrumbList","@id":"https:\/\/mhf.ro\/mm\/tinerii-in-impas-nunti-reprogramate\/#breadcrumb","itemListElement":[{"@type":"ListItem","position":1,"name":"Prima pagin\u0103","item":"https:\/\/mhf.ro\/mm\/"},{"@type":"ListItem","position":2,"name":"Tinerii \u00een impas &#8211; Nun\u021bi reprogramate"}]},{"@type":"WebSite","@id":"https:\/\/mhf.ro\/mm\/#website","url":"https:\/\/mhf.ro\/mm\/","name":"MHF Photography \u2013 Blog de fotografie, natur\u0103 \u0219i tehnic\u0103 divers\u0103","description":"Aventur\u0103 \u00een fiecare cadru.","publisher":{"@id":"https:\/\/mhf.ro\/mm\/#\/schema\/person\/a3bebf7bdb4bf12f698aff73c7e46c21"},"potentialAction":[{"@type":"SearchAction","target":{"@type":"EntryPoint","urlTemplate":"https:\/\/mhf.ro\/mm\/?s={search_term_string}"},"query-input":{"@type":"PropertyValueSpecification","valueRequired":true,"valueName":"search_term_string"}}],"inLanguage":"ro-RO"},{"@type":["Person","Organization"],"@id":"https:\/\/mhf.ro\/mm\/#\/schema\/person\/a3bebf7bdb4bf12f698aff73c7e46c21","name":"Marius Marcu","image":{"@type":"ImageObject","inLanguage":"ro-RO","@id":"https:\/\/mhf.ro\/mm\/#\/schema\/person\/image\/","url":"https:\/\/mhf.ro\/mm\/wp-content\/uploads\/2025\/12\/cropped-logo_mhf_2.png","contentUrl":"https:\/\/mhf.ro\/mm\/wp-content\/uploads\/2025\/12\/cropped-logo_mhf_2.png","width":1096,"height":457,"caption":"Marius Marcu"},"logo":{"@id":"https:\/\/mhf.ro\/mm\/#\/schema\/person\/image\/"},"sameAs":["https:\/\/mhf.ro\/mm"],"url":"https:\/\/mhf.ro\/mm\/author\/mihai\/"}]}},"_links":{"self":[{"href":"https:\/\/mhf.ro\/mm\/wp-json\/wp\/v2\/posts\/4152","targetHints":{"allow":["GET"]}}],"collection":[{"href":"https:\/\/mhf.ro\/mm\/wp-json\/wp\/v2\/posts"}],"about":[{"href":"https:\/\/mhf.ro\/mm\/wp-json\/wp\/v2\/types\/post"}],"author":[{"embeddable":true,"href":"https:\/\/mhf.ro\/mm\/wp-json\/wp\/v2\/users\/1"}],"replies":[{"embeddable":true,"href":"https:\/\/mhf.ro\/mm\/wp-json\/wp\/v2\/comments?post=4152"}],"version-history":[{"count":4,"href":"https:\/\/mhf.ro\/mm\/wp-json\/wp\/v2\/posts\/4152\/revisions"}],"predecessor-version":[{"id":4185,"href":"https:\/\/mhf.ro\/mm\/wp-json\/wp\/v2\/posts\/4152\/revisions\/4185"}],"wp:featuredmedia":[{"embeddable":true,"href":"https:\/\/mhf.ro\/mm\/wp-json\/wp\/v2\/media\/4154"}],"wp:attachment":[{"href":"https:\/\/mhf.ro\/mm\/wp-json\/wp\/v2\/media?parent=4152"}],"wp:term":[{"taxonomy":"category","embeddable":true,"href":"https:\/\/mhf.ro\/mm\/wp-json\/wp\/v2\/categories?post=4152"},{"taxonomy":"post_tag","embeddable":true,"href":"https:\/\/mhf.ro\/mm\/wp-json\/wp\/v2\/tags?post=4152"}],"curies":[{"name":"wp","href":"https:\/\/api.w.org\/{rel}","templated":true}]}}