{"id":4158,"date":"2021-02-16T09:43:11","date_gmt":"2021-02-16T07:43:11","guid":{"rendered":"https:\/\/mhf.ro\/mm\/?p=4158"},"modified":"2021-02-16T09:43:11","modified_gmt":"2021-02-16T07:43:11","slug":"bugetul-romaniei-aritmetica-nu-poate-fi-contrazisa","status":"publish","type":"post","link":"https:\/\/mhf.ro\/mm\/bugetul-romaniei-aritmetica-nu-poate-fi-contrazisa\/","title":{"rendered":"Bugetul Rom\u00e2niei. \u2018Aritmetica nu poate fi contrazis\u0103\u2019"},"content":{"rendered":"<p>\u2018Aritmetica nu poate fi contrazis\u0103\u2019, afirm\u0103 premierul Florin C\u00ee\u021bu \u00eentr-o declara\u021bie despre bugetul Rom\u00e2niei pe acest an. Potrivit liberalului, bugetul este un punct de plecare corect \u0219i explic\u0103 \u00eemp\u0103r\u021birea acestuia \u00een func\u021bie de cinci piloni importan\u021bi. Ace\u0219tia sunt: campania de vaccinare \u00eempotriva COVID-19, m\u0103surile de redresare economic\u0103, s\u0103n\u0103tatea, educa\u021bia \u0219i investi\u021biile.<\/p>\n<p>C\u00ee\u021bu spune c\u0103 va sprijini campania de vaccinare anti-Covid, dorind ca p\u00e2n\u0103 \u00een luna septembrie cel pu\u021bin 10,4 milioane de rom\u00e2ni s\u0103 fi fost deja imuniza\u021bi.<\/p>\n<p>\u201eDoar a\u0219a putem dep\u0103\u0219i cu bine pandemia. \u00cen bugetul 2021 aloc\u0103m 1,4 miliarde de lei pentru Programul na\u021bional de achizi\u021bie a vaccinului \u00eempotriva COVID-19 \u0219i pentru func\u021bionarea centrelor de vaccinare.\u201d a spus premierul \u00eentr-un mesaj postat pe Facebook.<\/p>\n<p>Prim-ministrul a mai explicat faptul c\u0103 va extinde m\u0103surile de redresare economic\u0103.<\/p>\n<p>\u201eVom continua \u0219i extindem m\u0103surile de redresare economic\u0103. \u00cen 2020 Guvernul a aprobat o serie de programe guvernamentale de sprijin pentru sus\u021binerea activit\u0103\u021bii IMM-urilor \u0219i a companiilor mari \u0219i \u00eentreprinderilor mici \u0219i mijlocii cu cifra de afaceri peste 20 milioane lei prin intermediul garan\u021biilor de stat. \u00cen anul 2020 s-au acordat garan\u021bii \u00een valoare de 12,48 mld lei (1,20% din PIB), iar pentru anul 2021 se estimeaz\u0103 garan\u021bii \u00een valoare de 28,10 mld lei (2,52% din PIB). Acestea sunt complementare m\u0103surilor active de sprijin finan\u021bate prin bugetul de stat, \u00een scopul salv\u0103rii locurilor de munc\u0103. Pentru aceste m\u0103suri active am prev\u0103zut \u00een bugetul din acest an 14,38 miliarde de lei.\u201d a completat Florin C\u00ee\u021bu.<\/p>\n<p>Acesta a mai precizat faptul c\u0103 Ministerului S\u0103n\u0103t\u0103\u021bii i s-au alocat sume mai mari fa\u021b\u0103 de anul trecut. \u00cenv\u0103\u021b\u0103m\u00e2ntul va avea, de asemenea, o finan\u021bare mai consistent\u0103 dec\u00e2t anul trecut, spune prim-ministrul \u021b\u0103rii.<\/p>\n<p>\u201cAritmetica nu poate fi contrazis\u0103.\u201d a explicat Florin C\u00ee\u021bu. (conf. jurnalist.ro)<\/p>\n","protected":false},"excerpt":{"rendered":"<p>\u2018Aritmetica nu poate fi contrazis\u0103\u2019, afirm\u0103 premierul Florin C\u00ee\u021bu \u00eentr-o declara\u021bie despre bugetul Rom\u00e2niei pe acest an. Potrivit liberalului, bugetul<\/p>\n","protected":false},"author":1,"featured_media":4159,"comment_status":"open","ping_status":"open","sticky":false,"template":"","format":"standard","meta":{"colormag_page_container_layout":"default_layout","colormag_page_sidebar_layout":"default_layout","footnotes":""},"categories":[5],"tags":[],"class_list":["post-4158","post","type-post","status-publish","format-standard","has-post-thumbnail","hentry","category-locale"],"yoast_head":"<!-- This site is optimized with the Yoast SEO plugin v27.0 - https:\/\/yoast.com\/product\/yoast-seo-wordpress\/ -->\n<title>Bugetul Rom\u00e2niei. \u2018Aritmetica nu poate fi contrazis\u0103\u2019 - MHF Photography<\/title>\n<meta name=\"description\" content=\"\u2018Aritmetica nu poate fi contrazis\u0103\u2019, afirm\u0103 premierul Florin C\u00ee\u021bu \u00eentr-o declara\u021bie despre bugetul Rom\u00e2niei pe acest an.\" \/>\n<meta name=\"robots\" content=\"index, follow, max-snippet:-1, max-image-preview:large, max-video-preview:-1\" \/>\n<link rel=\"canonical\" href=\"https:\/\/mhf.ro\/mm\/bugetul-romaniei-aritmetica-nu-poate-fi-contrazisa\/\" \/>\n<meta property=\"og:locale\" content=\"ro_RO\" \/>\n<meta property=\"og:type\" content=\"article\" \/>\n<meta property=\"og:title\" content=\"Bugetul Rom\u00e2niei. \u2018Aritmetica nu poate fi contrazis\u0103\u2019 - MHF Photography\" \/>\n<meta property=\"og:description\" content=\"\u2018Aritmetica nu poate fi contrazis\u0103\u2019, afirm\u0103 premierul Florin C\u00ee\u021bu \u00eentr-o declara\u021bie despre bugetul Rom\u00e2niei pe acest an.\" \/>\n<meta property=\"og:url\" content=\"https:\/\/mhf.ro\/mm\/bugetul-romaniei-aritmetica-nu-poate-fi-contrazisa\/\" \/>\n<meta property=\"og:site_name\" content=\"MHF Photography\" \/>\n<meta property=\"article:published_time\" content=\"2021-02-16T07:43:11+00:00\" \/>\n<meta property=\"og:image\" content=\"https:\/\/mhf.ro\/mm\/wp-content\/uploads\/2021\/02\/buget-8.jpg\" \/>\n\t<meta property=\"og:image:width\" content=\"783\" \/>\n\t<meta property=\"og:image:height\" content=\"445\" \/>\n\t<meta property=\"og:image:type\" content=\"image\/jpeg\" \/>\n<meta name=\"author\" content=\"Marius Marcu\" \/>\n<meta name=\"twitter:card\" content=\"summary_large_image\" \/>\n<meta name=\"twitter:label1\" content=\"Scris de\" \/>\n\t<meta name=\"twitter:data1\" content=\"Marius Marcu\" \/>\n\t<meta name=\"twitter:label2\" content=\"Timp estimat pentru citire\" \/>\n\t<meta name=\"twitter:data2\" content=\"2 minute\" \/>\n<script type=\"application\/ld+json\" class=\"yoast-schema-graph\">{\"@context\":\"https:\/\/schema.org\",\"@graph\":[{\"@type\":\"Article\",\"@id\":\"https:\/\/mhf.ro\/mm\/bugetul-romaniei-aritmetica-nu-poate-fi-contrazisa\/#article\",\"isPartOf\":{\"@id\":\"https:\/\/mhf.ro\/mm\/bugetul-romaniei-aritmetica-nu-poate-fi-contrazisa\/\"},\"author\":{\"name\":\"Marius Marcu\",\"@id\":\"https:\/\/mhf.ro\/mm\/#\/schema\/person\/a3bebf7bdb4bf12f698aff73c7e46c21\"},\"headline\":\"Bugetul Rom\u00e2niei. \u2018Aritmetica nu poate fi contrazis\u0103\u2019\",\"datePublished\":\"2021-02-16T07:43:11+00:00\",\"mainEntityOfPage\":{\"@id\":\"https:\/\/mhf.ro\/mm\/bugetul-romaniei-aritmetica-nu-poate-fi-contrazisa\/\"},\"wordCount\":327,\"commentCount\":0,\"publisher\":{\"@id\":\"https:\/\/mhf.ro\/mm\/#\/schema\/person\/a3bebf7bdb4bf12f698aff73c7e46c21\"},\"image\":{\"@id\":\"https:\/\/mhf.ro\/mm\/bugetul-romaniei-aritmetica-nu-poate-fi-contrazisa\/#primaryimage\"},\"thumbnailUrl\":\"https:\/\/mhf.ro\/mm\/wp-content\/uploads\/2021\/02\/buget-8.jpg\",\"articleSection\":[\"Locale\"],\"inLanguage\":\"ro-RO\",\"potentialAction\":[{\"@type\":\"CommentAction\",\"name\":\"Comment\",\"target\":[\"https:\/\/mhf.ro\/mm\/bugetul-romaniei-aritmetica-nu-poate-fi-contrazisa\/#respond\"]}]},{\"@type\":\"WebPage\",\"@id\":\"https:\/\/mhf.ro\/mm\/bugetul-romaniei-aritmetica-nu-poate-fi-contrazisa\/\",\"url\":\"https:\/\/mhf.ro\/mm\/bugetul-romaniei-aritmetica-nu-poate-fi-contrazisa\/\",\"name\":\"Bugetul Rom\u00e2niei. \u2018Aritmetica nu poate fi contrazis\u0103\u2019 - MHF Photography\",\"isPartOf\":{\"@id\":\"https:\/\/mhf.ro\/mm\/#website\"},\"primaryImageOfPage\":{\"@id\":\"https:\/\/mhf.ro\/mm\/bugetul-romaniei-aritmetica-nu-poate-fi-contrazisa\/#primaryimage\"},\"image\":{\"@id\":\"https:\/\/mhf.ro\/mm\/bugetul-romaniei-aritmetica-nu-poate-fi-contrazisa\/#primaryimage\"},\"thumbnailUrl\":\"https:\/\/mhf.ro\/mm\/wp-content\/uploads\/2021\/02\/buget-8.jpg\",\"datePublished\":\"2021-02-16T07:43:11+00:00\",\"description\":\"\u2018Aritmetica nu poate fi contrazis\u0103\u2019, afirm\u0103 premierul Florin C\u00ee\u021bu \u00eentr-o declara\u021bie despre bugetul Rom\u00e2niei pe acest an.\",\"breadcrumb\":{\"@id\":\"https:\/\/mhf.ro\/mm\/bugetul-romaniei-aritmetica-nu-poate-fi-contrazisa\/#breadcrumb\"},\"inLanguage\":\"ro-RO\",\"potentialAction\":[{\"@type\":\"ReadAction\",\"target\":[\"https:\/\/mhf.ro\/mm\/bugetul-romaniei-aritmetica-nu-poate-fi-contrazisa\/\"]}]},{\"@type\":\"ImageObject\",\"inLanguage\":\"ro-RO\",\"@id\":\"https:\/\/mhf.ro\/mm\/bugetul-romaniei-aritmetica-nu-poate-fi-contrazisa\/#primaryimage\",\"url\":\"https:\/\/mhf.ro\/mm\/wp-content\/uploads\/2021\/02\/buget-8.jpg\",\"contentUrl\":\"https:\/\/mhf.ro\/mm\/wp-content\/uploads\/2021\/02\/buget-8.jpg\",\"width\":783,\"height\":445},{\"@type\":\"BreadcrumbList\",\"@id\":\"https:\/\/mhf.ro\/mm\/bugetul-romaniei-aritmetica-nu-poate-fi-contrazisa\/#breadcrumb\",\"itemListElement\":[{\"@type\":\"ListItem\",\"position\":1,\"name\":\"Prima pagin\u0103\",\"item\":\"https:\/\/mhf.ro\/mm\/\"},{\"@type\":\"ListItem\",\"position\":2,\"name\":\"Bugetul Rom\u00e2niei. \u2018Aritmetica nu poate fi contrazis\u0103\u2019\"}]},{\"@type\":\"WebSite\",\"@id\":\"https:\/\/mhf.ro\/mm\/#website\",\"url\":\"https:\/\/mhf.ro\/mm\/\",\"name\":\"MHF Photography \u2013 Blog de fotografie, natur\u0103 \u0219i tehnic\u0103 divers\u0103\",\"description\":\"Aventur\u0103 \u00een fiecare cadru.\",\"publisher\":{\"@id\":\"https:\/\/mhf.ro\/mm\/#\/schema\/person\/a3bebf7bdb4bf12f698aff73c7e46c21\"},\"potentialAction\":[{\"@type\":\"SearchAction\",\"target\":{\"@type\":\"EntryPoint\",\"urlTemplate\":\"https:\/\/mhf.ro\/mm\/?s={search_term_string}\"},\"query-input\":{\"@type\":\"PropertyValueSpecification\",\"valueRequired\":true,\"valueName\":\"search_term_string\"}}],\"inLanguage\":\"ro-RO\"},{\"@type\":[\"Person\",\"Organization\"],\"@id\":\"https:\/\/mhf.ro\/mm\/#\/schema\/person\/a3bebf7bdb4bf12f698aff73c7e46c21\",\"name\":\"Marius Marcu\",\"image\":{\"@type\":\"ImageObject\",\"inLanguage\":\"ro-RO\",\"@id\":\"https:\/\/mhf.ro\/mm\/#\/schema\/person\/image\/\",\"url\":\"https:\/\/mhf.ro\/mm\/wp-content\/uploads\/2025\/12\/cropped-logo_mhf_2.png\",\"contentUrl\":\"https:\/\/mhf.ro\/mm\/wp-content\/uploads\/2025\/12\/cropped-logo_mhf_2.png\",\"width\":1096,\"height\":457,\"caption\":\"Marius Marcu\"},\"logo\":{\"@id\":\"https:\/\/mhf.ro\/mm\/#\/schema\/person\/image\/\"},\"sameAs\":[\"https:\/\/mhf.ro\/mm\"],\"url\":\"https:\/\/mhf.ro\/mm\/author\/mihai\/\"}]}<\/script>\n<!-- \/ Yoast SEO plugin. -->","yoast_head_json":{"title":"Bugetul Rom\u00e2niei. \u2018Aritmetica nu poate fi contrazis\u0103\u2019 - MHF Photography","description":"\u2018Aritmetica nu poate fi contrazis\u0103\u2019, afirm\u0103 premierul Florin C\u00ee\u021bu \u00eentr-o declara\u021bie despre bugetul Rom\u00e2niei pe acest an.","robots":{"index":"index","follow":"follow","max-snippet":"max-snippet:-1","max-image-preview":"max-image-preview:large","max-video-preview":"max-video-preview:-1"},"canonical":"https:\/\/mhf.ro\/mm\/bugetul-romaniei-aritmetica-nu-poate-fi-contrazisa\/","og_locale":"ro_RO","og_type":"article","og_title":"Bugetul Rom\u00e2niei. \u2018Aritmetica nu poate fi contrazis\u0103\u2019 - MHF Photography","og_description":"\u2018Aritmetica nu poate fi contrazis\u0103\u2019, afirm\u0103 premierul Florin C\u00ee\u021bu \u00eentr-o declara\u021bie despre bugetul Rom\u00e2niei pe acest an.","og_url":"https:\/\/mhf.ro\/mm\/bugetul-romaniei-aritmetica-nu-poate-fi-contrazisa\/","og_site_name":"MHF Photography","article_published_time":"2021-02-16T07:43:11+00:00","og_image":[{"width":783,"height":445,"url":"https:\/\/mhf.ro\/mm\/wp-content\/uploads\/2021\/02\/buget-8.jpg","type":"image\/jpeg"}],"author":"Marius Marcu","twitter_card":"summary_large_image","twitter_misc":{"Scris de":"Marius Marcu","Timp estimat pentru citire":"2 minute"},"schema":{"@context":"https:\/\/schema.org","@graph":[{"@type":"Article","@id":"https:\/\/mhf.ro\/mm\/bugetul-romaniei-aritmetica-nu-poate-fi-contrazisa\/#article","isPartOf":{"@id":"https:\/\/mhf.ro\/mm\/bugetul-romaniei-aritmetica-nu-poate-fi-contrazisa\/"},"author":{"name":"Marius Marcu","@id":"https:\/\/mhf.ro\/mm\/#\/schema\/person\/a3bebf7bdb4bf12f698aff73c7e46c21"},"headline":"Bugetul Rom\u00e2niei. \u2018Aritmetica nu poate fi contrazis\u0103\u2019","datePublished":"2021-02-16T07:43:11+00:00","mainEntityOfPage":{"@id":"https:\/\/mhf.ro\/mm\/bugetul-romaniei-aritmetica-nu-poate-fi-contrazisa\/"},"wordCount":327,"commentCount":0,"publisher":{"@id":"https:\/\/mhf.ro\/mm\/#\/schema\/person\/a3bebf7bdb4bf12f698aff73c7e46c21"},"image":{"@id":"https:\/\/mhf.ro\/mm\/bugetul-romaniei-aritmetica-nu-poate-fi-contrazisa\/#primaryimage"},"thumbnailUrl":"https:\/\/mhf.ro\/mm\/wp-content\/uploads\/2021\/02\/buget-8.jpg","articleSection":["Locale"],"inLanguage":"ro-RO","potentialAction":[{"@type":"CommentAction","name":"Comment","target":["https:\/\/mhf.ro\/mm\/bugetul-romaniei-aritmetica-nu-poate-fi-contrazisa\/#respond"]}]},{"@type":"WebPage","@id":"https:\/\/mhf.ro\/mm\/bugetul-romaniei-aritmetica-nu-poate-fi-contrazisa\/","url":"https:\/\/mhf.ro\/mm\/bugetul-romaniei-aritmetica-nu-poate-fi-contrazisa\/","name":"Bugetul Rom\u00e2niei. \u2018Aritmetica nu poate fi contrazis\u0103\u2019 - MHF Photography","isPartOf":{"@id":"https:\/\/mhf.ro\/mm\/#website"},"primaryImageOfPage":{"@id":"https:\/\/mhf.ro\/mm\/bugetul-romaniei-aritmetica-nu-poate-fi-contrazisa\/#primaryimage"},"image":{"@id":"https:\/\/mhf.ro\/mm\/bugetul-romaniei-aritmetica-nu-poate-fi-contrazisa\/#primaryimage"},"thumbnailUrl":"https:\/\/mhf.ro\/mm\/wp-content\/uploads\/2021\/02\/buget-8.jpg","datePublished":"2021-02-16T07:43:11+00:00","description":"\u2018Aritmetica nu poate fi contrazis\u0103\u2019, afirm\u0103 premierul Florin C\u00ee\u021bu \u00eentr-o declara\u021bie despre bugetul Rom\u00e2niei pe acest an.","breadcrumb":{"@id":"https:\/\/mhf.ro\/mm\/bugetul-romaniei-aritmetica-nu-poate-fi-contrazisa\/#breadcrumb"},"inLanguage":"ro-RO","potentialAction":[{"@type":"ReadAction","target":["https:\/\/mhf.ro\/mm\/bugetul-romaniei-aritmetica-nu-poate-fi-contrazisa\/"]}]},{"@type":"ImageObject","inLanguage":"ro-RO","@id":"https:\/\/mhf.ro\/mm\/bugetul-romaniei-aritmetica-nu-poate-fi-contrazisa\/#primaryimage","url":"https:\/\/mhf.ro\/mm\/wp-content\/uploads\/2021\/02\/buget-8.jpg","contentUrl":"https:\/\/mhf.ro\/mm\/wp-content\/uploads\/2021\/02\/buget-8.jpg","width":783,"height":445},{"@type":"BreadcrumbList","@id":"https:\/\/mhf.ro\/mm\/bugetul-romaniei-aritmetica-nu-poate-fi-contrazisa\/#breadcrumb","itemListElement":[{"@type":"ListItem","position":1,"name":"Prima pagin\u0103","item":"https:\/\/mhf.ro\/mm\/"},{"@type":"ListItem","position":2,"name":"Bugetul Rom\u00e2niei. \u2018Aritmetica nu poate fi contrazis\u0103\u2019"}]},{"@type":"WebSite","@id":"https:\/\/mhf.ro\/mm\/#website","url":"https:\/\/mhf.ro\/mm\/","name":"MHF Photography \u2013 Blog de fotografie, natur\u0103 \u0219i tehnic\u0103 divers\u0103","description":"Aventur\u0103 \u00een fiecare cadru.","publisher":{"@id":"https:\/\/mhf.ro\/mm\/#\/schema\/person\/a3bebf7bdb4bf12f698aff73c7e46c21"},"potentialAction":[{"@type":"SearchAction","target":{"@type":"EntryPoint","urlTemplate":"https:\/\/mhf.ro\/mm\/?s={search_term_string}"},"query-input":{"@type":"PropertyValueSpecification","valueRequired":true,"valueName":"search_term_string"}}],"inLanguage":"ro-RO"},{"@type":["Person","Organization"],"@id":"https:\/\/mhf.ro\/mm\/#\/schema\/person\/a3bebf7bdb4bf12f698aff73c7e46c21","name":"Marius Marcu","image":{"@type":"ImageObject","inLanguage":"ro-RO","@id":"https:\/\/mhf.ro\/mm\/#\/schema\/person\/image\/","url":"https:\/\/mhf.ro\/mm\/wp-content\/uploads\/2025\/12\/cropped-logo_mhf_2.png","contentUrl":"https:\/\/mhf.ro\/mm\/wp-content\/uploads\/2025\/12\/cropped-logo_mhf_2.png","width":1096,"height":457,"caption":"Marius Marcu"},"logo":{"@id":"https:\/\/mhf.ro\/mm\/#\/schema\/person\/image\/"},"sameAs":["https:\/\/mhf.ro\/mm"],"url":"https:\/\/mhf.ro\/mm\/author\/mihai\/"}]}},"_links":{"self":[{"href":"https:\/\/mhf.ro\/mm\/wp-json\/wp\/v2\/posts\/4158","targetHints":{"allow":["GET"]}}],"collection":[{"href":"https:\/\/mhf.ro\/mm\/wp-json\/wp\/v2\/posts"}],"about":[{"href":"https:\/\/mhf.ro\/mm\/wp-json\/wp\/v2\/types\/post"}],"author":[{"embeddable":true,"href":"https:\/\/mhf.ro\/mm\/wp-json\/wp\/v2\/users\/1"}],"replies":[{"embeddable":true,"href":"https:\/\/mhf.ro\/mm\/wp-json\/wp\/v2\/comments?post=4158"}],"version-history":[{"count":1,"href":"https:\/\/mhf.ro\/mm\/wp-json\/wp\/v2\/posts\/4158\/revisions"}],"predecessor-version":[{"id":4160,"href":"https:\/\/mhf.ro\/mm\/wp-json\/wp\/v2\/posts\/4158\/revisions\/4160"}],"wp:featuredmedia":[{"embeddable":true,"href":"https:\/\/mhf.ro\/mm\/wp-json\/wp\/v2\/media\/4159"}],"wp:attachment":[{"href":"https:\/\/mhf.ro\/mm\/wp-json\/wp\/v2\/media?parent=4158"}],"wp:term":[{"taxonomy":"category","embeddable":true,"href":"https:\/\/mhf.ro\/mm\/wp-json\/wp\/v2\/categories?post=4158"},{"taxonomy":"post_tag","embeddable":true,"href":"https:\/\/mhf.ro\/mm\/wp-json\/wp\/v2\/tags?post=4158"}],"curies":[{"name":"wp","href":"https:\/\/api.w.org\/{rel}","templated":true}]}}