{"id":4167,"date":"2021-02-17T10:06:05","date_gmt":"2021-02-17T08:06:05","guid":{"rendered":"https:\/\/mhf.ro\/mm\/?p=4167"},"modified":"2021-02-17T10:09:01","modified_gmt":"2021-02-17T08:09:01","slug":"curg-acuzatiile-la-apele-romane-angajati-ai-companiei-muncitori-la-ferma-lui-costel-alexe","status":"publish","type":"post","link":"https:\/\/mhf.ro\/mm\/curg-acuzatiile-la-apele-romane-angajati-ai-companiei-muncitori-la-ferma-lui-costel-alexe\/","title":{"rendered":"Curg acuza\u021biile la \u201eApele Rom\u00e2ne\u201d: Angaja\u021bi ai companiei, muncitori la ferma lui Costel Alexe"},"content":{"rendered":"<ul>\n<li><strong>Costel Alexe, \u0219eful CJ Ia\u0219i, anchetat de DNA pentru luare de mit\u0103<\/strong><\/li>\n<li><strong>Costel Alexe, acuzat de procurori c\u0103 a luat mit\u0103 un tir de tabl\u0103<\/strong><\/li>\n<li><strong>Valoarea mitei, potrivit procurorilor: 100.000 lei<\/strong><\/li>\n<li><strong>Reporter de Ia\u0219i: Angaja\u021bi Apele Rom\u00e2ne, muncitori la ferma lui Costel Alexe<\/strong><\/li>\n<li><strong>\u0218eful ABA Prut-B\u00e2rlad se autointituleaz\u0103 \u201eanimal politic\u201d<\/strong><\/li>\n<li><strong>ABA Prut-B\u00e2rlad, \u00een centrul unui alt scandal, dup\u0103 o anchet\u0103 Recorder<\/strong><\/li>\n<\/ul>\n<p>Curg dezv\u0103luirile la Apele Rom\u00e2ne, acolo unde atmosfera a fost tulburat\u0103 de ancheta care a scos la iveal\u0103 angajarea unei chelneri\u021be cu 5 ani de experien\u021b\u0103 la Master! Master Club.<\/p>\n<p>Acuza\u021biile ajung la mai marele jude\u021bului Ia\u0219i, liberalul Costel Alexe, vizat deja de procurorii anticorup\u021bie pentru luare de mit\u0103. \u00centr-o \u00eenregistrare audio publicat\u0103 de Reporter de Ia\u0219i, un muncitor al Administra\u021biei apelor afirm\u0103 c\u0103 a lucrat pe mo\u0219ia fostului ministru al mediului. A forat pu\u021buri pentru c\u0103 \u0219eful consiliului jude\u021bean vrea s\u0103-\u0219i fac\u0103 balt\u0103, mai spune sursa citat\u0103!<\/p>\n<p><em>\u201eS-o fi dus omul \u00een timpul liber\u201d, <\/em>e replica \u0219efului s\u0103u direct. (conf. https:\/\/alephnews.ro)<\/p>\n","protected":false},"excerpt":{"rendered":"<p>Costel Alexe, \u0219eful CJ Ia\u0219i, anchetat de DNA pentru luare de mit\u0103 Costel Alexe, acuzat de procurori c\u0103 a luat<\/p>\n","protected":false},"author":1,"featured_media":4169,"comment_status":"open","ping_status":"open","sticky":false,"template":"","format":"standard","meta":{"colormag_page_container_layout":"default_layout","colormag_page_sidebar_layout":"default_layout","footnotes":""},"categories":[5],"tags":[],"class_list":["post-4167","post","type-post","status-publish","format-standard","has-post-thumbnail","hentry","category-locale"],"yoast_head":"<!-- This site is optimized with the Yoast SEO plugin v27.0 - https:\/\/yoast.com\/product\/yoast-seo-wordpress\/ -->\n<title>Curg acuza\u021biile la \u201eApele Rom\u00e2ne\u201d: Angaja\u021bi ai companiei, muncitori la ferma lui Costel Alexe - MHF Photography<\/title>\n<meta name=\"description\" content=\"Curg dezv\u0103luirile la Apele Rom\u00e2ne, acolo unde atmosfera a fost tulburat\u0103 de ancheta care a scos la iveal\u0103 angajarea unei licen\u021biate \u00een Chimie\" \/>\n<meta name=\"robots\" content=\"index, follow, max-snippet:-1, max-image-preview:large, max-video-preview:-1\" \/>\n<link rel=\"canonical\" href=\"https:\/\/mhf.ro\/mm\/curg-acuzatiile-la-apele-romane-angajati-ai-companiei-muncitori-la-ferma-lui-costel-alexe\/\" \/>\n<meta property=\"og:locale\" content=\"ro_RO\" \/>\n<meta property=\"og:type\" content=\"article\" \/>\n<meta property=\"og:title\" content=\"Curg acuza\u021biile la \u201eApele Rom\u00e2ne\u201d: Angaja\u021bi ai companiei, muncitori la ferma lui Costel Alexe - MHF Photography\" \/>\n<meta property=\"og:description\" content=\"Curg dezv\u0103luirile la Apele Rom\u00e2ne, acolo unde atmosfera a fost tulburat\u0103 de ancheta care a scos la iveal\u0103 angajarea unei licen\u021biate \u00een Chimie\" \/>\n<meta property=\"og:url\" content=\"https:\/\/mhf.ro\/mm\/curg-acuzatiile-la-apele-romane-angajati-ai-companiei-muncitori-la-ferma-lui-costel-alexe\/\" \/>\n<meta property=\"og:site_name\" content=\"MHF Photography\" \/>\n<meta property=\"article:published_time\" content=\"2021-02-17T08:06:05+00:00\" \/>\n<meta property=\"article:modified_time\" content=\"2021-02-17T08:09:01+00:00\" \/>\n<meta property=\"og:image\" content=\"https:\/\/mhf.ro\/mm\/wp-content\/uploads\/2021\/02\/rau_munte.jpg\" \/>\n\t<meta property=\"og:image:width\" content=\"1280\" \/>\n\t<meta property=\"og:image:height\" content=\"960\" \/>\n\t<meta property=\"og:image:type\" content=\"image\/jpeg\" \/>\n<meta name=\"author\" content=\"Marius Marcu\" \/>\n<meta name=\"twitter:card\" content=\"summary_large_image\" \/>\n<meta name=\"twitter:label1\" content=\"Scris de\" \/>\n\t<meta name=\"twitter:data1\" content=\"Marius Marcu\" \/>\n\t<meta name=\"twitter:label2\" content=\"Timp estimat pentru citire\" \/>\n\t<meta name=\"twitter:data2\" content=\"1 minut\" \/>\n<script type=\"application\/ld+json\" class=\"yoast-schema-graph\">{\"@context\":\"https:\/\/schema.org\",\"@graph\":[{\"@type\":\"Article\",\"@id\":\"https:\/\/mhf.ro\/mm\/curg-acuzatiile-la-apele-romane-angajati-ai-companiei-muncitori-la-ferma-lui-costel-alexe\/#article\",\"isPartOf\":{\"@id\":\"https:\/\/mhf.ro\/mm\/curg-acuzatiile-la-apele-romane-angajati-ai-companiei-muncitori-la-ferma-lui-costel-alexe\/\"},\"author\":{\"name\":\"Marius Marcu\",\"@id\":\"https:\/\/mhf.ro\/mm\/#\/schema\/person\/a3bebf7bdb4bf12f698aff73c7e46c21\"},\"headline\":\"Curg acuza\u021biile la \u201eApele Rom\u00e2ne\u201d: Angaja\u021bi ai companiei, muncitori la ferma lui Costel Alexe\",\"datePublished\":\"2021-02-17T08:06:05+00:00\",\"dateModified\":\"2021-02-17T08:09:01+00:00\",\"mainEntityOfPage\":{\"@id\":\"https:\/\/mhf.ro\/mm\/curg-acuzatiile-la-apele-romane-angajati-ai-companiei-muncitori-la-ferma-lui-costel-alexe\/\"},\"wordCount\":201,\"commentCount\":0,\"publisher\":{\"@id\":\"https:\/\/mhf.ro\/mm\/#\/schema\/person\/a3bebf7bdb4bf12f698aff73c7e46c21\"},\"image\":{\"@id\":\"https:\/\/mhf.ro\/mm\/curg-acuzatiile-la-apele-romane-angajati-ai-companiei-muncitori-la-ferma-lui-costel-alexe\/#primaryimage\"},\"thumbnailUrl\":\"https:\/\/mhf.ro\/mm\/wp-content\/uploads\/2021\/02\/rau_munte.jpg\",\"articleSection\":[\"Locale\"],\"inLanguage\":\"ro-RO\",\"potentialAction\":[{\"@type\":\"CommentAction\",\"name\":\"Comment\",\"target\":[\"https:\/\/mhf.ro\/mm\/curg-acuzatiile-la-apele-romane-angajati-ai-companiei-muncitori-la-ferma-lui-costel-alexe\/#respond\"]}]},{\"@type\":\"WebPage\",\"@id\":\"https:\/\/mhf.ro\/mm\/curg-acuzatiile-la-apele-romane-angajati-ai-companiei-muncitori-la-ferma-lui-costel-alexe\/\",\"url\":\"https:\/\/mhf.ro\/mm\/curg-acuzatiile-la-apele-romane-angajati-ai-companiei-muncitori-la-ferma-lui-costel-alexe\/\",\"name\":\"Curg acuza\u021biile la \u201eApele Rom\u00e2ne\u201d: Angaja\u021bi ai companiei, muncitori la ferma lui Costel Alexe - MHF Photography\",\"isPartOf\":{\"@id\":\"https:\/\/mhf.ro\/mm\/#website\"},\"primaryImageOfPage\":{\"@id\":\"https:\/\/mhf.ro\/mm\/curg-acuzatiile-la-apele-romane-angajati-ai-companiei-muncitori-la-ferma-lui-costel-alexe\/#primaryimage\"},\"image\":{\"@id\":\"https:\/\/mhf.ro\/mm\/curg-acuzatiile-la-apele-romane-angajati-ai-companiei-muncitori-la-ferma-lui-costel-alexe\/#primaryimage\"},\"thumbnailUrl\":\"https:\/\/mhf.ro\/mm\/wp-content\/uploads\/2021\/02\/rau_munte.jpg\",\"datePublished\":\"2021-02-17T08:06:05+00:00\",\"dateModified\":\"2021-02-17T08:09:01+00:00\",\"description\":\"Curg dezv\u0103luirile la Apele Rom\u00e2ne, acolo unde atmosfera a fost tulburat\u0103 de ancheta care a scos la iveal\u0103 angajarea unei licen\u021biate \u00een Chimie\",\"breadcrumb\":{\"@id\":\"https:\/\/mhf.ro\/mm\/curg-acuzatiile-la-apele-romane-angajati-ai-companiei-muncitori-la-ferma-lui-costel-alexe\/#breadcrumb\"},\"inLanguage\":\"ro-RO\",\"potentialAction\":[{\"@type\":\"ReadAction\",\"target\":[\"https:\/\/mhf.ro\/mm\/curg-acuzatiile-la-apele-romane-angajati-ai-companiei-muncitori-la-ferma-lui-costel-alexe\/\"]}]},{\"@type\":\"ImageObject\",\"inLanguage\":\"ro-RO\",\"@id\":\"https:\/\/mhf.ro\/mm\/curg-acuzatiile-la-apele-romane-angajati-ai-companiei-muncitori-la-ferma-lui-costel-alexe\/#primaryimage\",\"url\":\"https:\/\/mhf.ro\/mm\/wp-content\/uploads\/2021\/02\/rau_munte.jpg\",\"contentUrl\":\"https:\/\/mhf.ro\/mm\/wp-content\/uploads\/2021\/02\/rau_munte.jpg\",\"width\":1280,\"height\":960},{\"@type\":\"BreadcrumbList\",\"@id\":\"https:\/\/mhf.ro\/mm\/curg-acuzatiile-la-apele-romane-angajati-ai-companiei-muncitori-la-ferma-lui-costel-alexe\/#breadcrumb\",\"itemListElement\":[{\"@type\":\"ListItem\",\"position\":1,\"name\":\"Prima pagin\u0103\",\"item\":\"https:\/\/mhf.ro\/mm\/\"},{\"@type\":\"ListItem\",\"position\":2,\"name\":\"Curg acuza\u021biile la \u201eApele Rom\u00e2ne\u201d: Angaja\u021bi ai companiei, muncitori la ferma lui Costel Alexe\"}]},{\"@type\":\"WebSite\",\"@id\":\"https:\/\/mhf.ro\/mm\/#website\",\"url\":\"https:\/\/mhf.ro\/mm\/\",\"name\":\"MHF Photography \u2013 Blog de fotografie, natur\u0103 \u0219i tehnic\u0103 divers\u0103\",\"description\":\"Aventur\u0103 \u00een fiecare cadru.\",\"publisher\":{\"@id\":\"https:\/\/mhf.ro\/mm\/#\/schema\/person\/a3bebf7bdb4bf12f698aff73c7e46c21\"},\"potentialAction\":[{\"@type\":\"SearchAction\",\"target\":{\"@type\":\"EntryPoint\",\"urlTemplate\":\"https:\/\/mhf.ro\/mm\/?s={search_term_string}\"},\"query-input\":{\"@type\":\"PropertyValueSpecification\",\"valueRequired\":true,\"valueName\":\"search_term_string\"}}],\"inLanguage\":\"ro-RO\"},{\"@type\":[\"Person\",\"Organization\"],\"@id\":\"https:\/\/mhf.ro\/mm\/#\/schema\/person\/a3bebf7bdb4bf12f698aff73c7e46c21\",\"name\":\"Marius Marcu\",\"image\":{\"@type\":\"ImageObject\",\"inLanguage\":\"ro-RO\",\"@id\":\"https:\/\/mhf.ro\/mm\/#\/schema\/person\/image\/\",\"url\":\"https:\/\/mhf.ro\/mm\/wp-content\/uploads\/2025\/12\/cropped-logo_mhf_2.png\",\"contentUrl\":\"https:\/\/mhf.ro\/mm\/wp-content\/uploads\/2025\/12\/cropped-logo_mhf_2.png\",\"width\":1096,\"height\":457,\"caption\":\"Marius Marcu\"},\"logo\":{\"@id\":\"https:\/\/mhf.ro\/mm\/#\/schema\/person\/image\/\"},\"sameAs\":[\"https:\/\/mhf.ro\/mm\"],\"url\":\"https:\/\/mhf.ro\/mm\/author\/mihai\/\"}]}<\/script>\n<!-- \/ Yoast SEO plugin. -->","yoast_head_json":{"title":"Curg acuza\u021biile la \u201eApele Rom\u00e2ne\u201d: Angaja\u021bi ai companiei, muncitori la ferma lui Costel Alexe - MHF Photography","description":"Curg dezv\u0103luirile la Apele Rom\u00e2ne, acolo unde atmosfera a fost tulburat\u0103 de ancheta care a scos la iveal\u0103 angajarea unei licen\u021biate \u00een Chimie","robots":{"index":"index","follow":"follow","max-snippet":"max-snippet:-1","max-image-preview":"max-image-preview:large","max-video-preview":"max-video-preview:-1"},"canonical":"https:\/\/mhf.ro\/mm\/curg-acuzatiile-la-apele-romane-angajati-ai-companiei-muncitori-la-ferma-lui-costel-alexe\/","og_locale":"ro_RO","og_type":"article","og_title":"Curg acuza\u021biile la \u201eApele Rom\u00e2ne\u201d: Angaja\u021bi ai companiei, muncitori la ferma lui Costel Alexe - MHF Photography","og_description":"Curg dezv\u0103luirile la Apele Rom\u00e2ne, acolo unde atmosfera a fost tulburat\u0103 de ancheta care a scos la iveal\u0103 angajarea unei licen\u021biate \u00een Chimie","og_url":"https:\/\/mhf.ro\/mm\/curg-acuzatiile-la-apele-romane-angajati-ai-companiei-muncitori-la-ferma-lui-costel-alexe\/","og_site_name":"MHF Photography","article_published_time":"2021-02-17T08:06:05+00:00","article_modified_time":"2021-02-17T08:09:01+00:00","og_image":[{"width":1280,"height":960,"url":"https:\/\/mhf.ro\/mm\/wp-content\/uploads\/2021\/02\/rau_munte.jpg","type":"image\/jpeg"}],"author":"Marius Marcu","twitter_card":"summary_large_image","twitter_misc":{"Scris de":"Marius Marcu","Timp estimat pentru citire":"1 minut"},"schema":{"@context":"https:\/\/schema.org","@graph":[{"@type":"Article","@id":"https:\/\/mhf.ro\/mm\/curg-acuzatiile-la-apele-romane-angajati-ai-companiei-muncitori-la-ferma-lui-costel-alexe\/#article","isPartOf":{"@id":"https:\/\/mhf.ro\/mm\/curg-acuzatiile-la-apele-romane-angajati-ai-companiei-muncitori-la-ferma-lui-costel-alexe\/"},"author":{"name":"Marius Marcu","@id":"https:\/\/mhf.ro\/mm\/#\/schema\/person\/a3bebf7bdb4bf12f698aff73c7e46c21"},"headline":"Curg acuza\u021biile la \u201eApele Rom\u00e2ne\u201d: Angaja\u021bi ai companiei, muncitori la ferma lui Costel Alexe","datePublished":"2021-02-17T08:06:05+00:00","dateModified":"2021-02-17T08:09:01+00:00","mainEntityOfPage":{"@id":"https:\/\/mhf.ro\/mm\/curg-acuzatiile-la-apele-romane-angajati-ai-companiei-muncitori-la-ferma-lui-costel-alexe\/"},"wordCount":201,"commentCount":0,"publisher":{"@id":"https:\/\/mhf.ro\/mm\/#\/schema\/person\/a3bebf7bdb4bf12f698aff73c7e46c21"},"image":{"@id":"https:\/\/mhf.ro\/mm\/curg-acuzatiile-la-apele-romane-angajati-ai-companiei-muncitori-la-ferma-lui-costel-alexe\/#primaryimage"},"thumbnailUrl":"https:\/\/mhf.ro\/mm\/wp-content\/uploads\/2021\/02\/rau_munte.jpg","articleSection":["Locale"],"inLanguage":"ro-RO","potentialAction":[{"@type":"CommentAction","name":"Comment","target":["https:\/\/mhf.ro\/mm\/curg-acuzatiile-la-apele-romane-angajati-ai-companiei-muncitori-la-ferma-lui-costel-alexe\/#respond"]}]},{"@type":"WebPage","@id":"https:\/\/mhf.ro\/mm\/curg-acuzatiile-la-apele-romane-angajati-ai-companiei-muncitori-la-ferma-lui-costel-alexe\/","url":"https:\/\/mhf.ro\/mm\/curg-acuzatiile-la-apele-romane-angajati-ai-companiei-muncitori-la-ferma-lui-costel-alexe\/","name":"Curg acuza\u021biile la \u201eApele Rom\u00e2ne\u201d: Angaja\u021bi ai companiei, muncitori la ferma lui Costel Alexe - MHF Photography","isPartOf":{"@id":"https:\/\/mhf.ro\/mm\/#website"},"primaryImageOfPage":{"@id":"https:\/\/mhf.ro\/mm\/curg-acuzatiile-la-apele-romane-angajati-ai-companiei-muncitori-la-ferma-lui-costel-alexe\/#primaryimage"},"image":{"@id":"https:\/\/mhf.ro\/mm\/curg-acuzatiile-la-apele-romane-angajati-ai-companiei-muncitori-la-ferma-lui-costel-alexe\/#primaryimage"},"thumbnailUrl":"https:\/\/mhf.ro\/mm\/wp-content\/uploads\/2021\/02\/rau_munte.jpg","datePublished":"2021-02-17T08:06:05+00:00","dateModified":"2021-02-17T08:09:01+00:00","description":"Curg dezv\u0103luirile la Apele Rom\u00e2ne, acolo unde atmosfera a fost tulburat\u0103 de ancheta care a scos la iveal\u0103 angajarea unei licen\u021biate \u00een Chimie","breadcrumb":{"@id":"https:\/\/mhf.ro\/mm\/curg-acuzatiile-la-apele-romane-angajati-ai-companiei-muncitori-la-ferma-lui-costel-alexe\/#breadcrumb"},"inLanguage":"ro-RO","potentialAction":[{"@type":"ReadAction","target":["https:\/\/mhf.ro\/mm\/curg-acuzatiile-la-apele-romane-angajati-ai-companiei-muncitori-la-ferma-lui-costel-alexe\/"]}]},{"@type":"ImageObject","inLanguage":"ro-RO","@id":"https:\/\/mhf.ro\/mm\/curg-acuzatiile-la-apele-romane-angajati-ai-companiei-muncitori-la-ferma-lui-costel-alexe\/#primaryimage","url":"https:\/\/mhf.ro\/mm\/wp-content\/uploads\/2021\/02\/rau_munte.jpg","contentUrl":"https:\/\/mhf.ro\/mm\/wp-content\/uploads\/2021\/02\/rau_munte.jpg","width":1280,"height":960},{"@type":"BreadcrumbList","@id":"https:\/\/mhf.ro\/mm\/curg-acuzatiile-la-apele-romane-angajati-ai-companiei-muncitori-la-ferma-lui-costel-alexe\/#breadcrumb","itemListElement":[{"@type":"ListItem","position":1,"name":"Prima pagin\u0103","item":"https:\/\/mhf.ro\/mm\/"},{"@type":"ListItem","position":2,"name":"Curg acuza\u021biile la \u201eApele Rom\u00e2ne\u201d: Angaja\u021bi ai companiei, muncitori la ferma lui Costel Alexe"}]},{"@type":"WebSite","@id":"https:\/\/mhf.ro\/mm\/#website","url":"https:\/\/mhf.ro\/mm\/","name":"MHF Photography \u2013 Blog de fotografie, natur\u0103 \u0219i tehnic\u0103 divers\u0103","description":"Aventur\u0103 \u00een fiecare cadru.","publisher":{"@id":"https:\/\/mhf.ro\/mm\/#\/schema\/person\/a3bebf7bdb4bf12f698aff73c7e46c21"},"potentialAction":[{"@type":"SearchAction","target":{"@type":"EntryPoint","urlTemplate":"https:\/\/mhf.ro\/mm\/?s={search_term_string}"},"query-input":{"@type":"PropertyValueSpecification","valueRequired":true,"valueName":"search_term_string"}}],"inLanguage":"ro-RO"},{"@type":["Person","Organization"],"@id":"https:\/\/mhf.ro\/mm\/#\/schema\/person\/a3bebf7bdb4bf12f698aff73c7e46c21","name":"Marius Marcu","image":{"@type":"ImageObject","inLanguage":"ro-RO","@id":"https:\/\/mhf.ro\/mm\/#\/schema\/person\/image\/","url":"https:\/\/mhf.ro\/mm\/wp-content\/uploads\/2025\/12\/cropped-logo_mhf_2.png","contentUrl":"https:\/\/mhf.ro\/mm\/wp-content\/uploads\/2025\/12\/cropped-logo_mhf_2.png","width":1096,"height":457,"caption":"Marius Marcu"},"logo":{"@id":"https:\/\/mhf.ro\/mm\/#\/schema\/person\/image\/"},"sameAs":["https:\/\/mhf.ro\/mm"],"url":"https:\/\/mhf.ro\/mm\/author\/mihai\/"}]}},"_links":{"self":[{"href":"https:\/\/mhf.ro\/mm\/wp-json\/wp\/v2\/posts\/4167","targetHints":{"allow":["GET"]}}],"collection":[{"href":"https:\/\/mhf.ro\/mm\/wp-json\/wp\/v2\/posts"}],"about":[{"href":"https:\/\/mhf.ro\/mm\/wp-json\/wp\/v2\/types\/post"}],"author":[{"embeddable":true,"href":"https:\/\/mhf.ro\/mm\/wp-json\/wp\/v2\/users\/1"}],"replies":[{"embeddable":true,"href":"https:\/\/mhf.ro\/mm\/wp-json\/wp\/v2\/comments?post=4167"}],"version-history":[{"count":1,"href":"https:\/\/mhf.ro\/mm\/wp-json\/wp\/v2\/posts\/4167\/revisions"}],"predecessor-version":[{"id":4168,"href":"https:\/\/mhf.ro\/mm\/wp-json\/wp\/v2\/posts\/4167\/revisions\/4168"}],"wp:featuredmedia":[{"embeddable":true,"href":"https:\/\/mhf.ro\/mm\/wp-json\/wp\/v2\/media\/4169"}],"wp:attachment":[{"href":"https:\/\/mhf.ro\/mm\/wp-json\/wp\/v2\/media?parent=4167"}],"wp:term":[{"taxonomy":"category","embeddable":true,"href":"https:\/\/mhf.ro\/mm\/wp-json\/wp\/v2\/categories?post=4167"},{"taxonomy":"post_tag","embeddable":true,"href":"https:\/\/mhf.ro\/mm\/wp-json\/wp\/v2\/tags?post=4167"}],"curies":[{"name":"wp","href":"https:\/\/api.w.org\/{rel}","templated":true}]}}