{"id":4178,"date":"2021-02-17T15:49:11","date_gmt":"2021-02-17T13:49:11","guid":{"rendered":"https:\/\/mhf.ro\/mm\/?p=4178"},"modified":"2025-12-26T13:28:44","modified_gmt":"2025-12-26T11:28:44","slug":"toba-suspect-de-crime-la-revolutie-validat-deputat","status":"publish","type":"post","link":"https:\/\/mhf.ro\/mm\/toba-suspect-de-crime-la-revolutie-validat-deputat\/","title":{"rendered":"Tob\u0103, suspect de crime la Revolu\u021bie, validat deputat"},"content":{"rendered":"<p class=\"title\">Francisc Tob\u0103, care ar fi participat la reprimarea Revolu\u021biei din 1989, a fost validat, miercuri, deputat de c\u0103tre plen.<\/p>\n<p class=\"title\">Numele lui Tob\u0103 apare \u00een dosarul legat de represiunea care a avut loc \u00een Sibiu, \u00een decembrie \u201989, iar AUR l-a exclus din partid \u0219i ceruse invalidarea mandatului de parlamentar.<\/p>\n<p>Francisc Tob\u0103 era militar \u00een zilele revolu\u021biei din 1989. El a fost trimis \u00een judecat\u0103, \u00een 15 septembrie 1999, pentru reprimarea manifestan\u021bilor anti comuni\u0219ti din Sibiu \u0219i pentru uciderea sau r\u0103nirea unor ofi\u021beri ai Ministerului de Interne \u0219i ai Securit\u0103\u021bii.<\/p>\n<div>\u00cen acest dosar, clasat \u00een 2010, sunt peste 700 de victime, scrie Hotnews.<\/div>\n<div><\/div>\n<div>Presa a relatat despre Tob\u0103 c\u0103 \u00eempreun\u0103 cu Lt. Col. Dragomir Aurel, \u00eencep\u00e2nd cu data de 22.12.1989, \u00eenso\u021bi\u021bi de militari \u00een termen, \u00eenarma\u021bi, ar fi ridicat din sec\u021biile Spitalului Jude\u021bean Sibiu mai multe persoane r\u0103nite, \u00een ciuda insisten\u021belor cadrelor medicale. Ace\u0219tia au fost du\u0219i \u00eentr-o sal\u0103 de sport unde ar fi fost b\u0103tu\u021bi de militari.<\/div>\n<div><\/div>\n<div>Aceste fapte se pare c\u0103 nu conteaz\u0103, iar Francis Tob\u0103 a fost validat deputat de c\u0103tre plenul Camerei Deputa\u021bilor, unde au fost 155 de voturi \u201epentru\u201d, 8 voturi \u201e\u00eempotriv\u0103\u201d, o ab\u021binere, iar trei deputa\u021bi nu au votat, scrie Agerpres. (conf. jurnalist.ro)<\/div>\n<h3 style=\"text-align: right;\"><a href=\"https:\/\/mhv.ro\/oc\/index.php?route=product\/category&amp;path=20_71\">Ancadramente polistiren<\/a><\/h3>\n","protected":false},"excerpt":{"rendered":"<p>Francisc Tob\u0103, care ar fi participat la reprimarea Revolu\u021biei din 1989, a fost validat, miercuri, deputat de c\u0103tre plen. Numele<\/p>\n","protected":false},"author":1,"featured_media":4179,"comment_status":"open","ping_status":"open","sticky":false,"template":"","format":"standard","meta":{"colormag_page_container_layout":"default_layout","colormag_page_sidebar_layout":"default_layout","footnotes":""},"categories":[8],"tags":[],"class_list":["post-4178","post","type-post","status-publish","format-standard","has-post-thumbnail","hentry","category-div"],"yoast_head":"<!-- This site is optimized with the Yoast SEO plugin v27.0 - https:\/\/yoast.com\/product\/yoast-seo-wordpress\/ -->\n<title>Tob\u0103, suspect de crime la Revolu\u021bie, validat deputat - MHF Photography<\/title>\n<meta name=\"description\" content=\"Francisc Tob\u0103, care ar fi participat la reprimarea Revolu\u021biei din 1989, a fost validat, miercuri, deputat de c\u0103tre plen.\" \/>\n<meta name=\"robots\" content=\"index, follow, max-snippet:-1, max-image-preview:large, max-video-preview:-1\" \/>\n<link rel=\"canonical\" href=\"https:\/\/mhf.ro\/mm\/toba-suspect-de-crime-la-revolutie-validat-deputat\/\" \/>\n<meta property=\"og:locale\" content=\"ro_RO\" \/>\n<meta property=\"og:type\" content=\"article\" \/>\n<meta property=\"og:title\" content=\"Tob\u0103, suspect de crime la Revolu\u021bie, validat deputat - MHF Photography\" \/>\n<meta property=\"og:description\" content=\"Francisc Tob\u0103, care ar fi participat la reprimarea Revolu\u021biei din 1989, a fost validat, miercuri, deputat de c\u0103tre plen.\" \/>\n<meta property=\"og:url\" content=\"https:\/\/mhf.ro\/mm\/toba-suspect-de-crime-la-revolutie-validat-deputat\/\" \/>\n<meta property=\"og:site_name\" content=\"MHF Photography\" \/>\n<meta property=\"article:published_time\" content=\"2021-02-17T13:49:11+00:00\" \/>\n<meta property=\"article:modified_time\" content=\"2025-12-26T11:28:44+00:00\" \/>\n<meta property=\"og:image\" content=\"https:\/\/mhf.ro\/mm\/wp-content\/uploads\/2021\/02\/francisc-toba-7.jpg\" \/>\n\t<meta property=\"og:image:width\" content=\"838\" \/>\n\t<meta property=\"og:image:height\" content=\"445\" \/>\n\t<meta property=\"og:image:type\" content=\"image\/jpeg\" \/>\n<meta name=\"author\" content=\"Marius Marcu\" \/>\n<meta name=\"twitter:card\" content=\"summary_large_image\" \/>\n<meta name=\"twitter:label1\" content=\"Scris de\" \/>\n\t<meta name=\"twitter:data1\" content=\"Marius Marcu\" \/>\n\t<meta name=\"twitter:label2\" content=\"Timp estimat pentru citire\" \/>\n\t<meta name=\"twitter:data2\" content=\"2 minute\" \/>\n<script type=\"application\/ld+json\" class=\"yoast-schema-graph\">{\"@context\":\"https:\/\/schema.org\",\"@graph\":[{\"@type\":\"Article\",\"@id\":\"https:\/\/mhf.ro\/mm\/toba-suspect-de-crime-la-revolutie-validat-deputat\/#article\",\"isPartOf\":{\"@id\":\"https:\/\/mhf.ro\/mm\/toba-suspect-de-crime-la-revolutie-validat-deputat\/\"},\"author\":{\"name\":\"Marius Marcu\",\"@id\":\"https:\/\/mhf.ro\/mm\/#\/schema\/person\/a3bebf7bdb4bf12f698aff73c7e46c21\"},\"headline\":\"Tob\u0103, suspect de crime la Revolu\u021bie, validat deputat\",\"datePublished\":\"2021-02-17T13:49:11+00:00\",\"dateModified\":\"2025-12-26T11:28:44+00:00\",\"mainEntityOfPage\":{\"@id\":\"https:\/\/mhf.ro\/mm\/toba-suspect-de-crime-la-revolutie-validat-deputat\/\"},\"wordCount\":224,\"commentCount\":0,\"publisher\":{\"@id\":\"https:\/\/mhf.ro\/mm\/#\/schema\/person\/a3bebf7bdb4bf12f698aff73c7e46c21\"},\"image\":{\"@id\":\"https:\/\/mhf.ro\/mm\/toba-suspect-de-crime-la-revolutie-validat-deputat\/#primaryimage\"},\"thumbnailUrl\":\"https:\/\/mhf.ro\/mm\/wp-content\/uploads\/2021\/02\/francisc-toba-7.jpg\",\"articleSection\":[\"Diverse\"],\"inLanguage\":\"ro-RO\",\"potentialAction\":[{\"@type\":\"CommentAction\",\"name\":\"Comment\",\"target\":[\"https:\/\/mhf.ro\/mm\/toba-suspect-de-crime-la-revolutie-validat-deputat\/#respond\"]}]},{\"@type\":\"WebPage\",\"@id\":\"https:\/\/mhf.ro\/mm\/toba-suspect-de-crime-la-revolutie-validat-deputat\/\",\"url\":\"https:\/\/mhf.ro\/mm\/toba-suspect-de-crime-la-revolutie-validat-deputat\/\",\"name\":\"Tob\u0103, suspect de crime la Revolu\u021bie, validat deputat - MHF Photography\",\"isPartOf\":{\"@id\":\"https:\/\/mhf.ro\/mm\/#website\"},\"primaryImageOfPage\":{\"@id\":\"https:\/\/mhf.ro\/mm\/toba-suspect-de-crime-la-revolutie-validat-deputat\/#primaryimage\"},\"image\":{\"@id\":\"https:\/\/mhf.ro\/mm\/toba-suspect-de-crime-la-revolutie-validat-deputat\/#primaryimage\"},\"thumbnailUrl\":\"https:\/\/mhf.ro\/mm\/wp-content\/uploads\/2021\/02\/francisc-toba-7.jpg\",\"datePublished\":\"2021-02-17T13:49:11+00:00\",\"dateModified\":\"2025-12-26T11:28:44+00:00\",\"description\":\"Francisc Tob\u0103, care ar fi participat la reprimarea Revolu\u021biei din 1989, a fost validat, miercuri, deputat de c\u0103tre plen.\",\"breadcrumb\":{\"@id\":\"https:\/\/mhf.ro\/mm\/toba-suspect-de-crime-la-revolutie-validat-deputat\/#breadcrumb\"},\"inLanguage\":\"ro-RO\",\"potentialAction\":[{\"@type\":\"ReadAction\",\"target\":[\"https:\/\/mhf.ro\/mm\/toba-suspect-de-crime-la-revolutie-validat-deputat\/\"]}]},{\"@type\":\"ImageObject\",\"inLanguage\":\"ro-RO\",\"@id\":\"https:\/\/mhf.ro\/mm\/toba-suspect-de-crime-la-revolutie-validat-deputat\/#primaryimage\",\"url\":\"https:\/\/mhf.ro\/mm\/wp-content\/uploads\/2021\/02\/francisc-toba-7.jpg\",\"contentUrl\":\"https:\/\/mhf.ro\/mm\/wp-content\/uploads\/2021\/02\/francisc-toba-7.jpg\",\"width\":838,\"height\":445},{\"@type\":\"BreadcrumbList\",\"@id\":\"https:\/\/mhf.ro\/mm\/toba-suspect-de-crime-la-revolutie-validat-deputat\/#breadcrumb\",\"itemListElement\":[{\"@type\":\"ListItem\",\"position\":1,\"name\":\"Prima pagin\u0103\",\"item\":\"https:\/\/mhf.ro\/mm\/\"},{\"@type\":\"ListItem\",\"position\":2,\"name\":\"Tob\u0103, suspect de crime la Revolu\u021bie, validat deputat\"}]},{\"@type\":\"WebSite\",\"@id\":\"https:\/\/mhf.ro\/mm\/#website\",\"url\":\"https:\/\/mhf.ro\/mm\/\",\"name\":\"MHF Photography \u2013 Blog de fotografie, natur\u0103 \u0219i tehnic\u0103 divers\u0103\",\"description\":\"Aventur\u0103 \u00een fiecare cadru.\",\"publisher\":{\"@id\":\"https:\/\/mhf.ro\/mm\/#\/schema\/person\/a3bebf7bdb4bf12f698aff73c7e46c21\"},\"potentialAction\":[{\"@type\":\"SearchAction\",\"target\":{\"@type\":\"EntryPoint\",\"urlTemplate\":\"https:\/\/mhf.ro\/mm\/?s={search_term_string}\"},\"query-input\":{\"@type\":\"PropertyValueSpecification\",\"valueRequired\":true,\"valueName\":\"search_term_string\"}}],\"inLanguage\":\"ro-RO\"},{\"@type\":[\"Person\",\"Organization\"],\"@id\":\"https:\/\/mhf.ro\/mm\/#\/schema\/person\/a3bebf7bdb4bf12f698aff73c7e46c21\",\"name\":\"Marius Marcu\",\"image\":{\"@type\":\"ImageObject\",\"inLanguage\":\"ro-RO\",\"@id\":\"https:\/\/mhf.ro\/mm\/#\/schema\/person\/image\/\",\"url\":\"https:\/\/mhf.ro\/mm\/wp-content\/uploads\/2025\/12\/cropped-logo_mhf_2.png\",\"contentUrl\":\"https:\/\/mhf.ro\/mm\/wp-content\/uploads\/2025\/12\/cropped-logo_mhf_2.png\",\"width\":1096,\"height\":457,\"caption\":\"Marius Marcu\"},\"logo\":{\"@id\":\"https:\/\/mhf.ro\/mm\/#\/schema\/person\/image\/\"},\"sameAs\":[\"https:\/\/mhf.ro\/mm\"],\"url\":\"https:\/\/mhf.ro\/mm\/author\/mihai\/\"}]}<\/script>\n<!-- \/ Yoast SEO plugin. -->","yoast_head_json":{"title":"Tob\u0103, suspect de crime la Revolu\u021bie, validat deputat - MHF Photography","description":"Francisc Tob\u0103, care ar fi participat la reprimarea Revolu\u021biei din 1989, a fost validat, miercuri, deputat de c\u0103tre plen.","robots":{"index":"index","follow":"follow","max-snippet":"max-snippet:-1","max-image-preview":"max-image-preview:large","max-video-preview":"max-video-preview:-1"},"canonical":"https:\/\/mhf.ro\/mm\/toba-suspect-de-crime-la-revolutie-validat-deputat\/","og_locale":"ro_RO","og_type":"article","og_title":"Tob\u0103, suspect de crime la Revolu\u021bie, validat deputat - MHF Photography","og_description":"Francisc Tob\u0103, care ar fi participat la reprimarea Revolu\u021biei din 1989, a fost validat, miercuri, deputat de c\u0103tre plen.","og_url":"https:\/\/mhf.ro\/mm\/toba-suspect-de-crime-la-revolutie-validat-deputat\/","og_site_name":"MHF Photography","article_published_time":"2021-02-17T13:49:11+00:00","article_modified_time":"2025-12-26T11:28:44+00:00","og_image":[{"width":838,"height":445,"url":"https:\/\/mhf.ro\/mm\/wp-content\/uploads\/2021\/02\/francisc-toba-7.jpg","type":"image\/jpeg"}],"author":"Marius Marcu","twitter_card":"summary_large_image","twitter_misc":{"Scris de":"Marius Marcu","Timp estimat pentru citire":"2 minute"},"schema":{"@context":"https:\/\/schema.org","@graph":[{"@type":"Article","@id":"https:\/\/mhf.ro\/mm\/toba-suspect-de-crime-la-revolutie-validat-deputat\/#article","isPartOf":{"@id":"https:\/\/mhf.ro\/mm\/toba-suspect-de-crime-la-revolutie-validat-deputat\/"},"author":{"name":"Marius Marcu","@id":"https:\/\/mhf.ro\/mm\/#\/schema\/person\/a3bebf7bdb4bf12f698aff73c7e46c21"},"headline":"Tob\u0103, suspect de crime la Revolu\u021bie, validat deputat","datePublished":"2021-02-17T13:49:11+00:00","dateModified":"2025-12-26T11:28:44+00:00","mainEntityOfPage":{"@id":"https:\/\/mhf.ro\/mm\/toba-suspect-de-crime-la-revolutie-validat-deputat\/"},"wordCount":224,"commentCount":0,"publisher":{"@id":"https:\/\/mhf.ro\/mm\/#\/schema\/person\/a3bebf7bdb4bf12f698aff73c7e46c21"},"image":{"@id":"https:\/\/mhf.ro\/mm\/toba-suspect-de-crime-la-revolutie-validat-deputat\/#primaryimage"},"thumbnailUrl":"https:\/\/mhf.ro\/mm\/wp-content\/uploads\/2021\/02\/francisc-toba-7.jpg","articleSection":["Diverse"],"inLanguage":"ro-RO","potentialAction":[{"@type":"CommentAction","name":"Comment","target":["https:\/\/mhf.ro\/mm\/toba-suspect-de-crime-la-revolutie-validat-deputat\/#respond"]}]},{"@type":"WebPage","@id":"https:\/\/mhf.ro\/mm\/toba-suspect-de-crime-la-revolutie-validat-deputat\/","url":"https:\/\/mhf.ro\/mm\/toba-suspect-de-crime-la-revolutie-validat-deputat\/","name":"Tob\u0103, suspect de crime la Revolu\u021bie, validat deputat - MHF Photography","isPartOf":{"@id":"https:\/\/mhf.ro\/mm\/#website"},"primaryImageOfPage":{"@id":"https:\/\/mhf.ro\/mm\/toba-suspect-de-crime-la-revolutie-validat-deputat\/#primaryimage"},"image":{"@id":"https:\/\/mhf.ro\/mm\/toba-suspect-de-crime-la-revolutie-validat-deputat\/#primaryimage"},"thumbnailUrl":"https:\/\/mhf.ro\/mm\/wp-content\/uploads\/2021\/02\/francisc-toba-7.jpg","datePublished":"2021-02-17T13:49:11+00:00","dateModified":"2025-12-26T11:28:44+00:00","description":"Francisc Tob\u0103, care ar fi participat la reprimarea Revolu\u021biei din 1989, a fost validat, miercuri, deputat de c\u0103tre plen.","breadcrumb":{"@id":"https:\/\/mhf.ro\/mm\/toba-suspect-de-crime-la-revolutie-validat-deputat\/#breadcrumb"},"inLanguage":"ro-RO","potentialAction":[{"@type":"ReadAction","target":["https:\/\/mhf.ro\/mm\/toba-suspect-de-crime-la-revolutie-validat-deputat\/"]}]},{"@type":"ImageObject","inLanguage":"ro-RO","@id":"https:\/\/mhf.ro\/mm\/toba-suspect-de-crime-la-revolutie-validat-deputat\/#primaryimage","url":"https:\/\/mhf.ro\/mm\/wp-content\/uploads\/2021\/02\/francisc-toba-7.jpg","contentUrl":"https:\/\/mhf.ro\/mm\/wp-content\/uploads\/2021\/02\/francisc-toba-7.jpg","width":838,"height":445},{"@type":"BreadcrumbList","@id":"https:\/\/mhf.ro\/mm\/toba-suspect-de-crime-la-revolutie-validat-deputat\/#breadcrumb","itemListElement":[{"@type":"ListItem","position":1,"name":"Prima pagin\u0103","item":"https:\/\/mhf.ro\/mm\/"},{"@type":"ListItem","position":2,"name":"Tob\u0103, suspect de crime la Revolu\u021bie, validat deputat"}]},{"@type":"WebSite","@id":"https:\/\/mhf.ro\/mm\/#website","url":"https:\/\/mhf.ro\/mm\/","name":"MHF Photography \u2013 Blog de fotografie, natur\u0103 \u0219i tehnic\u0103 divers\u0103","description":"Aventur\u0103 \u00een fiecare cadru.","publisher":{"@id":"https:\/\/mhf.ro\/mm\/#\/schema\/person\/a3bebf7bdb4bf12f698aff73c7e46c21"},"potentialAction":[{"@type":"SearchAction","target":{"@type":"EntryPoint","urlTemplate":"https:\/\/mhf.ro\/mm\/?s={search_term_string}"},"query-input":{"@type":"PropertyValueSpecification","valueRequired":true,"valueName":"search_term_string"}}],"inLanguage":"ro-RO"},{"@type":["Person","Organization"],"@id":"https:\/\/mhf.ro\/mm\/#\/schema\/person\/a3bebf7bdb4bf12f698aff73c7e46c21","name":"Marius Marcu","image":{"@type":"ImageObject","inLanguage":"ro-RO","@id":"https:\/\/mhf.ro\/mm\/#\/schema\/person\/image\/","url":"https:\/\/mhf.ro\/mm\/wp-content\/uploads\/2025\/12\/cropped-logo_mhf_2.png","contentUrl":"https:\/\/mhf.ro\/mm\/wp-content\/uploads\/2025\/12\/cropped-logo_mhf_2.png","width":1096,"height":457,"caption":"Marius Marcu"},"logo":{"@id":"https:\/\/mhf.ro\/mm\/#\/schema\/person\/image\/"},"sameAs":["https:\/\/mhf.ro\/mm"],"url":"https:\/\/mhf.ro\/mm\/author\/mihai\/"}]}},"_links":{"self":[{"href":"https:\/\/mhf.ro\/mm\/wp-json\/wp\/v2\/posts\/4178","targetHints":{"allow":["GET"]}}],"collection":[{"href":"https:\/\/mhf.ro\/mm\/wp-json\/wp\/v2\/posts"}],"about":[{"href":"https:\/\/mhf.ro\/mm\/wp-json\/wp\/v2\/types\/post"}],"author":[{"embeddable":true,"href":"https:\/\/mhf.ro\/mm\/wp-json\/wp\/v2\/users\/1"}],"replies":[{"embeddable":true,"href":"https:\/\/mhf.ro\/mm\/wp-json\/wp\/v2\/comments?post=4178"}],"version-history":[{"count":2,"href":"https:\/\/mhf.ro\/mm\/wp-json\/wp\/v2\/posts\/4178\/revisions"}],"predecessor-version":[{"id":10112,"href":"https:\/\/mhf.ro\/mm\/wp-json\/wp\/v2\/posts\/4178\/revisions\/10112"}],"wp:featuredmedia":[{"embeddable":true,"href":"https:\/\/mhf.ro\/mm\/wp-json\/wp\/v2\/media\/4179"}],"wp:attachment":[{"href":"https:\/\/mhf.ro\/mm\/wp-json\/wp\/v2\/media?parent=4178"}],"wp:term":[{"taxonomy":"category","embeddable":true,"href":"https:\/\/mhf.ro\/mm\/wp-json\/wp\/v2\/categories?post=4178"},{"taxonomy":"post_tag","embeddable":true,"href":"https:\/\/mhf.ro\/mm\/wp-json\/wp\/v2\/tags?post=4178"}],"curies":[{"name":"wp","href":"https:\/\/api.w.org\/{rel}","templated":true}]}}