{"id":4181,"date":"2021-02-17T15:58:43","date_gmt":"2021-02-17T13:58:43","guid":{"rendered":"https:\/\/mhf.ro\/mm\/?p=4181"},"modified":"2025-12-26T13:28:00","modified_gmt":"2025-12-26T11:28:00","slug":"ceai-de-sunatoare","status":"publish","type":"post","link":"https:\/\/mhf.ro\/mm\/ceai-de-sunatoare\/","title":{"rendered":"Tratament natural &#8211; Ceai de sun\u0103toare"},"content":{"rendered":"<p><b>Sun\u0103toarea<\/b> (<i>Hypericum perforatum<\/i>) (alte denumiri: pojarni\u021b\u0103, regionalisme: drobi\u0219or, f\u0103lc\u0103\u021bea, harnic\u0103, \u00eencheg\u0103toare) este o plant\u0103 erbacee, peren\u0103, cu tulpin\u0103 dreapt\u0103, ramificat\u0103 \u00een partea superioar\u0103, u\u0219or lemnoas\u0103 \u00een partea de jos, prev\u0103zut\u0103 de-a lungul ei cu dou\u0103 muchii, glabr\u0103 \u0219i \u00eenalt\u0103 p\u00e2n\u0103 la 1m. Frunzele, dispuse opus, sunt sesile, oval-eliptice, glabre \u0219i con\u021bin numeroase pungi secretoare, d\u00e2nd impresia c\u0103 prezint\u0103 puncte translucide (c\u00e2nd sunt examinate prin transparen\u021b\u0103), de unde \u0219i denumirea de &#8222;perforatum&#8221; dat\u0103 acestei specii. Florile sunt grupate \u00een v\u00e2rful tulpinii \u0219i ramurilor, sunt hermafrodite, pentamere; periantul este format din 5 sepale \u0219i 5 petale de culoare galben-aurie, iar androceul din stamine numeroase. \u00cenflore\u0219te din iunie p\u00e2n\u0103 \u00een septembrie. Fructul este o capsul\u0103 oval\u0103.<\/p>\n<p><a href=\"https:\/\/mhf.ro\/mm\/wp-content\/uploads\/2021\/02\/Sunatoare_ceai_6.jpg\"><img fetchpriority=\"high\" decoding=\"async\" class=\"alignnone wp-image-4182 size-medium\" src=\"https:\/\/mhf.ro\/mm\/wp-content\/uploads\/2021\/02\/Sunatoare_ceai_6-300x217.jpg\" alt=\"\" width=\"300\" height=\"217\" srcset=\"https:\/\/mhf.ro\/mm\/wp-content\/uploads\/2021\/02\/Sunatoare_ceai_6-300x217.jpg 300w, https:\/\/mhf.ro\/mm\/wp-content\/uploads\/2021\/02\/Sunatoare_ceai_6-1024x739.jpg 1024w, https:\/\/mhf.ro\/mm\/wp-content\/uploads\/2021\/02\/Sunatoare_ceai_6-768x554.jpg 768w, https:\/\/mhf.ro\/mm\/wp-content\/uploads\/2021\/02\/Sunatoare_ceai_6.jpg 1280w\" sizes=\"(max-width: 300px) 100vw, 300px\" \/><\/a><\/p>\n<p>Produsul vegetal folosit \u00een produsele terapeutice este reprezentat de p\u0103r\u021bile terminale (de 20\u201330\u00a0cm) \u00eenflorite (<i>Herba Hyperici<\/i>). Florile de sun\u0103toare se culeg \u00een zile uscate \u0219i \u00eensorite, din iunie \u0219i p\u00e2n\u0103 \u00een septembrie, prin t\u0103iere cu foarfeca. Se usuc\u0103 la umbr\u0103, \u00een loc bine aerisit, \u00eentinse \u00een strat sub\u021bire, pe h\u00e2rtie sau p\u00e2nz\u0103. Dup\u0103 uscare, se p\u0103streaz\u0103 \u00een pungi de h\u00e2rtie ori s\u0103cule\u021bi de p\u00e2nz\u0103 \u00een locuri uscate \u0219i \u00eentunecate.<\/p>\n<p>Ca \u0219i principii active, sun\u0103toarea este bogat\u0103 \u00een deriva\u021bi antracenici (hipericin\u0103, pseudohipericin\u0103), uleiuri volatile, flavonozide av\u00e2nd ca aglicon hiperina, acizii cafeic \u0219i clorogenic, taninuri.<\/p>\n<p>Ac\u021biune farmacologic\u0103: datorit\u0103 hipericinei \u0219i pseudohipericinei, uleiului volatil \u0219i taninurilor, produsul are ac\u021biune antiseptic\u0103, astringent\u0103 \u0219i cicatrizant\u0103. Flavonozidele sunt r\u0103spunz\u0103toare de ac\u021biunea vasodilatatoare \u0219i hipotensiv\u0103. Acizii clorogenic \u0219i cafeic explic\u0103 propriet\u0103\u021bile antiinflamatoare \u0219i colagoge ale plantei. (preluat ro.wikipedia.org)<\/p>\n<p>&nbsp;<\/p>\n","protected":false},"excerpt":{"rendered":"<p>Sun\u0103toarea (Hypericum perforatum) (alte denumiri: pojarni\u021b\u0103, regionalisme: drobi\u0219or, f\u0103lc\u0103\u021bea, harnic\u0103, \u00eencheg\u0103toare) este o plant\u0103 erbacee, peren\u0103, cu tulpin\u0103 dreapt\u0103, ramificat\u0103<\/p>\n","protected":false},"author":1,"featured_media":4183,"comment_status":"open","ping_status":"open","sticky":false,"template":"","format":"standard","meta":{"colormag_page_container_layout":"default_layout","colormag_page_sidebar_layout":"default_layout","footnotes":""},"categories":[7],"tags":[],"class_list":["post-4181","post","type-post","status-publish","format-standard","has-post-thumbnail","hentry","category-nat"],"yoast_head":"<!-- This site is optimized with the Yoast SEO plugin v27.0 - https:\/\/yoast.com\/product\/yoast-seo-wordpress\/ -->\n<title>Tratament natural - Ceai de sun\u0103toare - MHF Photography<\/title>\n<meta name=\"description\" content=\"Florile de sun\u0103toare se culeg \u00een zile uscate \u0219i \u00eensorite, din iunie \u0219i p\u00e2n\u0103 \u00een septembrie, prin t\u0103iere cu foarfeca.\" \/>\n<meta name=\"robots\" content=\"index, follow, max-snippet:-1, max-image-preview:large, max-video-preview:-1\" \/>\n<link rel=\"canonical\" href=\"https:\/\/mhf.ro\/mm\/ceai-de-sunatoare\/\" \/>\n<meta property=\"og:locale\" content=\"ro_RO\" \/>\n<meta property=\"og:type\" content=\"article\" \/>\n<meta property=\"og:title\" content=\"Tratament natural - Ceai de sun\u0103toare - MHF Photography\" \/>\n<meta property=\"og:description\" content=\"Florile de sun\u0103toare se culeg \u00een zile uscate \u0219i \u00eensorite, din iunie \u0219i p\u00e2n\u0103 \u00een septembrie, prin t\u0103iere cu foarfeca.\" \/>\n<meta property=\"og:url\" content=\"https:\/\/mhf.ro\/mm\/ceai-de-sunatoare\/\" \/>\n<meta property=\"og:site_name\" content=\"MHF Photography\" \/>\n<meta property=\"article:published_time\" content=\"2021-02-17T13:58:43+00:00\" \/>\n<meta property=\"article:modified_time\" content=\"2025-12-26T11:28:00+00:00\" \/>\n<meta property=\"og:image\" content=\"https:\/\/mhf.ro\/mm\/wp-content\/uploads\/2021\/02\/Sunatoare_ceai.jpg\" \/>\n\t<meta property=\"og:image:width\" content=\"1280\" \/>\n\t<meta property=\"og:image:height\" content=\"838\" \/>\n\t<meta property=\"og:image:type\" content=\"image\/jpeg\" \/>\n<meta name=\"author\" content=\"Marius Marcu\" \/>\n<meta name=\"twitter:card\" content=\"summary_large_image\" \/>\n<meta name=\"twitter:label1\" content=\"Scris de\" \/>\n\t<meta name=\"twitter:data1\" content=\"Marius Marcu\" \/>\n\t<meta name=\"twitter:label2\" content=\"Timp estimat pentru citire\" \/>\n\t<meta name=\"twitter:data2\" content=\"2 minute\" \/>\n<script type=\"application\/ld+json\" class=\"yoast-schema-graph\">{\"@context\":\"https:\/\/schema.org\",\"@graph\":[{\"@type\":\"Article\",\"@id\":\"https:\/\/mhf.ro\/mm\/ceai-de-sunatoare\/#article\",\"isPartOf\":{\"@id\":\"https:\/\/mhf.ro\/mm\/ceai-de-sunatoare\/\"},\"author\":{\"name\":\"Marius Marcu\",\"@id\":\"https:\/\/mhf.ro\/mm\/#\/schema\/person\/a3bebf7bdb4bf12f698aff73c7e46c21\"},\"headline\":\"Tratament natural &#8211; Ceai de sun\u0103toare\",\"datePublished\":\"2021-02-17T13:58:43+00:00\",\"dateModified\":\"2025-12-26T11:28:00+00:00\",\"mainEntityOfPage\":{\"@id\":\"https:\/\/mhf.ro\/mm\/ceai-de-sunatoare\/\"},\"wordCount\":288,\"commentCount\":0,\"publisher\":{\"@id\":\"https:\/\/mhf.ro\/mm\/#\/schema\/person\/a3bebf7bdb4bf12f698aff73c7e46c21\"},\"image\":{\"@id\":\"https:\/\/mhf.ro\/mm\/ceai-de-sunatoare\/#primaryimage\"},\"thumbnailUrl\":\"https:\/\/mhf.ro\/mm\/wp-content\/uploads\/2021\/02\/Sunatoare_ceai.jpg\",\"articleSection\":[\"Natura\"],\"inLanguage\":\"ro-RO\",\"potentialAction\":[{\"@type\":\"CommentAction\",\"name\":\"Comment\",\"target\":[\"https:\/\/mhf.ro\/mm\/ceai-de-sunatoare\/#respond\"]}]},{\"@type\":\"WebPage\",\"@id\":\"https:\/\/mhf.ro\/mm\/ceai-de-sunatoare\/\",\"url\":\"https:\/\/mhf.ro\/mm\/ceai-de-sunatoare\/\",\"name\":\"Tratament natural - Ceai de sun\u0103toare - MHF Photography\",\"isPartOf\":{\"@id\":\"https:\/\/mhf.ro\/mm\/#website\"},\"primaryImageOfPage\":{\"@id\":\"https:\/\/mhf.ro\/mm\/ceai-de-sunatoare\/#primaryimage\"},\"image\":{\"@id\":\"https:\/\/mhf.ro\/mm\/ceai-de-sunatoare\/#primaryimage\"},\"thumbnailUrl\":\"https:\/\/mhf.ro\/mm\/wp-content\/uploads\/2021\/02\/Sunatoare_ceai.jpg\",\"datePublished\":\"2021-02-17T13:58:43+00:00\",\"dateModified\":\"2025-12-26T11:28:00+00:00\",\"description\":\"Florile de sun\u0103toare se culeg \u00een zile uscate \u0219i \u00eensorite, din iunie \u0219i p\u00e2n\u0103 \u00een septembrie, prin t\u0103iere cu foarfeca.\",\"breadcrumb\":{\"@id\":\"https:\/\/mhf.ro\/mm\/ceai-de-sunatoare\/#breadcrumb\"},\"inLanguage\":\"ro-RO\",\"potentialAction\":[{\"@type\":\"ReadAction\",\"target\":[\"https:\/\/mhf.ro\/mm\/ceai-de-sunatoare\/\"]}]},{\"@type\":\"ImageObject\",\"inLanguage\":\"ro-RO\",\"@id\":\"https:\/\/mhf.ro\/mm\/ceai-de-sunatoare\/#primaryimage\",\"url\":\"https:\/\/mhf.ro\/mm\/wp-content\/uploads\/2021\/02\/Sunatoare_ceai.jpg\",\"contentUrl\":\"https:\/\/mhf.ro\/mm\/wp-content\/uploads\/2021\/02\/Sunatoare_ceai.jpg\",\"width\":1280,\"height\":838},{\"@type\":\"BreadcrumbList\",\"@id\":\"https:\/\/mhf.ro\/mm\/ceai-de-sunatoare\/#breadcrumb\",\"itemListElement\":[{\"@type\":\"ListItem\",\"position\":1,\"name\":\"Prima pagin\u0103\",\"item\":\"https:\/\/mhf.ro\/mm\/\"},{\"@type\":\"ListItem\",\"position\":2,\"name\":\"Tratament natural &#8211; Ceai de sun\u0103toare\"}]},{\"@type\":\"WebSite\",\"@id\":\"https:\/\/mhf.ro\/mm\/#website\",\"url\":\"https:\/\/mhf.ro\/mm\/\",\"name\":\"MHF Photography \u2013 Blog de fotografie, natur\u0103 \u0219i tehnic\u0103 divers\u0103\",\"description\":\"Aventur\u0103 \u00een fiecare cadru.\",\"publisher\":{\"@id\":\"https:\/\/mhf.ro\/mm\/#\/schema\/person\/a3bebf7bdb4bf12f698aff73c7e46c21\"},\"potentialAction\":[{\"@type\":\"SearchAction\",\"target\":{\"@type\":\"EntryPoint\",\"urlTemplate\":\"https:\/\/mhf.ro\/mm\/?s={search_term_string}\"},\"query-input\":{\"@type\":\"PropertyValueSpecification\",\"valueRequired\":true,\"valueName\":\"search_term_string\"}}],\"inLanguage\":\"ro-RO\"},{\"@type\":[\"Person\",\"Organization\"],\"@id\":\"https:\/\/mhf.ro\/mm\/#\/schema\/person\/a3bebf7bdb4bf12f698aff73c7e46c21\",\"name\":\"Marius Marcu\",\"image\":{\"@type\":\"ImageObject\",\"inLanguage\":\"ro-RO\",\"@id\":\"https:\/\/mhf.ro\/mm\/#\/schema\/person\/image\/\",\"url\":\"https:\/\/mhf.ro\/mm\/wp-content\/uploads\/2025\/12\/cropped-logo_mhf_2.png\",\"contentUrl\":\"https:\/\/mhf.ro\/mm\/wp-content\/uploads\/2025\/12\/cropped-logo_mhf_2.png\",\"width\":1096,\"height\":457,\"caption\":\"Marius Marcu\"},\"logo\":{\"@id\":\"https:\/\/mhf.ro\/mm\/#\/schema\/person\/image\/\"},\"sameAs\":[\"https:\/\/mhf.ro\/mm\"],\"url\":\"https:\/\/mhf.ro\/mm\/author\/mihai\/\"}]}<\/script>\n<!-- \/ Yoast SEO plugin. -->","yoast_head_json":{"title":"Tratament natural - Ceai de sun\u0103toare - MHF Photography","description":"Florile de sun\u0103toare se culeg \u00een zile uscate \u0219i \u00eensorite, din iunie \u0219i p\u00e2n\u0103 \u00een septembrie, prin t\u0103iere cu foarfeca.","robots":{"index":"index","follow":"follow","max-snippet":"max-snippet:-1","max-image-preview":"max-image-preview:large","max-video-preview":"max-video-preview:-1"},"canonical":"https:\/\/mhf.ro\/mm\/ceai-de-sunatoare\/","og_locale":"ro_RO","og_type":"article","og_title":"Tratament natural - Ceai de sun\u0103toare - MHF Photography","og_description":"Florile de sun\u0103toare se culeg \u00een zile uscate \u0219i \u00eensorite, din iunie \u0219i p\u00e2n\u0103 \u00een septembrie, prin t\u0103iere cu foarfeca.","og_url":"https:\/\/mhf.ro\/mm\/ceai-de-sunatoare\/","og_site_name":"MHF Photography","article_published_time":"2021-02-17T13:58:43+00:00","article_modified_time":"2025-12-26T11:28:00+00:00","og_image":[{"width":1280,"height":838,"url":"https:\/\/mhf.ro\/mm\/wp-content\/uploads\/2021\/02\/Sunatoare_ceai.jpg","type":"image\/jpeg"}],"author":"Marius Marcu","twitter_card":"summary_large_image","twitter_misc":{"Scris de":"Marius Marcu","Timp estimat pentru citire":"2 minute"},"schema":{"@context":"https:\/\/schema.org","@graph":[{"@type":"Article","@id":"https:\/\/mhf.ro\/mm\/ceai-de-sunatoare\/#article","isPartOf":{"@id":"https:\/\/mhf.ro\/mm\/ceai-de-sunatoare\/"},"author":{"name":"Marius Marcu","@id":"https:\/\/mhf.ro\/mm\/#\/schema\/person\/a3bebf7bdb4bf12f698aff73c7e46c21"},"headline":"Tratament natural &#8211; Ceai de sun\u0103toare","datePublished":"2021-02-17T13:58:43+00:00","dateModified":"2025-12-26T11:28:00+00:00","mainEntityOfPage":{"@id":"https:\/\/mhf.ro\/mm\/ceai-de-sunatoare\/"},"wordCount":288,"commentCount":0,"publisher":{"@id":"https:\/\/mhf.ro\/mm\/#\/schema\/person\/a3bebf7bdb4bf12f698aff73c7e46c21"},"image":{"@id":"https:\/\/mhf.ro\/mm\/ceai-de-sunatoare\/#primaryimage"},"thumbnailUrl":"https:\/\/mhf.ro\/mm\/wp-content\/uploads\/2021\/02\/Sunatoare_ceai.jpg","articleSection":["Natura"],"inLanguage":"ro-RO","potentialAction":[{"@type":"CommentAction","name":"Comment","target":["https:\/\/mhf.ro\/mm\/ceai-de-sunatoare\/#respond"]}]},{"@type":"WebPage","@id":"https:\/\/mhf.ro\/mm\/ceai-de-sunatoare\/","url":"https:\/\/mhf.ro\/mm\/ceai-de-sunatoare\/","name":"Tratament natural - Ceai de sun\u0103toare - MHF Photography","isPartOf":{"@id":"https:\/\/mhf.ro\/mm\/#website"},"primaryImageOfPage":{"@id":"https:\/\/mhf.ro\/mm\/ceai-de-sunatoare\/#primaryimage"},"image":{"@id":"https:\/\/mhf.ro\/mm\/ceai-de-sunatoare\/#primaryimage"},"thumbnailUrl":"https:\/\/mhf.ro\/mm\/wp-content\/uploads\/2021\/02\/Sunatoare_ceai.jpg","datePublished":"2021-02-17T13:58:43+00:00","dateModified":"2025-12-26T11:28:00+00:00","description":"Florile de sun\u0103toare se culeg \u00een zile uscate \u0219i \u00eensorite, din iunie \u0219i p\u00e2n\u0103 \u00een septembrie, prin t\u0103iere cu foarfeca.","breadcrumb":{"@id":"https:\/\/mhf.ro\/mm\/ceai-de-sunatoare\/#breadcrumb"},"inLanguage":"ro-RO","potentialAction":[{"@type":"ReadAction","target":["https:\/\/mhf.ro\/mm\/ceai-de-sunatoare\/"]}]},{"@type":"ImageObject","inLanguage":"ro-RO","@id":"https:\/\/mhf.ro\/mm\/ceai-de-sunatoare\/#primaryimage","url":"https:\/\/mhf.ro\/mm\/wp-content\/uploads\/2021\/02\/Sunatoare_ceai.jpg","contentUrl":"https:\/\/mhf.ro\/mm\/wp-content\/uploads\/2021\/02\/Sunatoare_ceai.jpg","width":1280,"height":838},{"@type":"BreadcrumbList","@id":"https:\/\/mhf.ro\/mm\/ceai-de-sunatoare\/#breadcrumb","itemListElement":[{"@type":"ListItem","position":1,"name":"Prima pagin\u0103","item":"https:\/\/mhf.ro\/mm\/"},{"@type":"ListItem","position":2,"name":"Tratament natural &#8211; Ceai de sun\u0103toare"}]},{"@type":"WebSite","@id":"https:\/\/mhf.ro\/mm\/#website","url":"https:\/\/mhf.ro\/mm\/","name":"MHF Photography \u2013 Blog de fotografie, natur\u0103 \u0219i tehnic\u0103 divers\u0103","description":"Aventur\u0103 \u00een fiecare cadru.","publisher":{"@id":"https:\/\/mhf.ro\/mm\/#\/schema\/person\/a3bebf7bdb4bf12f698aff73c7e46c21"},"potentialAction":[{"@type":"SearchAction","target":{"@type":"EntryPoint","urlTemplate":"https:\/\/mhf.ro\/mm\/?s={search_term_string}"},"query-input":{"@type":"PropertyValueSpecification","valueRequired":true,"valueName":"search_term_string"}}],"inLanguage":"ro-RO"},{"@type":["Person","Organization"],"@id":"https:\/\/mhf.ro\/mm\/#\/schema\/person\/a3bebf7bdb4bf12f698aff73c7e46c21","name":"Marius Marcu","image":{"@type":"ImageObject","inLanguage":"ro-RO","@id":"https:\/\/mhf.ro\/mm\/#\/schema\/person\/image\/","url":"https:\/\/mhf.ro\/mm\/wp-content\/uploads\/2025\/12\/cropped-logo_mhf_2.png","contentUrl":"https:\/\/mhf.ro\/mm\/wp-content\/uploads\/2025\/12\/cropped-logo_mhf_2.png","width":1096,"height":457,"caption":"Marius Marcu"},"logo":{"@id":"https:\/\/mhf.ro\/mm\/#\/schema\/person\/image\/"},"sameAs":["https:\/\/mhf.ro\/mm"],"url":"https:\/\/mhf.ro\/mm\/author\/mihai\/"}]}},"_links":{"self":[{"href":"https:\/\/mhf.ro\/mm\/wp-json\/wp\/v2\/posts\/4181","targetHints":{"allow":["GET"]}}],"collection":[{"href":"https:\/\/mhf.ro\/mm\/wp-json\/wp\/v2\/posts"}],"about":[{"href":"https:\/\/mhf.ro\/mm\/wp-json\/wp\/v2\/types\/post"}],"author":[{"embeddable":true,"href":"https:\/\/mhf.ro\/mm\/wp-json\/wp\/v2\/users\/1"}],"replies":[{"embeddable":true,"href":"https:\/\/mhf.ro\/mm\/wp-json\/wp\/v2\/comments?post=4181"}],"version-history":[{"count":2,"href":"https:\/\/mhf.ro\/mm\/wp-json\/wp\/v2\/posts\/4181\/revisions"}],"predecessor-version":[{"id":10110,"href":"https:\/\/mhf.ro\/mm\/wp-json\/wp\/v2\/posts\/4181\/revisions\/10110"}],"wp:featuredmedia":[{"embeddable":true,"href":"https:\/\/mhf.ro\/mm\/wp-json\/wp\/v2\/media\/4183"}],"wp:attachment":[{"href":"https:\/\/mhf.ro\/mm\/wp-json\/wp\/v2\/media?parent=4181"}],"wp:term":[{"taxonomy":"category","embeddable":true,"href":"https:\/\/mhf.ro\/mm\/wp-json\/wp\/v2\/categories?post=4181"},{"taxonomy":"post_tag","embeddable":true,"href":"https:\/\/mhf.ro\/mm\/wp-json\/wp\/v2\/tags?post=4181"}],"curies":[{"name":"wp","href":"https:\/\/api.w.org\/{rel}","templated":true}]}}