{"id":4224,"date":"2021-02-18T08:22:35","date_gmt":"2021-02-18T06:22:35","guid":{"rendered":"https:\/\/mhf.ro\/mm\/?p=4224"},"modified":"2021-02-17T23:56:20","modified_gmt":"2021-02-17T21:56:20","slug":"parlamentul-a-adoptat-eliminarea-pensiilor-speciale","status":"publish","type":"post","link":"https:\/\/mhf.ro\/mm\/parlamentul-a-adoptat-eliminarea-pensiilor-speciale\/","title":{"rendered":"Parlamentul a adoptat eliminarea pensiilor speciale"},"content":{"rendered":"<p class=\"title\">Parlamentul a adoptat, miercuri,\u00a0 eliminarea pensiilor speciale ale deputa\u021bilor \u0219i senatorilor. Legea prevede c\u0103 nu se vor acorda nici pensiile aflate \u00een plat\u0103.<\/p>\n<p>Au fost 357 de voturi \u00een favoarea ini\u021biativei \u0219i niciunul \u00eempotriv\u0103. UDMR s-a ab\u021binut de la vot<\/p>\n<p>Prevederea poate fi contestat\u0103 la Curtea Constitu\u021bional\u0103.<\/p>\n<p>Proiectul de lege apar\u021bine PSD, dar \u00een el a fost inclus \u0219i un amendament depus de USR-PLUS potrivit c\u0103ruia, odat\u0103 cu intrarea \u00een vigoare a actului normativ, \u00eenceteaz\u0103 \u0219i plata pensiilor speciale aflate \u00een vigoare. Din cauza acestui amendament, lega ar putea pica la Curtea Constitu\u021bional\u0103. Judec\u0103torii CCR au stabilit deja c\u0103 o prevedere nu poate avea efecte \u00een trecut, \u0219i doar pe viitor, potrivit B1 TV.<\/p>\n<p>Statul rom\u00e2n pl\u0103te\u0219te aproximativ 37 de milioane lei pentru pensiile speciale a 870 fo\u0219ti parlamentari.(conf. jurnalist.ro)<\/p>\n","protected":false},"excerpt":{"rendered":"<p>Parlamentul a adoptat, miercuri,\u00a0 eliminarea pensiilor speciale ale deputa\u021bilor \u0219i senatorilor. Legea prevede c\u0103 nu se vor acorda nici pensiile<\/p>\n","protected":false},"author":1,"featured_media":4225,"comment_status":"open","ping_status":"open","sticky":false,"template":"","format":"standard","meta":{"colormag_page_container_layout":"default_layout","colormag_page_sidebar_layout":"default_layout","footnotes":""},"categories":[5],"tags":[],"class_list":["post-4224","post","type-post","status-publish","format-standard","has-post-thumbnail","hentry","category-locale"],"yoast_head":"<!-- This site is optimized with the Yoast SEO plugin v27.0 - https:\/\/yoast.com\/product\/yoast-seo-wordpress\/ -->\n<title>Parlamentul a adoptat eliminarea pensiilor speciale - MHF Photography<\/title>\n<meta name=\"description\" content=\"Parlamentul a adoptat, eliminarea pensiilor speciale ale deputa\u021bilor \u0219i senatorilor. Legea prevede c\u0103 nu se vor acorda nici pensiile aflate \u00een plat\u0103\" \/>\n<meta name=\"robots\" content=\"index, follow, max-snippet:-1, max-image-preview:large, max-video-preview:-1\" \/>\n<link rel=\"canonical\" href=\"https:\/\/mhf.ro\/mm\/parlamentul-a-adoptat-eliminarea-pensiilor-speciale\/\" \/>\n<meta property=\"og:locale\" content=\"ro_RO\" \/>\n<meta property=\"og:type\" content=\"article\" \/>\n<meta property=\"og:title\" content=\"Parlamentul a adoptat eliminarea pensiilor speciale - MHF Photography\" \/>\n<meta property=\"og:description\" content=\"Parlamentul a adoptat, eliminarea pensiilor speciale ale deputa\u021bilor \u0219i senatorilor. Legea prevede c\u0103 nu se vor acorda nici pensiile aflate \u00een plat\u0103\" \/>\n<meta property=\"og:url\" content=\"https:\/\/mhf.ro\/mm\/parlamentul-a-adoptat-eliminarea-pensiilor-speciale\/\" \/>\n<meta property=\"og:site_name\" content=\"MHF Photography\" \/>\n<meta property=\"article:published_time\" content=\"2021-02-18T06:22:35+00:00\" \/>\n<meta property=\"og:image\" content=\"https:\/\/mhf.ro\/mm\/wp-content\/uploads\/2021\/02\/parlament-olttv.jpg\" \/>\n\t<meta property=\"og:image:width\" content=\"790\" \/>\n\t<meta property=\"og:image:height\" content=\"445\" \/>\n\t<meta property=\"og:image:type\" content=\"image\/jpeg\" \/>\n<meta name=\"author\" content=\"Marius Marcu\" \/>\n<meta name=\"twitter:card\" content=\"summary_large_image\" \/>\n<meta name=\"twitter:label1\" content=\"Scris de\" \/>\n\t<meta name=\"twitter:data1\" content=\"Marius Marcu\" \/>\n\t<meta name=\"twitter:label2\" content=\"Timp estimat pentru citire\" \/>\n\t<meta name=\"twitter:data2\" content=\"1 minut\" \/>\n<script type=\"application\/ld+json\" class=\"yoast-schema-graph\">{\"@context\":\"https:\/\/schema.org\",\"@graph\":[{\"@type\":\"Article\",\"@id\":\"https:\/\/mhf.ro\/mm\/parlamentul-a-adoptat-eliminarea-pensiilor-speciale\/#article\",\"isPartOf\":{\"@id\":\"https:\/\/mhf.ro\/mm\/parlamentul-a-adoptat-eliminarea-pensiilor-speciale\/\"},\"author\":{\"name\":\"Marius Marcu\",\"@id\":\"https:\/\/mhf.ro\/mm\/#\/schema\/person\/a3bebf7bdb4bf12f698aff73c7e46c21\"},\"headline\":\"Parlamentul a adoptat eliminarea pensiilor speciale\",\"datePublished\":\"2021-02-18T06:22:35+00:00\",\"mainEntityOfPage\":{\"@id\":\"https:\/\/mhf.ro\/mm\/parlamentul-a-adoptat-eliminarea-pensiilor-speciale\/\"},\"wordCount\":147,\"commentCount\":0,\"publisher\":{\"@id\":\"https:\/\/mhf.ro\/mm\/#\/schema\/person\/a3bebf7bdb4bf12f698aff73c7e46c21\"},\"image\":{\"@id\":\"https:\/\/mhf.ro\/mm\/parlamentul-a-adoptat-eliminarea-pensiilor-speciale\/#primaryimage\"},\"thumbnailUrl\":\"https:\/\/mhf.ro\/mm\/wp-content\/uploads\/2021\/02\/parlament-olttv.jpg\",\"articleSection\":[\"Locale\"],\"inLanguage\":\"ro-RO\",\"potentialAction\":[{\"@type\":\"CommentAction\",\"name\":\"Comment\",\"target\":[\"https:\/\/mhf.ro\/mm\/parlamentul-a-adoptat-eliminarea-pensiilor-speciale\/#respond\"]}]},{\"@type\":\"WebPage\",\"@id\":\"https:\/\/mhf.ro\/mm\/parlamentul-a-adoptat-eliminarea-pensiilor-speciale\/\",\"url\":\"https:\/\/mhf.ro\/mm\/parlamentul-a-adoptat-eliminarea-pensiilor-speciale\/\",\"name\":\"Parlamentul a adoptat eliminarea pensiilor speciale - MHF Photography\",\"isPartOf\":{\"@id\":\"https:\/\/mhf.ro\/mm\/#website\"},\"primaryImageOfPage\":{\"@id\":\"https:\/\/mhf.ro\/mm\/parlamentul-a-adoptat-eliminarea-pensiilor-speciale\/#primaryimage\"},\"image\":{\"@id\":\"https:\/\/mhf.ro\/mm\/parlamentul-a-adoptat-eliminarea-pensiilor-speciale\/#primaryimage\"},\"thumbnailUrl\":\"https:\/\/mhf.ro\/mm\/wp-content\/uploads\/2021\/02\/parlament-olttv.jpg\",\"datePublished\":\"2021-02-18T06:22:35+00:00\",\"description\":\"Parlamentul a adoptat, eliminarea pensiilor speciale ale deputa\u021bilor \u0219i senatorilor. Legea prevede c\u0103 nu se vor acorda nici pensiile aflate \u00een plat\u0103\",\"breadcrumb\":{\"@id\":\"https:\/\/mhf.ro\/mm\/parlamentul-a-adoptat-eliminarea-pensiilor-speciale\/#breadcrumb\"},\"inLanguage\":\"ro-RO\",\"potentialAction\":[{\"@type\":\"ReadAction\",\"target\":[\"https:\/\/mhf.ro\/mm\/parlamentul-a-adoptat-eliminarea-pensiilor-speciale\/\"]}]},{\"@type\":\"ImageObject\",\"inLanguage\":\"ro-RO\",\"@id\":\"https:\/\/mhf.ro\/mm\/parlamentul-a-adoptat-eliminarea-pensiilor-speciale\/#primaryimage\",\"url\":\"https:\/\/mhf.ro\/mm\/wp-content\/uploads\/2021\/02\/parlament-olttv.jpg\",\"contentUrl\":\"https:\/\/mhf.ro\/mm\/wp-content\/uploads\/2021\/02\/parlament-olttv.jpg\",\"width\":790,\"height\":445},{\"@type\":\"BreadcrumbList\",\"@id\":\"https:\/\/mhf.ro\/mm\/parlamentul-a-adoptat-eliminarea-pensiilor-speciale\/#breadcrumb\",\"itemListElement\":[{\"@type\":\"ListItem\",\"position\":1,\"name\":\"Prima pagin\u0103\",\"item\":\"https:\/\/mhf.ro\/mm\/\"},{\"@type\":\"ListItem\",\"position\":2,\"name\":\"Parlamentul a adoptat eliminarea pensiilor speciale\"}]},{\"@type\":\"WebSite\",\"@id\":\"https:\/\/mhf.ro\/mm\/#website\",\"url\":\"https:\/\/mhf.ro\/mm\/\",\"name\":\"MHF Photography \u2013 Blog de fotografie, natur\u0103 \u0219i tehnic\u0103 divers\u0103\",\"description\":\"Aventur\u0103 \u00een fiecare cadru.\",\"publisher\":{\"@id\":\"https:\/\/mhf.ro\/mm\/#\/schema\/person\/a3bebf7bdb4bf12f698aff73c7e46c21\"},\"potentialAction\":[{\"@type\":\"SearchAction\",\"target\":{\"@type\":\"EntryPoint\",\"urlTemplate\":\"https:\/\/mhf.ro\/mm\/?s={search_term_string}\"},\"query-input\":{\"@type\":\"PropertyValueSpecification\",\"valueRequired\":true,\"valueName\":\"search_term_string\"}}],\"inLanguage\":\"ro-RO\"},{\"@type\":[\"Person\",\"Organization\"],\"@id\":\"https:\/\/mhf.ro\/mm\/#\/schema\/person\/a3bebf7bdb4bf12f698aff73c7e46c21\",\"name\":\"Marius Marcu\",\"image\":{\"@type\":\"ImageObject\",\"inLanguage\":\"ro-RO\",\"@id\":\"https:\/\/mhf.ro\/mm\/#\/schema\/person\/image\/\",\"url\":\"https:\/\/mhf.ro\/mm\/wp-content\/uploads\/2025\/12\/cropped-logo_mhf_2.png\",\"contentUrl\":\"https:\/\/mhf.ro\/mm\/wp-content\/uploads\/2025\/12\/cropped-logo_mhf_2.png\",\"width\":1096,\"height\":457,\"caption\":\"Marius Marcu\"},\"logo\":{\"@id\":\"https:\/\/mhf.ro\/mm\/#\/schema\/person\/image\/\"},\"sameAs\":[\"https:\/\/mhf.ro\/mm\"],\"url\":\"https:\/\/mhf.ro\/mm\/author\/mihai\/\"}]}<\/script>\n<!-- \/ Yoast SEO plugin. -->","yoast_head_json":{"title":"Parlamentul a adoptat eliminarea pensiilor speciale - MHF Photography","description":"Parlamentul a adoptat, eliminarea pensiilor speciale ale deputa\u021bilor \u0219i senatorilor. Legea prevede c\u0103 nu se vor acorda nici pensiile aflate \u00een plat\u0103","robots":{"index":"index","follow":"follow","max-snippet":"max-snippet:-1","max-image-preview":"max-image-preview:large","max-video-preview":"max-video-preview:-1"},"canonical":"https:\/\/mhf.ro\/mm\/parlamentul-a-adoptat-eliminarea-pensiilor-speciale\/","og_locale":"ro_RO","og_type":"article","og_title":"Parlamentul a adoptat eliminarea pensiilor speciale - MHF Photography","og_description":"Parlamentul a adoptat, eliminarea pensiilor speciale ale deputa\u021bilor \u0219i senatorilor. Legea prevede c\u0103 nu se vor acorda nici pensiile aflate \u00een plat\u0103","og_url":"https:\/\/mhf.ro\/mm\/parlamentul-a-adoptat-eliminarea-pensiilor-speciale\/","og_site_name":"MHF Photography","article_published_time":"2021-02-18T06:22:35+00:00","og_image":[{"width":790,"height":445,"url":"https:\/\/mhf.ro\/mm\/wp-content\/uploads\/2021\/02\/parlament-olttv.jpg","type":"image\/jpeg"}],"author":"Marius Marcu","twitter_card":"summary_large_image","twitter_misc":{"Scris de":"Marius Marcu","Timp estimat pentru citire":"1 minut"},"schema":{"@context":"https:\/\/schema.org","@graph":[{"@type":"Article","@id":"https:\/\/mhf.ro\/mm\/parlamentul-a-adoptat-eliminarea-pensiilor-speciale\/#article","isPartOf":{"@id":"https:\/\/mhf.ro\/mm\/parlamentul-a-adoptat-eliminarea-pensiilor-speciale\/"},"author":{"name":"Marius Marcu","@id":"https:\/\/mhf.ro\/mm\/#\/schema\/person\/a3bebf7bdb4bf12f698aff73c7e46c21"},"headline":"Parlamentul a adoptat eliminarea pensiilor speciale","datePublished":"2021-02-18T06:22:35+00:00","mainEntityOfPage":{"@id":"https:\/\/mhf.ro\/mm\/parlamentul-a-adoptat-eliminarea-pensiilor-speciale\/"},"wordCount":147,"commentCount":0,"publisher":{"@id":"https:\/\/mhf.ro\/mm\/#\/schema\/person\/a3bebf7bdb4bf12f698aff73c7e46c21"},"image":{"@id":"https:\/\/mhf.ro\/mm\/parlamentul-a-adoptat-eliminarea-pensiilor-speciale\/#primaryimage"},"thumbnailUrl":"https:\/\/mhf.ro\/mm\/wp-content\/uploads\/2021\/02\/parlament-olttv.jpg","articleSection":["Locale"],"inLanguage":"ro-RO","potentialAction":[{"@type":"CommentAction","name":"Comment","target":["https:\/\/mhf.ro\/mm\/parlamentul-a-adoptat-eliminarea-pensiilor-speciale\/#respond"]}]},{"@type":"WebPage","@id":"https:\/\/mhf.ro\/mm\/parlamentul-a-adoptat-eliminarea-pensiilor-speciale\/","url":"https:\/\/mhf.ro\/mm\/parlamentul-a-adoptat-eliminarea-pensiilor-speciale\/","name":"Parlamentul a adoptat eliminarea pensiilor speciale - MHF Photography","isPartOf":{"@id":"https:\/\/mhf.ro\/mm\/#website"},"primaryImageOfPage":{"@id":"https:\/\/mhf.ro\/mm\/parlamentul-a-adoptat-eliminarea-pensiilor-speciale\/#primaryimage"},"image":{"@id":"https:\/\/mhf.ro\/mm\/parlamentul-a-adoptat-eliminarea-pensiilor-speciale\/#primaryimage"},"thumbnailUrl":"https:\/\/mhf.ro\/mm\/wp-content\/uploads\/2021\/02\/parlament-olttv.jpg","datePublished":"2021-02-18T06:22:35+00:00","description":"Parlamentul a adoptat, eliminarea pensiilor speciale ale deputa\u021bilor \u0219i senatorilor. Legea prevede c\u0103 nu se vor acorda nici pensiile aflate \u00een plat\u0103","breadcrumb":{"@id":"https:\/\/mhf.ro\/mm\/parlamentul-a-adoptat-eliminarea-pensiilor-speciale\/#breadcrumb"},"inLanguage":"ro-RO","potentialAction":[{"@type":"ReadAction","target":["https:\/\/mhf.ro\/mm\/parlamentul-a-adoptat-eliminarea-pensiilor-speciale\/"]}]},{"@type":"ImageObject","inLanguage":"ro-RO","@id":"https:\/\/mhf.ro\/mm\/parlamentul-a-adoptat-eliminarea-pensiilor-speciale\/#primaryimage","url":"https:\/\/mhf.ro\/mm\/wp-content\/uploads\/2021\/02\/parlament-olttv.jpg","contentUrl":"https:\/\/mhf.ro\/mm\/wp-content\/uploads\/2021\/02\/parlament-olttv.jpg","width":790,"height":445},{"@type":"BreadcrumbList","@id":"https:\/\/mhf.ro\/mm\/parlamentul-a-adoptat-eliminarea-pensiilor-speciale\/#breadcrumb","itemListElement":[{"@type":"ListItem","position":1,"name":"Prima pagin\u0103","item":"https:\/\/mhf.ro\/mm\/"},{"@type":"ListItem","position":2,"name":"Parlamentul a adoptat eliminarea pensiilor speciale"}]},{"@type":"WebSite","@id":"https:\/\/mhf.ro\/mm\/#website","url":"https:\/\/mhf.ro\/mm\/","name":"MHF Photography \u2013 Blog de fotografie, natur\u0103 \u0219i tehnic\u0103 divers\u0103","description":"Aventur\u0103 \u00een fiecare cadru.","publisher":{"@id":"https:\/\/mhf.ro\/mm\/#\/schema\/person\/a3bebf7bdb4bf12f698aff73c7e46c21"},"potentialAction":[{"@type":"SearchAction","target":{"@type":"EntryPoint","urlTemplate":"https:\/\/mhf.ro\/mm\/?s={search_term_string}"},"query-input":{"@type":"PropertyValueSpecification","valueRequired":true,"valueName":"search_term_string"}}],"inLanguage":"ro-RO"},{"@type":["Person","Organization"],"@id":"https:\/\/mhf.ro\/mm\/#\/schema\/person\/a3bebf7bdb4bf12f698aff73c7e46c21","name":"Marius Marcu","image":{"@type":"ImageObject","inLanguage":"ro-RO","@id":"https:\/\/mhf.ro\/mm\/#\/schema\/person\/image\/","url":"https:\/\/mhf.ro\/mm\/wp-content\/uploads\/2025\/12\/cropped-logo_mhf_2.png","contentUrl":"https:\/\/mhf.ro\/mm\/wp-content\/uploads\/2025\/12\/cropped-logo_mhf_2.png","width":1096,"height":457,"caption":"Marius Marcu"},"logo":{"@id":"https:\/\/mhf.ro\/mm\/#\/schema\/person\/image\/"},"sameAs":["https:\/\/mhf.ro\/mm"],"url":"https:\/\/mhf.ro\/mm\/author\/mihai\/"}]}},"_links":{"self":[{"href":"https:\/\/mhf.ro\/mm\/wp-json\/wp\/v2\/posts\/4224","targetHints":{"allow":["GET"]}}],"collection":[{"href":"https:\/\/mhf.ro\/mm\/wp-json\/wp\/v2\/posts"}],"about":[{"href":"https:\/\/mhf.ro\/mm\/wp-json\/wp\/v2\/types\/post"}],"author":[{"embeddable":true,"href":"https:\/\/mhf.ro\/mm\/wp-json\/wp\/v2\/users\/1"}],"replies":[{"embeddable":true,"href":"https:\/\/mhf.ro\/mm\/wp-json\/wp\/v2\/comments?post=4224"}],"version-history":[{"count":1,"href":"https:\/\/mhf.ro\/mm\/wp-json\/wp\/v2\/posts\/4224\/revisions"}],"predecessor-version":[{"id":4226,"href":"https:\/\/mhf.ro\/mm\/wp-json\/wp\/v2\/posts\/4224\/revisions\/4226"}],"wp:featuredmedia":[{"embeddable":true,"href":"https:\/\/mhf.ro\/mm\/wp-json\/wp\/v2\/media\/4225"}],"wp:attachment":[{"href":"https:\/\/mhf.ro\/mm\/wp-json\/wp\/v2\/media?parent=4224"}],"wp:term":[{"taxonomy":"category","embeddable":true,"href":"https:\/\/mhf.ro\/mm\/wp-json\/wp\/v2\/categories?post=4224"},{"taxonomy":"post_tag","embeddable":true,"href":"https:\/\/mhf.ro\/mm\/wp-json\/wp\/v2\/tags?post=4224"}],"curies":[{"name":"wp","href":"https:\/\/api.w.org\/{rel}","templated":true}]}}