{"id":4227,"date":"2021-02-18T08:41:53","date_gmt":"2021-02-18T06:41:53","guid":{"rendered":"https:\/\/mhf.ro\/mm\/?p=4227"},"modified":"2021-02-18T08:41:53","modified_gmt":"2021-02-18T06:41:53","slug":"evazionistii-scapa-de-inchisoare-unda-verde-de-la-ccr","status":"publish","type":"post","link":"https:\/\/mhf.ro\/mm\/evazionistii-scapa-de-inchisoare-unda-verde-de-la-ccr\/","title":{"rendered":"Evazioni\u0219tii scap\u0103 de \u00eenchisoare. Und\u0103 verde de la CCR"},"content":{"rendered":"<p class=\"western\">Curtea Constitu\u021bional\u0103 a Rom\u00e2niei d\u0103 und\u0103 verde pentru legea prin care evazioni\u0219tii scap\u0103 de \u00eenchisoare. Judec\u0103torii au respins, miercuri, sesiz\u0103rile ICCJ, Guvernului \u0219i Avocatului Poporului asupra acestei legi.<\/p>\n<p>CCR a stabilit c\u0103 actul normativ este constitu\u021bional, au precizat, pentru Agerpres, surse oficiale.<\/p>\n<p>Reamintim c\u0103 deputa\u021bii au adoptat aceast\u0103 lege \u00een ultima \u0219edin\u021b\u0103 de plen a fostei legislaturi. Actul normativ, ini\u021biat de fostul deputat PSD C\u0103t\u0103lin R\u0103dulescu \u2013 \u201dMitralier\u0103\u201d, \u00eei scap\u0103 de \u00eenchisoare pe cei inculpa\u021bi pentru evaziune fiscal\u0103 dac\u0103 prejudiciul este p\u00e2n\u0103 la 100.000 de euro \u0219i dac\u0103 \u00eel achit\u0103 integral. (conf jurnalist.ro)<\/p>\n","protected":false},"excerpt":{"rendered":"<p>Curtea Constitu\u021bional\u0103 a Rom\u00e2niei d\u0103 und\u0103 verde pentru legea prin care evazioni\u0219tii scap\u0103 de \u00eenchisoare. Judec\u0103torii au respins, miercuri, sesiz\u0103rile<\/p>\n","protected":false},"author":1,"featured_media":4228,"comment_status":"open","ping_status":"open","sticky":false,"template":"","format":"standard","meta":{"colormag_page_container_layout":"default_layout","colormag_page_sidebar_layout":"default_layout","footnotes":""},"categories":[8],"tags":[],"class_list":["post-4227","post","type-post","status-publish","format-standard","has-post-thumbnail","hentry","category-div"],"yoast_head":"<!-- This site is optimized with the Yoast SEO plugin v27.0 - https:\/\/yoast.com\/product\/yoast-seo-wordpress\/ -->\n<title>Evazioni\u0219tii scap\u0103 de \u00eenchisoare. Und\u0103 verde de la CCR - MHF Photography<\/title>\n<meta name=\"description\" content=\"Curtea Constitu\u021bional\u0103 a Rom\u00e2niei d\u0103 und\u0103 verde pentru legea prin care evazioni\u0219tii scap\u0103 de \u00eenchisoare. Judec\u0103torii au respins ...\" \/>\n<meta name=\"robots\" content=\"index, follow, max-snippet:-1, max-image-preview:large, max-video-preview:-1\" \/>\n<link rel=\"canonical\" href=\"https:\/\/mhf.ro\/mm\/evazionistii-scapa-de-inchisoare-unda-verde-de-la-ccr\/\" \/>\n<meta property=\"og:locale\" content=\"ro_RO\" \/>\n<meta property=\"og:type\" content=\"article\" \/>\n<meta property=\"og:title\" content=\"Evazioni\u0219tii scap\u0103 de \u00eenchisoare. Und\u0103 verde de la CCR - MHF Photography\" \/>\n<meta property=\"og:description\" content=\"Curtea Constitu\u021bional\u0103 a Rom\u00e2niei d\u0103 und\u0103 verde pentru legea prin care evazioni\u0219tii scap\u0103 de \u00eenchisoare. Judec\u0103torii au respins ...\" \/>\n<meta property=\"og:url\" content=\"https:\/\/mhf.ro\/mm\/evazionistii-scapa-de-inchisoare-unda-verde-de-la-ccr\/\" \/>\n<meta property=\"og:site_name\" content=\"MHF Photography\" \/>\n<meta property=\"article:published_time\" content=\"2021-02-18T06:41:53+00:00\" \/>\n<meta property=\"og:image\" content=\"https:\/\/mhf.ro\/mm\/wp-content\/uploads\/2021\/02\/evaziune-668x445-1.jpg\" \/>\n\t<meta property=\"og:image:width\" content=\"668\" \/>\n\t<meta property=\"og:image:height\" content=\"445\" \/>\n\t<meta property=\"og:image:type\" content=\"image\/jpeg\" \/>\n<meta name=\"author\" content=\"Marius Marcu\" \/>\n<meta name=\"twitter:card\" content=\"summary_large_image\" \/>\n<meta name=\"twitter:label1\" content=\"Scris de\" \/>\n\t<meta name=\"twitter:data1\" content=\"Marius Marcu\" \/>\n\t<meta name=\"twitter:label2\" content=\"Timp estimat pentru citire\" \/>\n\t<meta name=\"twitter:data2\" content=\"1 minut\" \/>\n<script type=\"application\/ld+json\" class=\"yoast-schema-graph\">{\"@context\":\"https:\/\/schema.org\",\"@graph\":[{\"@type\":\"Article\",\"@id\":\"https:\/\/mhf.ro\/mm\/evazionistii-scapa-de-inchisoare-unda-verde-de-la-ccr\/#article\",\"isPartOf\":{\"@id\":\"https:\/\/mhf.ro\/mm\/evazionistii-scapa-de-inchisoare-unda-verde-de-la-ccr\/\"},\"author\":{\"name\":\"Marius Marcu\",\"@id\":\"https:\/\/mhf.ro\/mm\/#\/schema\/person\/a3bebf7bdb4bf12f698aff73c7e46c21\"},\"headline\":\"Evazioni\u0219tii scap\u0103 de \u00eenchisoare. Und\u0103 verde de la CCR\",\"datePublished\":\"2021-02-18T06:41:53+00:00\",\"mainEntityOfPage\":{\"@id\":\"https:\/\/mhf.ro\/mm\/evazionistii-scapa-de-inchisoare-unda-verde-de-la-ccr\/\"},\"wordCount\":115,\"commentCount\":0,\"publisher\":{\"@id\":\"https:\/\/mhf.ro\/mm\/#\/schema\/person\/a3bebf7bdb4bf12f698aff73c7e46c21\"},\"image\":{\"@id\":\"https:\/\/mhf.ro\/mm\/evazionistii-scapa-de-inchisoare-unda-verde-de-la-ccr\/#primaryimage\"},\"thumbnailUrl\":\"https:\/\/mhf.ro\/mm\/wp-content\/uploads\/2021\/02\/evaziune-668x445-1.jpg\",\"articleSection\":[\"Diverse\"],\"inLanguage\":\"ro-RO\",\"potentialAction\":[{\"@type\":\"CommentAction\",\"name\":\"Comment\",\"target\":[\"https:\/\/mhf.ro\/mm\/evazionistii-scapa-de-inchisoare-unda-verde-de-la-ccr\/#respond\"]}]},{\"@type\":\"WebPage\",\"@id\":\"https:\/\/mhf.ro\/mm\/evazionistii-scapa-de-inchisoare-unda-verde-de-la-ccr\/\",\"url\":\"https:\/\/mhf.ro\/mm\/evazionistii-scapa-de-inchisoare-unda-verde-de-la-ccr\/\",\"name\":\"Evazioni\u0219tii scap\u0103 de \u00eenchisoare. Und\u0103 verde de la CCR - MHF Photography\",\"isPartOf\":{\"@id\":\"https:\/\/mhf.ro\/mm\/#website\"},\"primaryImageOfPage\":{\"@id\":\"https:\/\/mhf.ro\/mm\/evazionistii-scapa-de-inchisoare-unda-verde-de-la-ccr\/#primaryimage\"},\"image\":{\"@id\":\"https:\/\/mhf.ro\/mm\/evazionistii-scapa-de-inchisoare-unda-verde-de-la-ccr\/#primaryimage\"},\"thumbnailUrl\":\"https:\/\/mhf.ro\/mm\/wp-content\/uploads\/2021\/02\/evaziune-668x445-1.jpg\",\"datePublished\":\"2021-02-18T06:41:53+00:00\",\"description\":\"Curtea Constitu\u021bional\u0103 a Rom\u00e2niei d\u0103 und\u0103 verde pentru legea prin care evazioni\u0219tii scap\u0103 de \u00eenchisoare. Judec\u0103torii au respins ...\",\"breadcrumb\":{\"@id\":\"https:\/\/mhf.ro\/mm\/evazionistii-scapa-de-inchisoare-unda-verde-de-la-ccr\/#breadcrumb\"},\"inLanguage\":\"ro-RO\",\"potentialAction\":[{\"@type\":\"ReadAction\",\"target\":[\"https:\/\/mhf.ro\/mm\/evazionistii-scapa-de-inchisoare-unda-verde-de-la-ccr\/\"]}]},{\"@type\":\"ImageObject\",\"inLanguage\":\"ro-RO\",\"@id\":\"https:\/\/mhf.ro\/mm\/evazionistii-scapa-de-inchisoare-unda-verde-de-la-ccr\/#primaryimage\",\"url\":\"https:\/\/mhf.ro\/mm\/wp-content\/uploads\/2021\/02\/evaziune-668x445-1.jpg\",\"contentUrl\":\"https:\/\/mhf.ro\/mm\/wp-content\/uploads\/2021\/02\/evaziune-668x445-1.jpg\",\"width\":668,\"height\":445},{\"@type\":\"BreadcrumbList\",\"@id\":\"https:\/\/mhf.ro\/mm\/evazionistii-scapa-de-inchisoare-unda-verde-de-la-ccr\/#breadcrumb\",\"itemListElement\":[{\"@type\":\"ListItem\",\"position\":1,\"name\":\"Prima pagin\u0103\",\"item\":\"https:\/\/mhf.ro\/mm\/\"},{\"@type\":\"ListItem\",\"position\":2,\"name\":\"Evazioni\u0219tii scap\u0103 de \u00eenchisoare. Und\u0103 verde de la CCR\"}]},{\"@type\":\"WebSite\",\"@id\":\"https:\/\/mhf.ro\/mm\/#website\",\"url\":\"https:\/\/mhf.ro\/mm\/\",\"name\":\"MHF Photography \u2013 Blog de fotografie, natur\u0103 \u0219i tehnic\u0103 divers\u0103\",\"description\":\"Aventur\u0103 \u00een fiecare cadru.\",\"publisher\":{\"@id\":\"https:\/\/mhf.ro\/mm\/#\/schema\/person\/a3bebf7bdb4bf12f698aff73c7e46c21\"},\"potentialAction\":[{\"@type\":\"SearchAction\",\"target\":{\"@type\":\"EntryPoint\",\"urlTemplate\":\"https:\/\/mhf.ro\/mm\/?s={search_term_string}\"},\"query-input\":{\"@type\":\"PropertyValueSpecification\",\"valueRequired\":true,\"valueName\":\"search_term_string\"}}],\"inLanguage\":\"ro-RO\"},{\"@type\":[\"Person\",\"Organization\"],\"@id\":\"https:\/\/mhf.ro\/mm\/#\/schema\/person\/a3bebf7bdb4bf12f698aff73c7e46c21\",\"name\":\"Marius Marcu\",\"image\":{\"@type\":\"ImageObject\",\"inLanguage\":\"ro-RO\",\"@id\":\"https:\/\/mhf.ro\/mm\/#\/schema\/person\/image\/\",\"url\":\"https:\/\/mhf.ro\/mm\/wp-content\/uploads\/2025\/12\/cropped-logo_mhf_2.png\",\"contentUrl\":\"https:\/\/mhf.ro\/mm\/wp-content\/uploads\/2025\/12\/cropped-logo_mhf_2.png\",\"width\":1096,\"height\":457,\"caption\":\"Marius Marcu\"},\"logo\":{\"@id\":\"https:\/\/mhf.ro\/mm\/#\/schema\/person\/image\/\"},\"sameAs\":[\"https:\/\/mhf.ro\/mm\"],\"url\":\"https:\/\/mhf.ro\/mm\/author\/mihai\/\"}]}<\/script>\n<!-- \/ Yoast SEO plugin. -->","yoast_head_json":{"title":"Evazioni\u0219tii scap\u0103 de \u00eenchisoare. Und\u0103 verde de la CCR - MHF Photography","description":"Curtea Constitu\u021bional\u0103 a Rom\u00e2niei d\u0103 und\u0103 verde pentru legea prin care evazioni\u0219tii scap\u0103 de \u00eenchisoare. Judec\u0103torii au respins ...","robots":{"index":"index","follow":"follow","max-snippet":"max-snippet:-1","max-image-preview":"max-image-preview:large","max-video-preview":"max-video-preview:-1"},"canonical":"https:\/\/mhf.ro\/mm\/evazionistii-scapa-de-inchisoare-unda-verde-de-la-ccr\/","og_locale":"ro_RO","og_type":"article","og_title":"Evazioni\u0219tii scap\u0103 de \u00eenchisoare. Und\u0103 verde de la CCR - MHF Photography","og_description":"Curtea Constitu\u021bional\u0103 a Rom\u00e2niei d\u0103 und\u0103 verde pentru legea prin care evazioni\u0219tii scap\u0103 de \u00eenchisoare. Judec\u0103torii au respins ...","og_url":"https:\/\/mhf.ro\/mm\/evazionistii-scapa-de-inchisoare-unda-verde-de-la-ccr\/","og_site_name":"MHF Photography","article_published_time":"2021-02-18T06:41:53+00:00","og_image":[{"width":668,"height":445,"url":"https:\/\/mhf.ro\/mm\/wp-content\/uploads\/2021\/02\/evaziune-668x445-1.jpg","type":"image\/jpeg"}],"author":"Marius Marcu","twitter_card":"summary_large_image","twitter_misc":{"Scris de":"Marius Marcu","Timp estimat pentru citire":"1 minut"},"schema":{"@context":"https:\/\/schema.org","@graph":[{"@type":"Article","@id":"https:\/\/mhf.ro\/mm\/evazionistii-scapa-de-inchisoare-unda-verde-de-la-ccr\/#article","isPartOf":{"@id":"https:\/\/mhf.ro\/mm\/evazionistii-scapa-de-inchisoare-unda-verde-de-la-ccr\/"},"author":{"name":"Marius Marcu","@id":"https:\/\/mhf.ro\/mm\/#\/schema\/person\/a3bebf7bdb4bf12f698aff73c7e46c21"},"headline":"Evazioni\u0219tii scap\u0103 de \u00eenchisoare. Und\u0103 verde de la CCR","datePublished":"2021-02-18T06:41:53+00:00","mainEntityOfPage":{"@id":"https:\/\/mhf.ro\/mm\/evazionistii-scapa-de-inchisoare-unda-verde-de-la-ccr\/"},"wordCount":115,"commentCount":0,"publisher":{"@id":"https:\/\/mhf.ro\/mm\/#\/schema\/person\/a3bebf7bdb4bf12f698aff73c7e46c21"},"image":{"@id":"https:\/\/mhf.ro\/mm\/evazionistii-scapa-de-inchisoare-unda-verde-de-la-ccr\/#primaryimage"},"thumbnailUrl":"https:\/\/mhf.ro\/mm\/wp-content\/uploads\/2021\/02\/evaziune-668x445-1.jpg","articleSection":["Diverse"],"inLanguage":"ro-RO","potentialAction":[{"@type":"CommentAction","name":"Comment","target":["https:\/\/mhf.ro\/mm\/evazionistii-scapa-de-inchisoare-unda-verde-de-la-ccr\/#respond"]}]},{"@type":"WebPage","@id":"https:\/\/mhf.ro\/mm\/evazionistii-scapa-de-inchisoare-unda-verde-de-la-ccr\/","url":"https:\/\/mhf.ro\/mm\/evazionistii-scapa-de-inchisoare-unda-verde-de-la-ccr\/","name":"Evazioni\u0219tii scap\u0103 de \u00eenchisoare. Und\u0103 verde de la CCR - MHF Photography","isPartOf":{"@id":"https:\/\/mhf.ro\/mm\/#website"},"primaryImageOfPage":{"@id":"https:\/\/mhf.ro\/mm\/evazionistii-scapa-de-inchisoare-unda-verde-de-la-ccr\/#primaryimage"},"image":{"@id":"https:\/\/mhf.ro\/mm\/evazionistii-scapa-de-inchisoare-unda-verde-de-la-ccr\/#primaryimage"},"thumbnailUrl":"https:\/\/mhf.ro\/mm\/wp-content\/uploads\/2021\/02\/evaziune-668x445-1.jpg","datePublished":"2021-02-18T06:41:53+00:00","description":"Curtea Constitu\u021bional\u0103 a Rom\u00e2niei d\u0103 und\u0103 verde pentru legea prin care evazioni\u0219tii scap\u0103 de \u00eenchisoare. Judec\u0103torii au respins ...","breadcrumb":{"@id":"https:\/\/mhf.ro\/mm\/evazionistii-scapa-de-inchisoare-unda-verde-de-la-ccr\/#breadcrumb"},"inLanguage":"ro-RO","potentialAction":[{"@type":"ReadAction","target":["https:\/\/mhf.ro\/mm\/evazionistii-scapa-de-inchisoare-unda-verde-de-la-ccr\/"]}]},{"@type":"ImageObject","inLanguage":"ro-RO","@id":"https:\/\/mhf.ro\/mm\/evazionistii-scapa-de-inchisoare-unda-verde-de-la-ccr\/#primaryimage","url":"https:\/\/mhf.ro\/mm\/wp-content\/uploads\/2021\/02\/evaziune-668x445-1.jpg","contentUrl":"https:\/\/mhf.ro\/mm\/wp-content\/uploads\/2021\/02\/evaziune-668x445-1.jpg","width":668,"height":445},{"@type":"BreadcrumbList","@id":"https:\/\/mhf.ro\/mm\/evazionistii-scapa-de-inchisoare-unda-verde-de-la-ccr\/#breadcrumb","itemListElement":[{"@type":"ListItem","position":1,"name":"Prima pagin\u0103","item":"https:\/\/mhf.ro\/mm\/"},{"@type":"ListItem","position":2,"name":"Evazioni\u0219tii scap\u0103 de \u00eenchisoare. Und\u0103 verde de la CCR"}]},{"@type":"WebSite","@id":"https:\/\/mhf.ro\/mm\/#website","url":"https:\/\/mhf.ro\/mm\/","name":"MHF Photography \u2013 Blog de fotografie, natur\u0103 \u0219i tehnic\u0103 divers\u0103","description":"Aventur\u0103 \u00een fiecare cadru.","publisher":{"@id":"https:\/\/mhf.ro\/mm\/#\/schema\/person\/a3bebf7bdb4bf12f698aff73c7e46c21"},"potentialAction":[{"@type":"SearchAction","target":{"@type":"EntryPoint","urlTemplate":"https:\/\/mhf.ro\/mm\/?s={search_term_string}"},"query-input":{"@type":"PropertyValueSpecification","valueRequired":true,"valueName":"search_term_string"}}],"inLanguage":"ro-RO"},{"@type":["Person","Organization"],"@id":"https:\/\/mhf.ro\/mm\/#\/schema\/person\/a3bebf7bdb4bf12f698aff73c7e46c21","name":"Marius Marcu","image":{"@type":"ImageObject","inLanguage":"ro-RO","@id":"https:\/\/mhf.ro\/mm\/#\/schema\/person\/image\/","url":"https:\/\/mhf.ro\/mm\/wp-content\/uploads\/2025\/12\/cropped-logo_mhf_2.png","contentUrl":"https:\/\/mhf.ro\/mm\/wp-content\/uploads\/2025\/12\/cropped-logo_mhf_2.png","width":1096,"height":457,"caption":"Marius Marcu"},"logo":{"@id":"https:\/\/mhf.ro\/mm\/#\/schema\/person\/image\/"},"sameAs":["https:\/\/mhf.ro\/mm"],"url":"https:\/\/mhf.ro\/mm\/author\/mihai\/"}]}},"_links":{"self":[{"href":"https:\/\/mhf.ro\/mm\/wp-json\/wp\/v2\/posts\/4227","targetHints":{"allow":["GET"]}}],"collection":[{"href":"https:\/\/mhf.ro\/mm\/wp-json\/wp\/v2\/posts"}],"about":[{"href":"https:\/\/mhf.ro\/mm\/wp-json\/wp\/v2\/types\/post"}],"author":[{"embeddable":true,"href":"https:\/\/mhf.ro\/mm\/wp-json\/wp\/v2\/users\/1"}],"replies":[{"embeddable":true,"href":"https:\/\/mhf.ro\/mm\/wp-json\/wp\/v2\/comments?post=4227"}],"version-history":[{"count":1,"href":"https:\/\/mhf.ro\/mm\/wp-json\/wp\/v2\/posts\/4227\/revisions"}],"predecessor-version":[{"id":4229,"href":"https:\/\/mhf.ro\/mm\/wp-json\/wp\/v2\/posts\/4227\/revisions\/4229"}],"wp:featuredmedia":[{"embeddable":true,"href":"https:\/\/mhf.ro\/mm\/wp-json\/wp\/v2\/media\/4228"}],"wp:attachment":[{"href":"https:\/\/mhf.ro\/mm\/wp-json\/wp\/v2\/media?parent=4227"}],"wp:term":[{"taxonomy":"category","embeddable":true,"href":"https:\/\/mhf.ro\/mm\/wp-json\/wp\/v2\/categories?post=4227"},{"taxonomy":"post_tag","embeddable":true,"href":"https:\/\/mhf.ro\/mm\/wp-json\/wp\/v2\/tags?post=4227"}],"curies":[{"name":"wp","href":"https:\/\/api.w.org\/{rel}","templated":true}]}}