{"id":4242,"date":"2021-02-19T10:57:58","date_gmt":"2021-02-19T08:57:58","guid":{"rendered":"https:\/\/mhf.ro\/mm\/?p=4242"},"modified":"2025-12-26T13:28:23","modified_gmt":"2025-12-26T11:28:23","slug":"pierderile-din-2020-nu-vor-fi-recuperate-in-2021","status":"publish","type":"post","link":"https:\/\/mhf.ro\/mm\/pierderile-din-2020-nu-vor-fi-recuperate-in-2021\/","title":{"rendered":"Pierderile din 2020 nu vor fi recuperate \u00een 2021"},"content":{"rendered":"<p class=\"p_edit dir_LTR\">Anul 2020 a fost un an greu pentru Rom\u00e2nia \u0219i pentru \u00eentreg globul. Pandemia covid-19 a dus la instalarea uneia dintre cele mai grele \u0219i violente crize economice din istorie. At\u00e2t statele c\u00e2t \u0219i companiile a fost \u0219i sunt greu afectate de criza economic\u0103 instalat\u0103. Companiile au \u00eencercat s\u0103 se adapteze la noua realitate prin diverse metode chiar \u0219i prin telemunc\u0103 sau munca la distan\u021b\u0103, metod\u0103 prin care tot mai mul\u021bi angaja\u021bi au \u00eenceput s\u0103 lucreze de acas\u0103.<\/p>\n<p class=\"p_edit dir_LTR\">\u00a0Dac\u0103 economia sa repliat rapid noii situa\u021bii prin eficientizare, reduc\u00e2nd la\u00a0 minim pierderile, guvernul \u0219i-a crescut cheltuielile\u00a0 major\u00e2nd deficitul bugetar prin acordarea unor m\u0103suri de sus\u021binere a economiei, adic\u0103 acordarea \u0219omajului tehnic de care au beneficiat peste un milion de angaja\u021bi precum \u0219i am\u00e2narea pl\u0103\u021bii unor taxe \u0219i impozite.<\/p>\n<p class=\"p_edit dir_LTR\">\u00a0\u0218i b\u0103ncile au venit \u00een sprijinul economiei prin \u00eenghe\u021barea pl\u0103\u021bii ratelor la credit, m\u0103sur\u0103 foarte util\u0103 sectorului economic. Cu toate m\u0103surile luate, sectoare \u00eentregi ale economiei sunt \u00een pragul falimentului. Situa\u021bia nu este deloc \u00eencurajatoare, ca urmare pierderile acumulate \u00een anul 2020 nu vor fi recuperate \u00een anul 2021.<\/p>\n<h3 style=\"text-align: center;\"><a href=\"https:\/\/riz.ro\/wp\/galerie-amenajari-exterioare\/\">Arcade din polistiren<\/a><\/h3>\n<p>&nbsp;<\/p>\n","protected":false},"excerpt":{"rendered":"<p>Anul 2020 a fost un an greu pentru Rom\u00e2nia \u0219i pentru \u00eentreg globul. Pandemia covid-19 a dus la instalarea uneia<\/p>\n","protected":false},"author":1,"featured_media":4243,"comment_status":"open","ping_status":"open","sticky":false,"template":"","format":"standard","meta":{"colormag_page_container_layout":"default_layout","colormag_page_sidebar_layout":"default_layout","footnotes":""},"categories":[8],"tags":[],"class_list":["post-4242","post","type-post","status-publish","format-standard","has-post-thumbnail","hentry","category-div"],"yoast_head":"<!-- This site is optimized with the Yoast SEO plugin v27.0 - https:\/\/yoast.com\/product\/yoast-seo-wordpress\/ -->\n<title>Pierderile din 2020 nu vor fi recuperate \u00een 2021 - MHF Photography<\/title>\n<meta name=\"description\" content=\"Situa\u021bia nu este deloc \u00eencurajatoare, ca urmare pierderile acumulate \u00een anul 2020 nu vor fi recuperate \u00een anul 2021.\" \/>\n<meta name=\"robots\" content=\"index, follow, max-snippet:-1, max-image-preview:large, max-video-preview:-1\" \/>\n<link rel=\"canonical\" href=\"https:\/\/mhf.ro\/mm\/pierderile-din-2020-nu-vor-fi-recuperate-in-2021\/\" \/>\n<meta property=\"og:locale\" content=\"ro_RO\" \/>\n<meta property=\"og:type\" content=\"article\" \/>\n<meta property=\"og:title\" content=\"Pierderile din 2020 nu vor fi recuperate \u00een 2021 - MHF Photography\" \/>\n<meta property=\"og:description\" content=\"Situa\u021bia nu este deloc \u00eencurajatoare, ca urmare pierderile acumulate \u00een anul 2020 nu vor fi recuperate \u00een anul 2021.\" \/>\n<meta property=\"og:url\" content=\"https:\/\/mhf.ro\/mm\/pierderile-din-2020-nu-vor-fi-recuperate-in-2021\/\" \/>\n<meta property=\"og:site_name\" content=\"MHF Photography\" \/>\n<meta property=\"article:published_time\" content=\"2021-02-19T08:57:58+00:00\" \/>\n<meta property=\"article:modified_time\" content=\"2025-12-26T11:28:23+00:00\" \/>\n<meta property=\"og:image\" content=\"https:\/\/mhf.ro\/mm\/wp-content\/uploads\/2021\/02\/Bani_economie.jpg\" \/>\n\t<meta property=\"og:image:width\" content=\"1280\" \/>\n\t<meta property=\"og:image:height\" content=\"853\" \/>\n\t<meta property=\"og:image:type\" content=\"image\/jpeg\" \/>\n<meta name=\"author\" content=\"Marius Marcu\" \/>\n<meta name=\"twitter:card\" content=\"summary_large_image\" \/>\n<meta name=\"twitter:label1\" content=\"Scris de\" \/>\n\t<meta name=\"twitter:data1\" content=\"Marius Marcu\" \/>\n\t<meta name=\"twitter:label2\" content=\"Timp estimat pentru citire\" \/>\n\t<meta name=\"twitter:data2\" content=\"2 minute\" \/>\n<script type=\"application\/ld+json\" class=\"yoast-schema-graph\">{\"@context\":\"https:\/\/schema.org\",\"@graph\":[{\"@type\":\"Article\",\"@id\":\"https:\/\/mhf.ro\/mm\/pierderile-din-2020-nu-vor-fi-recuperate-in-2021\/#article\",\"isPartOf\":{\"@id\":\"https:\/\/mhf.ro\/mm\/pierderile-din-2020-nu-vor-fi-recuperate-in-2021\/\"},\"author\":{\"name\":\"Marius Marcu\",\"@id\":\"https:\/\/mhf.ro\/mm\/#\/schema\/person\/a3bebf7bdb4bf12f698aff73c7e46c21\"},\"headline\":\"Pierderile din 2020 nu vor fi recuperate \u00een 2021\",\"datePublished\":\"2021-02-19T08:57:58+00:00\",\"dateModified\":\"2025-12-26T11:28:23+00:00\",\"mainEntityOfPage\":{\"@id\":\"https:\/\/mhf.ro\/mm\/pierderile-din-2020-nu-vor-fi-recuperate-in-2021\/\"},\"wordCount\":203,\"commentCount\":0,\"publisher\":{\"@id\":\"https:\/\/mhf.ro\/mm\/#\/schema\/person\/a3bebf7bdb4bf12f698aff73c7e46c21\"},\"image\":{\"@id\":\"https:\/\/mhf.ro\/mm\/pierderile-din-2020-nu-vor-fi-recuperate-in-2021\/#primaryimage\"},\"thumbnailUrl\":\"https:\/\/mhf.ro\/mm\/wp-content\/uploads\/2021\/02\/Bani_economie.jpg\",\"articleSection\":[\"Diverse\"],\"inLanguage\":\"ro-RO\",\"potentialAction\":[{\"@type\":\"CommentAction\",\"name\":\"Comment\",\"target\":[\"https:\/\/mhf.ro\/mm\/pierderile-din-2020-nu-vor-fi-recuperate-in-2021\/#respond\"]}]},{\"@type\":\"WebPage\",\"@id\":\"https:\/\/mhf.ro\/mm\/pierderile-din-2020-nu-vor-fi-recuperate-in-2021\/\",\"url\":\"https:\/\/mhf.ro\/mm\/pierderile-din-2020-nu-vor-fi-recuperate-in-2021\/\",\"name\":\"Pierderile din 2020 nu vor fi recuperate \u00een 2021 - MHF Photography\",\"isPartOf\":{\"@id\":\"https:\/\/mhf.ro\/mm\/#website\"},\"primaryImageOfPage\":{\"@id\":\"https:\/\/mhf.ro\/mm\/pierderile-din-2020-nu-vor-fi-recuperate-in-2021\/#primaryimage\"},\"image\":{\"@id\":\"https:\/\/mhf.ro\/mm\/pierderile-din-2020-nu-vor-fi-recuperate-in-2021\/#primaryimage\"},\"thumbnailUrl\":\"https:\/\/mhf.ro\/mm\/wp-content\/uploads\/2021\/02\/Bani_economie.jpg\",\"datePublished\":\"2021-02-19T08:57:58+00:00\",\"dateModified\":\"2025-12-26T11:28:23+00:00\",\"description\":\"Situa\u021bia nu este deloc \u00eencurajatoare, ca urmare pierderile acumulate \u00een anul 2020 nu vor fi recuperate \u00een anul 2021.\",\"breadcrumb\":{\"@id\":\"https:\/\/mhf.ro\/mm\/pierderile-din-2020-nu-vor-fi-recuperate-in-2021\/#breadcrumb\"},\"inLanguage\":\"ro-RO\",\"potentialAction\":[{\"@type\":\"ReadAction\",\"target\":[\"https:\/\/mhf.ro\/mm\/pierderile-din-2020-nu-vor-fi-recuperate-in-2021\/\"]}]},{\"@type\":\"ImageObject\",\"inLanguage\":\"ro-RO\",\"@id\":\"https:\/\/mhf.ro\/mm\/pierderile-din-2020-nu-vor-fi-recuperate-in-2021\/#primaryimage\",\"url\":\"https:\/\/mhf.ro\/mm\/wp-content\/uploads\/2021\/02\/Bani_economie.jpg\",\"contentUrl\":\"https:\/\/mhf.ro\/mm\/wp-content\/uploads\/2021\/02\/Bani_economie.jpg\",\"width\":1280,\"height\":853},{\"@type\":\"BreadcrumbList\",\"@id\":\"https:\/\/mhf.ro\/mm\/pierderile-din-2020-nu-vor-fi-recuperate-in-2021\/#breadcrumb\",\"itemListElement\":[{\"@type\":\"ListItem\",\"position\":1,\"name\":\"Prima pagin\u0103\",\"item\":\"https:\/\/mhf.ro\/mm\/\"},{\"@type\":\"ListItem\",\"position\":2,\"name\":\"Pierderile din 2020 nu vor fi recuperate \u00een 2021\"}]},{\"@type\":\"WebSite\",\"@id\":\"https:\/\/mhf.ro\/mm\/#website\",\"url\":\"https:\/\/mhf.ro\/mm\/\",\"name\":\"MHF Photography \u2013 Blog de fotografie, natur\u0103 \u0219i tehnic\u0103 divers\u0103\",\"description\":\"Aventur\u0103 \u00een fiecare cadru.\",\"publisher\":{\"@id\":\"https:\/\/mhf.ro\/mm\/#\/schema\/person\/a3bebf7bdb4bf12f698aff73c7e46c21\"},\"potentialAction\":[{\"@type\":\"SearchAction\",\"target\":{\"@type\":\"EntryPoint\",\"urlTemplate\":\"https:\/\/mhf.ro\/mm\/?s={search_term_string}\"},\"query-input\":{\"@type\":\"PropertyValueSpecification\",\"valueRequired\":true,\"valueName\":\"search_term_string\"}}],\"inLanguage\":\"ro-RO\"},{\"@type\":[\"Person\",\"Organization\"],\"@id\":\"https:\/\/mhf.ro\/mm\/#\/schema\/person\/a3bebf7bdb4bf12f698aff73c7e46c21\",\"name\":\"Marius Marcu\",\"image\":{\"@type\":\"ImageObject\",\"inLanguage\":\"ro-RO\",\"@id\":\"https:\/\/mhf.ro\/mm\/#\/schema\/person\/image\/\",\"url\":\"https:\/\/mhf.ro\/mm\/wp-content\/uploads\/2025\/12\/cropped-logo_mhf_2.png\",\"contentUrl\":\"https:\/\/mhf.ro\/mm\/wp-content\/uploads\/2025\/12\/cropped-logo_mhf_2.png\",\"width\":1096,\"height\":457,\"caption\":\"Marius Marcu\"},\"logo\":{\"@id\":\"https:\/\/mhf.ro\/mm\/#\/schema\/person\/image\/\"},\"sameAs\":[\"https:\/\/mhf.ro\/mm\"],\"url\":\"https:\/\/mhf.ro\/mm\/author\/mihai\/\"}]}<\/script>\n<!-- \/ Yoast SEO plugin. -->","yoast_head_json":{"title":"Pierderile din 2020 nu vor fi recuperate \u00een 2021 - MHF Photography","description":"Situa\u021bia nu este deloc \u00eencurajatoare, ca urmare pierderile acumulate \u00een anul 2020 nu vor fi recuperate \u00een anul 2021.","robots":{"index":"index","follow":"follow","max-snippet":"max-snippet:-1","max-image-preview":"max-image-preview:large","max-video-preview":"max-video-preview:-1"},"canonical":"https:\/\/mhf.ro\/mm\/pierderile-din-2020-nu-vor-fi-recuperate-in-2021\/","og_locale":"ro_RO","og_type":"article","og_title":"Pierderile din 2020 nu vor fi recuperate \u00een 2021 - MHF Photography","og_description":"Situa\u021bia nu este deloc \u00eencurajatoare, ca urmare pierderile acumulate \u00een anul 2020 nu vor fi recuperate \u00een anul 2021.","og_url":"https:\/\/mhf.ro\/mm\/pierderile-din-2020-nu-vor-fi-recuperate-in-2021\/","og_site_name":"MHF Photography","article_published_time":"2021-02-19T08:57:58+00:00","article_modified_time":"2025-12-26T11:28:23+00:00","og_image":[{"width":1280,"height":853,"url":"https:\/\/mhf.ro\/mm\/wp-content\/uploads\/2021\/02\/Bani_economie.jpg","type":"image\/jpeg"}],"author":"Marius Marcu","twitter_card":"summary_large_image","twitter_misc":{"Scris de":"Marius Marcu","Timp estimat pentru citire":"2 minute"},"schema":{"@context":"https:\/\/schema.org","@graph":[{"@type":"Article","@id":"https:\/\/mhf.ro\/mm\/pierderile-din-2020-nu-vor-fi-recuperate-in-2021\/#article","isPartOf":{"@id":"https:\/\/mhf.ro\/mm\/pierderile-din-2020-nu-vor-fi-recuperate-in-2021\/"},"author":{"name":"Marius Marcu","@id":"https:\/\/mhf.ro\/mm\/#\/schema\/person\/a3bebf7bdb4bf12f698aff73c7e46c21"},"headline":"Pierderile din 2020 nu vor fi recuperate \u00een 2021","datePublished":"2021-02-19T08:57:58+00:00","dateModified":"2025-12-26T11:28:23+00:00","mainEntityOfPage":{"@id":"https:\/\/mhf.ro\/mm\/pierderile-din-2020-nu-vor-fi-recuperate-in-2021\/"},"wordCount":203,"commentCount":0,"publisher":{"@id":"https:\/\/mhf.ro\/mm\/#\/schema\/person\/a3bebf7bdb4bf12f698aff73c7e46c21"},"image":{"@id":"https:\/\/mhf.ro\/mm\/pierderile-din-2020-nu-vor-fi-recuperate-in-2021\/#primaryimage"},"thumbnailUrl":"https:\/\/mhf.ro\/mm\/wp-content\/uploads\/2021\/02\/Bani_economie.jpg","articleSection":["Diverse"],"inLanguage":"ro-RO","potentialAction":[{"@type":"CommentAction","name":"Comment","target":["https:\/\/mhf.ro\/mm\/pierderile-din-2020-nu-vor-fi-recuperate-in-2021\/#respond"]}]},{"@type":"WebPage","@id":"https:\/\/mhf.ro\/mm\/pierderile-din-2020-nu-vor-fi-recuperate-in-2021\/","url":"https:\/\/mhf.ro\/mm\/pierderile-din-2020-nu-vor-fi-recuperate-in-2021\/","name":"Pierderile din 2020 nu vor fi recuperate \u00een 2021 - MHF Photography","isPartOf":{"@id":"https:\/\/mhf.ro\/mm\/#website"},"primaryImageOfPage":{"@id":"https:\/\/mhf.ro\/mm\/pierderile-din-2020-nu-vor-fi-recuperate-in-2021\/#primaryimage"},"image":{"@id":"https:\/\/mhf.ro\/mm\/pierderile-din-2020-nu-vor-fi-recuperate-in-2021\/#primaryimage"},"thumbnailUrl":"https:\/\/mhf.ro\/mm\/wp-content\/uploads\/2021\/02\/Bani_economie.jpg","datePublished":"2021-02-19T08:57:58+00:00","dateModified":"2025-12-26T11:28:23+00:00","description":"Situa\u021bia nu este deloc \u00eencurajatoare, ca urmare pierderile acumulate \u00een anul 2020 nu vor fi recuperate \u00een anul 2021.","breadcrumb":{"@id":"https:\/\/mhf.ro\/mm\/pierderile-din-2020-nu-vor-fi-recuperate-in-2021\/#breadcrumb"},"inLanguage":"ro-RO","potentialAction":[{"@type":"ReadAction","target":["https:\/\/mhf.ro\/mm\/pierderile-din-2020-nu-vor-fi-recuperate-in-2021\/"]}]},{"@type":"ImageObject","inLanguage":"ro-RO","@id":"https:\/\/mhf.ro\/mm\/pierderile-din-2020-nu-vor-fi-recuperate-in-2021\/#primaryimage","url":"https:\/\/mhf.ro\/mm\/wp-content\/uploads\/2021\/02\/Bani_economie.jpg","contentUrl":"https:\/\/mhf.ro\/mm\/wp-content\/uploads\/2021\/02\/Bani_economie.jpg","width":1280,"height":853},{"@type":"BreadcrumbList","@id":"https:\/\/mhf.ro\/mm\/pierderile-din-2020-nu-vor-fi-recuperate-in-2021\/#breadcrumb","itemListElement":[{"@type":"ListItem","position":1,"name":"Prima pagin\u0103","item":"https:\/\/mhf.ro\/mm\/"},{"@type":"ListItem","position":2,"name":"Pierderile din 2020 nu vor fi recuperate \u00een 2021"}]},{"@type":"WebSite","@id":"https:\/\/mhf.ro\/mm\/#website","url":"https:\/\/mhf.ro\/mm\/","name":"MHF Photography \u2013 Blog de fotografie, natur\u0103 \u0219i tehnic\u0103 divers\u0103","description":"Aventur\u0103 \u00een fiecare cadru.","publisher":{"@id":"https:\/\/mhf.ro\/mm\/#\/schema\/person\/a3bebf7bdb4bf12f698aff73c7e46c21"},"potentialAction":[{"@type":"SearchAction","target":{"@type":"EntryPoint","urlTemplate":"https:\/\/mhf.ro\/mm\/?s={search_term_string}"},"query-input":{"@type":"PropertyValueSpecification","valueRequired":true,"valueName":"search_term_string"}}],"inLanguage":"ro-RO"},{"@type":["Person","Organization"],"@id":"https:\/\/mhf.ro\/mm\/#\/schema\/person\/a3bebf7bdb4bf12f698aff73c7e46c21","name":"Marius Marcu","image":{"@type":"ImageObject","inLanguage":"ro-RO","@id":"https:\/\/mhf.ro\/mm\/#\/schema\/person\/image\/","url":"https:\/\/mhf.ro\/mm\/wp-content\/uploads\/2025\/12\/cropped-logo_mhf_2.png","contentUrl":"https:\/\/mhf.ro\/mm\/wp-content\/uploads\/2025\/12\/cropped-logo_mhf_2.png","width":1096,"height":457,"caption":"Marius Marcu"},"logo":{"@id":"https:\/\/mhf.ro\/mm\/#\/schema\/person\/image\/"},"sameAs":["https:\/\/mhf.ro\/mm"],"url":"https:\/\/mhf.ro\/mm\/author\/mihai\/"}]}},"_links":{"self":[{"href":"https:\/\/mhf.ro\/mm\/wp-json\/wp\/v2\/posts\/4242","targetHints":{"allow":["GET"]}}],"collection":[{"href":"https:\/\/mhf.ro\/mm\/wp-json\/wp\/v2\/posts"}],"about":[{"href":"https:\/\/mhf.ro\/mm\/wp-json\/wp\/v2\/types\/post"}],"author":[{"embeddable":true,"href":"https:\/\/mhf.ro\/mm\/wp-json\/wp\/v2\/users\/1"}],"replies":[{"embeddable":true,"href":"https:\/\/mhf.ro\/mm\/wp-json\/wp\/v2\/comments?post=4242"}],"version-history":[{"count":3,"href":"https:\/\/mhf.ro\/mm\/wp-json\/wp\/v2\/posts\/4242\/revisions"}],"predecessor-version":[{"id":10111,"href":"https:\/\/mhf.ro\/mm\/wp-json\/wp\/v2\/posts\/4242\/revisions\/10111"}],"wp:featuredmedia":[{"embeddable":true,"href":"https:\/\/mhf.ro\/mm\/wp-json\/wp\/v2\/media\/4243"}],"wp:attachment":[{"href":"https:\/\/mhf.ro\/mm\/wp-json\/wp\/v2\/media?parent=4242"}],"wp:term":[{"taxonomy":"category","embeddable":true,"href":"https:\/\/mhf.ro\/mm\/wp-json\/wp\/v2\/categories?post=4242"},{"taxonomy":"post_tag","embeddable":true,"href":"https:\/\/mhf.ro\/mm\/wp-json\/wp\/v2\/tags?post=4242"}],"curies":[{"name":"wp","href":"https:\/\/api.w.org\/{rel}","templated":true}]}}